{"id":63170,"date":"2024-09-18T20:13:11","date_gmt":"2024-09-18T17:13:11","guid":{"rendered":"https:\/\/kibrisdakik.com\/index.php\/2024\/09\/18\/gikad-ve-kazakistan-is-kadinlari-dernegi-arasinda-protokol\/"},"modified":"2024-09-18T20:13:11","modified_gmt":"2024-09-18T17:13:11","slug":"gikad-ve-kazakistan-is-kadinlari-dernegi-arasinda-protokol","status":"publish","type":"post","link":"https:\/\/kibrisdakik.com\/?p=63170","title":{"rendered":"G\u0130KAD ve Kazakistan \u0130\u015f Kad\u0131nlar\u0131 Derne\u011fi aras\u0131nda protokol"},"content":{"rendered":"<div>\n<div class=\"mariselle-image-container center\">\n                                            <\/div>\n<p>K\u0131br\u0131s T\u00fcrk Giri\u015fimci Kad\u0131nlar Derne\u011fi (G\u0130KAD) ve Kazakistan \u0130\u015f Kad\u0131nlar\u0131 Derne\u011fi aras\u0131nda, kad\u0131n giri\u015fimcili\u011fin geli\u015ftirilmesine ili\u015fkin ve \u00e7e\u015fitli i\u015f alanlar\u0131nda i\u015f birli\u011fi olanaklar\u0131n\u0131n art\u0131r\u0131lmas\u0131 amac\u0131 ile iyi niyet protokol\u00fc imzaland\u0131. <\/p>\n<p>Dernek \u00fcyeleri aras\u0131nda i\u015fbirli\u011fi, e\u011fitim ve mesleki geli\u015fim, ileti\u015fim a\u011f\u0131 geli\u015ftirme ve devlet kurumlar\u0131 ile i\u015fbirli\u011fi misyonuyla imzalanan protokol\u00fcn hedefine ula\u015fmas\u0131 i\u00e7in ilk ad\u0131m at\u0131ld\u0131. Kazakistan\u2019\u0131n 22 farkl\u0131 b\u00f6lgesinden \u00fclkemize gelen i\u015f kad\u0131nlar\u0131 ile G\u0130KAD \u00fcyeleri Acapulco Resort\u2019ta ikili g\u00f6r\u00fc\u015fmeler ger\u00e7ekle\u015ftirdi.<\/p>\n<p> Saira Aitenoxna Mataibayeva ba\u015fkanl\u0131\u011f\u0131nda gelen Kazakistan heyeti, G\u0130KAD Ba\u015fkan\u0131 \u0130\u00e7im \u00c7a\u011f\u0131ner Kavuklu ve Y\u00f6netim Kurulu \u00fcyeleri ile birlikte, s\u0131ras\u0131yla D\u0131\u015fi\u015fleri Bakanl\u0131\u011f\u0131 Mensuplar\u0131 ve E\u015fleri Derne\u011fi (D\u0130MED) Ba\u015fkan\u0131 Oya Ertu\u011frulo\u011flu, D\u0131\u015fi\u015fleri Bakan\u0131 Tahsin Ertu\u011frulo\u011flu ve Cumhurba\u015fkan\u0131 Ersin Tatar ziyaret edildi. <\/p>\n<p> Cumhurba\u015fkan\u0131m\u0131z\u0131n Ersin Tatar\u2018\u0131n e\u015fi Sibel Tatar iki derne\u011fin \u00fcyelerini Cumhurba\u015fkanl\u0131\u011f\u0131 Konutu\u2019nda \u00f6\u011fle yeme\u011finde misafir etti.<\/p>\n<\/p><\/div>\n<p><script async\n                    defer\n                    crossorigin=\"anonymous\"\n                    src=\"https:\/\/connect.facebook.net\/tr_TR\/sdk.js#xfbml=1&#038;version=v3.3\"\n            ><\/script><\/p>\n","protected":false},"excerpt":{"rendered":"<p>K\u0131br\u0131s T\u00fcrk Giri\u015fimci Kad\u0131nlar Derne\u011fi (G\u0130KAD) ve Kazakistan \u0130\u015f Kad\u0131nlar\u0131 Derne\u011fi aras\u0131nda, kad\u0131n giri\u015fimcili\u011fin geli\u015ftirilmesine ili\u015fkin ve \u00e7e\u015fitli i\u015f alanlar\u0131nda i\u015f birli\u011fi olanaklar\u0131n\u0131n art\u0131r\u0131lmas\u0131 amac\u0131 ile iyi niyet protokol\u00fc imzaland\u0131. Dernek \u00fcyeleri aras\u0131nda i\u015fbirli\u011fi, e\u011fitim ve mesleki geli\u015fim, ileti\u015fim a\u011f\u0131 geli\u015ftirme ve devlet kurumlar\u0131 ile i\u015fbirli\u011fi misyonuyla imzalanan protokol\u00fcn hedefine ula\u015fmas\u0131 i\u00e7in ilk ad\u0131m at\u0131ld\u0131.<\/p>\n","protected":false},"author":1,"featured_media":63171,"comment_status":"open","ping_status":"open","sticky":false,"template":"","format":"standard","meta":{"footnotes":""},"categories":[81],"tags":[],"class_list":["post-63170","post","type-post","status-publish","format-standard","has-post-thumbnail","hentry","category-kibris"],"yoast_head":"<!-- This site is optimized with the Yoast SEO plugin v27.4 - https:\/\/yoast.com\/product\/yoast-seo-wordpress\/ -->\n<title>G\u0130KAD ve Kazakistan \u0130\u015f Kad\u0131nlar\u0131 Derne\u011fi aras\u0131nda protokol -<\/title>\n<meta name=\"robots\" content=\"index, follow, max-snippet:-1, max-image-preview:large, max-video-preview:-1\" \/>\n<link rel=\"canonical\" href=\"https:\/\/kibrisdakik.com\/?p=63170\" \/>\n<meta property=\"og:locale\" content=\"tr_TR\" \/>\n<meta property=\"og:type\" content=\"article\" \/>\n<meta property=\"og:title\" content=\"G\u0130KAD ve Kazakistan \u0130\u015f Kad\u0131nlar\u0131 Derne\u011fi aras\u0131nda protokol -\" \/>\n<meta property=\"og:description\" content=\"K\u0131br\u0131s T\u00fcrk Giri\u015fimci Kad\u0131nlar Derne\u011fi (G\u0130KAD) ve Kazakistan \u0130\u015f Kad\u0131nlar\u0131 Derne\u011fi aras\u0131nda, kad\u0131n giri\u015fimcili\u011fin geli\u015ftirilmesine ili\u015fkin ve \u00e7e\u015fitli i\u015f alanlar\u0131nda i\u015f birli\u011fi olanaklar\u0131n\u0131n art\u0131r\u0131lmas\u0131 amac\u0131 ile iyi niyet protokol\u00fc imzaland\u0131. Dernek \u00fcyeleri aras\u0131nda i\u015fbirli\u011fi, e\u011fitim ve mesleki geli\u015fim, ileti\u015fim a\u011f\u0131 geli\u015ftirme ve devlet kurumlar\u0131 ile i\u015fbirli\u011fi misyonuyla imzalanan protokol\u00fcn hedefine ula\u015fmas\u0131 i\u00e7in ilk ad\u0131m at\u0131ld\u0131.\" \/>\n<meta property=\"og:url\" content=\"https:\/\/kibrisdakik.com\/?p=63170\" \/>\n<meta property=\"article:published_time\" content=\"2024-09-18T17:13:11+00:00\" \/>\n<meta property=\"og:image\" content=\"https:\/\/kibrisdakik.com\/wp-content\/uploads\/2024\/09\/IMG-20240918-WA0034-740x420.jpg\" \/>\n\t<meta property=\"og:image:width\" content=\"1600\" \/>\n\t<meta property=\"og:image:height\" content=\"1200\" \/>\n\t<meta property=\"og:image:type\" content=\"image\/jpeg\" \/>\n<meta name=\"author\" content=\"admin\" \/>\n<meta name=\"twitter:card\" content=\"summary_large_image\" \/>\n<meta name=\"twitter:label1\" content=\"Yazan:\" \/>\n\t<meta name=\"twitter:data1\" content=\"admin\" \/>\n\t<meta name=\"twitter:label2\" content=\"Tahmini okuma s\u00fcresi\" \/>\n\t<meta name=\"twitter:data2\" content=\"1 dakika\" \/>\n<script type=\"application\/ld+json\" class=\"yoast-schema-graph\">{\"@context\":\"https:\\\/\\\/schema.org\",\"@graph\":[{\"@type\":\"Article\",\"@id\":\"https:\\\/\\\/kibrisdakik.com\\\/?p=63170#article\",\"isPartOf\":{\"@id\":\"https:\\\/\\\/kibrisdakik.com\\\/?p=63170\"},\"author\":{\"name\":\"admin\",\"@id\":\"https:\\\/\\\/kibrisdakik.com\\\/#\\\/schema\\\/person\\\/9cd9d437bbb44f72b73ba127e06d8e79\"},\"headline\":\"G\u0130KAD ve Kazakistan \u0130\u015f Kad\u0131nlar\u0131 Derne\u011fi aras\u0131nda protokol\",\"datePublished\":\"2024-09-18T17:13:11+00:00\",\"mainEntityOfPage\":{\"@id\":\"https:\\\/\\\/kibrisdakik.com\\\/?p=63170\"},\"wordCount\":210,\"commentCount\":0,\"image\":{\"@id\":\"https:\\\/\\\/kibrisdakik.com\\\/?p=63170#primaryimage\"},\"thumbnailUrl\":\"https:\\\/\\\/kibrisdakik.com\\\/wp-content\\\/uploads\\\/2024\\\/09\\\/IMG-20240918-WA0034-740x420.jpg\",\"articleSection\":[\"K\u0131br\u0131s\"],\"inLanguage\":\"tr\",\"potentialAction\":[{\"@type\":\"CommentAction\",\"name\":\"Comment\",\"target\":[\"https:\\\/\\\/kibrisdakik.com\\\/?p=63170#respond\"]}]},{\"@type\":\"WebPage\",\"@id\":\"https:\\\/\\\/kibrisdakik.com\\\/?p=63170\",\"url\":\"https:\\\/\\\/kibrisdakik.com\\\/?p=63170\",\"name\":\"G\u0130KAD ve Kazakistan \u0130\u015f Kad\u0131nlar\u0131 Derne\u011fi aras\u0131nda protokol -\",\"isPartOf\":{\"@id\":\"https:\\\/\\\/kibrisdakik.com\\\/#website\"},\"primaryImageOfPage\":{\"@id\":\"https:\\\/\\\/kibrisdakik.com\\\/?p=63170#primaryimage\"},\"image\":{\"@id\":\"https:\\\/\\\/kibrisdakik.com\\\/?p=63170#primaryimage\"},\"thumbnailUrl\":\"https:\\\/\\\/kibrisdakik.com\\\/wp-content\\\/uploads\\\/2024\\\/09\\\/IMG-20240918-WA0034-740x420.jpg\",\"datePublished\":\"2024-09-18T17:13:11+00:00\",\"author\":{\"@id\":\"https:\\\/\\\/kibrisdakik.com\\\/#\\\/schema\\\/person\\\/9cd9d437bbb44f72b73ba127e06d8e79\"},\"breadcrumb\":{\"@id\":\"https:\\\/\\\/kibrisdakik.com\\\/?p=63170#breadcrumb\"},\"inLanguage\":\"tr\",\"potentialAction\":[{\"@type\":\"ReadAction\",\"target\":[\"https:\\\/\\\/kibrisdakik.com\\\/?p=63170\"]}]},{\"@type\":\"ImageObject\",\"inLanguage\":\"tr\",\"@id\":\"https:\\\/\\\/kibrisdakik.com\\\/?p=63170#primaryimage\",\"url\":\"https:\\\/\\\/kibrisdakik.com\\\/wp-content\\\/uploads\\\/2024\\\/09\\\/IMG-20240918-WA0034-740x420.jpg\",\"contentUrl\":\"https:\\\/\\\/kibrisdakik.com\\\/wp-content\\\/uploads\\\/2024\\\/09\\\/IMG-20240918-WA0034-740x420.jpg\",\"width\":1600,\"height\":1200},{\"@type\":\"BreadcrumbList\",\"@id\":\"https:\\\/\\\/kibrisdakik.com\\\/?p=63170#breadcrumb\",\"itemListElement\":[{\"@type\":\"ListItem\",\"position\":1,\"name\":\"Home\",\"item\":\"https:\\\/\\\/kibrisdakik.com\\\/\"},{\"@type\":\"ListItem\",\"position\":2,\"name\":\"G\u0130KAD ve Kazakistan \u0130\u015f Kad\u0131nlar\u0131 Derne\u011fi aras\u0131nda protokol\"}]},{\"@type\":\"WebSite\",\"@id\":\"https:\\\/\\\/kibrisdakik.com\\\/#website\",\"url\":\"https:\\\/\\\/kibrisdakik.com\\\/\",\"name\":\"\",\"description\":\"Tam vaktinde haber\",\"potentialAction\":[{\"@type\":\"SearchAction\",\"target\":{\"@type\":\"EntryPoint\",\"urlTemplate\":\"https:\\\/\\\/kibrisdakik.com\\\/?s={search_term_string}\"},\"query-input\":{\"@type\":\"PropertyValueSpecification\",\"valueRequired\":true,\"valueName\":\"search_term_string\"}}],\"inLanguage\":\"tr\"},{\"@type\":\"Person\",\"@id\":\"https:\\\/\\\/kibrisdakik.com\\\/#\\\/schema\\\/person\\\/9cd9d437bbb44f72b73ba127e06d8e79\",\"name\":\"admin\",\"image\":{\"@type\":\"ImageObject\",\"inLanguage\":\"tr\",\"@id\":\"https:\\\/\\\/secure.gravatar.com\\\/avatar\\\/ccc17943b9d660506c869530f897617f7cb1c21a4bf30023f252596d83e1f007?s=96&d=mm&r=g\",\"url\":\"https:\\\/\\\/secure.gravatar.com\\\/avatar\\\/ccc17943b9d660506c869530f897617f7cb1c21a4bf30023f252596d83e1f007?s=96&d=mm&r=g\",\"contentUrl\":\"https:\\\/\\\/secure.gravatar.com\\\/avatar\\\/ccc17943b9d660506c869530f897617f7cb1c21a4bf30023f252596d83e1f007?s=96&d=mm&r=g\",\"caption\":\"admin\"},\"sameAs\":[\"https:\\\/\\\/kibrisdakik.com\"],\"url\":\"https:\\\/\\\/kibrisdakik.com\\\/?author=1\"}]}<\/script>\n<!-- \/ Yoast SEO plugin. -->","yoast_head_json":{"title":"G\u0130KAD ve Kazakistan \u0130\u015f Kad\u0131nlar\u0131 Derne\u011fi aras\u0131nda protokol -","robots":{"index":"index","follow":"follow","max-snippet":"max-snippet:-1","max-image-preview":"max-image-preview:large","max-video-preview":"max-video-preview:-1"},"canonical":"https:\/\/kibrisdakik.com\/?p=63170","og_locale":"tr_TR","og_type":"article","og_title":"G\u0130KAD ve Kazakistan \u0130\u015f Kad\u0131nlar\u0131 Derne\u011fi aras\u0131nda protokol -","og_description":"K\u0131br\u0131s T\u00fcrk Giri\u015fimci Kad\u0131nlar Derne\u011fi (G\u0130KAD) ve Kazakistan \u0130\u015f Kad\u0131nlar\u0131 Derne\u011fi aras\u0131nda, kad\u0131n giri\u015fimcili\u011fin geli\u015ftirilmesine ili\u015fkin ve \u00e7e\u015fitli i\u015f alanlar\u0131nda i\u015f birli\u011fi olanaklar\u0131n\u0131n art\u0131r\u0131lmas\u0131 amac\u0131 ile iyi niyet protokol\u00fc imzaland\u0131. Dernek \u00fcyeleri aras\u0131nda i\u015fbirli\u011fi, e\u011fitim ve mesleki geli\u015fim, ileti\u015fim a\u011f\u0131 geli\u015ftirme ve devlet kurumlar\u0131 ile i\u015fbirli\u011fi misyonuyla imzalanan protokol\u00fcn hedefine ula\u015fmas\u0131 i\u00e7in ilk ad\u0131m at\u0131ld\u0131.","og_url":"https:\/\/kibrisdakik.com\/?p=63170","article_published_time":"2024-09-18T17:13:11+00:00","og_image":[{"width":1600,"height":1200,"url":"https:\/\/kibrisdakik.com\/wp-content\/uploads\/2024\/09\/IMG-20240918-WA0034-740x420.jpg","type":"image\/jpeg"}],"author":"admin","twitter_card":"summary_large_image","twitter_misc":{"Yazan:":"admin","Tahmini okuma s\u00fcresi":"1 dakika"},"schema":{"@context":"https:\/\/schema.org","@graph":[{"@type":"Article","@id":"https:\/\/kibrisdakik.com\/?p=63170#article","isPartOf":{"@id":"https:\/\/kibrisdakik.com\/?p=63170"},"author":{"name":"admin","@id":"https:\/\/kibrisdakik.com\/#\/schema\/person\/9cd9d437bbb44f72b73ba127e06d8e79"},"headline":"G\u0130KAD ve Kazakistan \u0130\u015f Kad\u0131nlar\u0131 Derne\u011fi aras\u0131nda protokol","datePublished":"2024-09-18T17:13:11+00:00","mainEntityOfPage":{"@id":"https:\/\/kibrisdakik.com\/?p=63170"},"wordCount":210,"commentCount":0,"image":{"@id":"https:\/\/kibrisdakik.com\/?p=63170#primaryimage"},"thumbnailUrl":"https:\/\/kibrisdakik.com\/wp-content\/uploads\/2024\/09\/IMG-20240918-WA0034-740x420.jpg","articleSection":["K\u0131br\u0131s"],"inLanguage":"tr","potentialAction":[{"@type":"CommentAction","name":"Comment","target":["https:\/\/kibrisdakik.com\/?p=63170#respond"]}]},{"@type":"WebPage","@id":"https:\/\/kibrisdakik.com\/?p=63170","url":"https:\/\/kibrisdakik.com\/?p=63170","name":"G\u0130KAD ve Kazakistan \u0130\u015f Kad\u0131nlar\u0131 Derne\u011fi aras\u0131nda protokol -","isPartOf":{"@id":"https:\/\/kibrisdakik.com\/#website"},"primaryImageOfPage":{"@id":"https:\/\/kibrisdakik.com\/?p=63170#primaryimage"},"image":{"@id":"https:\/\/kibrisdakik.com\/?p=63170#primaryimage"},"thumbnailUrl":"https:\/\/kibrisdakik.com\/wp-content\/uploads\/2024\/09\/IMG-20240918-WA0034-740x420.jpg","datePublished":"2024-09-18T17:13:11+00:00","author":{"@id":"https:\/\/kibrisdakik.com\/#\/schema\/person\/9cd9d437bbb44f72b73ba127e06d8e79"},"breadcrumb":{"@id":"https:\/\/kibrisdakik.com\/?p=63170#breadcrumb"},"inLanguage":"tr","potentialAction":[{"@type":"ReadAction","target":["https:\/\/kibrisdakik.com\/?p=63170"]}]},{"@type":"ImageObject","inLanguage":"tr","@id":"https:\/\/kibrisdakik.com\/?p=63170#primaryimage","url":"https:\/\/kibrisdakik.com\/wp-content\/uploads\/2024\/09\/IMG-20240918-WA0034-740x420.jpg","contentUrl":"https:\/\/kibrisdakik.com\/wp-content\/uploads\/2024\/09\/IMG-20240918-WA0034-740x420.jpg","width":1600,"height":1200},{"@type":"BreadcrumbList","@id":"https:\/\/kibrisdakik.com\/?p=63170#breadcrumb","itemListElement":[{"@type":"ListItem","position":1,"name":"Home","item":"https:\/\/kibrisdakik.com\/"},{"@type":"ListItem","position":2,"name":"G\u0130KAD ve Kazakistan \u0130\u015f Kad\u0131nlar\u0131 Derne\u011fi aras\u0131nda protokol"}]},{"@type":"WebSite","@id":"https:\/\/kibrisdakik.com\/#website","url":"https:\/\/kibrisdakik.com\/","name":"","description":"Tam vaktinde haber","potentialAction":[{"@type":"SearchAction","target":{"@type":"EntryPoint","urlTemplate":"https:\/\/kibrisdakik.com\/?s={search_term_string}"},"query-input":{"@type":"PropertyValueSpecification","valueRequired":true,"valueName":"search_term_string"}}],"inLanguage":"tr"},{"@type":"Person","@id":"https:\/\/kibrisdakik.com\/#\/schema\/person\/9cd9d437bbb44f72b73ba127e06d8e79","name":"admin","image":{"@type":"ImageObject","inLanguage":"tr","@id":"https:\/\/secure.gravatar.com\/avatar\/ccc17943b9d660506c869530f897617f7cb1c21a4bf30023f252596d83e1f007?s=96&d=mm&r=g","url":"https:\/\/secure.gravatar.com\/avatar\/ccc17943b9d660506c869530f897617f7cb1c21a4bf30023f252596d83e1f007?s=96&d=mm&r=g","contentUrl":"https:\/\/secure.gravatar.com\/avatar\/ccc17943b9d660506c869530f897617f7cb1c21a4bf30023f252596d83e1f007?s=96&d=mm&r=g","caption":"admin"},"sameAs":["https:\/\/kibrisdakik.com"],"url":"https:\/\/kibrisdakik.com\/?author=1"}]}},"_links":{"self":[{"href":"https:\/\/kibrisdakik.com\/index.php?rest_route=\/wp\/v2\/posts\/63170","targetHints":{"allow":["GET"]}}],"collection":[{"href":"https:\/\/kibrisdakik.com\/index.php?rest_route=\/wp\/v2\/posts"}],"about":[{"href":"https:\/\/kibrisdakik.com\/index.php?rest_route=\/wp\/v2\/types\/post"}],"author":[{"embeddable":true,"href":"https:\/\/kibrisdakik.com\/index.php?rest_route=\/wp\/v2\/users\/1"}],"replies":[{"embeddable":true,"href":"https:\/\/kibrisdakik.com\/index.php?rest_route=%2Fwp%2Fv2%2Fcomments&post=63170"}],"version-history":[{"count":0,"href":"https:\/\/kibrisdakik.com\/index.php?rest_route=\/wp\/v2\/posts\/63170\/revisions"}],"wp:featuredmedia":[{"embeddable":true,"href":"https:\/\/kibrisdakik.com\/index.php?rest_route=\/wp\/v2\/media\/63171"}],"wp:attachment":[{"href":"https:\/\/kibrisdakik.com\/index.php?rest_route=%2Fwp%2Fv2%2Fmedia&parent=63170"}],"wp:term":[{"taxonomy":"category","embeddable":true,"href":"https:\/\/kibrisdakik.com\/index.php?rest_route=%2Fwp%2Fv2%2Fcategories&post=63170"},{"taxonomy":"post_tag","embeddable":true,"href":"https:\/\/kibrisdakik.com\/index.php?rest_route=%2Fwp%2Fv2%2Ftags&post=63170"}],"curies":[{"name":"wp","href":"https:\/\/api.w.org\/{rel}","templated":true}]}}