{"id":63182,"date":"2024-09-18T21:56:37","date_gmt":"2024-09-18T18:56:37","guid":{"rendered":"https:\/\/kibrisdakik.com\/index.php\/2024\/09\/18\/serim-ktto-heyetiyle-bir-araya-geldi\/"},"modified":"2024-09-18T21:56:37","modified_gmt":"2024-09-18T18:56:37","slug":"serim-ktto-heyetiyle-bir-araya-geldi","status":"publish","type":"post","link":"https:\/\/kibrisdakik.com\/?p=63182","title":{"rendered":"Serim, KTTO heyetiyle bir araya geldi"},"content":{"rendered":"<div>\n<div class=\"mariselle-image-container center\">\n                                            <\/div>\n<p>\u00a0<\/p>\n<p>T\u00fcrkiye\u2019nin Lefko\u015fa B\u00fcy\u00fckel\u00e7isi Yasin Ekrem Serim,\u00a0K\u0131br\u0131s T\u00fcrk Ticaret Odas\u0131 (KTTO) Ba\u015fkan\u0131\u00a0<span class=\"marked\">Turgay Deniz<\/span> ve Y\u00f6netim Kurulu \u00fcyeleri ile bir araya geldi.<\/p>\n<p>Serim, g\u00f6r\u00fc\u015fmeye ili\u015fkin sosyal medya hesab\u0131 \u00fczerinden bir payla\u015f\u0131m yaparak, \u201cKKTC ekonomisinin g\u00fc\u00e7lendirilmesi, ihracat\u0131n art\u0131r\u0131lmas\u0131, ayr\u0131ca KKTC\u2019nin \u00fclkemizin yan\u0131 s\u0131ra di\u011fer hedef pazarlarla olan ticari ili\u015fkilerin derinle\u015ftirmesi ve geli\u015ftirilmesi hususlar\u0131nda g\u00f6r\u00fc\u015f al\u0131\u015fveri\u015finde bulunduk\u201d ifadelerini kulland\u0131.<\/p>\n<\/p><\/div>\n<p><script async\n                    defer\n                    crossorigin=\"anonymous\"\n                    src=\"https:\/\/connect.facebook.net\/tr_TR\/sdk.js#xfbml=1&#038;version=v3.3\"\n            ><\/script><\/p>\n","protected":false},"excerpt":{"rendered":"<p>\u00a0 T\u00fcrkiye\u2019nin Lefko\u015fa B\u00fcy\u00fckel\u00e7isi Yasin Ekrem Serim,\u00a0K\u0131br\u0131s T\u00fcrk Ticaret Odas\u0131 (KTTO) Ba\u015fkan\u0131\u00a0Turgay Deniz ve Y\u00f6netim Kurulu \u00fcyeleri ile bir araya geldi. Serim, g\u00f6r\u00fc\u015fmeye ili\u015fkin sosyal medya hesab\u0131 \u00fczerinden bir payla\u015f\u0131m yaparak, \u201cKKTC ekonomisinin g\u00fc\u00e7lendirilmesi, ihracat\u0131n art\u0131r\u0131lmas\u0131, ayr\u0131ca KKTC\u2019nin \u00fclkemizin yan\u0131 s\u0131ra di\u011fer hedef pazarlarla olan ticari ili\u015fkilerin derinle\u015ftirmesi ve geli\u015ftirilmesi hususlar\u0131nda g\u00f6r\u00fc\u015f al\u0131\u015fveri\u015finde bulunduk\u201d ifadelerini<\/p>\n","protected":false},"author":1,"featured_media":63183,"comment_status":"open","ping_status":"open","sticky":false,"template":"","format":"standard","meta":{"footnotes":""},"categories":[81],"tags":[],"class_list":["post-63182","post","type-post","status-publish","format-standard","has-post-thumbnail","hentry","category-kibris"],"yoast_head":"<!-- This site is optimized with the Yoast SEO plugin v27.4 - https:\/\/yoast.com\/product\/yoast-seo-wordpress\/ -->\n<title>Serim, KTTO heyetiyle bir araya geldi -<\/title>\n<meta name=\"robots\" content=\"index, follow, max-snippet:-1, max-image-preview:large, max-video-preview:-1\" \/>\n<link rel=\"canonical\" href=\"https:\/\/kibrisdakik.com\/?p=63182\" \/>\n<meta property=\"og:locale\" content=\"tr_TR\" \/>\n<meta property=\"og:type\" content=\"article\" \/>\n<meta property=\"og:title\" content=\"Serim, KTTO heyetiyle bir araya geldi -\" \/>\n<meta property=\"og:description\" content=\"\u00a0 T\u00fcrkiye\u2019nin Lefko\u015fa B\u00fcy\u00fckel\u00e7isi Yasin Ekrem Serim,\u00a0K\u0131br\u0131s T\u00fcrk Ticaret Odas\u0131 (KTTO) Ba\u015fkan\u0131\u00a0Turgay Deniz ve Y\u00f6netim Kurulu \u00fcyeleri ile bir araya geldi. Serim, g\u00f6r\u00fc\u015fmeye ili\u015fkin sosyal medya hesab\u0131 \u00fczerinden bir payla\u015f\u0131m yaparak, \u201cKKTC ekonomisinin g\u00fc\u00e7lendirilmesi, ihracat\u0131n art\u0131r\u0131lmas\u0131, ayr\u0131ca KKTC\u2019nin \u00fclkemizin yan\u0131 s\u0131ra di\u011fer hedef pazarlarla olan ticari ili\u015fkilerin derinle\u015ftirmesi ve geli\u015ftirilmesi hususlar\u0131nda g\u00f6r\u00fc\u015f al\u0131\u015fveri\u015finde bulunduk\u201d ifadelerini\" \/>\n<meta property=\"og:url\" content=\"https:\/\/kibrisdakik.com\/?p=63182\" \/>\n<meta property=\"article:published_time\" content=\"2024-09-18T18:56:37+00:00\" \/>\n<meta property=\"og:image\" content=\"https:\/\/kibrisdakik.com\/wp-content\/uploads\/2024\/09\/Screenshot_20240918_220424_Facebook-740x420.jpg\" \/>\n\t<meta property=\"og:image:width\" content=\"1080\" \/>\n\t<meta property=\"og:image:height\" content=\"470\" \/>\n\t<meta property=\"og:image:type\" content=\"image\/jpeg\" \/>\n<meta name=\"author\" content=\"admin\" \/>\n<meta name=\"twitter:card\" content=\"summary_large_image\" \/>\n<meta name=\"twitter:label1\" content=\"Yazan:\" \/>\n\t<meta name=\"twitter:data1\" content=\"admin\" \/>\n<script type=\"application\/ld+json\" class=\"yoast-schema-graph\">{\"@context\":\"https:\\\/\\\/schema.org\",\"@graph\":[{\"@type\":\"Article\",\"@id\":\"https:\\\/\\\/kibrisdakik.com\\\/?p=63182#article\",\"isPartOf\":{\"@id\":\"https:\\\/\\\/kibrisdakik.com\\\/?p=63182\"},\"author\":{\"name\":\"admin\",\"@id\":\"https:\\\/\\\/kibrisdakik.com\\\/#\\\/schema\\\/person\\\/9cd9d437bbb44f72b73ba127e06d8e79\"},\"headline\":\"Serim, KTTO heyetiyle bir araya geldi\",\"datePublished\":\"2024-09-18T18:56:37+00:00\",\"mainEntityOfPage\":{\"@id\":\"https:\\\/\\\/kibrisdakik.com\\\/?p=63182\"},\"wordCount\":93,\"commentCount\":0,\"image\":{\"@id\":\"https:\\\/\\\/kibrisdakik.com\\\/?p=63182#primaryimage\"},\"thumbnailUrl\":\"https:\\\/\\\/kibrisdakik.com\\\/wp-content\\\/uploads\\\/2024\\\/09\\\/Screenshot_20240918_220424_Facebook-740x420.jpg\",\"articleSection\":[\"K\u0131br\u0131s\"],\"inLanguage\":\"tr\",\"potentialAction\":[{\"@type\":\"CommentAction\",\"name\":\"Comment\",\"target\":[\"https:\\\/\\\/kibrisdakik.com\\\/?p=63182#respond\"]}]},{\"@type\":\"WebPage\",\"@id\":\"https:\\\/\\\/kibrisdakik.com\\\/?p=63182\",\"url\":\"https:\\\/\\\/kibrisdakik.com\\\/?p=63182\",\"name\":\"Serim, KTTO heyetiyle bir araya geldi -\",\"isPartOf\":{\"@id\":\"https:\\\/\\\/kibrisdakik.com\\\/#website\"},\"primaryImageOfPage\":{\"@id\":\"https:\\\/\\\/kibrisdakik.com\\\/?p=63182#primaryimage\"},\"image\":{\"@id\":\"https:\\\/\\\/kibrisdakik.com\\\/?p=63182#primaryimage\"},\"thumbnailUrl\":\"https:\\\/\\\/kibrisdakik.com\\\/wp-content\\\/uploads\\\/2024\\\/09\\\/Screenshot_20240918_220424_Facebook-740x420.jpg\",\"datePublished\":\"2024-09-18T18:56:37+00:00\",\"author\":{\"@id\":\"https:\\\/\\\/kibrisdakik.com\\\/#\\\/schema\\\/person\\\/9cd9d437bbb44f72b73ba127e06d8e79\"},\"breadcrumb\":{\"@id\":\"https:\\\/\\\/kibrisdakik.com\\\/?p=63182#breadcrumb\"},\"inLanguage\":\"tr\",\"potentialAction\":[{\"@type\":\"ReadAction\",\"target\":[\"https:\\\/\\\/kibrisdakik.com\\\/?p=63182\"]}]},{\"@type\":\"ImageObject\",\"inLanguage\":\"tr\",\"@id\":\"https:\\\/\\\/kibrisdakik.com\\\/?p=63182#primaryimage\",\"url\":\"https:\\\/\\\/kibrisdakik.com\\\/wp-content\\\/uploads\\\/2024\\\/09\\\/Screenshot_20240918_220424_Facebook-740x420.jpg\",\"contentUrl\":\"https:\\\/\\\/kibrisdakik.com\\\/wp-content\\\/uploads\\\/2024\\\/09\\\/Screenshot_20240918_220424_Facebook-740x420.jpg\",\"width\":1080,\"height\":470},{\"@type\":\"BreadcrumbList\",\"@id\":\"https:\\\/\\\/kibrisdakik.com\\\/?p=63182#breadcrumb\",\"itemListElement\":[{\"@type\":\"ListItem\",\"position\":1,\"name\":\"Home\",\"item\":\"https:\\\/\\\/kibrisdakik.com\\\/\"},{\"@type\":\"ListItem\",\"position\":2,\"name\":\"Serim, KTTO heyetiyle bir araya geldi\"}]},{\"@type\":\"WebSite\",\"@id\":\"https:\\\/\\\/kibrisdakik.com\\\/#website\",\"url\":\"https:\\\/\\\/kibrisdakik.com\\\/\",\"name\":\"\",\"description\":\"Tam vaktinde haber\",\"potentialAction\":[{\"@type\":\"SearchAction\",\"target\":{\"@type\":\"EntryPoint\",\"urlTemplate\":\"https:\\\/\\\/kibrisdakik.com\\\/?s={search_term_string}\"},\"query-input\":{\"@type\":\"PropertyValueSpecification\",\"valueRequired\":true,\"valueName\":\"search_term_string\"}}],\"inLanguage\":\"tr\"},{\"@type\":\"Person\",\"@id\":\"https:\\\/\\\/kibrisdakik.com\\\/#\\\/schema\\\/person\\\/9cd9d437bbb44f72b73ba127e06d8e79\",\"name\":\"admin\",\"image\":{\"@type\":\"ImageObject\",\"inLanguage\":\"tr\",\"@id\":\"https:\\\/\\\/secure.gravatar.com\\\/avatar\\\/ccc17943b9d660506c869530f897617f7cb1c21a4bf30023f252596d83e1f007?s=96&d=mm&r=g\",\"url\":\"https:\\\/\\\/secure.gravatar.com\\\/avatar\\\/ccc17943b9d660506c869530f897617f7cb1c21a4bf30023f252596d83e1f007?s=96&d=mm&r=g\",\"contentUrl\":\"https:\\\/\\\/secure.gravatar.com\\\/avatar\\\/ccc17943b9d660506c869530f897617f7cb1c21a4bf30023f252596d83e1f007?s=96&d=mm&r=g\",\"caption\":\"admin\"},\"sameAs\":[\"https:\\\/\\\/kibrisdakik.com\"],\"url\":\"https:\\\/\\\/kibrisdakik.com\\\/?author=1\"}]}<\/script>\n<!-- \/ Yoast SEO plugin. -->","yoast_head_json":{"title":"Serim, KTTO heyetiyle bir araya geldi -","robots":{"index":"index","follow":"follow","max-snippet":"max-snippet:-1","max-image-preview":"max-image-preview:large","max-video-preview":"max-video-preview:-1"},"canonical":"https:\/\/kibrisdakik.com\/?p=63182","og_locale":"tr_TR","og_type":"article","og_title":"Serim, KTTO heyetiyle bir araya geldi -","og_description":"\u00a0 T\u00fcrkiye\u2019nin Lefko\u015fa B\u00fcy\u00fckel\u00e7isi Yasin Ekrem Serim,\u00a0K\u0131br\u0131s T\u00fcrk Ticaret Odas\u0131 (KTTO) Ba\u015fkan\u0131\u00a0Turgay Deniz ve Y\u00f6netim Kurulu \u00fcyeleri ile bir araya geldi. Serim, g\u00f6r\u00fc\u015fmeye ili\u015fkin sosyal medya hesab\u0131 \u00fczerinden bir payla\u015f\u0131m yaparak, \u201cKKTC ekonomisinin g\u00fc\u00e7lendirilmesi, ihracat\u0131n art\u0131r\u0131lmas\u0131, ayr\u0131ca KKTC\u2019nin \u00fclkemizin yan\u0131 s\u0131ra di\u011fer hedef pazarlarla olan ticari ili\u015fkilerin derinle\u015ftirmesi ve geli\u015ftirilmesi hususlar\u0131nda g\u00f6r\u00fc\u015f al\u0131\u015fveri\u015finde bulunduk\u201d ifadelerini","og_url":"https:\/\/kibrisdakik.com\/?p=63182","article_published_time":"2024-09-18T18:56:37+00:00","og_image":[{"width":1080,"height":470,"url":"https:\/\/kibrisdakik.com\/wp-content\/uploads\/2024\/09\/Screenshot_20240918_220424_Facebook-740x420.jpg","type":"image\/jpeg"}],"author":"admin","twitter_card":"summary_large_image","twitter_misc":{"Yazan:":"admin"},"schema":{"@context":"https:\/\/schema.org","@graph":[{"@type":"Article","@id":"https:\/\/kibrisdakik.com\/?p=63182#article","isPartOf":{"@id":"https:\/\/kibrisdakik.com\/?p=63182"},"author":{"name":"admin","@id":"https:\/\/kibrisdakik.com\/#\/schema\/person\/9cd9d437bbb44f72b73ba127e06d8e79"},"headline":"Serim, KTTO heyetiyle bir araya geldi","datePublished":"2024-09-18T18:56:37+00:00","mainEntityOfPage":{"@id":"https:\/\/kibrisdakik.com\/?p=63182"},"wordCount":93,"commentCount":0,"image":{"@id":"https:\/\/kibrisdakik.com\/?p=63182#primaryimage"},"thumbnailUrl":"https:\/\/kibrisdakik.com\/wp-content\/uploads\/2024\/09\/Screenshot_20240918_220424_Facebook-740x420.jpg","articleSection":["K\u0131br\u0131s"],"inLanguage":"tr","potentialAction":[{"@type":"CommentAction","name":"Comment","target":["https:\/\/kibrisdakik.com\/?p=63182#respond"]}]},{"@type":"WebPage","@id":"https:\/\/kibrisdakik.com\/?p=63182","url":"https:\/\/kibrisdakik.com\/?p=63182","name":"Serim, KTTO heyetiyle bir araya geldi -","isPartOf":{"@id":"https:\/\/kibrisdakik.com\/#website"},"primaryImageOfPage":{"@id":"https:\/\/kibrisdakik.com\/?p=63182#primaryimage"},"image":{"@id":"https:\/\/kibrisdakik.com\/?p=63182#primaryimage"},"thumbnailUrl":"https:\/\/kibrisdakik.com\/wp-content\/uploads\/2024\/09\/Screenshot_20240918_220424_Facebook-740x420.jpg","datePublished":"2024-09-18T18:56:37+00:00","author":{"@id":"https:\/\/kibrisdakik.com\/#\/schema\/person\/9cd9d437bbb44f72b73ba127e06d8e79"},"breadcrumb":{"@id":"https:\/\/kibrisdakik.com\/?p=63182#breadcrumb"},"inLanguage":"tr","potentialAction":[{"@type":"ReadAction","target":["https:\/\/kibrisdakik.com\/?p=63182"]}]},{"@type":"ImageObject","inLanguage":"tr","@id":"https:\/\/kibrisdakik.com\/?p=63182#primaryimage","url":"https:\/\/kibrisdakik.com\/wp-content\/uploads\/2024\/09\/Screenshot_20240918_220424_Facebook-740x420.jpg","contentUrl":"https:\/\/kibrisdakik.com\/wp-content\/uploads\/2024\/09\/Screenshot_20240918_220424_Facebook-740x420.jpg","width":1080,"height":470},{"@type":"BreadcrumbList","@id":"https:\/\/kibrisdakik.com\/?p=63182#breadcrumb","itemListElement":[{"@type":"ListItem","position":1,"name":"Home","item":"https:\/\/kibrisdakik.com\/"},{"@type":"ListItem","position":2,"name":"Serim, KTTO heyetiyle bir araya geldi"}]},{"@type":"WebSite","@id":"https:\/\/kibrisdakik.com\/#website","url":"https:\/\/kibrisdakik.com\/","name":"","description":"Tam vaktinde haber","potentialAction":[{"@type":"SearchAction","target":{"@type":"EntryPoint","urlTemplate":"https:\/\/kibrisdakik.com\/?s={search_term_string}"},"query-input":{"@type":"PropertyValueSpecification","valueRequired":true,"valueName":"search_term_string"}}],"inLanguage":"tr"},{"@type":"Person","@id":"https:\/\/kibrisdakik.com\/#\/schema\/person\/9cd9d437bbb44f72b73ba127e06d8e79","name":"admin","image":{"@type":"ImageObject","inLanguage":"tr","@id":"https:\/\/secure.gravatar.com\/avatar\/ccc17943b9d660506c869530f897617f7cb1c21a4bf30023f252596d83e1f007?s=96&d=mm&r=g","url":"https:\/\/secure.gravatar.com\/avatar\/ccc17943b9d660506c869530f897617f7cb1c21a4bf30023f252596d83e1f007?s=96&d=mm&r=g","contentUrl":"https:\/\/secure.gravatar.com\/avatar\/ccc17943b9d660506c869530f897617f7cb1c21a4bf30023f252596d83e1f007?s=96&d=mm&r=g","caption":"admin"},"sameAs":["https:\/\/kibrisdakik.com"],"url":"https:\/\/kibrisdakik.com\/?author=1"}]}},"_links":{"self":[{"href":"https:\/\/kibrisdakik.com\/index.php?rest_route=\/wp\/v2\/posts\/63182","targetHints":{"allow":["GET"]}}],"collection":[{"href":"https:\/\/kibrisdakik.com\/index.php?rest_route=\/wp\/v2\/posts"}],"about":[{"href":"https:\/\/kibrisdakik.com\/index.php?rest_route=\/wp\/v2\/types\/post"}],"author":[{"embeddable":true,"href":"https:\/\/kibrisdakik.com\/index.php?rest_route=\/wp\/v2\/users\/1"}],"replies":[{"embeddable":true,"href":"https:\/\/kibrisdakik.com\/index.php?rest_route=%2Fwp%2Fv2%2Fcomments&post=63182"}],"version-history":[{"count":0,"href":"https:\/\/kibrisdakik.com\/index.php?rest_route=\/wp\/v2\/posts\/63182\/revisions"}],"wp:featuredmedia":[{"embeddable":true,"href":"https:\/\/kibrisdakik.com\/index.php?rest_route=\/wp\/v2\/media\/63183"}],"wp:attachment":[{"href":"https:\/\/kibrisdakik.com\/index.php?rest_route=%2Fwp%2Fv2%2Fmedia&parent=63182"}],"wp:term":[{"taxonomy":"category","embeddable":true,"href":"https:\/\/kibrisdakik.com\/index.php?rest_route=%2Fwp%2Fv2%2Fcategories&post=63182"},{"taxonomy":"post_tag","embeddable":true,"href":"https:\/\/kibrisdakik.com\/index.php?rest_route=%2Fwp%2Fv2%2Ftags&post=63182"}],"curies":[{"name":"wp","href":"https:\/\/api.w.org\/{rel}","templated":true}]}}