{"id":63208,"date":"2024-09-19T07:00:48","date_gmt":"2024-09-19T04:00:48","guid":{"rendered":"https:\/\/kibrisdakik.com\/index.php\/2024\/09\/19\/akdenizde-42-buyuklugunde-deprem-4\/"},"modified":"2024-09-19T07:00:48","modified_gmt":"2024-09-19T04:00:48","slug":"akdenizde-42-buyuklugunde-deprem-4","status":"publish","type":"post","link":"https:\/\/kibrisdakik.com\/?p=63208","title":{"rendered":"Akdeniz\u2019de 4,2 b\u00fcy\u00fckl\u00fc\u011f\u00fcnde deprem"},"content":{"rendered":"<p><\/p>\n<div>\n<div class=\"mariselle-image-container center\">\n                <img loading=\"lazy\" decoding=\"async\" width=\"832\" height=\"467\" class=\"lazy-image\" alt=\"\" sizes=\"auto, (max-width: 832px) 100vw, 832px\" src=\"https:\/\/brtk.net\/wp-content\/uploads\/2024\/03\/09\/deprem2.jpg?ver=f637e90bf518a82bb449ef88f53f63fc\" srcset=\"https:\/\/brtk.net\/wp-content\/uploads\/2024\/03\/09\/deprem2.jpg?ver=f637e90bf518a82bb449ef88f53f63fc 832w, https:\/\/brtk.net\/wp-content\/uploads\/2024\/03\/09\/deprem2-300x168.jpg?ver=aaa04a1c78a36fbaca4f6e991aa6553c 300w, https:\/\/brtk.net\/wp-content\/uploads\/2024\/03\/09\/deprem2-768x431.jpg?ver=aaa04a1c78a36fbaca4f6e991aa6553c 768w\"\/>                            <\/div>\n<p>Akdeniz a\u00e7\u0131klar\u0131nda 4,2 b\u00fcy\u00fckl\u00fc\u011f\u00fcnde deprem meydana geldi.<\/p>\n<p>Afet ve Acil Durum Y\u00f6netimi Ba\u015fkanl\u0131\u011f\u0131n\u0131n (AFAD) internet sitesinde yer alan bilgiye g\u00f6re, saat 06.22\u2019de merkez \u00fcss\u00fc Akdeniz a\u00e7\u0131klar\u0131 olan 4,2 b\u00fcy\u00fckl\u00fc\u011f\u00fcnde sars\u0131nt\u0131 kaydedildi.<\/p>\n<p>Merkez \u00fcss\u00fc Mu\u011fla\u2019n\u0131n Marmaris il\u00e7esine 367,94 kilometre mesafede olan depremin, 15 kilometre derinlikte meydana geldi\u011fi belirlendi.<\/p>\n<\/p><\/div>\n<p><script async\n                    defer\n                    crossorigin=\"anonymous\"\n                    src=\"https:\/\/connect.facebook.net\/tr_TR\/sdk.js#xfbml=1&#038;version=v3.3\"\n            ><\/script><\/p>\n","protected":false},"excerpt":{"rendered":"<p>Akdeniz a\u00e7\u0131klar\u0131nda 4,2 b\u00fcy\u00fckl\u00fc\u011f\u00fcnde deprem meydana geldi. Afet ve Acil Durum Y\u00f6netimi Ba\u015fkanl\u0131\u011f\u0131n\u0131n (AFAD) internet sitesinde yer alan bilgiye g\u00f6re, saat 06.22\u2019de merkez \u00fcss\u00fc Akdeniz a\u00e7\u0131klar\u0131 olan 4,2 b\u00fcy\u00fckl\u00fc\u011f\u00fcnde sars\u0131nt\u0131 kaydedildi. Merkez \u00fcss\u00fc Mu\u011fla\u2019n\u0131n Marmaris il\u00e7esine 367,94 kilometre mesafede olan depremin, 15 kilometre derinlikte meydana geldi\u011fi belirlendi.<\/p>\n","protected":false},"author":1,"featured_media":63209,"comment_status":"open","ping_status":"open","sticky":false,"template":"","format":"standard","meta":{"footnotes":""},"categories":[86],"tags":[],"class_list":["post-63208","post","type-post","status-publish","format-standard","has-post-thumbnail","hentry","category-turkiye"],"yoast_head":"<!-- This site is optimized with the Yoast SEO plugin v27.5 - https:\/\/yoast.com\/product\/yoast-seo-wordpress\/ -->\n<title>Akdeniz\u2019de 4,2 b\u00fcy\u00fckl\u00fc\u011f\u00fcnde deprem -<\/title>\n<meta name=\"robots\" content=\"index, follow, max-snippet:-1, max-image-preview:large, max-video-preview:-1\" \/>\n<link rel=\"canonical\" href=\"https:\/\/kibrisdakik.com\/?p=63208\" \/>\n<meta property=\"og:locale\" content=\"tr_TR\" \/>\n<meta property=\"og:type\" content=\"article\" \/>\n<meta property=\"og:title\" content=\"Akdeniz\u2019de 4,2 b\u00fcy\u00fckl\u00fc\u011f\u00fcnde deprem -\" \/>\n<meta property=\"og:description\" content=\"Akdeniz a\u00e7\u0131klar\u0131nda 4,2 b\u00fcy\u00fckl\u00fc\u011f\u00fcnde deprem meydana geldi. Afet ve Acil Durum Y\u00f6netimi Ba\u015fkanl\u0131\u011f\u0131n\u0131n (AFAD) internet sitesinde yer alan bilgiye g\u00f6re, saat 06.22\u2019de merkez \u00fcss\u00fc Akdeniz a\u00e7\u0131klar\u0131 olan 4,2 b\u00fcy\u00fckl\u00fc\u011f\u00fcnde sars\u0131nt\u0131 kaydedildi. Merkez \u00fcss\u00fc Mu\u011fla\u2019n\u0131n Marmaris il\u00e7esine 367,94 kilometre mesafede olan depremin, 15 kilometre derinlikte meydana geldi\u011fi belirlendi.\" \/>\n<meta property=\"og:url\" content=\"https:\/\/kibrisdakik.com\/?p=63208\" \/>\n<meta property=\"article:published_time\" content=\"2024-09-19T04:00:48+00:00\" \/>\n<meta property=\"og:image\" content=\"https:\/\/kibrisdakik.com\/wp-content\/uploads\/2024\/09\/deprem2-740x420.jpg\" \/>\n\t<meta property=\"og:image:width\" content=\"832\" \/>\n\t<meta property=\"og:image:height\" content=\"467\" \/>\n\t<meta property=\"og:image:type\" content=\"image\/jpeg\" \/>\n<meta name=\"author\" content=\"admin\" \/>\n<meta name=\"twitter:card\" content=\"summary_large_image\" \/>\n<meta name=\"twitter:label1\" content=\"Yazan:\" \/>\n\t<meta name=\"twitter:data1\" content=\"admin\" \/>\n<script type=\"application\/ld+json\" class=\"yoast-schema-graph\">{\"@context\":\"https:\\\/\\\/schema.org\",\"@graph\":[{\"@type\":\"Article\",\"@id\":\"https:\\\/\\\/kibrisdakik.com\\\/?p=63208#article\",\"isPartOf\":{\"@id\":\"https:\\\/\\\/kibrisdakik.com\\\/?p=63208\"},\"author\":{\"name\":\"admin\",\"@id\":\"https:\\\/\\\/kibrisdakik.com\\\/#\\\/schema\\\/person\\\/9cd9d437bbb44f72b73ba127e06d8e79\"},\"headline\":\"Akdeniz\u2019de 4,2 b\u00fcy\u00fckl\u00fc\u011f\u00fcnde deprem\",\"datePublished\":\"2024-09-19T04:00:48+00:00\",\"mainEntityOfPage\":{\"@id\":\"https:\\\/\\\/kibrisdakik.com\\\/?p=63208\"},\"wordCount\":70,\"commentCount\":0,\"image\":{\"@id\":\"https:\\\/\\\/kibrisdakik.com\\\/?p=63208#primaryimage\"},\"thumbnailUrl\":\"https:\\\/\\\/kibrisdakik.com\\\/wp-content\\\/uploads\\\/2024\\\/09\\\/deprem2-740x420.jpg\",\"articleSection\":[\"T\u00fcrkiye\"],\"inLanguage\":\"tr\",\"potentialAction\":[{\"@type\":\"CommentAction\",\"name\":\"Comment\",\"target\":[\"https:\\\/\\\/kibrisdakik.com\\\/?p=63208#respond\"]}]},{\"@type\":\"WebPage\",\"@id\":\"https:\\\/\\\/kibrisdakik.com\\\/?p=63208\",\"url\":\"https:\\\/\\\/kibrisdakik.com\\\/?p=63208\",\"name\":\"Akdeniz\u2019de 4,2 b\u00fcy\u00fckl\u00fc\u011f\u00fcnde deprem -\",\"isPartOf\":{\"@id\":\"https:\\\/\\\/kibrisdakik.com\\\/#website\"},\"primaryImageOfPage\":{\"@id\":\"https:\\\/\\\/kibrisdakik.com\\\/?p=63208#primaryimage\"},\"image\":{\"@id\":\"https:\\\/\\\/kibrisdakik.com\\\/?p=63208#primaryimage\"},\"thumbnailUrl\":\"https:\\\/\\\/kibrisdakik.com\\\/wp-content\\\/uploads\\\/2024\\\/09\\\/deprem2-740x420.jpg\",\"datePublished\":\"2024-09-19T04:00:48+00:00\",\"author\":{\"@id\":\"https:\\\/\\\/kibrisdakik.com\\\/#\\\/schema\\\/person\\\/9cd9d437bbb44f72b73ba127e06d8e79\"},\"breadcrumb\":{\"@id\":\"https:\\\/\\\/kibrisdakik.com\\\/?p=63208#breadcrumb\"},\"inLanguage\":\"tr\",\"potentialAction\":[{\"@type\":\"ReadAction\",\"target\":[\"https:\\\/\\\/kibrisdakik.com\\\/?p=63208\"]}]},{\"@type\":\"ImageObject\",\"inLanguage\":\"tr\",\"@id\":\"https:\\\/\\\/kibrisdakik.com\\\/?p=63208#primaryimage\",\"url\":\"https:\\\/\\\/kibrisdakik.com\\\/wp-content\\\/uploads\\\/2024\\\/09\\\/deprem2-740x420.jpg\",\"contentUrl\":\"https:\\\/\\\/kibrisdakik.com\\\/wp-content\\\/uploads\\\/2024\\\/09\\\/deprem2-740x420.jpg\",\"width\":832,\"height\":467},{\"@type\":\"BreadcrumbList\",\"@id\":\"https:\\\/\\\/kibrisdakik.com\\\/?p=63208#breadcrumb\",\"itemListElement\":[{\"@type\":\"ListItem\",\"position\":1,\"name\":\"Home\",\"item\":\"https:\\\/\\\/kibrisdakik.com\\\/\"},{\"@type\":\"ListItem\",\"position\":2,\"name\":\"Akdeniz\u2019de 4,2 b\u00fcy\u00fckl\u00fc\u011f\u00fcnde deprem\"}]},{\"@type\":\"WebSite\",\"@id\":\"https:\\\/\\\/kibrisdakik.com\\\/#website\",\"url\":\"https:\\\/\\\/kibrisdakik.com\\\/\",\"name\":\"\",\"description\":\"Tam vaktinde haber\",\"potentialAction\":[{\"@type\":\"SearchAction\",\"target\":{\"@type\":\"EntryPoint\",\"urlTemplate\":\"https:\\\/\\\/kibrisdakik.com\\\/?s={search_term_string}\"},\"query-input\":{\"@type\":\"PropertyValueSpecification\",\"valueRequired\":true,\"valueName\":\"search_term_string\"}}],\"inLanguage\":\"tr\"},{\"@type\":\"Person\",\"@id\":\"https:\\\/\\\/kibrisdakik.com\\\/#\\\/schema\\\/person\\\/9cd9d437bbb44f72b73ba127e06d8e79\",\"name\":\"admin\",\"image\":{\"@type\":\"ImageObject\",\"inLanguage\":\"tr\",\"@id\":\"https:\\\/\\\/secure.gravatar.com\\\/avatar\\\/ccc17943b9d660506c869530f897617f7cb1c21a4bf30023f252596d83e1f007?s=96&d=mm&r=g\",\"url\":\"https:\\\/\\\/secure.gravatar.com\\\/avatar\\\/ccc17943b9d660506c869530f897617f7cb1c21a4bf30023f252596d83e1f007?s=96&d=mm&r=g\",\"contentUrl\":\"https:\\\/\\\/secure.gravatar.com\\\/avatar\\\/ccc17943b9d660506c869530f897617f7cb1c21a4bf30023f252596d83e1f007?s=96&d=mm&r=g\",\"caption\":\"admin\"},\"sameAs\":[\"https:\\\/\\\/kibrisdakik.com\"],\"url\":\"https:\\\/\\\/kibrisdakik.com\\\/?author=1\"}]}<\/script>\n<!-- \/ Yoast SEO plugin. -->","yoast_head_json":{"title":"Akdeniz\u2019de 4,2 b\u00fcy\u00fckl\u00fc\u011f\u00fcnde deprem -","robots":{"index":"index","follow":"follow","max-snippet":"max-snippet:-1","max-image-preview":"max-image-preview:large","max-video-preview":"max-video-preview:-1"},"canonical":"https:\/\/kibrisdakik.com\/?p=63208","og_locale":"tr_TR","og_type":"article","og_title":"Akdeniz\u2019de 4,2 b\u00fcy\u00fckl\u00fc\u011f\u00fcnde deprem -","og_description":"Akdeniz a\u00e7\u0131klar\u0131nda 4,2 b\u00fcy\u00fckl\u00fc\u011f\u00fcnde deprem meydana geldi. Afet ve Acil Durum Y\u00f6netimi Ba\u015fkanl\u0131\u011f\u0131n\u0131n (AFAD) internet sitesinde yer alan bilgiye g\u00f6re, saat 06.22\u2019de merkez \u00fcss\u00fc Akdeniz a\u00e7\u0131klar\u0131 olan 4,2 b\u00fcy\u00fckl\u00fc\u011f\u00fcnde sars\u0131nt\u0131 kaydedildi. Merkez \u00fcss\u00fc Mu\u011fla\u2019n\u0131n Marmaris il\u00e7esine 367,94 kilometre mesafede olan depremin, 15 kilometre derinlikte meydana geldi\u011fi belirlendi.","og_url":"https:\/\/kibrisdakik.com\/?p=63208","article_published_time":"2024-09-19T04:00:48+00:00","og_image":[{"width":832,"height":467,"url":"https:\/\/kibrisdakik.com\/wp-content\/uploads\/2024\/09\/deprem2-740x420.jpg","type":"image\/jpeg"}],"author":"admin","twitter_card":"summary_large_image","twitter_misc":{"Yazan:":"admin"},"schema":{"@context":"https:\/\/schema.org","@graph":[{"@type":"Article","@id":"https:\/\/kibrisdakik.com\/?p=63208#article","isPartOf":{"@id":"https:\/\/kibrisdakik.com\/?p=63208"},"author":{"name":"admin","@id":"https:\/\/kibrisdakik.com\/#\/schema\/person\/9cd9d437bbb44f72b73ba127e06d8e79"},"headline":"Akdeniz\u2019de 4,2 b\u00fcy\u00fckl\u00fc\u011f\u00fcnde deprem","datePublished":"2024-09-19T04:00:48+00:00","mainEntityOfPage":{"@id":"https:\/\/kibrisdakik.com\/?p=63208"},"wordCount":70,"commentCount":0,"image":{"@id":"https:\/\/kibrisdakik.com\/?p=63208#primaryimage"},"thumbnailUrl":"https:\/\/kibrisdakik.com\/wp-content\/uploads\/2024\/09\/deprem2-740x420.jpg","articleSection":["T\u00fcrkiye"],"inLanguage":"tr","potentialAction":[{"@type":"CommentAction","name":"Comment","target":["https:\/\/kibrisdakik.com\/?p=63208#respond"]}]},{"@type":"WebPage","@id":"https:\/\/kibrisdakik.com\/?p=63208","url":"https:\/\/kibrisdakik.com\/?p=63208","name":"Akdeniz\u2019de 4,2 b\u00fcy\u00fckl\u00fc\u011f\u00fcnde deprem -","isPartOf":{"@id":"https:\/\/kibrisdakik.com\/#website"},"primaryImageOfPage":{"@id":"https:\/\/kibrisdakik.com\/?p=63208#primaryimage"},"image":{"@id":"https:\/\/kibrisdakik.com\/?p=63208#primaryimage"},"thumbnailUrl":"https:\/\/kibrisdakik.com\/wp-content\/uploads\/2024\/09\/deprem2-740x420.jpg","datePublished":"2024-09-19T04:00:48+00:00","author":{"@id":"https:\/\/kibrisdakik.com\/#\/schema\/person\/9cd9d437bbb44f72b73ba127e06d8e79"},"breadcrumb":{"@id":"https:\/\/kibrisdakik.com\/?p=63208#breadcrumb"},"inLanguage":"tr","potentialAction":[{"@type":"ReadAction","target":["https:\/\/kibrisdakik.com\/?p=63208"]}]},{"@type":"ImageObject","inLanguage":"tr","@id":"https:\/\/kibrisdakik.com\/?p=63208#primaryimage","url":"https:\/\/kibrisdakik.com\/wp-content\/uploads\/2024\/09\/deprem2-740x420.jpg","contentUrl":"https:\/\/kibrisdakik.com\/wp-content\/uploads\/2024\/09\/deprem2-740x420.jpg","width":832,"height":467},{"@type":"BreadcrumbList","@id":"https:\/\/kibrisdakik.com\/?p=63208#breadcrumb","itemListElement":[{"@type":"ListItem","position":1,"name":"Home","item":"https:\/\/kibrisdakik.com\/"},{"@type":"ListItem","position":2,"name":"Akdeniz\u2019de 4,2 b\u00fcy\u00fckl\u00fc\u011f\u00fcnde deprem"}]},{"@type":"WebSite","@id":"https:\/\/kibrisdakik.com\/#website","url":"https:\/\/kibrisdakik.com\/","name":"","description":"Tam vaktinde haber","potentialAction":[{"@type":"SearchAction","target":{"@type":"EntryPoint","urlTemplate":"https:\/\/kibrisdakik.com\/?s={search_term_string}"},"query-input":{"@type":"PropertyValueSpecification","valueRequired":true,"valueName":"search_term_string"}}],"inLanguage":"tr"},{"@type":"Person","@id":"https:\/\/kibrisdakik.com\/#\/schema\/person\/9cd9d437bbb44f72b73ba127e06d8e79","name":"admin","image":{"@type":"ImageObject","inLanguage":"tr","@id":"https:\/\/secure.gravatar.com\/avatar\/ccc17943b9d660506c869530f897617f7cb1c21a4bf30023f252596d83e1f007?s=96&d=mm&r=g","url":"https:\/\/secure.gravatar.com\/avatar\/ccc17943b9d660506c869530f897617f7cb1c21a4bf30023f252596d83e1f007?s=96&d=mm&r=g","contentUrl":"https:\/\/secure.gravatar.com\/avatar\/ccc17943b9d660506c869530f897617f7cb1c21a4bf30023f252596d83e1f007?s=96&d=mm&r=g","caption":"admin"},"sameAs":["https:\/\/kibrisdakik.com"],"url":"https:\/\/kibrisdakik.com\/?author=1"}]}},"_links":{"self":[{"href":"https:\/\/kibrisdakik.com\/index.php?rest_route=\/wp\/v2\/posts\/63208","targetHints":{"allow":["GET"]}}],"collection":[{"href":"https:\/\/kibrisdakik.com\/index.php?rest_route=\/wp\/v2\/posts"}],"about":[{"href":"https:\/\/kibrisdakik.com\/index.php?rest_route=\/wp\/v2\/types\/post"}],"author":[{"embeddable":true,"href":"https:\/\/kibrisdakik.com\/index.php?rest_route=\/wp\/v2\/users\/1"}],"replies":[{"embeddable":true,"href":"https:\/\/kibrisdakik.com\/index.php?rest_route=%2Fwp%2Fv2%2Fcomments&post=63208"}],"version-history":[{"count":0,"href":"https:\/\/kibrisdakik.com\/index.php?rest_route=\/wp\/v2\/posts\/63208\/revisions"}],"wp:featuredmedia":[{"embeddable":true,"href":"https:\/\/kibrisdakik.com\/index.php?rest_route=\/wp\/v2\/media\/63209"}],"wp:attachment":[{"href":"https:\/\/kibrisdakik.com\/index.php?rest_route=%2Fwp%2Fv2%2Fmedia&parent=63208"}],"wp:term":[{"taxonomy":"category","embeddable":true,"href":"https:\/\/kibrisdakik.com\/index.php?rest_route=%2Fwp%2Fv2%2Fcategories&post=63208"},{"taxonomy":"post_tag","embeddable":true,"href":"https:\/\/kibrisdakik.com\/index.php?rest_route=%2Fwp%2Fv2%2Ftags&post=63208"}],"curies":[{"name":"wp","href":"https:\/\/api.w.org\/{rel}","templated":true}]}}