{"id":63255,"date":"2024-09-19T10:07:50","date_gmt":"2024-09-19T07:07:50","guid":{"rendered":"https:\/\/kibrisdakik.com\/index.php\/2024\/09\/19\/sosyal-yardim-ve-cemile-yardimlarina-yuzde-19-19-artis-yapildi\/"},"modified":"2024-09-19T10:07:50","modified_gmt":"2024-09-19T07:07:50","slug":"sosyal-yardim-ve-cemile-yardimlarina-yuzde-19-19-artis-yapildi","status":"publish","type":"post","link":"https:\/\/kibrisdakik.com\/?p=63255","title":{"rendered":"Sosyal yard\u0131m ve cemile yard\u0131mlar\u0131na y\u00fczde 19.19 art\u0131\u015f yap\u0131ld\u0131"},"content":{"rendered":"<div>\n<p>\u00a0<\/p>\n<div class=\"mariselle-image-container center\">\n                                            <\/div>\n<p>\u00a0<\/p>\n<p style=\"font-weight: 300;\">Bakanlar Kurulu, sosyal yard\u0131m miktarlar\u0131 ile cemile yard\u0131mlar\u0131na art\u0131\u015f yap\u0131lmas\u0131na karar verdi. Kararlar, d\u00fcnk\u00fc Resmi Gazete\u2019de yay\u0131mland\u0131.<\/p>\n<p style=\"font-weight: 300;\">Buna g\u00f6re Bakanlar Kurulu, Sosyal Yard\u0131mlar T\u00fcz\u00fc\u011f\u00fc taht\u0131nda verilen sosyal yard\u0131m miktarlar\u0131na, T\u00fcketici Fiyatlar\u0131 Endeksi art\u0131\u015f\u0131 oran\u0131nda, yani y\u00fczde 19, 19 oran\u0131nda konsolide edilmesine karar verdi.<\/p>\n<p style=\"font-weight: 300;\">Bakanlar Kurulu ayr\u0131ca, \u201ccemile yard\u0131mlar\u0131\u201d kaleminden maa\u015f \u00e7eken toplam 5 ki\u015finin maa\u015flar\u0131na da y\u00fczde 19,19 oran\u0131nda bir art\u0131\u015f\u0131n 1 Eyl\u00fcl 2024 tarihinden itibaren ge\u00e7erli olmak \u00fczere verilmesine ve olu\u015facak maliyetin, Hazine ve Muhasebe Dairesi M\u00fcd\u00fcrl\u00fc\u011f\u00fc 2024 Mali Y\u0131l\u0131 B\u00fct\u00e7esi alt\u0131nda yer alan \u201cCemile Yard\u0131mlar\u0131\u201d kaleminden kar\u015f\u0131lanmas\u0131na karar verdi.<\/p>\n<\/p><\/div>\n<p><script async\n                    defer\n                    crossorigin=\"anonymous\"\n                    src=\"https:\/\/connect.facebook.net\/tr_TR\/sdk.js#xfbml=1&#038;version=v3.3\"\n            ><\/script><\/p>\n","protected":false},"excerpt":{"rendered":"<p>\u00a0 \u00a0 Bakanlar Kurulu, sosyal yard\u0131m miktarlar\u0131 ile cemile yard\u0131mlar\u0131na art\u0131\u015f yap\u0131lmas\u0131na karar verdi. Kararlar, d\u00fcnk\u00fc Resmi Gazete\u2019de yay\u0131mland\u0131. Buna g\u00f6re Bakanlar Kurulu, Sosyal Yard\u0131mlar T\u00fcz\u00fc\u011f\u00fc taht\u0131nda verilen sosyal yard\u0131m miktarlar\u0131na, T\u00fcketici Fiyatlar\u0131 Endeksi art\u0131\u015f\u0131 oran\u0131nda, yani y\u00fczde 19, 19 oran\u0131nda konsolide edilmesine karar verdi. Bakanlar Kurulu ayr\u0131ca, \u201ccemile yard\u0131mlar\u0131\u201d kaleminden maa\u015f \u00e7eken toplam 5<\/p>\n","protected":false},"author":1,"featured_media":16278,"comment_status":"open","ping_status":"open","sticky":false,"template":"","format":"standard","meta":{"footnotes":""},"categories":[81],"tags":[],"class_list":["post-63255","post","type-post","status-publish","format-standard","has-post-thumbnail","hentry","category-kibris"],"yoast_head":"<!-- This site is optimized with the Yoast SEO plugin v27.4 - https:\/\/yoast.com\/product\/yoast-seo-wordpress\/ -->\n<title>Sosyal yard\u0131m ve cemile yard\u0131mlar\u0131na y\u00fczde 19.19 art\u0131\u015f yap\u0131ld\u0131 -<\/title>\n<meta name=\"robots\" content=\"index, follow, max-snippet:-1, max-image-preview:large, max-video-preview:-1\" \/>\n<link rel=\"canonical\" href=\"https:\/\/kibrisdakik.com\/?p=63255\" \/>\n<meta property=\"og:locale\" content=\"tr_TR\" \/>\n<meta property=\"og:type\" content=\"article\" \/>\n<meta property=\"og:title\" content=\"Sosyal yard\u0131m ve cemile yard\u0131mlar\u0131na y\u00fczde 19.19 art\u0131\u015f yap\u0131ld\u0131 -\" \/>\n<meta property=\"og:description\" content=\"\u00a0 \u00a0 Bakanlar Kurulu, sosyal yard\u0131m miktarlar\u0131 ile cemile yard\u0131mlar\u0131na art\u0131\u015f yap\u0131lmas\u0131na karar verdi. Kararlar, d\u00fcnk\u00fc Resmi Gazete\u2019de yay\u0131mland\u0131. Buna g\u00f6re Bakanlar Kurulu, Sosyal Yard\u0131mlar T\u00fcz\u00fc\u011f\u00fc taht\u0131nda verilen sosyal yard\u0131m miktarlar\u0131na, T\u00fcketici Fiyatlar\u0131 Endeksi art\u0131\u015f\u0131 oran\u0131nda, yani y\u00fczde 19, 19 oran\u0131nda konsolide edilmesine karar verdi. Bakanlar Kurulu ayr\u0131ca, \u201ccemile yard\u0131mlar\u0131\u201d kaleminden maa\u015f \u00e7eken toplam 5\" \/>\n<meta property=\"og:url\" content=\"https:\/\/kibrisdakik.com\/?p=63255\" \/>\n<meta property=\"article:published_time\" content=\"2024-09-19T07:07:50+00:00\" \/>\n<meta property=\"og:image\" content=\"https:\/\/kibrisdakik.com\/wp-content\/uploads\/2023\/10\/resmi-gazete91.jpg\" \/>\n\t<meta property=\"og:image:width\" content=\"319\" \/>\n\t<meta property=\"og:image:height\" content=\"158\" \/>\n\t<meta property=\"og:image:type\" content=\"image\/jpeg\" \/>\n<meta name=\"author\" content=\"admin\" \/>\n<meta name=\"twitter:card\" content=\"summary_large_image\" \/>\n<meta name=\"twitter:label1\" content=\"Yazan:\" \/>\n\t<meta name=\"twitter:data1\" content=\"admin\" \/>\n\t<meta name=\"twitter:label2\" content=\"Tahmini okuma s\u00fcresi\" \/>\n\t<meta name=\"twitter:data2\" content=\"1 dakika\" \/>\n<script type=\"application\/ld+json\" class=\"yoast-schema-graph\">{\"@context\":\"https:\\\/\\\/schema.org\",\"@graph\":[{\"@type\":\"Article\",\"@id\":\"https:\\\/\\\/kibrisdakik.com\\\/?p=63255#article\",\"isPartOf\":{\"@id\":\"https:\\\/\\\/kibrisdakik.com\\\/?p=63255\"},\"author\":{\"name\":\"admin\",\"@id\":\"https:\\\/\\\/kibrisdakik.com\\\/#\\\/schema\\\/person\\\/9cd9d437bbb44f72b73ba127e06d8e79\"},\"headline\":\"Sosyal yard\u0131m ve cemile yard\u0131mlar\u0131na y\u00fczde 19.19 art\u0131\u015f yap\u0131ld\u0131\",\"datePublished\":\"2024-09-19T07:07:50+00:00\",\"mainEntityOfPage\":{\"@id\":\"https:\\\/\\\/kibrisdakik.com\\\/?p=63255\"},\"wordCount\":135,\"commentCount\":0,\"image\":{\"@id\":\"https:\\\/\\\/kibrisdakik.com\\\/?p=63255#primaryimage\"},\"thumbnailUrl\":\"https:\\\/\\\/kibrisdakik.com\\\/wp-content\\\/uploads\\\/2023\\\/10\\\/resmi-gazete91.jpg\",\"articleSection\":[\"K\u0131br\u0131s\"],\"inLanguage\":\"tr\",\"potentialAction\":[{\"@type\":\"CommentAction\",\"name\":\"Comment\",\"target\":[\"https:\\\/\\\/kibrisdakik.com\\\/?p=63255#respond\"]}]},{\"@type\":\"WebPage\",\"@id\":\"https:\\\/\\\/kibrisdakik.com\\\/?p=63255\",\"url\":\"https:\\\/\\\/kibrisdakik.com\\\/?p=63255\",\"name\":\"Sosyal yard\u0131m ve cemile yard\u0131mlar\u0131na y\u00fczde 19.19 art\u0131\u015f yap\u0131ld\u0131 -\",\"isPartOf\":{\"@id\":\"https:\\\/\\\/kibrisdakik.com\\\/#website\"},\"primaryImageOfPage\":{\"@id\":\"https:\\\/\\\/kibrisdakik.com\\\/?p=63255#primaryimage\"},\"image\":{\"@id\":\"https:\\\/\\\/kibrisdakik.com\\\/?p=63255#primaryimage\"},\"thumbnailUrl\":\"https:\\\/\\\/kibrisdakik.com\\\/wp-content\\\/uploads\\\/2023\\\/10\\\/resmi-gazete91.jpg\",\"datePublished\":\"2024-09-19T07:07:50+00:00\",\"author\":{\"@id\":\"https:\\\/\\\/kibrisdakik.com\\\/#\\\/schema\\\/person\\\/9cd9d437bbb44f72b73ba127e06d8e79\"},\"breadcrumb\":{\"@id\":\"https:\\\/\\\/kibrisdakik.com\\\/?p=63255#breadcrumb\"},\"inLanguage\":\"tr\",\"potentialAction\":[{\"@type\":\"ReadAction\",\"target\":[\"https:\\\/\\\/kibrisdakik.com\\\/?p=63255\"]}]},{\"@type\":\"ImageObject\",\"inLanguage\":\"tr\",\"@id\":\"https:\\\/\\\/kibrisdakik.com\\\/?p=63255#primaryimage\",\"url\":\"https:\\\/\\\/kibrisdakik.com\\\/wp-content\\\/uploads\\\/2023\\\/10\\\/resmi-gazete91.jpg\",\"contentUrl\":\"https:\\\/\\\/kibrisdakik.com\\\/wp-content\\\/uploads\\\/2023\\\/10\\\/resmi-gazete91.jpg\",\"width\":319,\"height\":158},{\"@type\":\"BreadcrumbList\",\"@id\":\"https:\\\/\\\/kibrisdakik.com\\\/?p=63255#breadcrumb\",\"itemListElement\":[{\"@type\":\"ListItem\",\"position\":1,\"name\":\"Home\",\"item\":\"https:\\\/\\\/kibrisdakik.com\\\/\"},{\"@type\":\"ListItem\",\"position\":2,\"name\":\"Sosyal yard\u0131m ve cemile yard\u0131mlar\u0131na y\u00fczde 19.19 art\u0131\u015f yap\u0131ld\u0131\"}]},{\"@type\":\"WebSite\",\"@id\":\"https:\\\/\\\/kibrisdakik.com\\\/#website\",\"url\":\"https:\\\/\\\/kibrisdakik.com\\\/\",\"name\":\"\",\"description\":\"Tam vaktinde haber\",\"potentialAction\":[{\"@type\":\"SearchAction\",\"target\":{\"@type\":\"EntryPoint\",\"urlTemplate\":\"https:\\\/\\\/kibrisdakik.com\\\/?s={search_term_string}\"},\"query-input\":{\"@type\":\"PropertyValueSpecification\",\"valueRequired\":true,\"valueName\":\"search_term_string\"}}],\"inLanguage\":\"tr\"},{\"@type\":\"Person\",\"@id\":\"https:\\\/\\\/kibrisdakik.com\\\/#\\\/schema\\\/person\\\/9cd9d437bbb44f72b73ba127e06d8e79\",\"name\":\"admin\",\"image\":{\"@type\":\"ImageObject\",\"inLanguage\":\"tr\",\"@id\":\"https:\\\/\\\/secure.gravatar.com\\\/avatar\\\/ccc17943b9d660506c869530f897617f7cb1c21a4bf30023f252596d83e1f007?s=96&d=mm&r=g\",\"url\":\"https:\\\/\\\/secure.gravatar.com\\\/avatar\\\/ccc17943b9d660506c869530f897617f7cb1c21a4bf30023f252596d83e1f007?s=96&d=mm&r=g\",\"contentUrl\":\"https:\\\/\\\/secure.gravatar.com\\\/avatar\\\/ccc17943b9d660506c869530f897617f7cb1c21a4bf30023f252596d83e1f007?s=96&d=mm&r=g\",\"caption\":\"admin\"},\"sameAs\":[\"https:\\\/\\\/kibrisdakik.com\"],\"url\":\"https:\\\/\\\/kibrisdakik.com\\\/?author=1\"}]}<\/script>\n<!-- \/ Yoast SEO plugin. -->","yoast_head_json":{"title":"Sosyal yard\u0131m ve cemile yard\u0131mlar\u0131na y\u00fczde 19.19 art\u0131\u015f yap\u0131ld\u0131 -","robots":{"index":"index","follow":"follow","max-snippet":"max-snippet:-1","max-image-preview":"max-image-preview:large","max-video-preview":"max-video-preview:-1"},"canonical":"https:\/\/kibrisdakik.com\/?p=63255","og_locale":"tr_TR","og_type":"article","og_title":"Sosyal yard\u0131m ve cemile yard\u0131mlar\u0131na y\u00fczde 19.19 art\u0131\u015f yap\u0131ld\u0131 -","og_description":"\u00a0 \u00a0 Bakanlar Kurulu, sosyal yard\u0131m miktarlar\u0131 ile cemile yard\u0131mlar\u0131na art\u0131\u015f yap\u0131lmas\u0131na karar verdi. Kararlar, d\u00fcnk\u00fc Resmi Gazete\u2019de yay\u0131mland\u0131. Buna g\u00f6re Bakanlar Kurulu, Sosyal Yard\u0131mlar T\u00fcz\u00fc\u011f\u00fc taht\u0131nda verilen sosyal yard\u0131m miktarlar\u0131na, T\u00fcketici Fiyatlar\u0131 Endeksi art\u0131\u015f\u0131 oran\u0131nda, yani y\u00fczde 19, 19 oran\u0131nda konsolide edilmesine karar verdi. Bakanlar Kurulu ayr\u0131ca, \u201ccemile yard\u0131mlar\u0131\u201d kaleminden maa\u015f \u00e7eken toplam 5","og_url":"https:\/\/kibrisdakik.com\/?p=63255","article_published_time":"2024-09-19T07:07:50+00:00","og_image":[{"width":319,"height":158,"url":"https:\/\/kibrisdakik.com\/wp-content\/uploads\/2023\/10\/resmi-gazete91.jpg","type":"image\/jpeg"}],"author":"admin","twitter_card":"summary_large_image","twitter_misc":{"Yazan:":"admin","Tahmini okuma s\u00fcresi":"1 dakika"},"schema":{"@context":"https:\/\/schema.org","@graph":[{"@type":"Article","@id":"https:\/\/kibrisdakik.com\/?p=63255#article","isPartOf":{"@id":"https:\/\/kibrisdakik.com\/?p=63255"},"author":{"name":"admin","@id":"https:\/\/kibrisdakik.com\/#\/schema\/person\/9cd9d437bbb44f72b73ba127e06d8e79"},"headline":"Sosyal yard\u0131m ve cemile yard\u0131mlar\u0131na y\u00fczde 19.19 art\u0131\u015f yap\u0131ld\u0131","datePublished":"2024-09-19T07:07:50+00:00","mainEntityOfPage":{"@id":"https:\/\/kibrisdakik.com\/?p=63255"},"wordCount":135,"commentCount":0,"image":{"@id":"https:\/\/kibrisdakik.com\/?p=63255#primaryimage"},"thumbnailUrl":"https:\/\/kibrisdakik.com\/wp-content\/uploads\/2023\/10\/resmi-gazete91.jpg","articleSection":["K\u0131br\u0131s"],"inLanguage":"tr","potentialAction":[{"@type":"CommentAction","name":"Comment","target":["https:\/\/kibrisdakik.com\/?p=63255#respond"]}]},{"@type":"WebPage","@id":"https:\/\/kibrisdakik.com\/?p=63255","url":"https:\/\/kibrisdakik.com\/?p=63255","name":"Sosyal yard\u0131m ve cemile yard\u0131mlar\u0131na y\u00fczde 19.19 art\u0131\u015f yap\u0131ld\u0131 -","isPartOf":{"@id":"https:\/\/kibrisdakik.com\/#website"},"primaryImageOfPage":{"@id":"https:\/\/kibrisdakik.com\/?p=63255#primaryimage"},"image":{"@id":"https:\/\/kibrisdakik.com\/?p=63255#primaryimage"},"thumbnailUrl":"https:\/\/kibrisdakik.com\/wp-content\/uploads\/2023\/10\/resmi-gazete91.jpg","datePublished":"2024-09-19T07:07:50+00:00","author":{"@id":"https:\/\/kibrisdakik.com\/#\/schema\/person\/9cd9d437bbb44f72b73ba127e06d8e79"},"breadcrumb":{"@id":"https:\/\/kibrisdakik.com\/?p=63255#breadcrumb"},"inLanguage":"tr","potentialAction":[{"@type":"ReadAction","target":["https:\/\/kibrisdakik.com\/?p=63255"]}]},{"@type":"ImageObject","inLanguage":"tr","@id":"https:\/\/kibrisdakik.com\/?p=63255#primaryimage","url":"https:\/\/kibrisdakik.com\/wp-content\/uploads\/2023\/10\/resmi-gazete91.jpg","contentUrl":"https:\/\/kibrisdakik.com\/wp-content\/uploads\/2023\/10\/resmi-gazete91.jpg","width":319,"height":158},{"@type":"BreadcrumbList","@id":"https:\/\/kibrisdakik.com\/?p=63255#breadcrumb","itemListElement":[{"@type":"ListItem","position":1,"name":"Home","item":"https:\/\/kibrisdakik.com\/"},{"@type":"ListItem","position":2,"name":"Sosyal yard\u0131m ve cemile yard\u0131mlar\u0131na y\u00fczde 19.19 art\u0131\u015f yap\u0131ld\u0131"}]},{"@type":"WebSite","@id":"https:\/\/kibrisdakik.com\/#website","url":"https:\/\/kibrisdakik.com\/","name":"","description":"Tam vaktinde haber","potentialAction":[{"@type":"SearchAction","target":{"@type":"EntryPoint","urlTemplate":"https:\/\/kibrisdakik.com\/?s={search_term_string}"},"query-input":{"@type":"PropertyValueSpecification","valueRequired":true,"valueName":"search_term_string"}}],"inLanguage":"tr"},{"@type":"Person","@id":"https:\/\/kibrisdakik.com\/#\/schema\/person\/9cd9d437bbb44f72b73ba127e06d8e79","name":"admin","image":{"@type":"ImageObject","inLanguage":"tr","@id":"https:\/\/secure.gravatar.com\/avatar\/ccc17943b9d660506c869530f897617f7cb1c21a4bf30023f252596d83e1f007?s=96&d=mm&r=g","url":"https:\/\/secure.gravatar.com\/avatar\/ccc17943b9d660506c869530f897617f7cb1c21a4bf30023f252596d83e1f007?s=96&d=mm&r=g","contentUrl":"https:\/\/secure.gravatar.com\/avatar\/ccc17943b9d660506c869530f897617f7cb1c21a4bf30023f252596d83e1f007?s=96&d=mm&r=g","caption":"admin"},"sameAs":["https:\/\/kibrisdakik.com"],"url":"https:\/\/kibrisdakik.com\/?author=1"}]}},"_links":{"self":[{"href":"https:\/\/kibrisdakik.com\/index.php?rest_route=\/wp\/v2\/posts\/63255","targetHints":{"allow":["GET"]}}],"collection":[{"href":"https:\/\/kibrisdakik.com\/index.php?rest_route=\/wp\/v2\/posts"}],"about":[{"href":"https:\/\/kibrisdakik.com\/index.php?rest_route=\/wp\/v2\/types\/post"}],"author":[{"embeddable":true,"href":"https:\/\/kibrisdakik.com\/index.php?rest_route=\/wp\/v2\/users\/1"}],"replies":[{"embeddable":true,"href":"https:\/\/kibrisdakik.com\/index.php?rest_route=%2Fwp%2Fv2%2Fcomments&post=63255"}],"version-history":[{"count":0,"href":"https:\/\/kibrisdakik.com\/index.php?rest_route=\/wp\/v2\/posts\/63255\/revisions"}],"wp:featuredmedia":[{"embeddable":true,"href":"https:\/\/kibrisdakik.com\/index.php?rest_route=\/wp\/v2\/media\/16278"}],"wp:attachment":[{"href":"https:\/\/kibrisdakik.com\/index.php?rest_route=%2Fwp%2Fv2%2Fmedia&parent=63255"}],"wp:term":[{"taxonomy":"category","embeddable":true,"href":"https:\/\/kibrisdakik.com\/index.php?rest_route=%2Fwp%2Fv2%2Fcategories&post=63255"},{"taxonomy":"post_tag","embeddable":true,"href":"https:\/\/kibrisdakik.com\/index.php?rest_route=%2Fwp%2Fv2%2Ftags&post=63255"}],"curies":[{"name":"wp","href":"https:\/\/api.w.org\/{rel}","templated":true}]}}