{"id":63345,"date":"2024-09-19T07:39:57","date_gmt":"2024-09-19T04:39:57","guid":{"rendered":"https:\/\/kibrisdakik.com\/index.php\/2024\/09\/19\/abd-yonetimi-lubnandaki-olaylarla-ilgimiz-yok\/"},"modified":"2024-09-19T07:39:57","modified_gmt":"2024-09-19T04:39:57","slug":"abd-yonetimi-lubnandaki-olaylarla-ilgimiz-yok","status":"publish","type":"post","link":"https:\/\/kibrisdakik.com\/?p=63345","title":{"rendered":"ABD y\u00f6netimi: L\u00fcbnan\u2019daki olaylarla ilgimiz yok"},"content":{"rendered":"<p><\/p>\n<div>\n<div class=\"mariselle-image-container center\">\n                <img loading=\"lazy\" decoding=\"async\" width=\"864\" height=\"486\" class=\"lazy-image\" alt=\"\" sizes=\"auto, (max-width: 864px) 100vw, 864px\" src=\"https:\/\/brtk.net\/wp-content\/uploads\/2024\/03\/02\/abd-bayrak14.jpg?ver=33e0ff8692857920d02b860bd6e6a37a\" srcset=\"https:\/\/brtk.net\/wp-content\/uploads\/2024\/03\/02\/abd-bayrak14.jpg?ver=33e0ff8692857920d02b860bd6e6a37a 864w, https:\/\/brtk.net\/wp-content\/uploads\/2024\/03\/02\/abd-bayrak14-300x169.jpg?ver=33e0ff8692857920d02b860bd6e6a37a 300w, https:\/\/brtk.net\/wp-content\/uploads\/2024\/03\/02\/abd-bayrak14-768x432.jpg?ver=33e0ff8692857920d02b860bd6e6a37a 768w\"\/>                            <\/div>\n<p>L\u00fcbnan\u2019da Hizbullah mensuplar\u0131n\u0131n \u00e7a\u011fr\u0131 cihazlar\u0131n\u0131n patlat\u0131ld\u0131\u011f\u0131 ve L\u00fcbnanl\u0131 yetkililerin \u0130srail\u2019i sorumlu tuttu\u011fu sald\u0131r\u0131lara ili\u015fkin sessizli\u011fini koruyan ABD y\u00f6netimi, sald\u0131r\u0131larla ilgilerinin olmad\u0131\u011f\u0131n\u0131 ve sorumlunun kim oldu\u011fu konusunda yorum yapmayacaklar\u0131n\u0131 bildirdi.<\/p>\n<p>Beyaz Saray Ulusal G\u00fcvenlik \u0130leti\u015fim Dan\u0131\u015fman\u0131 John Kirby, g\u00fcnl\u00fck bas\u0131n brifinginde L\u00fcbnan\u2019daki patlamalarla ilgili son durumu de\u011ferlendirdi. Kirby, d\u00fcnden sonra bug\u00fcn de devam eden ve L\u00fcbnan\u2019da ileti\u015fim cihazlar\u0131n\u0131n patlat\u0131ld\u0131\u011f\u0131 sald\u0131r\u0131lara ili\u015fkin ABD y\u00f6netiminin \u201cyorum yapmama\u201d yakla\u015f\u0131m\u0131n\u0131 s\u00fcrd\u00fcrd\u00fc.<\/p>\n<p>Kirby, \u201cTek s\u00f6yleyebilece\u011fim \u015fu: D\u00fcnk\u00fc veya bug\u00fcnk\u00fc olaylarla ilgili \u00f6yle ya da b\u00f6yle bir ilgimiz yok. Bunun d\u0131\u015f\u0131nda payla\u015fabilece\u011fim ba\u015fka bir \u015fey yok.\u201d dedi.<\/p>\n<p>\u201cBunlar\u0131n arkas\u0131nda \u0130srail\u2019in oldu\u011funu teyit eder misiniz?\u201d \u015feklindeki soruya kar\u015f\u0131l\u0131k Kirby, \u201cPayla\u015fabilece\u011fim ba\u015fka bir \u015fey yok.\u201d diye konu\u015ftu.<\/p>\n<p>Kirby,  \u0130srail Savunma Bakan\u0131 Yoav Gallant\u2019\u0131n olaya ili\u015fkin \u201cBu, sava\u015f\u0131n yeni bir d\u00f6nemi\u201d \u015feklindeki yorumunun hat\u0131rlat\u0131lmas\u0131 \u00fczerine de herhangi bir de\u011ferlendirme yapmayaca\u011f\u0131n\u0131 yineledi.<\/p>\n<p>Bu t\u00fcr sald\u0131r\u0131lar\u0131n b\u00f6lgede tansiyonu daha da art\u0131r\u0131p art\u0131rmad\u0131\u011f\u0131 y\u00f6n\u00fcndeki sorular\u0131 yan\u0131tlayan Kirby, genel anlamda b\u00f6lgede gerilimin artmas\u0131n\u0131 istemediklerini ancak spesifik olarak bu olaylarla ilgili somut bir \u00e7\u0131kar\u0131mda bulunmayaca\u011f\u0131n\u0131 kaydetti.<\/p>\n<p>Kirby, \u201cL\u00fcbnan s\u0131n\u0131r\u0131ndan ikinci bir cephenin a\u00e7\u0131lmas\u0131n\u0131 \u00f6nlemeye \u00e7al\u0131\u015fmak i\u00e7in halen yo\u011fun bir diplomasi i\u00e7erisindeyiz. Bu krizde bulundu\u011fumuz noktada s\u00fcrecin \u00e7\u00f6z\u00fcm\u00fc, ilave askeri operasyonlar de\u011fildir.\u201d \u015feklinde konu\u015ftu.<\/p>\n<\/p><\/div>\n<p><script async\n                    defer\n                    crossorigin=\"anonymous\"\n                    src=\"https:\/\/connect.facebook.net\/tr_TR\/sdk.js#xfbml=1&#038;version=v3.3\"\n            ><\/script><\/p>\n","protected":false},"excerpt":{"rendered":"<p>L\u00fcbnan\u2019da Hizbullah mensuplar\u0131n\u0131n \u00e7a\u011fr\u0131 cihazlar\u0131n\u0131n patlat\u0131ld\u0131\u011f\u0131 ve L\u00fcbnanl\u0131 yetkililerin \u0130srail\u2019i sorumlu tuttu\u011fu sald\u0131r\u0131lara ili\u015fkin sessizli\u011fini koruyan ABD y\u00f6netimi, sald\u0131r\u0131larla ilgilerinin olmad\u0131\u011f\u0131n\u0131 ve sorumlunun kim oldu\u011fu konusunda yorum yapmayacaklar\u0131n\u0131 bildirdi. Beyaz Saray Ulusal G\u00fcvenlik \u0130leti\u015fim Dan\u0131\u015fman\u0131 John Kirby, g\u00fcnl\u00fck bas\u0131n brifinginde L\u00fcbnan\u2019daki patlamalarla ilgili son durumu de\u011ferlendirdi. Kirby, d\u00fcnden sonra bug\u00fcn de devam eden ve L\u00fcbnan\u2019da<\/p>\n","protected":false},"author":1,"featured_media":63346,"comment_status":"open","ping_status":"open","sticky":false,"template":"","format":"standard","meta":{"footnotes":""},"categories":[1],"tags":[],"class_list":["post-63345","post","type-post","status-publish","format-standard","has-post-thumbnail","hentry","category-gundem"],"yoast_head":"<!-- This site is optimized with the Yoast SEO plugin v27.4 - https:\/\/yoast.com\/product\/yoast-seo-wordpress\/ -->\n<title>ABD y\u00f6netimi: L\u00fcbnan\u2019daki olaylarla ilgimiz yok -<\/title>\n<meta name=\"robots\" content=\"index, follow, max-snippet:-1, max-image-preview:large, max-video-preview:-1\" \/>\n<link rel=\"canonical\" href=\"https:\/\/kibrisdakik.com\/?p=63345\" \/>\n<meta property=\"og:locale\" content=\"tr_TR\" \/>\n<meta property=\"og:type\" content=\"article\" \/>\n<meta property=\"og:title\" content=\"ABD y\u00f6netimi: L\u00fcbnan\u2019daki olaylarla ilgimiz yok -\" \/>\n<meta property=\"og:description\" content=\"L\u00fcbnan\u2019da Hizbullah mensuplar\u0131n\u0131n \u00e7a\u011fr\u0131 cihazlar\u0131n\u0131n patlat\u0131ld\u0131\u011f\u0131 ve L\u00fcbnanl\u0131 yetkililerin \u0130srail\u2019i sorumlu tuttu\u011fu sald\u0131r\u0131lara ili\u015fkin sessizli\u011fini koruyan ABD y\u00f6netimi, sald\u0131r\u0131larla ilgilerinin olmad\u0131\u011f\u0131n\u0131 ve sorumlunun kim oldu\u011fu konusunda yorum yapmayacaklar\u0131n\u0131 bildirdi. Beyaz Saray Ulusal G\u00fcvenlik \u0130leti\u015fim Dan\u0131\u015fman\u0131 John Kirby, g\u00fcnl\u00fck bas\u0131n brifinginde L\u00fcbnan\u2019daki patlamalarla ilgili son durumu de\u011ferlendirdi. Kirby, d\u00fcnden sonra bug\u00fcn de devam eden ve L\u00fcbnan\u2019da\" \/>\n<meta property=\"og:url\" content=\"https:\/\/kibrisdakik.com\/?p=63345\" \/>\n<meta property=\"article:published_time\" content=\"2024-09-19T04:39:57+00:00\" \/>\n<meta property=\"og:image\" content=\"https:\/\/kibrisdakik.com\/wp-content\/uploads\/2024\/09\/abd-bayrak15-740x420.jpg\" \/>\n\t<meta property=\"og:image:width\" content=\"864\" \/>\n\t<meta property=\"og:image:height\" content=\"486\" \/>\n\t<meta property=\"og:image:type\" content=\"image\/jpeg\" \/>\n<meta name=\"author\" content=\"admin\" \/>\n<meta name=\"twitter:card\" content=\"summary_large_image\" \/>\n<meta name=\"twitter:label1\" content=\"Yazan:\" \/>\n\t<meta name=\"twitter:data1\" content=\"admin\" \/>\n\t<meta name=\"twitter:label2\" content=\"Tahmini okuma s\u00fcresi\" \/>\n\t<meta name=\"twitter:data2\" content=\"1 dakika\" \/>\n<script type=\"application\/ld+json\" class=\"yoast-schema-graph\">{\"@context\":\"https:\\\/\\\/schema.org\",\"@graph\":[{\"@type\":\"Article\",\"@id\":\"https:\\\/\\\/kibrisdakik.com\\\/?p=63345#article\",\"isPartOf\":{\"@id\":\"https:\\\/\\\/kibrisdakik.com\\\/?p=63345\"},\"author\":{\"name\":\"admin\",\"@id\":\"https:\\\/\\\/kibrisdakik.com\\\/#\\\/schema\\\/person\\\/9cd9d437bbb44f72b73ba127e06d8e79\"},\"headline\":\"ABD y\u00f6netimi: L\u00fcbnan\u2019daki olaylarla ilgimiz yok\",\"datePublished\":\"2024-09-19T04:39:57+00:00\",\"mainEntityOfPage\":{\"@id\":\"https:\\\/\\\/kibrisdakik.com\\\/?p=63345\"},\"wordCount\":300,\"commentCount\":0,\"image\":{\"@id\":\"https:\\\/\\\/kibrisdakik.com\\\/?p=63345#primaryimage\"},\"thumbnailUrl\":\"https:\\\/\\\/kibrisdakik.com\\\/wp-content\\\/uploads\\\/2024\\\/09\\\/abd-bayrak15-740x420.jpg\",\"articleSection\":[\"G\u00fcndem\"],\"inLanguage\":\"tr\",\"potentialAction\":[{\"@type\":\"CommentAction\",\"name\":\"Comment\",\"target\":[\"https:\\\/\\\/kibrisdakik.com\\\/?p=63345#respond\"]}]},{\"@type\":\"WebPage\",\"@id\":\"https:\\\/\\\/kibrisdakik.com\\\/?p=63345\",\"url\":\"https:\\\/\\\/kibrisdakik.com\\\/?p=63345\",\"name\":\"ABD y\u00f6netimi: L\u00fcbnan\u2019daki olaylarla ilgimiz yok -\",\"isPartOf\":{\"@id\":\"https:\\\/\\\/kibrisdakik.com\\\/#website\"},\"primaryImageOfPage\":{\"@id\":\"https:\\\/\\\/kibrisdakik.com\\\/?p=63345#primaryimage\"},\"image\":{\"@id\":\"https:\\\/\\\/kibrisdakik.com\\\/?p=63345#primaryimage\"},\"thumbnailUrl\":\"https:\\\/\\\/kibrisdakik.com\\\/wp-content\\\/uploads\\\/2024\\\/09\\\/abd-bayrak15-740x420.jpg\",\"datePublished\":\"2024-09-19T04:39:57+00:00\",\"author\":{\"@id\":\"https:\\\/\\\/kibrisdakik.com\\\/#\\\/schema\\\/person\\\/9cd9d437bbb44f72b73ba127e06d8e79\"},\"breadcrumb\":{\"@id\":\"https:\\\/\\\/kibrisdakik.com\\\/?p=63345#breadcrumb\"},\"inLanguage\":\"tr\",\"potentialAction\":[{\"@type\":\"ReadAction\",\"target\":[\"https:\\\/\\\/kibrisdakik.com\\\/?p=63345\"]}]},{\"@type\":\"ImageObject\",\"inLanguage\":\"tr\",\"@id\":\"https:\\\/\\\/kibrisdakik.com\\\/?p=63345#primaryimage\",\"url\":\"https:\\\/\\\/kibrisdakik.com\\\/wp-content\\\/uploads\\\/2024\\\/09\\\/abd-bayrak15-740x420.jpg\",\"contentUrl\":\"https:\\\/\\\/kibrisdakik.com\\\/wp-content\\\/uploads\\\/2024\\\/09\\\/abd-bayrak15-740x420.jpg\",\"width\":864,\"height\":486},{\"@type\":\"BreadcrumbList\",\"@id\":\"https:\\\/\\\/kibrisdakik.com\\\/?p=63345#breadcrumb\",\"itemListElement\":[{\"@type\":\"ListItem\",\"position\":1,\"name\":\"Home\",\"item\":\"https:\\\/\\\/kibrisdakik.com\\\/\"},{\"@type\":\"ListItem\",\"position\":2,\"name\":\"ABD y\u00f6netimi: L\u00fcbnan\u2019daki olaylarla ilgimiz yok\"}]},{\"@type\":\"WebSite\",\"@id\":\"https:\\\/\\\/kibrisdakik.com\\\/#website\",\"url\":\"https:\\\/\\\/kibrisdakik.com\\\/\",\"name\":\"\",\"description\":\"Tam vaktinde haber\",\"potentialAction\":[{\"@type\":\"SearchAction\",\"target\":{\"@type\":\"EntryPoint\",\"urlTemplate\":\"https:\\\/\\\/kibrisdakik.com\\\/?s={search_term_string}\"},\"query-input\":{\"@type\":\"PropertyValueSpecification\",\"valueRequired\":true,\"valueName\":\"search_term_string\"}}],\"inLanguage\":\"tr\"},{\"@type\":\"Person\",\"@id\":\"https:\\\/\\\/kibrisdakik.com\\\/#\\\/schema\\\/person\\\/9cd9d437bbb44f72b73ba127e06d8e79\",\"name\":\"admin\",\"image\":{\"@type\":\"ImageObject\",\"inLanguage\":\"tr\",\"@id\":\"https:\\\/\\\/secure.gravatar.com\\\/avatar\\\/ccc17943b9d660506c869530f897617f7cb1c21a4bf30023f252596d83e1f007?s=96&d=mm&r=g\",\"url\":\"https:\\\/\\\/secure.gravatar.com\\\/avatar\\\/ccc17943b9d660506c869530f897617f7cb1c21a4bf30023f252596d83e1f007?s=96&d=mm&r=g\",\"contentUrl\":\"https:\\\/\\\/secure.gravatar.com\\\/avatar\\\/ccc17943b9d660506c869530f897617f7cb1c21a4bf30023f252596d83e1f007?s=96&d=mm&r=g\",\"caption\":\"admin\"},\"sameAs\":[\"https:\\\/\\\/kibrisdakik.com\"],\"url\":\"https:\\\/\\\/kibrisdakik.com\\\/?author=1\"}]}<\/script>\n<!-- \/ Yoast SEO plugin. -->","yoast_head_json":{"title":"ABD y\u00f6netimi: L\u00fcbnan\u2019daki olaylarla ilgimiz yok -","robots":{"index":"index","follow":"follow","max-snippet":"max-snippet:-1","max-image-preview":"max-image-preview:large","max-video-preview":"max-video-preview:-1"},"canonical":"https:\/\/kibrisdakik.com\/?p=63345","og_locale":"tr_TR","og_type":"article","og_title":"ABD y\u00f6netimi: L\u00fcbnan\u2019daki olaylarla ilgimiz yok -","og_description":"L\u00fcbnan\u2019da Hizbullah mensuplar\u0131n\u0131n \u00e7a\u011fr\u0131 cihazlar\u0131n\u0131n patlat\u0131ld\u0131\u011f\u0131 ve L\u00fcbnanl\u0131 yetkililerin \u0130srail\u2019i sorumlu tuttu\u011fu sald\u0131r\u0131lara ili\u015fkin sessizli\u011fini koruyan ABD y\u00f6netimi, sald\u0131r\u0131larla ilgilerinin olmad\u0131\u011f\u0131n\u0131 ve sorumlunun kim oldu\u011fu konusunda yorum yapmayacaklar\u0131n\u0131 bildirdi. Beyaz Saray Ulusal G\u00fcvenlik \u0130leti\u015fim Dan\u0131\u015fman\u0131 John Kirby, g\u00fcnl\u00fck bas\u0131n brifinginde L\u00fcbnan\u2019daki patlamalarla ilgili son durumu de\u011ferlendirdi. Kirby, d\u00fcnden sonra bug\u00fcn de devam eden ve L\u00fcbnan\u2019da","og_url":"https:\/\/kibrisdakik.com\/?p=63345","article_published_time":"2024-09-19T04:39:57+00:00","og_image":[{"width":864,"height":486,"url":"https:\/\/kibrisdakik.com\/wp-content\/uploads\/2024\/09\/abd-bayrak15-740x420.jpg","type":"image\/jpeg"}],"author":"admin","twitter_card":"summary_large_image","twitter_misc":{"Yazan:":"admin","Tahmini okuma s\u00fcresi":"1 dakika"},"schema":{"@context":"https:\/\/schema.org","@graph":[{"@type":"Article","@id":"https:\/\/kibrisdakik.com\/?p=63345#article","isPartOf":{"@id":"https:\/\/kibrisdakik.com\/?p=63345"},"author":{"name":"admin","@id":"https:\/\/kibrisdakik.com\/#\/schema\/person\/9cd9d437bbb44f72b73ba127e06d8e79"},"headline":"ABD y\u00f6netimi: L\u00fcbnan\u2019daki olaylarla ilgimiz yok","datePublished":"2024-09-19T04:39:57+00:00","mainEntityOfPage":{"@id":"https:\/\/kibrisdakik.com\/?p=63345"},"wordCount":300,"commentCount":0,"image":{"@id":"https:\/\/kibrisdakik.com\/?p=63345#primaryimage"},"thumbnailUrl":"https:\/\/kibrisdakik.com\/wp-content\/uploads\/2024\/09\/abd-bayrak15-740x420.jpg","articleSection":["G\u00fcndem"],"inLanguage":"tr","potentialAction":[{"@type":"CommentAction","name":"Comment","target":["https:\/\/kibrisdakik.com\/?p=63345#respond"]}]},{"@type":"WebPage","@id":"https:\/\/kibrisdakik.com\/?p=63345","url":"https:\/\/kibrisdakik.com\/?p=63345","name":"ABD y\u00f6netimi: L\u00fcbnan\u2019daki olaylarla ilgimiz yok -","isPartOf":{"@id":"https:\/\/kibrisdakik.com\/#website"},"primaryImageOfPage":{"@id":"https:\/\/kibrisdakik.com\/?p=63345#primaryimage"},"image":{"@id":"https:\/\/kibrisdakik.com\/?p=63345#primaryimage"},"thumbnailUrl":"https:\/\/kibrisdakik.com\/wp-content\/uploads\/2024\/09\/abd-bayrak15-740x420.jpg","datePublished":"2024-09-19T04:39:57+00:00","author":{"@id":"https:\/\/kibrisdakik.com\/#\/schema\/person\/9cd9d437bbb44f72b73ba127e06d8e79"},"breadcrumb":{"@id":"https:\/\/kibrisdakik.com\/?p=63345#breadcrumb"},"inLanguage":"tr","potentialAction":[{"@type":"ReadAction","target":["https:\/\/kibrisdakik.com\/?p=63345"]}]},{"@type":"ImageObject","inLanguage":"tr","@id":"https:\/\/kibrisdakik.com\/?p=63345#primaryimage","url":"https:\/\/kibrisdakik.com\/wp-content\/uploads\/2024\/09\/abd-bayrak15-740x420.jpg","contentUrl":"https:\/\/kibrisdakik.com\/wp-content\/uploads\/2024\/09\/abd-bayrak15-740x420.jpg","width":864,"height":486},{"@type":"BreadcrumbList","@id":"https:\/\/kibrisdakik.com\/?p=63345#breadcrumb","itemListElement":[{"@type":"ListItem","position":1,"name":"Home","item":"https:\/\/kibrisdakik.com\/"},{"@type":"ListItem","position":2,"name":"ABD y\u00f6netimi: L\u00fcbnan\u2019daki olaylarla ilgimiz yok"}]},{"@type":"WebSite","@id":"https:\/\/kibrisdakik.com\/#website","url":"https:\/\/kibrisdakik.com\/","name":"","description":"Tam vaktinde haber","potentialAction":[{"@type":"SearchAction","target":{"@type":"EntryPoint","urlTemplate":"https:\/\/kibrisdakik.com\/?s={search_term_string}"},"query-input":{"@type":"PropertyValueSpecification","valueRequired":true,"valueName":"search_term_string"}}],"inLanguage":"tr"},{"@type":"Person","@id":"https:\/\/kibrisdakik.com\/#\/schema\/person\/9cd9d437bbb44f72b73ba127e06d8e79","name":"admin","image":{"@type":"ImageObject","inLanguage":"tr","@id":"https:\/\/secure.gravatar.com\/avatar\/ccc17943b9d660506c869530f897617f7cb1c21a4bf30023f252596d83e1f007?s=96&d=mm&r=g","url":"https:\/\/secure.gravatar.com\/avatar\/ccc17943b9d660506c869530f897617f7cb1c21a4bf30023f252596d83e1f007?s=96&d=mm&r=g","contentUrl":"https:\/\/secure.gravatar.com\/avatar\/ccc17943b9d660506c869530f897617f7cb1c21a4bf30023f252596d83e1f007?s=96&d=mm&r=g","caption":"admin"},"sameAs":["https:\/\/kibrisdakik.com"],"url":"https:\/\/kibrisdakik.com\/?author=1"}]}},"_links":{"self":[{"href":"https:\/\/kibrisdakik.com\/index.php?rest_route=\/wp\/v2\/posts\/63345","targetHints":{"allow":["GET"]}}],"collection":[{"href":"https:\/\/kibrisdakik.com\/index.php?rest_route=\/wp\/v2\/posts"}],"about":[{"href":"https:\/\/kibrisdakik.com\/index.php?rest_route=\/wp\/v2\/types\/post"}],"author":[{"embeddable":true,"href":"https:\/\/kibrisdakik.com\/index.php?rest_route=\/wp\/v2\/users\/1"}],"replies":[{"embeddable":true,"href":"https:\/\/kibrisdakik.com\/index.php?rest_route=%2Fwp%2Fv2%2Fcomments&post=63345"}],"version-history":[{"count":0,"href":"https:\/\/kibrisdakik.com\/index.php?rest_route=\/wp\/v2\/posts\/63345\/revisions"}],"wp:featuredmedia":[{"embeddable":true,"href":"https:\/\/kibrisdakik.com\/index.php?rest_route=\/wp\/v2\/media\/63346"}],"wp:attachment":[{"href":"https:\/\/kibrisdakik.com\/index.php?rest_route=%2Fwp%2Fv2%2Fmedia&parent=63345"}],"wp:term":[{"taxonomy":"category","embeddable":true,"href":"https:\/\/kibrisdakik.com\/index.php?rest_route=%2Fwp%2Fv2%2Fcategories&post=63345"},{"taxonomy":"post_tag","embeddable":true,"href":"https:\/\/kibrisdakik.com\/index.php?rest_route=%2Fwp%2Fv2%2Ftags&post=63345"}],"curies":[{"name":"wp","href":"https:\/\/api.w.org\/{rel}","templated":true}]}}