{"id":63500,"date":"2024-09-19T19:09:07","date_gmt":"2024-09-19T16:09:07","guid":{"rendered":"https:\/\/kibrisdakik.com\/index.php\/2024\/09\/19\/ombudsmanin-37nci-donem-raporu-kamuoyuyla-paylasildi\/"},"modified":"2024-09-19T19:09:07","modified_gmt":"2024-09-19T16:09:07","slug":"ombudsmanin-37nci-donem-raporu-kamuoyuyla-paylasildi","status":"publish","type":"post","link":"https:\/\/kibrisdakik.com\/?p=63500","title":{"rendered":"Ombudsman\u0131n 37\u2019nci d\u00f6nem raporu kamuoyuyla payla\u015f\u0131ld\u0131"},"content":{"rendered":"<div>\n<div class=\"mariselle-image-container none\">\n                                            <\/div>\n<p style=\"font-weight: 300;\"><span style=\"font-weight: 300 !important;\">Y\u00fcksek Y\u00f6netim Denet\u00e7isi (Ombudsman) \u0130lkan Varol, Ocak-Haziran 2024 d\u00f6nemini kapsayan ilk alt\u0131 ayda 13 soru\u015fturma tamamlay\u0131p, raporunu haz\u0131rlad\u0131klar\u0131n\u0131 a\u00e7\u0131klad\u0131.<\/span><\/p>\n<p style=\"font-weight: 300;\"><span style=\"font-weight: 300 !important;\">Y\u00fcksek Y\u00f6netim Denet\u00e7isi (Ombudsman) \u0130lkan Varol, 37\u2019nci d\u00f6nem raporunu kamuoyuyla payla\u015ft\u0131. R<\/span><span style=\"font-weight: 300 !important;\">apora g\u00f6re, ilk alt\u0131 ayl\u0131k s\u00fcrede Y\u00fcksek Y\u00f6netim Denet\u00e7isi (Ombudsman) Dairesi\u2019ne ba\u015fvuru yapan ki\u015fi say\u0131s\u0131 alt\u0131 oldu.<\/span><\/p>\n<p style=\"font-weight: 300;\"><span style=\"font-weight: 300 !important;\">-En fazla ba\u015fvuru G\u00fczelyurt ve Lefke\u2019den<\/span><\/p>\n<p style=\"font-weight: 300;\"><span style=\"font-weight: 300 !important;\">Ombudsman\u2019a ilk alt\u0131 ayda iki\u015fer ba\u015fvuruyla\u00a0<\/span>en fazla ba\u015fvuru<span style=\"font-weight: 300 !important;\">\u00a0G\u00fczelyurt ve Lefke b\u00f6lgesinden yap\u0131ld\u0131. Bunu birer ba\u015fvuruyla Lefko\u015fa ve Gazima\u011fusa izledi.<\/span><\/p>\n<p style=\"font-weight: 300;\"><span style=\"font-weight: 300 !important;\">Ayn\u0131 d\u00f6nemde ba\u015fvuran veya randevu talep eden 21 ki\u015fi ile daireden randevu talep etmeden gelen 6 ki\u015fiyle y\u00fcz y\u00fcze g\u00f6r\u00fc\u015fme yapan\u00a0<\/span>Y\u00fcksek Y\u00f6netim Denet\u00e7isi Dairesi\u2019yle\u00a0<span style=\"font-weight: 300 !important;\">77 de telefon g\u00f6r\u00fc\u015fmesi oldu. Ombudsman Yasas\u0131 taht\u0131nda \u015fikayet konular\u0131 yetki d\u0131\u015f\u0131nda olup, yaz\u0131l\u0131 \u015fikayetleri kabul edilemeyen vatanda\u015flara hukuki bilgi verilerek, ve\/veya idare ile temas sa\u011flanarak, 16 ki\u015fiye yard\u0131mc\u0131 olundu.<\/span><\/p>\n<p style=\"font-weight: 300;\"><span style=\"font-weight: 300 !important;\">\u0130lk alt\u0131 ayda kamu kurum ve kurulu\u015flar\u0131ndan gelen giri\u015f belge say\u0131s\u0131 176, kamu kurum ve kurulu\u015flar\u0131na g\u00f6nderilen \u00e7\u0131k\u0131\u015f belge say\u0131s\u0131 98 olurken, toplam 274 belge i\u015flem g\u00f6rd\u00fc.<\/span><\/p>\n<p style=\"font-weight: 300;\"><span style=\"font-weight: 300 !important;\">Daireye yap\u0131lan ba\u015fvurular\u0131n, bakanl\u0131k ve yerel y\u00f6netimlere g\u00f6re da\u011f\u0131l\u0131m\u0131; Bay\u0131nd\u0131rl\u0131k ve Ula\u015ft\u0131rma Bakanl\u0131\u011f\u0131-Karayollar\u0131 Dairesi, \u0130\u00e7i\u015fleri Bakanl\u0131\u011f\u0131-Tapu ve Kadastro Dairesi, Lefko\u015fa T\u00fcrk Belediyesi, G\u00fczelyurt Belediyesi, Ma\u011fusa Kaymakaml\u0131\u011f\u0131 ve G\u00fczelyurt Kaymakaml\u0131\u011f\u0131 olarak s\u0131raland\u0131.<\/span><\/p>\n<p style=\"font-weight: 300;\"><span style=\"font-weight: 300 !important;\">-\u0130lk alt\u0131 ayda 32 ba\u015fvuru sonu\u00e7land\u0131r\u0131ld\u0131<\/span><\/p>\n<p style=\"font-weight: 300;\"><span style=\"font-weight: 300 !important;\">\u0130lk alt\u0131 ayda toplam 32 ba\u015fvuru sonu\u00e7land\u0131r\u0131ld\u0131. Buna g\u00f6re, Daire taraf\u0131ndan ba\u015flat\u0131lan soru\u015fturmalar\u0131n 13 tanesi tamamlanarak, raporu yay\u0131nland\u0131.<\/span><\/p>\n<p style=\"font-weight: 300;\"><span style=\"font-weight: 300 !important;\">Ba\u015flat\u0131lan soru\u015fturmada \u0130dare\u2019nin hatal\u0131 i\u015flemini ba\u015fvuru sahibi lehine d\u00fczeltmesi nedeniyle \u00fc\u00e7 ba\u015fvuru geri \u00e7ekildi.<\/span><\/p>\n<p style=\"font-weight: 300;\"><span style=\"font-weight: 300 !important;\">Ombudsman Yasas\u0131 taht\u0131nda \u015fikayet konular\u0131 yetki d\u0131\u015f\u0131nda olup, yaz\u0131l\u0131 \u015fikayetleri kabul edilemeyen vatanda\u015flara hukuki bilgi verilerek ve\/veya idare ile temas sa\u011flanarak yard\u0131mc\u0131 olunan ki\u015fi say\u0131s\u0131 ise 16 oldu.<\/span><\/p>\n<p style=\"font-weight: 300;\"><span style=\"font-weight: 300 !important;\">Raporda, Ankara ve KKTC\u2019de yap\u0131lan toplant\u0131 ve temaslara da yer verildi.<\/span><\/p>\n<\/p><\/div>\n<p><script async\n                    defer\n                    crossorigin=\"anonymous\"\n                    src=\"https:\/\/connect.facebook.net\/tr_TR\/sdk.js#xfbml=1&#038;version=v3.3\"\n            ><\/script><\/p>\n","protected":false},"excerpt":{"rendered":"<p>Y\u00fcksek Y\u00f6netim Denet\u00e7isi (Ombudsman) \u0130lkan Varol, Ocak-Haziran 2024 d\u00f6nemini kapsayan ilk alt\u0131 ayda 13 soru\u015fturma tamamlay\u0131p, raporunu haz\u0131rlad\u0131klar\u0131n\u0131 a\u00e7\u0131klad\u0131. Y\u00fcksek Y\u00f6netim Denet\u00e7isi (Ombudsman) \u0130lkan Varol, 37\u2019nci d\u00f6nem raporunu kamuoyuyla payla\u015ft\u0131. Rapora g\u00f6re, ilk alt\u0131 ayl\u0131k s\u00fcrede Y\u00fcksek Y\u00f6netim Denet\u00e7isi (Ombudsman) Dairesi\u2019ne ba\u015fvuru yapan ki\u015fi say\u0131s\u0131 alt\u0131 oldu. -En fazla ba\u015fvuru G\u00fczelyurt ve Lefke\u2019den Ombudsman\u2019a ilk<\/p>\n","protected":false},"author":1,"featured_media":63501,"comment_status":"open","ping_status":"open","sticky":false,"template":"","format":"standard","meta":{"footnotes":""},"categories":[81],"tags":[],"class_list":["post-63500","post","type-post","status-publish","format-standard","has-post-thumbnail","hentry","category-kibris"],"yoast_head":"<!-- This site is optimized with the Yoast SEO plugin v27.5 - https:\/\/yoast.com\/product\/yoast-seo-wordpress\/ -->\n<title>Ombudsman\u0131n 37\u2019nci d\u00f6nem raporu kamuoyuyla payla\u015f\u0131ld\u0131 -<\/title>\n<meta name=\"robots\" content=\"index, follow, max-snippet:-1, max-image-preview:large, max-video-preview:-1\" \/>\n<link rel=\"canonical\" href=\"https:\/\/kibrisdakik.com\/?p=63500\" \/>\n<meta property=\"og:locale\" content=\"tr_TR\" \/>\n<meta property=\"og:type\" content=\"article\" \/>\n<meta property=\"og:title\" content=\"Ombudsman\u0131n 37\u2019nci d\u00f6nem raporu kamuoyuyla payla\u015f\u0131ld\u0131 -\" \/>\n<meta property=\"og:description\" content=\"Y\u00fcksek Y\u00f6netim Denet\u00e7isi (Ombudsman) \u0130lkan Varol, Ocak-Haziran 2024 d\u00f6nemini kapsayan ilk alt\u0131 ayda 13 soru\u015fturma tamamlay\u0131p, raporunu haz\u0131rlad\u0131klar\u0131n\u0131 a\u00e7\u0131klad\u0131. Y\u00fcksek Y\u00f6netim Denet\u00e7isi (Ombudsman) \u0130lkan Varol, 37\u2019nci d\u00f6nem raporunu kamuoyuyla payla\u015ft\u0131. Rapora g\u00f6re, ilk alt\u0131 ayl\u0131k s\u00fcrede Y\u00fcksek Y\u00f6netim Denet\u00e7isi (Ombudsman) Dairesi\u2019ne ba\u015fvuru yapan ki\u015fi say\u0131s\u0131 alt\u0131 oldu. -En fazla ba\u015fvuru G\u00fczelyurt ve Lefke\u2019den Ombudsman\u2019a ilk\" \/>\n<meta property=\"og:url\" content=\"https:\/\/kibrisdakik.com\/?p=63500\" \/>\n<meta property=\"article:published_time\" content=\"2024-09-19T16:09:07+00:00\" \/>\n<meta property=\"og:image\" content=\"https:\/\/kibrisdakik.com\/wp-content\/uploads\/2024\/09\/ombudsman-logo4-740x385.png\" \/>\n\t<meta property=\"og:image:width\" content=\"865\" \/>\n\t<meta property=\"og:image:height\" content=\"385\" \/>\n\t<meta property=\"og:image:type\" content=\"image\/png\" \/>\n<meta name=\"author\" content=\"admin\" \/>\n<meta name=\"twitter:card\" content=\"summary_large_image\" \/>\n<meta name=\"twitter:label1\" content=\"Yazan:\" \/>\n\t<meta name=\"twitter:data1\" content=\"admin\" \/>\n\t<meta name=\"twitter:label2\" content=\"Tahmini okuma s\u00fcresi\" \/>\n\t<meta name=\"twitter:data2\" content=\"2 dakika\" \/>\n<script type=\"application\/ld+json\" class=\"yoast-schema-graph\">{\"@context\":\"https:\\\/\\\/schema.org\",\"@graph\":[{\"@type\":\"Article\",\"@id\":\"https:\\\/\\\/kibrisdakik.com\\\/?p=63500#article\",\"isPartOf\":{\"@id\":\"https:\\\/\\\/kibrisdakik.com\\\/?p=63500\"},\"author\":{\"name\":\"admin\",\"@id\":\"https:\\\/\\\/kibrisdakik.com\\\/#\\\/schema\\\/person\\\/9cd9d437bbb44f72b73ba127e06d8e79\"},\"headline\":\"Ombudsman\u0131n 37\u2019nci d\u00f6nem raporu kamuoyuyla payla\u015f\u0131ld\u0131\",\"datePublished\":\"2024-09-19T16:09:07+00:00\",\"mainEntityOfPage\":{\"@id\":\"https:\\\/\\\/kibrisdakik.com\\\/?p=63500\"},\"wordCount\":386,\"commentCount\":0,\"image\":{\"@id\":\"https:\\\/\\\/kibrisdakik.com\\\/?p=63500#primaryimage\"},\"thumbnailUrl\":\"https:\\\/\\\/kibrisdakik.com\\\/wp-content\\\/uploads\\\/2024\\\/09\\\/ombudsman-logo4-740x385.png\",\"articleSection\":[\"K\u0131br\u0131s\"],\"inLanguage\":\"tr\",\"potentialAction\":[{\"@type\":\"CommentAction\",\"name\":\"Comment\",\"target\":[\"https:\\\/\\\/kibrisdakik.com\\\/?p=63500#respond\"]}]},{\"@type\":\"WebPage\",\"@id\":\"https:\\\/\\\/kibrisdakik.com\\\/?p=63500\",\"url\":\"https:\\\/\\\/kibrisdakik.com\\\/?p=63500\",\"name\":\"Ombudsman\u0131n 37\u2019nci d\u00f6nem raporu kamuoyuyla payla\u015f\u0131ld\u0131 -\",\"isPartOf\":{\"@id\":\"https:\\\/\\\/kibrisdakik.com\\\/#website\"},\"primaryImageOfPage\":{\"@id\":\"https:\\\/\\\/kibrisdakik.com\\\/?p=63500#primaryimage\"},\"image\":{\"@id\":\"https:\\\/\\\/kibrisdakik.com\\\/?p=63500#primaryimage\"},\"thumbnailUrl\":\"https:\\\/\\\/kibrisdakik.com\\\/wp-content\\\/uploads\\\/2024\\\/09\\\/ombudsman-logo4-740x385.png\",\"datePublished\":\"2024-09-19T16:09:07+00:00\",\"author\":{\"@id\":\"https:\\\/\\\/kibrisdakik.com\\\/#\\\/schema\\\/person\\\/9cd9d437bbb44f72b73ba127e06d8e79\"},\"breadcrumb\":{\"@id\":\"https:\\\/\\\/kibrisdakik.com\\\/?p=63500#breadcrumb\"},\"inLanguage\":\"tr\",\"potentialAction\":[{\"@type\":\"ReadAction\",\"target\":[\"https:\\\/\\\/kibrisdakik.com\\\/?p=63500\"]}]},{\"@type\":\"ImageObject\",\"inLanguage\":\"tr\",\"@id\":\"https:\\\/\\\/kibrisdakik.com\\\/?p=63500#primaryimage\",\"url\":\"https:\\\/\\\/kibrisdakik.com\\\/wp-content\\\/uploads\\\/2024\\\/09\\\/ombudsman-logo4-740x385.png\",\"contentUrl\":\"https:\\\/\\\/kibrisdakik.com\\\/wp-content\\\/uploads\\\/2024\\\/09\\\/ombudsman-logo4-740x385.png\",\"width\":865,\"height\":385},{\"@type\":\"BreadcrumbList\",\"@id\":\"https:\\\/\\\/kibrisdakik.com\\\/?p=63500#breadcrumb\",\"itemListElement\":[{\"@type\":\"ListItem\",\"position\":1,\"name\":\"Home\",\"item\":\"https:\\\/\\\/kibrisdakik.com\\\/\"},{\"@type\":\"ListItem\",\"position\":2,\"name\":\"Ombudsman\u0131n 37\u2019nci d\u00f6nem raporu kamuoyuyla payla\u015f\u0131ld\u0131\"}]},{\"@type\":\"WebSite\",\"@id\":\"https:\\\/\\\/kibrisdakik.com\\\/#website\",\"url\":\"https:\\\/\\\/kibrisdakik.com\\\/\",\"name\":\"\",\"description\":\"Tam vaktinde haber\",\"potentialAction\":[{\"@type\":\"SearchAction\",\"target\":{\"@type\":\"EntryPoint\",\"urlTemplate\":\"https:\\\/\\\/kibrisdakik.com\\\/?s={search_term_string}\"},\"query-input\":{\"@type\":\"PropertyValueSpecification\",\"valueRequired\":true,\"valueName\":\"search_term_string\"}}],\"inLanguage\":\"tr\"},{\"@type\":\"Person\",\"@id\":\"https:\\\/\\\/kibrisdakik.com\\\/#\\\/schema\\\/person\\\/9cd9d437bbb44f72b73ba127e06d8e79\",\"name\":\"admin\",\"image\":{\"@type\":\"ImageObject\",\"inLanguage\":\"tr\",\"@id\":\"https:\\\/\\\/secure.gravatar.com\\\/avatar\\\/ccc17943b9d660506c869530f897617f7cb1c21a4bf30023f252596d83e1f007?s=96&d=mm&r=g\",\"url\":\"https:\\\/\\\/secure.gravatar.com\\\/avatar\\\/ccc17943b9d660506c869530f897617f7cb1c21a4bf30023f252596d83e1f007?s=96&d=mm&r=g\",\"contentUrl\":\"https:\\\/\\\/secure.gravatar.com\\\/avatar\\\/ccc17943b9d660506c869530f897617f7cb1c21a4bf30023f252596d83e1f007?s=96&d=mm&r=g\",\"caption\":\"admin\"},\"sameAs\":[\"https:\\\/\\\/kibrisdakik.com\"],\"url\":\"https:\\\/\\\/kibrisdakik.com\\\/?author=1\"}]}<\/script>\n<!-- \/ Yoast SEO plugin. -->","yoast_head_json":{"title":"Ombudsman\u0131n 37\u2019nci d\u00f6nem raporu kamuoyuyla payla\u015f\u0131ld\u0131 -","robots":{"index":"index","follow":"follow","max-snippet":"max-snippet:-1","max-image-preview":"max-image-preview:large","max-video-preview":"max-video-preview:-1"},"canonical":"https:\/\/kibrisdakik.com\/?p=63500","og_locale":"tr_TR","og_type":"article","og_title":"Ombudsman\u0131n 37\u2019nci d\u00f6nem raporu kamuoyuyla payla\u015f\u0131ld\u0131 -","og_description":"Y\u00fcksek Y\u00f6netim Denet\u00e7isi (Ombudsman) \u0130lkan Varol, Ocak-Haziran 2024 d\u00f6nemini kapsayan ilk alt\u0131 ayda 13 soru\u015fturma tamamlay\u0131p, raporunu haz\u0131rlad\u0131klar\u0131n\u0131 a\u00e7\u0131klad\u0131. Y\u00fcksek Y\u00f6netim Denet\u00e7isi (Ombudsman) \u0130lkan Varol, 37\u2019nci d\u00f6nem raporunu kamuoyuyla payla\u015ft\u0131. Rapora g\u00f6re, ilk alt\u0131 ayl\u0131k s\u00fcrede Y\u00fcksek Y\u00f6netim Denet\u00e7isi (Ombudsman) Dairesi\u2019ne ba\u015fvuru yapan ki\u015fi say\u0131s\u0131 alt\u0131 oldu. -En fazla ba\u015fvuru G\u00fczelyurt ve Lefke\u2019den Ombudsman\u2019a ilk","og_url":"https:\/\/kibrisdakik.com\/?p=63500","article_published_time":"2024-09-19T16:09:07+00:00","og_image":[{"width":865,"height":385,"url":"https:\/\/kibrisdakik.com\/wp-content\/uploads\/2024\/09\/ombudsman-logo4-740x385.png","type":"image\/png"}],"author":"admin","twitter_card":"summary_large_image","twitter_misc":{"Yazan:":"admin","Tahmini okuma s\u00fcresi":"2 dakika"},"schema":{"@context":"https:\/\/schema.org","@graph":[{"@type":"Article","@id":"https:\/\/kibrisdakik.com\/?p=63500#article","isPartOf":{"@id":"https:\/\/kibrisdakik.com\/?p=63500"},"author":{"name":"admin","@id":"https:\/\/kibrisdakik.com\/#\/schema\/person\/9cd9d437bbb44f72b73ba127e06d8e79"},"headline":"Ombudsman\u0131n 37\u2019nci d\u00f6nem raporu kamuoyuyla payla\u015f\u0131ld\u0131","datePublished":"2024-09-19T16:09:07+00:00","mainEntityOfPage":{"@id":"https:\/\/kibrisdakik.com\/?p=63500"},"wordCount":386,"commentCount":0,"image":{"@id":"https:\/\/kibrisdakik.com\/?p=63500#primaryimage"},"thumbnailUrl":"https:\/\/kibrisdakik.com\/wp-content\/uploads\/2024\/09\/ombudsman-logo4-740x385.png","articleSection":["K\u0131br\u0131s"],"inLanguage":"tr","potentialAction":[{"@type":"CommentAction","name":"Comment","target":["https:\/\/kibrisdakik.com\/?p=63500#respond"]}]},{"@type":"WebPage","@id":"https:\/\/kibrisdakik.com\/?p=63500","url":"https:\/\/kibrisdakik.com\/?p=63500","name":"Ombudsman\u0131n 37\u2019nci d\u00f6nem raporu kamuoyuyla payla\u015f\u0131ld\u0131 -","isPartOf":{"@id":"https:\/\/kibrisdakik.com\/#website"},"primaryImageOfPage":{"@id":"https:\/\/kibrisdakik.com\/?p=63500#primaryimage"},"image":{"@id":"https:\/\/kibrisdakik.com\/?p=63500#primaryimage"},"thumbnailUrl":"https:\/\/kibrisdakik.com\/wp-content\/uploads\/2024\/09\/ombudsman-logo4-740x385.png","datePublished":"2024-09-19T16:09:07+00:00","author":{"@id":"https:\/\/kibrisdakik.com\/#\/schema\/person\/9cd9d437bbb44f72b73ba127e06d8e79"},"breadcrumb":{"@id":"https:\/\/kibrisdakik.com\/?p=63500#breadcrumb"},"inLanguage":"tr","potentialAction":[{"@type":"ReadAction","target":["https:\/\/kibrisdakik.com\/?p=63500"]}]},{"@type":"ImageObject","inLanguage":"tr","@id":"https:\/\/kibrisdakik.com\/?p=63500#primaryimage","url":"https:\/\/kibrisdakik.com\/wp-content\/uploads\/2024\/09\/ombudsman-logo4-740x385.png","contentUrl":"https:\/\/kibrisdakik.com\/wp-content\/uploads\/2024\/09\/ombudsman-logo4-740x385.png","width":865,"height":385},{"@type":"BreadcrumbList","@id":"https:\/\/kibrisdakik.com\/?p=63500#breadcrumb","itemListElement":[{"@type":"ListItem","position":1,"name":"Home","item":"https:\/\/kibrisdakik.com\/"},{"@type":"ListItem","position":2,"name":"Ombudsman\u0131n 37\u2019nci d\u00f6nem raporu kamuoyuyla payla\u015f\u0131ld\u0131"}]},{"@type":"WebSite","@id":"https:\/\/kibrisdakik.com\/#website","url":"https:\/\/kibrisdakik.com\/","name":"","description":"Tam vaktinde haber","potentialAction":[{"@type":"SearchAction","target":{"@type":"EntryPoint","urlTemplate":"https:\/\/kibrisdakik.com\/?s={search_term_string}"},"query-input":{"@type":"PropertyValueSpecification","valueRequired":true,"valueName":"search_term_string"}}],"inLanguage":"tr"},{"@type":"Person","@id":"https:\/\/kibrisdakik.com\/#\/schema\/person\/9cd9d437bbb44f72b73ba127e06d8e79","name":"admin","image":{"@type":"ImageObject","inLanguage":"tr","@id":"https:\/\/secure.gravatar.com\/avatar\/ccc17943b9d660506c869530f897617f7cb1c21a4bf30023f252596d83e1f007?s=96&d=mm&r=g","url":"https:\/\/secure.gravatar.com\/avatar\/ccc17943b9d660506c869530f897617f7cb1c21a4bf30023f252596d83e1f007?s=96&d=mm&r=g","contentUrl":"https:\/\/secure.gravatar.com\/avatar\/ccc17943b9d660506c869530f897617f7cb1c21a4bf30023f252596d83e1f007?s=96&d=mm&r=g","caption":"admin"},"sameAs":["https:\/\/kibrisdakik.com"],"url":"https:\/\/kibrisdakik.com\/?author=1"}]}},"_links":{"self":[{"href":"https:\/\/kibrisdakik.com\/index.php?rest_route=\/wp\/v2\/posts\/63500","targetHints":{"allow":["GET"]}}],"collection":[{"href":"https:\/\/kibrisdakik.com\/index.php?rest_route=\/wp\/v2\/posts"}],"about":[{"href":"https:\/\/kibrisdakik.com\/index.php?rest_route=\/wp\/v2\/types\/post"}],"author":[{"embeddable":true,"href":"https:\/\/kibrisdakik.com\/index.php?rest_route=\/wp\/v2\/users\/1"}],"replies":[{"embeddable":true,"href":"https:\/\/kibrisdakik.com\/index.php?rest_route=%2Fwp%2Fv2%2Fcomments&post=63500"}],"version-history":[{"count":0,"href":"https:\/\/kibrisdakik.com\/index.php?rest_route=\/wp\/v2\/posts\/63500\/revisions"}],"wp:featuredmedia":[{"embeddable":true,"href":"https:\/\/kibrisdakik.com\/index.php?rest_route=\/wp\/v2\/media\/63501"}],"wp:attachment":[{"href":"https:\/\/kibrisdakik.com\/index.php?rest_route=%2Fwp%2Fv2%2Fmedia&parent=63500"}],"wp:term":[{"taxonomy":"category","embeddable":true,"href":"https:\/\/kibrisdakik.com\/index.php?rest_route=%2Fwp%2Fv2%2Fcategories&post=63500"},{"taxonomy":"post_tag","embeddable":true,"href":"https:\/\/kibrisdakik.com\/index.php?rest_route=%2Fwp%2Fv2%2Ftags&post=63500"}],"curies":[{"name":"wp","href":"https:\/\/api.w.org\/{rel}","templated":true}]}}