{"id":6363,"date":"2023-05-06T11:17:30","date_gmt":"2023-05-06T11:17:30","guid":{"rendered":"https:\/\/kibrisdakik.com\/index.php\/2023\/05\/06\/tatar-6-subat-depreminde-yitirilenler-anisina-duzenlenen-elegie-agit-konserine-katildi\/"},"modified":"2023-05-06T11:17:30","modified_gmt":"2023-05-06T11:17:30","slug":"tatar-6-subat-depreminde-yitirilenler-anisina-duzenlenen-elegie-agit-konserine-katildi","status":"publish","type":"post","link":"https:\/\/kibrisdakik.com\/?p=6363","title":{"rendered":"Tatar, 6 \u015eubat depreminde yitirilenler an\u0131s\u0131na d\u00fczenlenen \u201cElegie\/A\u011f\u0131t\u201d Konseri\u2019ne kat\u0131ld\u0131"},"content":{"rendered":"<p><\/p>\n<div>\n<div class=\"mariselle-image-container center\">\n                <img width=\"1024\" height=\"683\" class=\"lazy-image\" alt=\"\" decoding=\"async\" loading=\"lazy\" sizes=\"auto, (max-width: 1024px) 100vw, 1024px\" src=\"https:\/\/brtk.net\/wp-content\/uploads\/2023\/05\/06\/tatar-konser-12-.jpg?ver=7b37a009acac8e3b5d2bc6351bc9abaa\" srcset=\"https:\/\/brtk.net\/wp-content\/uploads\/2023\/05\/06\/tatar-konser-12-.jpg?ver=7b37a009acac8e3b5d2bc6351bc9abaa 1024w, https:\/\/brtk.net\/wp-content\/uploads\/2023\/05\/06\/tatar-konser-12--300x200.jpg?ver=7b37a009acac8e3b5d2bc6351bc9abaa 300w, https:\/\/brtk.net\/wp-content\/uploads\/2023\/05\/06\/tatar-konser-12--768x512.jpg?ver=7b37a009acac8e3b5d2bc6351bc9abaa 768w\"\/>                            <\/div>\n<p>Cumhurba\u015fkan\u0131 <a href=\"https:\/\/brtk.net\/\" target=\"_blank\" rel=\"noopener\">Ersin <\/a><a href=\"https:\/\/brtk.net\/\">Tatar<\/a>, 6 \u015eubat depreminde yitirilenler an\u0131s\u0131na d\u00fczenlenen \u201cElegie\/A\u011f\u0131t\u201d Konseri\u2019ne kat\u0131ld\u0131.<\/p>\n<p>Cumhurba\u015fkanl\u0131\u011f\u0131\u2019ndan yap\u0131lan a\u00e7\u0131klamaya g\u00f6re, <a href=\"https:\/\/brtk.net\/\">Tatar<\/a>, Kuzey K\u0131br\u0131s T\u00fcrk Cumhuriyeti Cumhurba\u015fkanl\u0131\u011f\u0131 Senfoni Orkestras\u0131 ile Ba\u015fbakan Yard\u0131mc\u0131l\u0131\u011f\u0131 Turizm, K\u00fclt\u00fcr, Gen\u00e7lik ve \u00c7evre Bakanl\u0131\u011f\u0131\u2019na ba\u011fl\u0131 Devlet Opera ve Bale Koordinasyon Merkezi taraf\u0131ndan, 6 \u015eubat depreminde yitirilenler an\u0131s\u0131na Gazima\u011fusa Rauf Raif Denkta\u015f K\u00fclt\u00fcr ve Kongre Saray\u0131\u2019nda d\u00fczenlenen \u201cElegie\/A\u011f\u0131t\u201d Konseri\u2019ne kat\u0131ld\u0131.<\/p>\n<div class=\"mariselle-image-container center\">\n                <img width=\"1024\" height=\"683\" class=\"lazy-image\" alt=\"\" decoding=\"async\" loading=\"lazy\" sizes=\"auto, (max-width: 1024px) 100vw, 1024px\" src=\"https:\/\/brtk.net\/wp-content\/uploads\/2023\/05\/06\/tatar-konser-11-.jpg?ver=7f9403af13915434ba49bc0655355848\" srcset=\"https:\/\/brtk.net\/wp-content\/uploads\/2023\/05\/06\/tatar-konser-11-.jpg?ver=7f9403af13915434ba49bc0655355848 1024w, https:\/\/brtk.net\/wp-content\/uploads\/2023\/05\/06\/tatar-konser-11--300x200.jpg?ver=49cbf9a634bcf08397f812e2b10e94f4 300w, https:\/\/brtk.net\/wp-content\/uploads\/2023\/05\/06\/tatar-konser-11--768x512.jpg?ver=49cbf9a634bcf08397f812e2b10e94f4 768w\"\/>                            <\/div>\n<p>Konser; <a href=\"https:\/\/brtk.net\/\">KKTC<\/a>CSO, <a href=\"https:\/\/brtk.net\/\">KKTC<\/a>DOB, Gazima\u011fusa Belediyesi, Do\u011fu Akdeniz \u00dcniversitesi, Othello \u00c7ok Sesli Korosu ve \u015eampiyon Melekleri Ya\u015fatma Derne\u011fi i\u015f birli\u011finde ger\u00e7ekle\u015ftirildi.<\/p>\n<p>\u015eampiyon Melekler Tak\u0131m\u0131\u2019na arma\u011fan edilen konser, Soprano Sermin Dikmen T\u00f6re ve Bariton Tu\u011frul Enver T\u00f6re solistli\u011finde, Rana Ulu\u00e7ay ve Erkan Da\u011fl\u0131\u2019n\u0131n koro \u015fefli\u011finde, Nihat A\u011fda\u00e7\u2019\u0131n konzertmeisterli\u011finde ve Ali Hoca\u2019n\u0131n orkestra \u015fefli\u011finde sunuldu.<\/p>\n<\/p><\/div>\n<p><script async\n                    defer\n                    crossorigin=\"anonymous\"\n                    src=\"https:\/\/connect.facebook.net\/tr_TR\/sdk.js#xfbml=1&#038;version=v3.3\"\n            ><\/script><\/p>\n","protected":false},"excerpt":{"rendered":"<p>Cumhurba\u015fkan\u0131 Ersin Tatar, 6 \u015eubat depreminde yitirilenler an\u0131s\u0131na d\u00fczenlenen \u201cElegie\/A\u011f\u0131t\u201d Konseri\u2019ne kat\u0131ld\u0131. Cumhurba\u015fkanl\u0131\u011f\u0131\u2019ndan yap\u0131lan a\u00e7\u0131klamaya g\u00f6re, Tatar, Kuzey K\u0131br\u0131s T\u00fcrk Cumhuriyeti Cumhurba\u015fkanl\u0131\u011f\u0131 Senfoni Orkestras\u0131 ile Ba\u015fbakan Yard\u0131mc\u0131l\u0131\u011f\u0131 Turizm, K\u00fclt\u00fcr, Gen\u00e7lik ve \u00c7evre Bakanl\u0131\u011f\u0131\u2019na ba\u011fl\u0131 Devlet Opera ve Bale Koordinasyon Merkezi taraf\u0131ndan, 6 \u015eubat depreminde yitirilenler an\u0131s\u0131na Gazima\u011fusa Rauf Raif Denkta\u015f K\u00fclt\u00fcr ve Kongre Saray\u0131\u2019nda d\u00fczenlenen<\/p>\n","protected":false},"author":1,"featured_media":6364,"comment_status":"open","ping_status":"open","sticky":false,"template":"","format":"standard","meta":{"footnotes":""},"categories":[1],"tags":[],"class_list":["post-6363","post","type-post","status-publish","format-standard","has-post-thumbnail","hentry","category-gundem"],"yoast_head":"<!-- This site is optimized with the Yoast SEO plugin v27.5 - https:\/\/yoast.com\/product\/yoast-seo-wordpress\/ -->\n<title>Tatar, 6 \u015eubat depreminde yitirilenler an\u0131s\u0131na d\u00fczenlenen \u201cElegie\/A\u011f\u0131t\u201d Konseri\u2019ne kat\u0131ld\u0131 -<\/title>\n<meta name=\"robots\" content=\"index, follow, max-snippet:-1, max-image-preview:large, max-video-preview:-1\" \/>\n<link rel=\"canonical\" href=\"https:\/\/kibrisdakik.com\/?p=6363\" \/>\n<meta property=\"og:locale\" content=\"tr_TR\" \/>\n<meta property=\"og:type\" content=\"article\" \/>\n<meta property=\"og:title\" content=\"Tatar, 6 \u015eubat depreminde yitirilenler an\u0131s\u0131na d\u00fczenlenen \u201cElegie\/A\u011f\u0131t\u201d Konseri\u2019ne kat\u0131ld\u0131 -\" \/>\n<meta property=\"og:description\" content=\"Cumhurba\u015fkan\u0131 Ersin Tatar, 6 \u015eubat depreminde yitirilenler an\u0131s\u0131na d\u00fczenlenen \u201cElegie\/A\u011f\u0131t\u201d Konseri\u2019ne kat\u0131ld\u0131. Cumhurba\u015fkanl\u0131\u011f\u0131\u2019ndan yap\u0131lan a\u00e7\u0131klamaya g\u00f6re, Tatar, Kuzey K\u0131br\u0131s T\u00fcrk Cumhuriyeti Cumhurba\u015fkanl\u0131\u011f\u0131 Senfoni Orkestras\u0131 ile Ba\u015fbakan Yard\u0131mc\u0131l\u0131\u011f\u0131 Turizm, K\u00fclt\u00fcr, Gen\u00e7lik ve \u00c7evre Bakanl\u0131\u011f\u0131\u2019na ba\u011fl\u0131 Devlet Opera ve Bale Koordinasyon Merkezi taraf\u0131ndan, 6 \u015eubat depreminde yitirilenler an\u0131s\u0131na Gazima\u011fusa Rauf Raif Denkta\u015f K\u00fclt\u00fcr ve Kongre Saray\u0131\u2019nda d\u00fczenlenen\" \/>\n<meta property=\"og:url\" content=\"https:\/\/kibrisdakik.com\/?p=6363\" \/>\n<meta property=\"article:published_time\" content=\"2023-05-06T11:17:30+00:00\" \/>\n<meta property=\"og:image\" content=\"https:\/\/kibrisdakik.com\/wp-content\/uploads\/2023\/05\/tatar-konser-11-1-740x420.jpg\" \/>\n\t<meta property=\"og:image:width\" content=\"1024\" \/>\n\t<meta property=\"og:image:height\" content=\"683\" \/>\n\t<meta property=\"og:image:type\" content=\"image\/jpeg\" \/>\n<meta name=\"author\" content=\"admin\" \/>\n<meta name=\"twitter:card\" content=\"summary_large_image\" \/>\n<meta name=\"twitter:label1\" content=\"Yazan:\" \/>\n\t<meta name=\"twitter:data1\" content=\"admin\" \/>\n\t<meta name=\"twitter:label2\" content=\"Tahmini okuma s\u00fcresi\" \/>\n\t<meta name=\"twitter:data2\" content=\"1 dakika\" \/>\n<script type=\"application\/ld+json\" class=\"yoast-schema-graph\">{\"@context\":\"https:\\\/\\\/schema.org\",\"@graph\":[{\"@type\":\"Article\",\"@id\":\"https:\\\/\\\/kibrisdakik.com\\\/?p=6363#article\",\"isPartOf\":{\"@id\":\"https:\\\/\\\/kibrisdakik.com\\\/?p=6363\"},\"author\":{\"name\":\"admin\",\"@id\":\"https:\\\/\\\/kibrisdakik.com\\\/#\\\/schema\\\/person\\\/9cd9d437bbb44f72b73ba127e06d8e79\"},\"headline\":\"Tatar, 6 \u015eubat depreminde yitirilenler an\u0131s\u0131na d\u00fczenlenen \u201cElegie\\\/A\u011f\u0131t\u201d Konseri\u2019ne kat\u0131ld\u0131\",\"datePublished\":\"2023-05-06T11:17:30+00:00\",\"mainEntityOfPage\":{\"@id\":\"https:\\\/\\\/kibrisdakik.com\\\/?p=6363\"},\"wordCount\":186,\"commentCount\":0,\"image\":{\"@id\":\"https:\\\/\\\/kibrisdakik.com\\\/?p=6363#primaryimage\"},\"thumbnailUrl\":\"https:\\\/\\\/kibrisdakik.com\\\/wp-content\\\/uploads\\\/2023\\\/05\\\/tatar-konser-11-1-740x420.jpg\",\"articleSection\":[\"G\u00fcndem\"],\"inLanguage\":\"tr\",\"potentialAction\":[{\"@type\":\"CommentAction\",\"name\":\"Comment\",\"target\":[\"https:\\\/\\\/kibrisdakik.com\\\/?p=6363#respond\"]}]},{\"@type\":\"WebPage\",\"@id\":\"https:\\\/\\\/kibrisdakik.com\\\/?p=6363\",\"url\":\"https:\\\/\\\/kibrisdakik.com\\\/?p=6363\",\"name\":\"Tatar, 6 \u015eubat depreminde yitirilenler an\u0131s\u0131na d\u00fczenlenen \u201cElegie\\\/A\u011f\u0131t\u201d Konseri\u2019ne kat\u0131ld\u0131 -\",\"isPartOf\":{\"@id\":\"https:\\\/\\\/kibrisdakik.com\\\/#website\"},\"primaryImageOfPage\":{\"@id\":\"https:\\\/\\\/kibrisdakik.com\\\/?p=6363#primaryimage\"},\"image\":{\"@id\":\"https:\\\/\\\/kibrisdakik.com\\\/?p=6363#primaryimage\"},\"thumbnailUrl\":\"https:\\\/\\\/kibrisdakik.com\\\/wp-content\\\/uploads\\\/2023\\\/05\\\/tatar-konser-11-1-740x420.jpg\",\"datePublished\":\"2023-05-06T11:17:30+00:00\",\"author\":{\"@id\":\"https:\\\/\\\/kibrisdakik.com\\\/#\\\/schema\\\/person\\\/9cd9d437bbb44f72b73ba127e06d8e79\"},\"breadcrumb\":{\"@id\":\"https:\\\/\\\/kibrisdakik.com\\\/?p=6363#breadcrumb\"},\"inLanguage\":\"tr\",\"potentialAction\":[{\"@type\":\"ReadAction\",\"target\":[\"https:\\\/\\\/kibrisdakik.com\\\/?p=6363\"]}]},{\"@type\":\"ImageObject\",\"inLanguage\":\"tr\",\"@id\":\"https:\\\/\\\/kibrisdakik.com\\\/?p=6363#primaryimage\",\"url\":\"https:\\\/\\\/kibrisdakik.com\\\/wp-content\\\/uploads\\\/2023\\\/05\\\/tatar-konser-11-1-740x420.jpg\",\"contentUrl\":\"https:\\\/\\\/kibrisdakik.com\\\/wp-content\\\/uploads\\\/2023\\\/05\\\/tatar-konser-11-1-740x420.jpg\",\"width\":1024,\"height\":683},{\"@type\":\"BreadcrumbList\",\"@id\":\"https:\\\/\\\/kibrisdakik.com\\\/?p=6363#breadcrumb\",\"itemListElement\":[{\"@type\":\"ListItem\",\"position\":1,\"name\":\"Home\",\"item\":\"https:\\\/\\\/kibrisdakik.com\\\/\"},{\"@type\":\"ListItem\",\"position\":2,\"name\":\"Tatar, 6 \u015eubat depreminde yitirilenler an\u0131s\u0131na d\u00fczenlenen \u201cElegie\\\/A\u011f\u0131t\u201d Konseri\u2019ne kat\u0131ld\u0131\"}]},{\"@type\":\"WebSite\",\"@id\":\"https:\\\/\\\/kibrisdakik.com\\\/#website\",\"url\":\"https:\\\/\\\/kibrisdakik.com\\\/\",\"name\":\"\",\"description\":\"Tam vaktinde haber\",\"potentialAction\":[{\"@type\":\"SearchAction\",\"target\":{\"@type\":\"EntryPoint\",\"urlTemplate\":\"https:\\\/\\\/kibrisdakik.com\\\/?s={search_term_string}\"},\"query-input\":{\"@type\":\"PropertyValueSpecification\",\"valueRequired\":true,\"valueName\":\"search_term_string\"}}],\"inLanguage\":\"tr\"},{\"@type\":\"Person\",\"@id\":\"https:\\\/\\\/kibrisdakik.com\\\/#\\\/schema\\\/person\\\/9cd9d437bbb44f72b73ba127e06d8e79\",\"name\":\"admin\",\"image\":{\"@type\":\"ImageObject\",\"inLanguage\":\"tr\",\"@id\":\"https:\\\/\\\/secure.gravatar.com\\\/avatar\\\/ccc17943b9d660506c869530f897617f7cb1c21a4bf30023f252596d83e1f007?s=96&d=mm&r=g\",\"url\":\"https:\\\/\\\/secure.gravatar.com\\\/avatar\\\/ccc17943b9d660506c869530f897617f7cb1c21a4bf30023f252596d83e1f007?s=96&d=mm&r=g\",\"contentUrl\":\"https:\\\/\\\/secure.gravatar.com\\\/avatar\\\/ccc17943b9d660506c869530f897617f7cb1c21a4bf30023f252596d83e1f007?s=96&d=mm&r=g\",\"caption\":\"admin\"},\"sameAs\":[\"https:\\\/\\\/kibrisdakik.com\"],\"url\":\"https:\\\/\\\/kibrisdakik.com\\\/?author=1\"}]}<\/script>\n<!-- \/ Yoast SEO plugin. -->","yoast_head_json":{"title":"Tatar, 6 \u015eubat depreminde yitirilenler an\u0131s\u0131na d\u00fczenlenen \u201cElegie\/A\u011f\u0131t\u201d Konseri\u2019ne kat\u0131ld\u0131 -","robots":{"index":"index","follow":"follow","max-snippet":"max-snippet:-1","max-image-preview":"max-image-preview:large","max-video-preview":"max-video-preview:-1"},"canonical":"https:\/\/kibrisdakik.com\/?p=6363","og_locale":"tr_TR","og_type":"article","og_title":"Tatar, 6 \u015eubat depreminde yitirilenler an\u0131s\u0131na d\u00fczenlenen \u201cElegie\/A\u011f\u0131t\u201d Konseri\u2019ne kat\u0131ld\u0131 -","og_description":"Cumhurba\u015fkan\u0131 Ersin Tatar, 6 \u015eubat depreminde yitirilenler an\u0131s\u0131na d\u00fczenlenen \u201cElegie\/A\u011f\u0131t\u201d Konseri\u2019ne kat\u0131ld\u0131. Cumhurba\u015fkanl\u0131\u011f\u0131\u2019ndan yap\u0131lan a\u00e7\u0131klamaya g\u00f6re, Tatar, Kuzey K\u0131br\u0131s T\u00fcrk Cumhuriyeti Cumhurba\u015fkanl\u0131\u011f\u0131 Senfoni Orkestras\u0131 ile Ba\u015fbakan Yard\u0131mc\u0131l\u0131\u011f\u0131 Turizm, K\u00fclt\u00fcr, Gen\u00e7lik ve \u00c7evre Bakanl\u0131\u011f\u0131\u2019na ba\u011fl\u0131 Devlet Opera ve Bale Koordinasyon Merkezi taraf\u0131ndan, 6 \u015eubat depreminde yitirilenler an\u0131s\u0131na Gazima\u011fusa Rauf Raif Denkta\u015f K\u00fclt\u00fcr ve Kongre Saray\u0131\u2019nda d\u00fczenlenen","og_url":"https:\/\/kibrisdakik.com\/?p=6363","article_published_time":"2023-05-06T11:17:30+00:00","og_image":[{"width":1024,"height":683,"url":"https:\/\/kibrisdakik.com\/wp-content\/uploads\/2023\/05\/tatar-konser-11-1-740x420.jpg","type":"image\/jpeg"}],"author":"admin","twitter_card":"summary_large_image","twitter_misc":{"Yazan:":"admin","Tahmini okuma s\u00fcresi":"1 dakika"},"schema":{"@context":"https:\/\/schema.org","@graph":[{"@type":"Article","@id":"https:\/\/kibrisdakik.com\/?p=6363#article","isPartOf":{"@id":"https:\/\/kibrisdakik.com\/?p=6363"},"author":{"name":"admin","@id":"https:\/\/kibrisdakik.com\/#\/schema\/person\/9cd9d437bbb44f72b73ba127e06d8e79"},"headline":"Tatar, 6 \u015eubat depreminde yitirilenler an\u0131s\u0131na d\u00fczenlenen \u201cElegie\/A\u011f\u0131t\u201d Konseri\u2019ne kat\u0131ld\u0131","datePublished":"2023-05-06T11:17:30+00:00","mainEntityOfPage":{"@id":"https:\/\/kibrisdakik.com\/?p=6363"},"wordCount":186,"commentCount":0,"image":{"@id":"https:\/\/kibrisdakik.com\/?p=6363#primaryimage"},"thumbnailUrl":"https:\/\/kibrisdakik.com\/wp-content\/uploads\/2023\/05\/tatar-konser-11-1-740x420.jpg","articleSection":["G\u00fcndem"],"inLanguage":"tr","potentialAction":[{"@type":"CommentAction","name":"Comment","target":["https:\/\/kibrisdakik.com\/?p=6363#respond"]}]},{"@type":"WebPage","@id":"https:\/\/kibrisdakik.com\/?p=6363","url":"https:\/\/kibrisdakik.com\/?p=6363","name":"Tatar, 6 \u015eubat depreminde yitirilenler an\u0131s\u0131na d\u00fczenlenen \u201cElegie\/A\u011f\u0131t\u201d Konseri\u2019ne kat\u0131ld\u0131 -","isPartOf":{"@id":"https:\/\/kibrisdakik.com\/#website"},"primaryImageOfPage":{"@id":"https:\/\/kibrisdakik.com\/?p=6363#primaryimage"},"image":{"@id":"https:\/\/kibrisdakik.com\/?p=6363#primaryimage"},"thumbnailUrl":"https:\/\/kibrisdakik.com\/wp-content\/uploads\/2023\/05\/tatar-konser-11-1-740x420.jpg","datePublished":"2023-05-06T11:17:30+00:00","author":{"@id":"https:\/\/kibrisdakik.com\/#\/schema\/person\/9cd9d437bbb44f72b73ba127e06d8e79"},"breadcrumb":{"@id":"https:\/\/kibrisdakik.com\/?p=6363#breadcrumb"},"inLanguage":"tr","potentialAction":[{"@type":"ReadAction","target":["https:\/\/kibrisdakik.com\/?p=6363"]}]},{"@type":"ImageObject","inLanguage":"tr","@id":"https:\/\/kibrisdakik.com\/?p=6363#primaryimage","url":"https:\/\/kibrisdakik.com\/wp-content\/uploads\/2023\/05\/tatar-konser-11-1-740x420.jpg","contentUrl":"https:\/\/kibrisdakik.com\/wp-content\/uploads\/2023\/05\/tatar-konser-11-1-740x420.jpg","width":1024,"height":683},{"@type":"BreadcrumbList","@id":"https:\/\/kibrisdakik.com\/?p=6363#breadcrumb","itemListElement":[{"@type":"ListItem","position":1,"name":"Home","item":"https:\/\/kibrisdakik.com\/"},{"@type":"ListItem","position":2,"name":"Tatar, 6 \u015eubat depreminde yitirilenler an\u0131s\u0131na d\u00fczenlenen \u201cElegie\/A\u011f\u0131t\u201d Konseri\u2019ne kat\u0131ld\u0131"}]},{"@type":"WebSite","@id":"https:\/\/kibrisdakik.com\/#website","url":"https:\/\/kibrisdakik.com\/","name":"","description":"Tam vaktinde haber","potentialAction":[{"@type":"SearchAction","target":{"@type":"EntryPoint","urlTemplate":"https:\/\/kibrisdakik.com\/?s={search_term_string}"},"query-input":{"@type":"PropertyValueSpecification","valueRequired":true,"valueName":"search_term_string"}}],"inLanguage":"tr"},{"@type":"Person","@id":"https:\/\/kibrisdakik.com\/#\/schema\/person\/9cd9d437bbb44f72b73ba127e06d8e79","name":"admin","image":{"@type":"ImageObject","inLanguage":"tr","@id":"https:\/\/secure.gravatar.com\/avatar\/ccc17943b9d660506c869530f897617f7cb1c21a4bf30023f252596d83e1f007?s=96&d=mm&r=g","url":"https:\/\/secure.gravatar.com\/avatar\/ccc17943b9d660506c869530f897617f7cb1c21a4bf30023f252596d83e1f007?s=96&d=mm&r=g","contentUrl":"https:\/\/secure.gravatar.com\/avatar\/ccc17943b9d660506c869530f897617f7cb1c21a4bf30023f252596d83e1f007?s=96&d=mm&r=g","caption":"admin"},"sameAs":["https:\/\/kibrisdakik.com"],"url":"https:\/\/kibrisdakik.com\/?author=1"}]}},"_links":{"self":[{"href":"https:\/\/kibrisdakik.com\/index.php?rest_route=\/wp\/v2\/posts\/6363","targetHints":{"allow":["GET"]}}],"collection":[{"href":"https:\/\/kibrisdakik.com\/index.php?rest_route=\/wp\/v2\/posts"}],"about":[{"href":"https:\/\/kibrisdakik.com\/index.php?rest_route=\/wp\/v2\/types\/post"}],"author":[{"embeddable":true,"href":"https:\/\/kibrisdakik.com\/index.php?rest_route=\/wp\/v2\/users\/1"}],"replies":[{"embeddable":true,"href":"https:\/\/kibrisdakik.com\/index.php?rest_route=%2Fwp%2Fv2%2Fcomments&post=6363"}],"version-history":[{"count":0,"href":"https:\/\/kibrisdakik.com\/index.php?rest_route=\/wp\/v2\/posts\/6363\/revisions"}],"wp:featuredmedia":[{"embeddable":true,"href":"https:\/\/kibrisdakik.com\/index.php?rest_route=\/wp\/v2\/media\/6364"}],"wp:attachment":[{"href":"https:\/\/kibrisdakik.com\/index.php?rest_route=%2Fwp%2Fv2%2Fmedia&parent=6363"}],"wp:term":[{"taxonomy":"category","embeddable":true,"href":"https:\/\/kibrisdakik.com\/index.php?rest_route=%2Fwp%2Fv2%2Fcategories&post=6363"},{"taxonomy":"post_tag","embeddable":true,"href":"https:\/\/kibrisdakik.com\/index.php?rest_route=%2Fwp%2Fv2%2Ftags&post=6363"}],"curies":[{"name":"wp","href":"https:\/\/api.w.org\/{rel}","templated":true}]}}