{"id":63847,"date":"2024-09-20T12:55:54","date_gmt":"2024-09-20T09:55:54","guid":{"rendered":"https:\/\/kibrisdakik.com\/index.php\/2024\/09\/20\/portekiz-tarihinin-en-buyuk-orman-yanginlarindan-dolayi-ulusal-yas-ilan-etti\/"},"modified":"2024-09-20T12:55:54","modified_gmt":"2024-09-20T09:55:54","slug":"portekiz-tarihinin-en-buyuk-orman-yanginlarindan-dolayi-ulusal-yas-ilan-etti","status":"publish","type":"post","link":"https:\/\/kibrisdakik.com\/?p=63847","title":{"rendered":"Portekiz, tarihinin en b\u00fcy\u00fck orman yang\u0131nlar\u0131ndan dolay\u0131 ulusal yas ilan etti"},"content":{"rendered":"<p><\/p>\n<div>\n<div class=\"mariselle-image-container center\">\n                <img loading=\"lazy\" decoding=\"async\" width=\"1920\" height=\"1080\" class=\"lazy-image\" alt=\"\" sizes=\"auto, (max-width: 1920px) 100vw, 1920px\" src=\"https:\/\/brtk.net\/wp-content\/uploads\/2024\/09\/20\/portekiz6.jpg?ver=41044b65e2c8cc81f3bd746520ecf9d8\" srcset=\"https:\/\/brtk.net\/wp-content\/uploads\/2024\/09\/20\/portekiz6.jpg?ver=41044b65e2c8cc81f3bd746520ecf9d8 1920w, https:\/\/brtk.net\/wp-content\/uploads\/2024\/09\/20\/portekiz6-300x169.jpg?ver=41044b65e2c8cc81f3bd746520ecf9d8 300w, https:\/\/brtk.net\/wp-content\/uploads\/2024\/09\/20\/portekiz6-1024x576.jpg?ver=6232c545917a26d783206fbaae5ff8e4 1024w, https:\/\/brtk.net\/wp-content\/uploads\/2024\/09\/20\/portekiz6-768x432.jpg?ver=6232c545917a26d783206fbaae5ff8e4 768w, https:\/\/brtk.net\/wp-content\/uploads\/2024\/09\/20\/portekiz6-1536x864.jpg?ver=6232c545917a26d783206fbaae5ff8e4 1536w\"\/>                            <\/div>\n<p>Portekiz\u2019de 14 Eyl\u00fcl\u2019den bu yana devam eden ve 7 ki\u015finin \u00f6l\u00fcm\u00fcne neden olan orman yang\u0131nlar\u0131ndan dolay\u0131 \u00fclkede ulusal yas ilan edildi.<\/p>\n<p>\u00dclke tarihinin en b\u00fcy\u00fck orman yang\u0131nlar\u0131ndan birini ya\u015fayan Portekiz\u2019de bug\u00fcne kadar yanan alan\u0131n ba\u015fkent Lizbon\u2019un 10 kat b\u00fcy\u00fckl\u00fc\u011f\u00fcnde bir alana e\u015fit oldu\u011fu belirtiliyor.<\/p>\n<p>\u00d6zellikle \u00fclkenin kuzey b\u00f6lgesini etkileyen ve 120 bin hektardan fazla ormanl\u0131k alan\u0131 k\u00fcl eden yang\u0131nlar, gerek yap\u0131lan m\u00fcdahaleler gerekse ya\u011f\u0131\u015flar\u0131n ba\u015flamas\u0131yla kontrol alt\u0131na al\u0131nd\u0131.<\/p>\n<p>Yang\u0131nlardan dolay\u0131 17 Eyl\u00fcl\u2019de felaket durumu ilan edilen Portekiz\u2019de bug\u00fcn de ulusal yas ilan edildi.<\/p>\n<p>Yas nedeniyle \u00fclkede bayraklar yar\u0131ya indirildi.<\/p>\n<p>7 ki\u015finin hayat\u0131n\u0131 kaybetti\u011fi, yakla\u015f\u0131k 160 ki\u015finin yaraland\u0131\u011f\u0131 yang\u0131nlarla ilgili y\u00fcr\u00fct\u00fclen soru\u015fturmalarda bug\u00fcne kadar 5 ki\u015finin g\u00f6zalt\u0131na al\u0131nd\u0131\u011f\u0131 a\u00e7\u0131kland\u0131.<\/p>\n<p>Averio, Vila Real, Braga, Viseu ve Coimbra gibi \u00fclkenin kuzeyindeki yerle\u015fim yerlerinde baz\u0131 k\u00f6yleri tamamen k\u00fcl eden yang\u0131nlardan dolay\u0131 y\u00fczlerce ki\u015finin evsiz kald\u0131\u011f\u0131, binlerce arac\u0131n k\u00fcl oldu\u011fu bildirildi.<\/p>\n<p>Portekiz Ulusal Acil Durum ve Sivil Koruma Kurumu, yang\u0131nlar\u0131n halen 30\u2019a yak\u0131n noktada devam etse de kontrol alt\u0131nda oldu\u011funu duyurdu.<\/p>\n<\/p><\/div>\n<p><script async\n                    defer\n                    crossorigin=\"anonymous\"\n                    src=\"https:\/\/connect.facebook.net\/tr_TR\/sdk.js#xfbml=1&#038;version=v3.3\"\n            ><\/script><\/p>\n","protected":false},"excerpt":{"rendered":"<p>Portekiz\u2019de 14 Eyl\u00fcl\u2019den bu yana devam eden ve 7 ki\u015finin \u00f6l\u00fcm\u00fcne neden olan orman yang\u0131nlar\u0131ndan dolay\u0131 \u00fclkede ulusal yas ilan edildi. \u00dclke tarihinin en b\u00fcy\u00fck orman yang\u0131nlar\u0131ndan birini ya\u015fayan Portekiz\u2019de bug\u00fcne kadar yanan alan\u0131n ba\u015fkent Lizbon\u2019un 10 kat b\u00fcy\u00fckl\u00fc\u011f\u00fcnde bir alana e\u015fit oldu\u011fu belirtiliyor. \u00d6zellikle \u00fclkenin kuzey b\u00f6lgesini etkileyen ve 120 bin hektardan fazla ormanl\u0131k<\/p>\n","protected":false},"author":1,"featured_media":63848,"comment_status":"open","ping_status":"open","sticky":false,"template":"","format":"standard","meta":{"footnotes":""},"categories":[1],"tags":[],"class_list":["post-63847","post","type-post","status-publish","format-standard","has-post-thumbnail","hentry","category-gundem"],"yoast_head":"<!-- This site is optimized with the Yoast SEO plugin v27.5 - https:\/\/yoast.com\/product\/yoast-seo-wordpress\/ -->\n<title>Portekiz, tarihinin en b\u00fcy\u00fck orman yang\u0131nlar\u0131ndan dolay\u0131 ulusal yas ilan etti -<\/title>\n<meta name=\"robots\" content=\"index, follow, max-snippet:-1, max-image-preview:large, max-video-preview:-1\" \/>\n<link rel=\"canonical\" href=\"https:\/\/kibrisdakik.com\/?p=63847\" \/>\n<meta property=\"og:locale\" content=\"tr_TR\" \/>\n<meta property=\"og:type\" content=\"article\" \/>\n<meta property=\"og:title\" content=\"Portekiz, tarihinin en b\u00fcy\u00fck orman yang\u0131nlar\u0131ndan dolay\u0131 ulusal yas ilan etti -\" \/>\n<meta property=\"og:description\" content=\"Portekiz\u2019de 14 Eyl\u00fcl\u2019den bu yana devam eden ve 7 ki\u015finin \u00f6l\u00fcm\u00fcne neden olan orman yang\u0131nlar\u0131ndan dolay\u0131 \u00fclkede ulusal yas ilan edildi. \u00dclke tarihinin en b\u00fcy\u00fck orman yang\u0131nlar\u0131ndan birini ya\u015fayan Portekiz\u2019de bug\u00fcne kadar yanan alan\u0131n ba\u015fkent Lizbon\u2019un 10 kat b\u00fcy\u00fckl\u00fc\u011f\u00fcnde bir alana e\u015fit oldu\u011fu belirtiliyor. \u00d6zellikle \u00fclkenin kuzey b\u00f6lgesini etkileyen ve 120 bin hektardan fazla ormanl\u0131k\" \/>\n<meta property=\"og:url\" content=\"https:\/\/kibrisdakik.com\/?p=63847\" \/>\n<meta property=\"article:published_time\" content=\"2024-09-20T09:55:54+00:00\" \/>\n<meta property=\"og:image\" content=\"https:\/\/kibrisdakik.com\/wp-content\/uploads\/2024\/09\/portekiz6-740x420.jpg\" \/>\n\t<meta property=\"og:image:width\" content=\"1920\" \/>\n\t<meta property=\"og:image:height\" content=\"1080\" \/>\n\t<meta property=\"og:image:type\" content=\"image\/jpeg\" \/>\n<meta name=\"author\" content=\"admin\" \/>\n<meta name=\"twitter:card\" content=\"summary_large_image\" \/>\n<meta name=\"twitter:label1\" content=\"Yazan:\" \/>\n\t<meta name=\"twitter:data1\" content=\"admin\" \/>\n\t<meta name=\"twitter:label2\" content=\"Tahmini okuma s\u00fcresi\" \/>\n\t<meta name=\"twitter:data2\" content=\"1 dakika\" \/>\n<script type=\"application\/ld+json\" class=\"yoast-schema-graph\">{\"@context\":\"https:\\\/\\\/schema.org\",\"@graph\":[{\"@type\":\"Article\",\"@id\":\"https:\\\/\\\/kibrisdakik.com\\\/?p=63847#article\",\"isPartOf\":{\"@id\":\"https:\\\/\\\/kibrisdakik.com\\\/?p=63847\"},\"author\":{\"name\":\"admin\",\"@id\":\"https:\\\/\\\/kibrisdakik.com\\\/#\\\/schema\\\/person\\\/9cd9d437bbb44f72b73ba127e06d8e79\"},\"headline\":\"Portekiz, tarihinin en b\u00fcy\u00fck orman yang\u0131nlar\u0131ndan dolay\u0131 ulusal yas ilan etti\",\"datePublished\":\"2024-09-20T09:55:54+00:00\",\"mainEntityOfPage\":{\"@id\":\"https:\\\/\\\/kibrisdakik.com\\\/?p=63847\"},\"wordCount\":234,\"commentCount\":0,\"image\":{\"@id\":\"https:\\\/\\\/kibrisdakik.com\\\/?p=63847#primaryimage\"},\"thumbnailUrl\":\"https:\\\/\\\/kibrisdakik.com\\\/wp-content\\\/uploads\\\/2024\\\/09\\\/portekiz6-740x420.jpg\",\"articleSection\":[\"G\u00fcndem\"],\"inLanguage\":\"tr\",\"potentialAction\":[{\"@type\":\"CommentAction\",\"name\":\"Comment\",\"target\":[\"https:\\\/\\\/kibrisdakik.com\\\/?p=63847#respond\"]}]},{\"@type\":\"WebPage\",\"@id\":\"https:\\\/\\\/kibrisdakik.com\\\/?p=63847\",\"url\":\"https:\\\/\\\/kibrisdakik.com\\\/?p=63847\",\"name\":\"Portekiz, tarihinin en b\u00fcy\u00fck orman yang\u0131nlar\u0131ndan dolay\u0131 ulusal yas ilan etti -\",\"isPartOf\":{\"@id\":\"https:\\\/\\\/kibrisdakik.com\\\/#website\"},\"primaryImageOfPage\":{\"@id\":\"https:\\\/\\\/kibrisdakik.com\\\/?p=63847#primaryimage\"},\"image\":{\"@id\":\"https:\\\/\\\/kibrisdakik.com\\\/?p=63847#primaryimage\"},\"thumbnailUrl\":\"https:\\\/\\\/kibrisdakik.com\\\/wp-content\\\/uploads\\\/2024\\\/09\\\/portekiz6-740x420.jpg\",\"datePublished\":\"2024-09-20T09:55:54+00:00\",\"author\":{\"@id\":\"https:\\\/\\\/kibrisdakik.com\\\/#\\\/schema\\\/person\\\/9cd9d437bbb44f72b73ba127e06d8e79\"},\"breadcrumb\":{\"@id\":\"https:\\\/\\\/kibrisdakik.com\\\/?p=63847#breadcrumb\"},\"inLanguage\":\"tr\",\"potentialAction\":[{\"@type\":\"ReadAction\",\"target\":[\"https:\\\/\\\/kibrisdakik.com\\\/?p=63847\"]}]},{\"@type\":\"ImageObject\",\"inLanguage\":\"tr\",\"@id\":\"https:\\\/\\\/kibrisdakik.com\\\/?p=63847#primaryimage\",\"url\":\"https:\\\/\\\/kibrisdakik.com\\\/wp-content\\\/uploads\\\/2024\\\/09\\\/portekiz6-740x420.jpg\",\"contentUrl\":\"https:\\\/\\\/kibrisdakik.com\\\/wp-content\\\/uploads\\\/2024\\\/09\\\/portekiz6-740x420.jpg\",\"width\":1920,\"height\":1080},{\"@type\":\"BreadcrumbList\",\"@id\":\"https:\\\/\\\/kibrisdakik.com\\\/?p=63847#breadcrumb\",\"itemListElement\":[{\"@type\":\"ListItem\",\"position\":1,\"name\":\"Home\",\"item\":\"https:\\\/\\\/kibrisdakik.com\\\/\"},{\"@type\":\"ListItem\",\"position\":2,\"name\":\"Portekiz, tarihinin en b\u00fcy\u00fck orman yang\u0131nlar\u0131ndan dolay\u0131 ulusal yas ilan etti\"}]},{\"@type\":\"WebSite\",\"@id\":\"https:\\\/\\\/kibrisdakik.com\\\/#website\",\"url\":\"https:\\\/\\\/kibrisdakik.com\\\/\",\"name\":\"\",\"description\":\"Tam vaktinde haber\",\"potentialAction\":[{\"@type\":\"SearchAction\",\"target\":{\"@type\":\"EntryPoint\",\"urlTemplate\":\"https:\\\/\\\/kibrisdakik.com\\\/?s={search_term_string}\"},\"query-input\":{\"@type\":\"PropertyValueSpecification\",\"valueRequired\":true,\"valueName\":\"search_term_string\"}}],\"inLanguage\":\"tr\"},{\"@type\":\"Person\",\"@id\":\"https:\\\/\\\/kibrisdakik.com\\\/#\\\/schema\\\/person\\\/9cd9d437bbb44f72b73ba127e06d8e79\",\"name\":\"admin\",\"image\":{\"@type\":\"ImageObject\",\"inLanguage\":\"tr\",\"@id\":\"https:\\\/\\\/secure.gravatar.com\\\/avatar\\\/ccc17943b9d660506c869530f897617f7cb1c21a4bf30023f252596d83e1f007?s=96&d=mm&r=g\",\"url\":\"https:\\\/\\\/secure.gravatar.com\\\/avatar\\\/ccc17943b9d660506c869530f897617f7cb1c21a4bf30023f252596d83e1f007?s=96&d=mm&r=g\",\"contentUrl\":\"https:\\\/\\\/secure.gravatar.com\\\/avatar\\\/ccc17943b9d660506c869530f897617f7cb1c21a4bf30023f252596d83e1f007?s=96&d=mm&r=g\",\"caption\":\"admin\"},\"sameAs\":[\"https:\\\/\\\/kibrisdakik.com\"],\"url\":\"https:\\\/\\\/kibrisdakik.com\\\/?author=1\"}]}<\/script>\n<!-- \/ Yoast SEO plugin. -->","yoast_head_json":{"title":"Portekiz, tarihinin en b\u00fcy\u00fck orman yang\u0131nlar\u0131ndan dolay\u0131 ulusal yas ilan etti -","robots":{"index":"index","follow":"follow","max-snippet":"max-snippet:-1","max-image-preview":"max-image-preview:large","max-video-preview":"max-video-preview:-1"},"canonical":"https:\/\/kibrisdakik.com\/?p=63847","og_locale":"tr_TR","og_type":"article","og_title":"Portekiz, tarihinin en b\u00fcy\u00fck orman yang\u0131nlar\u0131ndan dolay\u0131 ulusal yas ilan etti -","og_description":"Portekiz\u2019de 14 Eyl\u00fcl\u2019den bu yana devam eden ve 7 ki\u015finin \u00f6l\u00fcm\u00fcne neden olan orman yang\u0131nlar\u0131ndan dolay\u0131 \u00fclkede ulusal yas ilan edildi. \u00dclke tarihinin en b\u00fcy\u00fck orman yang\u0131nlar\u0131ndan birini ya\u015fayan Portekiz\u2019de bug\u00fcne kadar yanan alan\u0131n ba\u015fkent Lizbon\u2019un 10 kat b\u00fcy\u00fckl\u00fc\u011f\u00fcnde bir alana e\u015fit oldu\u011fu belirtiliyor. \u00d6zellikle \u00fclkenin kuzey b\u00f6lgesini etkileyen ve 120 bin hektardan fazla ormanl\u0131k","og_url":"https:\/\/kibrisdakik.com\/?p=63847","article_published_time":"2024-09-20T09:55:54+00:00","og_image":[{"width":1920,"height":1080,"url":"https:\/\/kibrisdakik.com\/wp-content\/uploads\/2024\/09\/portekiz6-740x420.jpg","type":"image\/jpeg"}],"author":"admin","twitter_card":"summary_large_image","twitter_misc":{"Yazan:":"admin","Tahmini okuma s\u00fcresi":"1 dakika"},"schema":{"@context":"https:\/\/schema.org","@graph":[{"@type":"Article","@id":"https:\/\/kibrisdakik.com\/?p=63847#article","isPartOf":{"@id":"https:\/\/kibrisdakik.com\/?p=63847"},"author":{"name":"admin","@id":"https:\/\/kibrisdakik.com\/#\/schema\/person\/9cd9d437bbb44f72b73ba127e06d8e79"},"headline":"Portekiz, tarihinin en b\u00fcy\u00fck orman yang\u0131nlar\u0131ndan dolay\u0131 ulusal yas ilan etti","datePublished":"2024-09-20T09:55:54+00:00","mainEntityOfPage":{"@id":"https:\/\/kibrisdakik.com\/?p=63847"},"wordCount":234,"commentCount":0,"image":{"@id":"https:\/\/kibrisdakik.com\/?p=63847#primaryimage"},"thumbnailUrl":"https:\/\/kibrisdakik.com\/wp-content\/uploads\/2024\/09\/portekiz6-740x420.jpg","articleSection":["G\u00fcndem"],"inLanguage":"tr","potentialAction":[{"@type":"CommentAction","name":"Comment","target":["https:\/\/kibrisdakik.com\/?p=63847#respond"]}]},{"@type":"WebPage","@id":"https:\/\/kibrisdakik.com\/?p=63847","url":"https:\/\/kibrisdakik.com\/?p=63847","name":"Portekiz, tarihinin en b\u00fcy\u00fck orman yang\u0131nlar\u0131ndan dolay\u0131 ulusal yas ilan etti -","isPartOf":{"@id":"https:\/\/kibrisdakik.com\/#website"},"primaryImageOfPage":{"@id":"https:\/\/kibrisdakik.com\/?p=63847#primaryimage"},"image":{"@id":"https:\/\/kibrisdakik.com\/?p=63847#primaryimage"},"thumbnailUrl":"https:\/\/kibrisdakik.com\/wp-content\/uploads\/2024\/09\/portekiz6-740x420.jpg","datePublished":"2024-09-20T09:55:54+00:00","author":{"@id":"https:\/\/kibrisdakik.com\/#\/schema\/person\/9cd9d437bbb44f72b73ba127e06d8e79"},"breadcrumb":{"@id":"https:\/\/kibrisdakik.com\/?p=63847#breadcrumb"},"inLanguage":"tr","potentialAction":[{"@type":"ReadAction","target":["https:\/\/kibrisdakik.com\/?p=63847"]}]},{"@type":"ImageObject","inLanguage":"tr","@id":"https:\/\/kibrisdakik.com\/?p=63847#primaryimage","url":"https:\/\/kibrisdakik.com\/wp-content\/uploads\/2024\/09\/portekiz6-740x420.jpg","contentUrl":"https:\/\/kibrisdakik.com\/wp-content\/uploads\/2024\/09\/portekiz6-740x420.jpg","width":1920,"height":1080},{"@type":"BreadcrumbList","@id":"https:\/\/kibrisdakik.com\/?p=63847#breadcrumb","itemListElement":[{"@type":"ListItem","position":1,"name":"Home","item":"https:\/\/kibrisdakik.com\/"},{"@type":"ListItem","position":2,"name":"Portekiz, tarihinin en b\u00fcy\u00fck orman yang\u0131nlar\u0131ndan dolay\u0131 ulusal yas ilan etti"}]},{"@type":"WebSite","@id":"https:\/\/kibrisdakik.com\/#website","url":"https:\/\/kibrisdakik.com\/","name":"","description":"Tam vaktinde haber","potentialAction":[{"@type":"SearchAction","target":{"@type":"EntryPoint","urlTemplate":"https:\/\/kibrisdakik.com\/?s={search_term_string}"},"query-input":{"@type":"PropertyValueSpecification","valueRequired":true,"valueName":"search_term_string"}}],"inLanguage":"tr"},{"@type":"Person","@id":"https:\/\/kibrisdakik.com\/#\/schema\/person\/9cd9d437bbb44f72b73ba127e06d8e79","name":"admin","image":{"@type":"ImageObject","inLanguage":"tr","@id":"https:\/\/secure.gravatar.com\/avatar\/ccc17943b9d660506c869530f897617f7cb1c21a4bf30023f252596d83e1f007?s=96&d=mm&r=g","url":"https:\/\/secure.gravatar.com\/avatar\/ccc17943b9d660506c869530f897617f7cb1c21a4bf30023f252596d83e1f007?s=96&d=mm&r=g","contentUrl":"https:\/\/secure.gravatar.com\/avatar\/ccc17943b9d660506c869530f897617f7cb1c21a4bf30023f252596d83e1f007?s=96&d=mm&r=g","caption":"admin"},"sameAs":["https:\/\/kibrisdakik.com"],"url":"https:\/\/kibrisdakik.com\/?author=1"}]}},"_links":{"self":[{"href":"https:\/\/kibrisdakik.com\/index.php?rest_route=\/wp\/v2\/posts\/63847","targetHints":{"allow":["GET"]}}],"collection":[{"href":"https:\/\/kibrisdakik.com\/index.php?rest_route=\/wp\/v2\/posts"}],"about":[{"href":"https:\/\/kibrisdakik.com\/index.php?rest_route=\/wp\/v2\/types\/post"}],"author":[{"embeddable":true,"href":"https:\/\/kibrisdakik.com\/index.php?rest_route=\/wp\/v2\/users\/1"}],"replies":[{"embeddable":true,"href":"https:\/\/kibrisdakik.com\/index.php?rest_route=%2Fwp%2Fv2%2Fcomments&post=63847"}],"version-history":[{"count":0,"href":"https:\/\/kibrisdakik.com\/index.php?rest_route=\/wp\/v2\/posts\/63847\/revisions"}],"wp:featuredmedia":[{"embeddable":true,"href":"https:\/\/kibrisdakik.com\/index.php?rest_route=\/wp\/v2\/media\/63848"}],"wp:attachment":[{"href":"https:\/\/kibrisdakik.com\/index.php?rest_route=%2Fwp%2Fv2%2Fmedia&parent=63847"}],"wp:term":[{"taxonomy":"category","embeddable":true,"href":"https:\/\/kibrisdakik.com\/index.php?rest_route=%2Fwp%2Fv2%2Fcategories&post=63847"},{"taxonomy":"post_tag","embeddable":true,"href":"https:\/\/kibrisdakik.com\/index.php?rest_route=%2Fwp%2Fv2%2Ftags&post=63847"}],"curies":[{"name":"wp","href":"https:\/\/api.w.org\/{rel}","templated":true}]}}