{"id":63866,"date":"2024-09-20T17:27:00","date_gmt":"2024-09-20T14:27:00","guid":{"rendered":"https:\/\/kibrisdakik.com\/index.php\/2024\/09\/20\/ukrayna-devlet-baskani-zelenskiy-26-eylulde-abd-baskani-bidena-zafer-planini-sunacak\/"},"modified":"2024-09-20T17:27:00","modified_gmt":"2024-09-20T14:27:00","slug":"ukrayna-devlet-baskani-zelenskiy-26-eylulde-abd-baskani-bidena-zafer-planini-sunacak","status":"publish","type":"post","link":"https:\/\/kibrisdakik.com\/?p=63866","title":{"rendered":"Ukrayna Devlet Ba\u015fkan\u0131 Zelenskiy, 26 Eyl\u00fcl&#8217;de ABD Ba\u015fkan\u0131 Biden&#8217;a zafer plan\u0131n\u0131 sunacak"},"content":{"rendered":"<p><img decoding=\"async\" src=\"https:\/\/i.dunya.com\/storage\/files\/images\/2024\/09\/20\/zelenski-19tf_cover.png\" \/><\/p>\n<div>\n<p><strong>Ukrayna<\/strong> Devlet Ba\u015fkan\u0131 <strong>Volodimir Zelenskiy<\/strong>, \u00fclkesinde temaslarda bulunan <strong>Avrupa Birli\u011fi (AB)<\/strong> Komisyonu Ba\u015fkan\u0131<strong> Ursula von der Leyen<\/strong>&#8216;i ba\u015fkent Kiev&#8217;deki Devlet Ba\u015fkanl\u0131\u011f\u0131 Ofisi&#8217;nde kabul etti.<\/p>\n<p>\u0130kili g\u00f6r\u00fc\u015fmenin ard\u0131ndan ortak bas\u0131n toplant\u0131s\u0131nda konu\u015fan Zelenskiy, Rus sald\u0131r\u0131lar\u0131nda hasar g\u00f6ren enerji sistemlerinin onar\u0131lmas\u0131 ve Ukrayna ordusuna destek konular\u0131n\u0131 ele ald\u0131klar\u0131n\u0131 s\u00f6yledi.<\/p>\n<p>AB&#8217;nin Ukrayna&#8217;ya yakla\u015f\u0131k 160 milyon avroluk destek ay\u0131rd\u0131\u011f\u0131n\u0131 dile getiren Zelenskiy, tutar\u0131n 100 milyonluk k\u0131sm\u0131n\u0131n dondurulmu\u015f Rus varl\u0131klar\u0131ndan elde edildi\u011fi bilgisini payla\u015ft\u0131.<\/p>\n<h4>Ukrayna&#8217;n\u0131n zafer plan\u0131<\/h4>\n<p>Zelenskiy, Rusya-Ukrayna Sava\u015f\u0131&#8217;n\u0131 sona erdirmek i\u00e7in zafer plan\u0131 haz\u0131rlad\u0131klar\u0131n\u0131 ancak detaylar\u0131 konusunda bilgilendirme yapmad\u0131klar\u0131n\u0131 s\u00f6yledi.<\/p>\n<p>Plan\u0131 26 Eyl\u00fcl&#8217;de ABD Ba\u015fkan\u0131 Biden&#8217;a sunmak istediklerini anlatan Zelenskiy &#8220;<strong>\u00c7\u00fcnk\u00fc plana ili\u015fkin kararlar, \u00e7o\u011funlukla ona (Biden) ba\u011fl\u0131. Ayr\u0131ca di\u011fer m\u00fcttefiklere de ba\u011fl\u0131 ancak burada \u00f6zellikle ABD&#8217;nin olumlu iradesine ve deste\u011fine ba\u011fl\u0131 olan noktalar var<\/strong>&#8221; dedi.<\/p>\n<p>Plan\u0131n gelecek aylarda Ukrayna m\u00fcttefiklerinin h\u0131zl\u0131 kararlar verebilmelerine y\u00f6nelik haz\u0131rland\u0131\u011f\u0131na dikkati \u00e7eken Zelenskiy, &#8220;Plan, ekim ay\u0131ndan aral\u0131k ay\u0131na kadar al\u0131nmas\u0131 gereken kararlar i\u00e7in tasarland\u0131. Bu s\u00fcre\u00e7leri uzatmay\u0131n, bunu ger\u00e7ekten \u00e7ok istiyoruz. O zaman plan\u0131n i\u015fe yarayaca\u011f\u0131na inanaca\u011f\u0131z.&#8221; ifadelerini kulland\u0131.<\/p>\n<p>Biden&#8217;\u0131n plan\u0131 onaylamamas\u0131 halinde Ukrayna&#8217;n\u0131n<strong> &#8220;B&#8221; plan\u0131<\/strong>n\u0131n olup olmad\u0131\u011f\u0131 sorusunu yan\u0131tlayan Zelenskiy, &#8220;<strong>A plan\u0131, Ukrayna&#8217;y\u0131 silahlarla g\u00fc\u00e7lendirmek ve Rusya Federasyonu&#8217;na tam kapsaml\u0131 bir i\u015fgal d\u00fc\u015f\u00fcncesinden bile korkacak \u015fekilde \u00f6nleyici yapt\u0131r\u0131mlar uygulamakt\u0131. Dolay\u0131s\u0131yla biz zaten bu plan\u0131n (B plan) i\u00e7inde var\u0131z ve ya\u015f\u0131yoruz<\/strong>&#8221; dedi.<\/p>\n<p>Zelenskiy, ABD temaslar\u0131 kapsam\u0131nda eski Ba\u015fkan ve Cumhuriyet\u00e7ilerin aday\u0131 Donald Trump ile de bir araya gelip Rusya-Ukrayna Sava\u015f\u0131&#8217;n\u0131n sona erdirilmesi konusunda kendisinden bilgi almak istedi\u011fini s\u00f6yledi.<\/p>\n<p>Ukrayna olarak ikinci bar\u0131\u015f zirvesi i\u00e7in haz\u0131rl\u0131k yapt\u0131\u011f\u0131n\u0131 dile getiren Zelenskiy, &#8220;Bu y\u0131l ikinci Bar\u0131\u015f Zirvesi&#8217;ni d\u00fczenlemek i\u00e7in Ukrayna&#8217;y\u0131 m\u00fcmk\u00fcn oldu\u011funca g\u00fc\u00e7lendirmeliyiz. Bu, sava\u015fa son verebilecek bir zirve.&#8221; \u015feklinde konu\u015ftu.<\/p>\n<h4>AB&#8217;den Ukrayna&#8217;ya 35 milyon Euroluk kredi deste\u011fi<\/h4>\n<p>Ursula von der Leyen de Rusya&#8217;n\u0131n sald\u0131r\u0131lar\u0131 nedeniyle hasar g\u00f6ren enerji sistemlerinin onar\u0131lmas\u0131 i\u00e7in Ukrayna&#8217;y\u0131 destekleyeceklerini ifade etti.<\/p>\n<p>Von der Leyen, AB olarak \u00f6zelikle k\u0131\u015f\u0131n Ukrayna&#8217;n\u0131n ihtiya\u00e7 duydu\u011fu enerjinin y\u00fczde 25&#8217;ini kar\u015f\u0131lamak i\u00e7in bir plan haz\u0131rlad\u0131klar\u0131n\u0131 bildirdi.<\/p>\n<p>Avrupa Komisyonunun, G7 \u00fclkeleri taraf\u0131ndan kabul edilen yard\u0131m paketinden Ukrayna&#8217;ya 35 milyar avroya kadar kredi ayr\u0131lmas\u0131n\u0131 sa\u011flayacak \u00f6nerileri onaylad\u0131\u011f\u0131n\u0131 anlatan von der Leyen, \u015funlar\u0131 kaydetti:<\/p>\n<p>&#8220;Bu kredinin do\u011frudan devlet b\u00fct\u00e7enize aktar\u0131lmas\u0131 \u00e7ok \u00f6nemli. Bu, Ukrayna&#8217;n\u0131n makro finansal istikrar\u0131n\u0131 art\u0131racak ve size \u00f6nemli mali destek sa\u011flayacakt\u0131r. Bu fonlar\u0131 en iyi nas\u0131l kullanaca\u011f\u0131n\u0131za siz karar vereceksiniz.&#8221;<\/p>\n<p>Kredinin Ukrayna&#8217;ya sa\u011flanmas\u0131 i\u00e7in y\u0131l sonuna kadar AB Konseyi ve Avrupa Parlamentosunda gerekli onay prosed\u00fcrlerinden ge\u00e7mesi gerekti\u011fini ifade eden von der Leyen, &#8220;<strong>O zaman kredi emrinizde olacak<\/strong>&#8221; dedi.<\/p>\n<p>Von der Leyen, sava\u015f\u0131n ba\u015f\u0131ndan beri AB&#8217;nin Ukrayna&#8217;ya 118 milyar Euro&#8217;nun \u00fczerinde yard\u0131m sa\u011flad\u0131\u011f\u0131n\u0131 s\u00f6zlerine ekledi.<\/p>\n<\/p><\/div>\n","protected":false},"excerpt":{"rendered":"<p>Ukrayna Devlet Ba\u015fkan\u0131 Volodimir Zelenskiy, \u00fclkesinde temaslarda bulunan Avrupa Birli\u011fi (AB) Komisyonu Ba\u015fkan\u0131 Ursula von der Leyen&#8216;i ba\u015fkent Kiev&#8217;deki Devlet Ba\u015fkanl\u0131\u011f\u0131 Ofisi&#8217;nde kabul etti. \u0130kili g\u00f6r\u00fc\u015fmenin ard\u0131ndan ortak bas\u0131n toplant\u0131s\u0131nda konu\u015fan Zelenskiy, Rus sald\u0131r\u0131lar\u0131nda hasar g\u00f6ren enerji sistemlerinin onar\u0131lmas\u0131 ve Ukrayna ordusuna destek konular\u0131n\u0131 ele ald\u0131klar\u0131n\u0131 s\u00f6yledi. AB&#8217;nin Ukrayna&#8217;ya yakla\u015f\u0131k 160 milyon avroluk destek ay\u0131rd\u0131\u011f\u0131n\u0131<\/p>\n","protected":false},"author":1,"featured_media":63867,"comment_status":"open","ping_status":"open","sticky":false,"template":"","format":"standard","meta":{"footnotes":""},"categories":[83],"tags":[],"class_list":["post-63866","post","type-post","status-publish","format-standard","has-post-thumbnail","hentry","category-magazin"],"yoast_head":"<!-- This site is optimized with the Yoast SEO plugin v28.3 - https:\/\/yoast.com\/product\/yoast-seo-wordpress\/ -->\n<title>Ukrayna Devlet Ba\u015fkan\u0131 Zelenskiy, 26 Eyl\u00fcl&#039;de ABD Ba\u015fkan\u0131 Biden&#039;a zafer plan\u0131n\u0131 sunacak -<\/title>\n<meta name=\"robots\" content=\"index, follow, max-snippet:-1, max-image-preview:large, max-video-preview:-1\" \/>\n<link rel=\"canonical\" href=\"https:\/\/kibrisdakik.com\/?p=63866\" \/>\n<meta property=\"og:locale\" content=\"tr_TR\" \/>\n<meta property=\"og:type\" content=\"article\" \/>\n<meta property=\"og:title\" content=\"Ukrayna Devlet Ba\u015fkan\u0131 Zelenskiy, 26 Eyl\u00fcl&#039;de ABD Ba\u015fkan\u0131 Biden&#039;a zafer plan\u0131n\u0131 sunacak -\" \/>\n<meta property=\"og:description\" content=\"Ukrayna Devlet Ba\u015fkan\u0131 Volodimir Zelenskiy, \u00fclkesinde temaslarda bulunan Avrupa Birli\u011fi (AB) Komisyonu Ba\u015fkan\u0131 Ursula von der Leyen&#8216;i ba\u015fkent Kiev&#8217;deki Devlet Ba\u015fkanl\u0131\u011f\u0131 Ofisi&#8217;nde kabul etti. \u0130kili g\u00f6r\u00fc\u015fmenin ard\u0131ndan ortak bas\u0131n toplant\u0131s\u0131nda konu\u015fan Zelenskiy, Rus sald\u0131r\u0131lar\u0131nda hasar g\u00f6ren enerji sistemlerinin onar\u0131lmas\u0131 ve Ukrayna ordusuna destek konular\u0131n\u0131 ele ald\u0131klar\u0131n\u0131 s\u00f6yledi. AB&#8217;nin Ukrayna&#8217;ya yakla\u015f\u0131k 160 milyon avroluk destek ay\u0131rd\u0131\u011f\u0131n\u0131\" \/>\n<meta property=\"og:url\" content=\"https:\/\/kibrisdakik.com\/?p=63866\" \/>\n<meta property=\"article:published_time\" content=\"2024-09-20T14:27:00+00:00\" \/>\n<meta property=\"og:image\" content=\"https:\/\/kibrisdakik.com\/wp-content\/uploads\/2024\/09\/zelenski-19tf_cover-740x420.png\" \/>\n\t<meta property=\"og:image:width\" content=\"1280\" \/>\n\t<meta property=\"og:image:height\" content=\"720\" \/>\n\t<meta property=\"og:image:type\" content=\"image\/png\" \/>\n<meta name=\"author\" content=\"admin\" \/>\n<meta name=\"twitter:card\" content=\"summary_large_image\" \/>\n<meta name=\"twitter:label1\" content=\"Yazan:\" \/>\n\t<meta name=\"twitter:data1\" content=\"admin\" \/>\n\t<meta name=\"twitter:label2\" content=\"Tahmini okuma s\u00fcresi\" \/>\n\t<meta name=\"twitter:data2\" content=\"3 dakika\" \/>\n<script type=\"application\/ld+json\" class=\"yoast-schema-graph\">{\"@context\":\"https:\\\/\\\/schema.org\",\"@graph\":[{\"@type\":\"Article\",\"@id\":\"https:\\\/\\\/kibrisdakik.com\\\/?p=63866#article\",\"isPartOf\":{\"@id\":\"https:\\\/\\\/kibrisdakik.com\\\/?p=63866\"},\"author\":{\"name\":\"admin\",\"@id\":\"https:\\\/\\\/kibrisdakik.com\\\/#\\\/schema\\\/person\\\/9cd9d437bbb44f72b73ba127e06d8e79\"},\"headline\":\"Ukrayna Devlet Ba\u015fkan\u0131 Zelenskiy, 26 Eyl\u00fcl&#8217;de ABD Ba\u015fkan\u0131 Biden&#8217;a zafer plan\u0131n\u0131 sunacak\",\"datePublished\":\"2024-09-20T14:27:00+00:00\",\"mainEntityOfPage\":{\"@id\":\"https:\\\/\\\/kibrisdakik.com\\\/?p=63866\"},\"wordCount\":592,\"commentCount\":0,\"publisher\":{\"@id\":\"https:\\\/\\\/kibrisdakik.com\\\/#organization\"},\"image\":{\"@id\":\"https:\\\/\\\/kibrisdakik.com\\\/?p=63866#primaryimage\"},\"thumbnailUrl\":\"https:\\\/\\\/kibrisdakik.com\\\/wp-content\\\/uploads\\\/2024\\\/09\\\/zelenski-19tf_cover-740x420.png\",\"articleSection\":[\"Magazin\"],\"inLanguage\":\"tr\",\"potentialAction\":[{\"@type\":\"CommentAction\",\"name\":\"Comment\",\"target\":[\"https:\\\/\\\/kibrisdakik.com\\\/?p=63866#respond\"]}]},{\"@type\":\"WebPage\",\"@id\":\"https:\\\/\\\/kibrisdakik.com\\\/?p=63866\",\"url\":\"https:\\\/\\\/kibrisdakik.com\\\/?p=63866\",\"name\":\"Ukrayna Devlet Ba\u015fkan\u0131 Zelenskiy, 26 Eyl\u00fcl'de ABD Ba\u015fkan\u0131 Biden'a zafer plan\u0131n\u0131 sunacak -\",\"isPartOf\":{\"@id\":\"https:\\\/\\\/kibrisdakik.com\\\/#website\"},\"primaryImageOfPage\":{\"@id\":\"https:\\\/\\\/kibrisdakik.com\\\/?p=63866#primaryimage\"},\"image\":{\"@id\":\"https:\\\/\\\/kibrisdakik.com\\\/?p=63866#primaryimage\"},\"thumbnailUrl\":\"https:\\\/\\\/kibrisdakik.com\\\/wp-content\\\/uploads\\\/2024\\\/09\\\/zelenski-19tf_cover-740x420.png\",\"datePublished\":\"2024-09-20T14:27:00+00:00\",\"breadcrumb\":{\"@id\":\"https:\\\/\\\/kibrisdakik.com\\\/?p=63866#breadcrumb\"},\"inLanguage\":\"tr\",\"potentialAction\":[{\"@type\":\"ReadAction\",\"target\":[\"https:\\\/\\\/kibrisdakik.com\\\/?p=63866\"]}]},{\"@type\":\"ImageObject\",\"inLanguage\":\"tr\",\"@id\":\"https:\\\/\\\/kibrisdakik.com\\\/?p=63866#primaryimage\",\"url\":\"https:\\\/\\\/kibrisdakik.com\\\/wp-content\\\/uploads\\\/2024\\\/09\\\/zelenski-19tf_cover-740x420.png\",\"contentUrl\":\"https:\\\/\\\/kibrisdakik.com\\\/wp-content\\\/uploads\\\/2024\\\/09\\\/zelenski-19tf_cover-740x420.png\",\"width\":1280,\"height\":720},{\"@type\":\"BreadcrumbList\",\"@id\":\"https:\\\/\\\/kibrisdakik.com\\\/?p=63866#breadcrumb\",\"itemListElement\":[{\"@type\":\"ListItem\",\"position\":1,\"name\":\"Home\",\"item\":\"https:\\\/\\\/kibrisdakik.com\\\/\"},{\"@type\":\"ListItem\",\"position\":2,\"name\":\"Ukrayna Devlet Ba\u015fkan\u0131 Zelenskiy, 26 Eyl\u00fcl&#8217;de ABD Ba\u015fkan\u0131 Biden&#8217;a zafer plan\u0131n\u0131 sunacak\"}]},{\"@type\":\"WebSite\",\"@id\":\"https:\\\/\\\/kibrisdakik.com\\\/#website\",\"url\":\"https:\\\/\\\/kibrisdakik.com\\\/\",\"name\":\"K\u0131br\u0131s Dakik\",\"description\":\"Tam vaktinde haber\",\"publisher\":{\"@id\":\"https:\\\/\\\/kibrisdakik.com\\\/#organization\"},\"potentialAction\":[{\"@type\":\"SearchAction\",\"target\":{\"@type\":\"EntryPoint\",\"urlTemplate\":\"https:\\\/\\\/kibrisdakik.com\\\/?s={search_term_string}\"},\"query-input\":{\"@type\":\"PropertyValueSpecification\",\"valueRequired\":true,\"valueName\":\"search_term_string\"}}],\"inLanguage\":\"tr\"},{\"@type\":\"Organization\",\"@id\":\"https:\\\/\\\/kibrisdakik.com\\\/#organization\",\"name\":\"K\u0131br\u0131s Dakik\",\"url\":\"https:\\\/\\\/kibrisdakik.com\\\/\",\"logo\":{\"@type\":\"ImageObject\",\"inLanguage\":\"tr\",\"@id\":\"https:\\\/\\\/kibrisdakik.com\\\/#\\\/schema\\\/logo\\\/image\\\/\",\"url\":\"https:\\\/\\\/kibrisdakik.com\\\/wp-content\\\/uploads\\\/2025\\\/10\\\/cropped-WhatsApp-Image-2025-10-02-at-12.58.31.jpeg\",\"contentUrl\":\"https:\\\/\\\/kibrisdakik.com\\\/wp-content\\\/uploads\\\/2025\\\/10\\\/cropped-WhatsApp-Image-2025-10-02-at-12.58.31.jpeg\",\"width\":1237,\"height\":190,\"caption\":\"K\u0131br\u0131s Dakik\"},\"image\":{\"@id\":\"https:\\\/\\\/kibrisdakik.com\\\/#\\\/schema\\\/logo\\\/image\\\/\"}},{\"@type\":\"Person\",\"@id\":\"https:\\\/\\\/kibrisdakik.com\\\/#\\\/schema\\\/person\\\/9cd9d437bbb44f72b73ba127e06d8e79\",\"name\":\"admin\",\"image\":{\"@type\":\"ImageObject\",\"inLanguage\":\"tr\",\"@id\":\"https:\\\/\\\/secure.gravatar.com\\\/avatar\\\/ccc17943b9d660506c869530f897617f7cb1c21a4bf30023f252596d83e1f007?s=96&d=mm&r=g\",\"url\":\"https:\\\/\\\/secure.gravatar.com\\\/avatar\\\/ccc17943b9d660506c869530f897617f7cb1c21a4bf30023f252596d83e1f007?s=96&d=mm&r=g\",\"contentUrl\":\"https:\\\/\\\/secure.gravatar.com\\\/avatar\\\/ccc17943b9d660506c869530f897617f7cb1c21a4bf30023f252596d83e1f007?s=96&d=mm&r=g\",\"caption\":\"admin\"},\"sameAs\":[\"https:\\\/\\\/kibrisdakik.com\"],\"url\":\"https:\\\/\\\/kibrisdakik.com\\\/?author=1\"}]}<\/script>\n<!-- \/ Yoast SEO plugin. -->","yoast_head_json":{"title":"Ukrayna Devlet Ba\u015fkan\u0131 Zelenskiy, 26 Eyl\u00fcl'de ABD Ba\u015fkan\u0131 Biden'a zafer plan\u0131n\u0131 sunacak -","robots":{"index":"index","follow":"follow","max-snippet":"max-snippet:-1","max-image-preview":"max-image-preview:large","max-video-preview":"max-video-preview:-1"},"canonical":"https:\/\/kibrisdakik.com\/?p=63866","og_locale":"tr_TR","og_type":"article","og_title":"Ukrayna Devlet Ba\u015fkan\u0131 Zelenskiy, 26 Eyl\u00fcl'de ABD Ba\u015fkan\u0131 Biden'a zafer plan\u0131n\u0131 sunacak -","og_description":"Ukrayna Devlet Ba\u015fkan\u0131 Volodimir Zelenskiy, \u00fclkesinde temaslarda bulunan Avrupa Birli\u011fi (AB) Komisyonu Ba\u015fkan\u0131 Ursula von der Leyen&#8216;i ba\u015fkent Kiev&#8217;deki Devlet Ba\u015fkanl\u0131\u011f\u0131 Ofisi&#8217;nde kabul etti. \u0130kili g\u00f6r\u00fc\u015fmenin ard\u0131ndan ortak bas\u0131n toplant\u0131s\u0131nda konu\u015fan Zelenskiy, Rus sald\u0131r\u0131lar\u0131nda hasar g\u00f6ren enerji sistemlerinin onar\u0131lmas\u0131 ve Ukrayna ordusuna destek konular\u0131n\u0131 ele ald\u0131klar\u0131n\u0131 s\u00f6yledi. AB&#8217;nin Ukrayna&#8217;ya yakla\u015f\u0131k 160 milyon avroluk destek ay\u0131rd\u0131\u011f\u0131n\u0131","og_url":"https:\/\/kibrisdakik.com\/?p=63866","article_published_time":"2024-09-20T14:27:00+00:00","og_image":[{"width":1280,"height":720,"url":"https:\/\/kibrisdakik.com\/wp-content\/uploads\/2024\/09\/zelenski-19tf_cover-740x420.png","type":"image\/png"}],"author":"admin","twitter_card":"summary_large_image","twitter_misc":{"Yazan:":"admin","Tahmini okuma s\u00fcresi":"3 dakika"},"schema":{"@context":"https:\/\/schema.org","@graph":[{"@type":"Article","@id":"https:\/\/kibrisdakik.com\/?p=63866#article","isPartOf":{"@id":"https:\/\/kibrisdakik.com\/?p=63866"},"author":{"name":"admin","@id":"https:\/\/kibrisdakik.com\/#\/schema\/person\/9cd9d437bbb44f72b73ba127e06d8e79"},"headline":"Ukrayna Devlet Ba\u015fkan\u0131 Zelenskiy, 26 Eyl\u00fcl&#8217;de ABD Ba\u015fkan\u0131 Biden&#8217;a zafer plan\u0131n\u0131 sunacak","datePublished":"2024-09-20T14:27:00+00:00","mainEntityOfPage":{"@id":"https:\/\/kibrisdakik.com\/?p=63866"},"wordCount":592,"commentCount":0,"publisher":{"@id":"https:\/\/kibrisdakik.com\/#organization"},"image":{"@id":"https:\/\/kibrisdakik.com\/?p=63866#primaryimage"},"thumbnailUrl":"https:\/\/kibrisdakik.com\/wp-content\/uploads\/2024\/09\/zelenski-19tf_cover-740x420.png","articleSection":["Magazin"],"inLanguage":"tr","potentialAction":[{"@type":"CommentAction","name":"Comment","target":["https:\/\/kibrisdakik.com\/?p=63866#respond"]}]},{"@type":"WebPage","@id":"https:\/\/kibrisdakik.com\/?p=63866","url":"https:\/\/kibrisdakik.com\/?p=63866","name":"Ukrayna Devlet Ba\u015fkan\u0131 Zelenskiy, 26 Eyl\u00fcl'de ABD Ba\u015fkan\u0131 Biden'a zafer plan\u0131n\u0131 sunacak -","isPartOf":{"@id":"https:\/\/kibrisdakik.com\/#website"},"primaryImageOfPage":{"@id":"https:\/\/kibrisdakik.com\/?p=63866#primaryimage"},"image":{"@id":"https:\/\/kibrisdakik.com\/?p=63866#primaryimage"},"thumbnailUrl":"https:\/\/kibrisdakik.com\/wp-content\/uploads\/2024\/09\/zelenski-19tf_cover-740x420.png","datePublished":"2024-09-20T14:27:00+00:00","breadcrumb":{"@id":"https:\/\/kibrisdakik.com\/?p=63866#breadcrumb"},"inLanguage":"tr","potentialAction":[{"@type":"ReadAction","target":["https:\/\/kibrisdakik.com\/?p=63866"]}]},{"@type":"ImageObject","inLanguage":"tr","@id":"https:\/\/kibrisdakik.com\/?p=63866#primaryimage","url":"https:\/\/kibrisdakik.com\/wp-content\/uploads\/2024\/09\/zelenski-19tf_cover-740x420.png","contentUrl":"https:\/\/kibrisdakik.com\/wp-content\/uploads\/2024\/09\/zelenski-19tf_cover-740x420.png","width":1280,"height":720},{"@type":"BreadcrumbList","@id":"https:\/\/kibrisdakik.com\/?p=63866#breadcrumb","itemListElement":[{"@type":"ListItem","position":1,"name":"Home","item":"https:\/\/kibrisdakik.com\/"},{"@type":"ListItem","position":2,"name":"Ukrayna Devlet Ba\u015fkan\u0131 Zelenskiy, 26 Eyl\u00fcl&#8217;de ABD Ba\u015fkan\u0131 Biden&#8217;a zafer plan\u0131n\u0131 sunacak"}]},{"@type":"WebSite","@id":"https:\/\/kibrisdakik.com\/#website","url":"https:\/\/kibrisdakik.com\/","name":"K\u0131br\u0131s Dakik","description":"Tam vaktinde haber","publisher":{"@id":"https:\/\/kibrisdakik.com\/#organization"},"potentialAction":[{"@type":"SearchAction","target":{"@type":"EntryPoint","urlTemplate":"https:\/\/kibrisdakik.com\/?s={search_term_string}"},"query-input":{"@type":"PropertyValueSpecification","valueRequired":true,"valueName":"search_term_string"}}],"inLanguage":"tr"},{"@type":"Organization","@id":"https:\/\/kibrisdakik.com\/#organization","name":"K\u0131br\u0131s Dakik","url":"https:\/\/kibrisdakik.com\/","logo":{"@type":"ImageObject","inLanguage":"tr","@id":"https:\/\/kibrisdakik.com\/#\/schema\/logo\/image\/","url":"https:\/\/kibrisdakik.com\/wp-content\/uploads\/2025\/10\/cropped-WhatsApp-Image-2025-10-02-at-12.58.31.jpeg","contentUrl":"https:\/\/kibrisdakik.com\/wp-content\/uploads\/2025\/10\/cropped-WhatsApp-Image-2025-10-02-at-12.58.31.jpeg","width":1237,"height":190,"caption":"K\u0131br\u0131s Dakik"},"image":{"@id":"https:\/\/kibrisdakik.com\/#\/schema\/logo\/image\/"}},{"@type":"Person","@id":"https:\/\/kibrisdakik.com\/#\/schema\/person\/9cd9d437bbb44f72b73ba127e06d8e79","name":"admin","image":{"@type":"ImageObject","inLanguage":"tr","@id":"https:\/\/secure.gravatar.com\/avatar\/ccc17943b9d660506c869530f897617f7cb1c21a4bf30023f252596d83e1f007?s=96&d=mm&r=g","url":"https:\/\/secure.gravatar.com\/avatar\/ccc17943b9d660506c869530f897617f7cb1c21a4bf30023f252596d83e1f007?s=96&d=mm&r=g","contentUrl":"https:\/\/secure.gravatar.com\/avatar\/ccc17943b9d660506c869530f897617f7cb1c21a4bf30023f252596d83e1f007?s=96&d=mm&r=g","caption":"admin"},"sameAs":["https:\/\/kibrisdakik.com"],"url":"https:\/\/kibrisdakik.com\/?author=1"}]}},"_links":{"self":[{"href":"https:\/\/kibrisdakik.com\/index.php?rest_route=\/wp\/v2\/posts\/63866","targetHints":{"allow":["GET"]}}],"collection":[{"href":"https:\/\/kibrisdakik.com\/index.php?rest_route=\/wp\/v2\/posts"}],"about":[{"href":"https:\/\/kibrisdakik.com\/index.php?rest_route=\/wp\/v2\/types\/post"}],"author":[{"embeddable":true,"href":"https:\/\/kibrisdakik.com\/index.php?rest_route=\/wp\/v2\/users\/1"}],"replies":[{"embeddable":true,"href":"https:\/\/kibrisdakik.com\/index.php?rest_route=%2Fwp%2Fv2%2Fcomments&post=63866"}],"version-history":[{"count":0,"href":"https:\/\/kibrisdakik.com\/index.php?rest_route=\/wp\/v2\/posts\/63866\/revisions"}],"wp:featuredmedia":[{"embeddable":true,"href":"https:\/\/kibrisdakik.com\/index.php?rest_route=\/wp\/v2\/media\/63867"}],"wp:attachment":[{"href":"https:\/\/kibrisdakik.com\/index.php?rest_route=%2Fwp%2Fv2%2Fmedia&parent=63866"}],"wp:term":[{"taxonomy":"category","embeddable":true,"href":"https:\/\/kibrisdakik.com\/index.php?rest_route=%2Fwp%2Fv2%2Fcategories&post=63866"},{"taxonomy":"post_tag","embeddable":true,"href":"https:\/\/kibrisdakik.com\/index.php?rest_route=%2Fwp%2Fv2%2Ftags&post=63866"}],"curies":[{"name":"wp","href":"https:\/\/api.w.org\/{rel}","templated":true}]}}