{"id":63881,"date":"2024-09-20T14:34:38","date_gmt":"2024-09-20T11:34:38","guid":{"rendered":"https:\/\/kibrisdakik.com\/index.php\/2024\/09\/20\/21-eylul-alzheimer-gunu-saglik-bakanligi-65-yas-ustu-bireyler-saglik-merkezlerindeki-bilissel-taramaya-katilsin\/"},"modified":"2024-09-20T14:34:38","modified_gmt":"2024-09-20T11:34:38","slug":"21-eylul-alzheimer-gunu-saglik-bakanligi-65-yas-ustu-bireyler-saglik-merkezlerindeki-bilissel-taramaya-katilsin","status":"publish","type":"post","link":"https:\/\/kibrisdakik.com\/?p=63881","title":{"rendered":"21 Eyl\u00fcl Alzheimer G\u00fcn\u00fc\u2026 Sa\u011fl\u0131k Bakanl\u0131\u011f\u0131: \u201c65 ya\u015f \u00fcst\u00fc bireyler sa\u011fl\u0131k merkezlerindeki bili\u015fsel taramaya kat\u0131ls\u0131n\u201d"},"content":{"rendered":"<p><\/p>\n<div>\n<div class=\"mariselle-image-container center\">\n                <img loading=\"lazy\" decoding=\"async\" width=\"1080\" height=\"1080\" class=\"lazy-image\" alt=\"\" sizes=\"auto, (max-width: 1080px) 100vw, 1080px\" src=\"https:\/\/brtk.net\/wp-content\/uploads\/2024\/09\/20\/alzehimer.jpg?ver=bdbf72a1bd4144a33584913f0cf14e4a\" srcset=\"https:\/\/brtk.net\/wp-content\/uploads\/2024\/09\/20\/alzehimer.jpg?ver=bdbf72a1bd4144a33584913f0cf14e4a 1080w, https:\/\/brtk.net\/wp-content\/uploads\/2024\/09\/20\/alzehimer-300x300.jpg?ver=d509749230c43fe26cef9454b466a82c 300w, https:\/\/brtk.net\/wp-content\/uploads\/2024\/09\/20\/alzehimer-1024x1024.jpg?ver=d509749230c43fe26cef9454b466a82c 1024w, https:\/\/brtk.net\/wp-content\/uploads\/2024\/09\/20\/alzehimer-150x150.jpg?ver=d509749230c43fe26cef9454b466a82c 150w, https:\/\/brtk.net\/wp-content\/uploads\/2024\/09\/20\/alzehimer-768x768.jpg?ver=d509749230c43fe26cef9454b466a82c 768w, https:\/\/brtk.net\/wp-content\/uploads\/2024\/09\/20\/alzehimer-800x800.jpg?ver=166795187ae859fcf37b0e35b592cbd8 800w\"\/>                            <\/div>\n<p>Sa\u011fl\u0131k Bakanl\u0131\u011f\u0131, 65 ya\u015f \u00fcst\u00fc ki\u015filere sa\u011fl\u0131k merkezlerine giderek bili\u015fsel tarama yapt\u0131rmalar\u0131 \u00e7a\u011fr\u0131s\u0131nda bulundu.<\/p>\n<p>Sa\u011fl\u0131k Bakanl\u0131\u011f\u0131, bu y\u0131lki temas\u0131 \u201cDemas\u0131 Tan\u0131y\u0131n, Alzheimeri Tan\u0131y\u0131n\u201d olarak belirlenen, 21 Eyl\u00fcl Alzheimer G\u00fcn\u00fc nedeniyle yaz\u0131l\u0131 a\u00e7\u0131klama yapt\u0131.<\/p>\n<p>A\u00e7\u0131klamadas, demans\u0131n (bunama), unutkanl\u0131\u011f\u0131 ortaya \u00e7\u0131karan hastal\u0131klar\u0131n genel ad\u0131, Alzheimer\u2019in de en fazla tespit edilen demans hastal\u0131klar\u0131ndan biri oldu\u011fu kaydedildi.<\/p>\n<p>-\u201cHer unutkanl\u0131k Alzheimer de\u011fil\u201d<\/p>\n<p>Hastalar\u0131n 4\u2019te 1\u2019inin n\u00f6rolojiye unutkanl\u0131k \u015fikayetiyle ba\u015fvurdu\u011funu ancak her unutkanl\u0131\u011f\u0131n Alzheimer olmad\u0131\u011f\u0131 belirtilen a\u00e7\u0131klamada, dejeneratif bir hastal\u0131k olan Alzheimerin bili\u015fsel (kognitif) bozukluk, duygusal farkl\u0131l\u0131klar, davran\u0131\u015flardaki de\u011fi\u015fiklikler, fiziksel ve i\u015flevsel gerileme belirtileriyle kendini g\u00f6sterdi\u011fi kaydedildi.<\/p>\n<p>-\u201cRisk ya\u015fland\u0131k\u00e7a art\u0131yor\u201d<\/p>\n<p>65 ile 85 ya\u015flar\u0131 aras\u0131nda Alzheimer hastal\u0131\u011f\u0131n\u0131n g\u00f6r\u00fclme s\u0131kl\u0131\u011f\u0131n\u0131n her 5 y\u0131lda bir 2\u2019ye katland\u0131\u011f\u0131 vurgulanan  a\u00e7\u0131klamada,  ya\u015f\u0131n ilerlemesinin ilk s\u0131radaki risk fakt\u00f6r\u00fc oldu\u011fu, genetik fakt\u00f6rlerin de etkisiyle ya\u015flanan ki\u015filerin Alzheimer hastal\u0131\u011f\u0131na yakalanma olas\u0131l\u0131\u011f\u0131n\u0131n y\u00fckseldi\u011fi ifade edildi.<\/p>\n<p>-\u0130lk 10 belirti<\/p>\n<p>Alzheimer hastal\u0131\u011f\u0131n\u0131n ilk 10 belirtisi \u015f\u00f6yle s\u0131raland\u0131:<\/p>\n<p>\u201cUnutkanl\u0131k; yol bulma sorunlar; zaman \u015fa\u015f\u0131rma; kelime haznesinin azalmas\u0131; karar verme sorunlar\u0131; muhakeme yetene\u011finin kaybolmas\u0131; ki\u015filik ve huy de\u011fi\u015fiklikleri; \u00e7e\u015fitli davran\u0131\u015f de\u011fi\u015fiklikleri; olaylara ilgi azalmas\u0131; g\u00fcnl\u00fck ya\u015fam becerilerini yerine getirmekte g\u00fc\u00e7l\u00fck\u2026\u201d<\/p>\n<\/p><\/div>\n<p><script async\n                    defer\n                    crossorigin=\"anonymous\"\n                    src=\"https:\/\/connect.facebook.net\/tr_TR\/sdk.js#xfbml=1&#038;version=v3.3\"\n            ><\/script><\/p>\n","protected":false},"excerpt":{"rendered":"<p>Sa\u011fl\u0131k Bakanl\u0131\u011f\u0131, 65 ya\u015f \u00fcst\u00fc ki\u015filere sa\u011fl\u0131k merkezlerine giderek bili\u015fsel tarama yapt\u0131rmalar\u0131 \u00e7a\u011fr\u0131s\u0131nda bulundu. Sa\u011fl\u0131k Bakanl\u0131\u011f\u0131, bu y\u0131lki temas\u0131 \u201cDemas\u0131 Tan\u0131y\u0131n, Alzheimeri Tan\u0131y\u0131n\u201d olarak belirlenen, 21 Eyl\u00fcl Alzheimer G\u00fcn\u00fc nedeniyle yaz\u0131l\u0131 a\u00e7\u0131klama yapt\u0131. A\u00e7\u0131klamadas, demans\u0131n (bunama), unutkanl\u0131\u011f\u0131 ortaya \u00e7\u0131karan hastal\u0131klar\u0131n genel ad\u0131, Alzheimer\u2019in de en fazla tespit edilen demans hastal\u0131klar\u0131ndan biri oldu\u011fu kaydedildi. -\u201cHer unutkanl\u0131k<\/p>\n","protected":false},"author":1,"featured_media":63882,"comment_status":"open","ping_status":"open","sticky":false,"template":"","format":"standard","meta":{"footnotes":""},"categories":[1],"tags":[],"class_list":["post-63881","post","type-post","status-publish","format-standard","has-post-thumbnail","hentry","category-gundem"],"yoast_head":"<!-- This site is optimized with the Yoast SEO plugin v27.5 - https:\/\/yoast.com\/product\/yoast-seo-wordpress\/ -->\n<title>21 Eyl\u00fcl Alzheimer G\u00fcn\u00fc\u2026 Sa\u011fl\u0131k Bakanl\u0131\u011f\u0131: \u201c65 ya\u015f \u00fcst\u00fc bireyler sa\u011fl\u0131k merkezlerindeki bili\u015fsel taramaya kat\u0131ls\u0131n\u201d -<\/title>\n<meta name=\"robots\" content=\"index, follow, max-snippet:-1, max-image-preview:large, max-video-preview:-1\" \/>\n<link rel=\"canonical\" href=\"https:\/\/kibrisdakik.com\/?p=63881\" \/>\n<meta property=\"og:locale\" content=\"tr_TR\" \/>\n<meta property=\"og:type\" content=\"article\" \/>\n<meta property=\"og:title\" content=\"21 Eyl\u00fcl Alzheimer G\u00fcn\u00fc\u2026 Sa\u011fl\u0131k Bakanl\u0131\u011f\u0131: \u201c65 ya\u015f \u00fcst\u00fc bireyler sa\u011fl\u0131k merkezlerindeki bili\u015fsel taramaya kat\u0131ls\u0131n\u201d -\" \/>\n<meta property=\"og:description\" content=\"Sa\u011fl\u0131k Bakanl\u0131\u011f\u0131, 65 ya\u015f \u00fcst\u00fc ki\u015filere sa\u011fl\u0131k merkezlerine giderek bili\u015fsel tarama yapt\u0131rmalar\u0131 \u00e7a\u011fr\u0131s\u0131nda bulundu. Sa\u011fl\u0131k Bakanl\u0131\u011f\u0131, bu y\u0131lki temas\u0131 \u201cDemas\u0131 Tan\u0131y\u0131n, Alzheimeri Tan\u0131y\u0131n\u201d olarak belirlenen, 21 Eyl\u00fcl Alzheimer G\u00fcn\u00fc nedeniyle yaz\u0131l\u0131 a\u00e7\u0131klama yapt\u0131. A\u00e7\u0131klamadas, demans\u0131n (bunama), unutkanl\u0131\u011f\u0131 ortaya \u00e7\u0131karan hastal\u0131klar\u0131n genel ad\u0131, Alzheimer\u2019in de en fazla tespit edilen demans hastal\u0131klar\u0131ndan biri oldu\u011fu kaydedildi. -\u201cHer unutkanl\u0131k\" \/>\n<meta property=\"og:url\" content=\"https:\/\/kibrisdakik.com\/?p=63881\" \/>\n<meta property=\"article:published_time\" content=\"2024-09-20T11:34:38+00:00\" \/>\n<meta property=\"og:image\" content=\"https:\/\/kibrisdakik.com\/wp-content\/uploads\/2024\/09\/alzehimer-740x420.jpg\" \/>\n\t<meta property=\"og:image:width\" content=\"1080\" \/>\n\t<meta property=\"og:image:height\" content=\"1080\" \/>\n\t<meta property=\"og:image:type\" content=\"image\/jpeg\" \/>\n<meta name=\"author\" content=\"admin\" \/>\n<meta name=\"twitter:card\" content=\"summary_large_image\" \/>\n<meta name=\"twitter:label1\" content=\"Yazan:\" \/>\n\t<meta name=\"twitter:data1\" content=\"admin\" \/>\n\t<meta name=\"twitter:label2\" content=\"Tahmini okuma s\u00fcresi\" \/>\n\t<meta name=\"twitter:data2\" content=\"1 dakika\" \/>\n<script type=\"application\/ld+json\" class=\"yoast-schema-graph\">{\"@context\":\"https:\\\/\\\/schema.org\",\"@graph\":[{\"@type\":\"Article\",\"@id\":\"https:\\\/\\\/kibrisdakik.com\\\/?p=63881#article\",\"isPartOf\":{\"@id\":\"https:\\\/\\\/kibrisdakik.com\\\/?p=63881\"},\"author\":{\"name\":\"admin\",\"@id\":\"https:\\\/\\\/kibrisdakik.com\\\/#\\\/schema\\\/person\\\/9cd9d437bbb44f72b73ba127e06d8e79\"},\"headline\":\"21 Eyl\u00fcl Alzheimer G\u00fcn\u00fc\u2026 Sa\u011fl\u0131k Bakanl\u0131\u011f\u0131: \u201c65 ya\u015f \u00fcst\u00fc bireyler sa\u011fl\u0131k merkezlerindeki bili\u015fsel taramaya kat\u0131ls\u0131n\u201d\",\"datePublished\":\"2024-09-20T11:34:38+00:00\",\"mainEntityOfPage\":{\"@id\":\"https:\\\/\\\/kibrisdakik.com\\\/?p=63881\"},\"wordCount\":283,\"commentCount\":0,\"image\":{\"@id\":\"https:\\\/\\\/kibrisdakik.com\\\/?p=63881#primaryimage\"},\"thumbnailUrl\":\"https:\\\/\\\/kibrisdakik.com\\\/wp-content\\\/uploads\\\/2024\\\/09\\\/alzehimer-740x420.jpg\",\"articleSection\":[\"G\u00fcndem\"],\"inLanguage\":\"tr\",\"potentialAction\":[{\"@type\":\"CommentAction\",\"name\":\"Comment\",\"target\":[\"https:\\\/\\\/kibrisdakik.com\\\/?p=63881#respond\"]}]},{\"@type\":\"WebPage\",\"@id\":\"https:\\\/\\\/kibrisdakik.com\\\/?p=63881\",\"url\":\"https:\\\/\\\/kibrisdakik.com\\\/?p=63881\",\"name\":\"21 Eyl\u00fcl Alzheimer G\u00fcn\u00fc\u2026 Sa\u011fl\u0131k Bakanl\u0131\u011f\u0131: \u201c65 ya\u015f \u00fcst\u00fc bireyler sa\u011fl\u0131k merkezlerindeki bili\u015fsel taramaya kat\u0131ls\u0131n\u201d -\",\"isPartOf\":{\"@id\":\"https:\\\/\\\/kibrisdakik.com\\\/#website\"},\"primaryImageOfPage\":{\"@id\":\"https:\\\/\\\/kibrisdakik.com\\\/?p=63881#primaryimage\"},\"image\":{\"@id\":\"https:\\\/\\\/kibrisdakik.com\\\/?p=63881#primaryimage\"},\"thumbnailUrl\":\"https:\\\/\\\/kibrisdakik.com\\\/wp-content\\\/uploads\\\/2024\\\/09\\\/alzehimer-740x420.jpg\",\"datePublished\":\"2024-09-20T11:34:38+00:00\",\"author\":{\"@id\":\"https:\\\/\\\/kibrisdakik.com\\\/#\\\/schema\\\/person\\\/9cd9d437bbb44f72b73ba127e06d8e79\"},\"breadcrumb\":{\"@id\":\"https:\\\/\\\/kibrisdakik.com\\\/?p=63881#breadcrumb\"},\"inLanguage\":\"tr\",\"potentialAction\":[{\"@type\":\"ReadAction\",\"target\":[\"https:\\\/\\\/kibrisdakik.com\\\/?p=63881\"]}]},{\"@type\":\"ImageObject\",\"inLanguage\":\"tr\",\"@id\":\"https:\\\/\\\/kibrisdakik.com\\\/?p=63881#primaryimage\",\"url\":\"https:\\\/\\\/kibrisdakik.com\\\/wp-content\\\/uploads\\\/2024\\\/09\\\/alzehimer-740x420.jpg\",\"contentUrl\":\"https:\\\/\\\/kibrisdakik.com\\\/wp-content\\\/uploads\\\/2024\\\/09\\\/alzehimer-740x420.jpg\",\"width\":1080,\"height\":1080},{\"@type\":\"BreadcrumbList\",\"@id\":\"https:\\\/\\\/kibrisdakik.com\\\/?p=63881#breadcrumb\",\"itemListElement\":[{\"@type\":\"ListItem\",\"position\":1,\"name\":\"Home\",\"item\":\"https:\\\/\\\/kibrisdakik.com\\\/\"},{\"@type\":\"ListItem\",\"position\":2,\"name\":\"21 Eyl\u00fcl Alzheimer G\u00fcn\u00fc\u2026 Sa\u011fl\u0131k Bakanl\u0131\u011f\u0131: \u201c65 ya\u015f \u00fcst\u00fc bireyler sa\u011fl\u0131k merkezlerindeki bili\u015fsel taramaya kat\u0131ls\u0131n\u201d\"}]},{\"@type\":\"WebSite\",\"@id\":\"https:\\\/\\\/kibrisdakik.com\\\/#website\",\"url\":\"https:\\\/\\\/kibrisdakik.com\\\/\",\"name\":\"\",\"description\":\"Tam vaktinde haber\",\"potentialAction\":[{\"@type\":\"SearchAction\",\"target\":{\"@type\":\"EntryPoint\",\"urlTemplate\":\"https:\\\/\\\/kibrisdakik.com\\\/?s={search_term_string}\"},\"query-input\":{\"@type\":\"PropertyValueSpecification\",\"valueRequired\":true,\"valueName\":\"search_term_string\"}}],\"inLanguage\":\"tr\"},{\"@type\":\"Person\",\"@id\":\"https:\\\/\\\/kibrisdakik.com\\\/#\\\/schema\\\/person\\\/9cd9d437bbb44f72b73ba127e06d8e79\",\"name\":\"admin\",\"image\":{\"@type\":\"ImageObject\",\"inLanguage\":\"tr\",\"@id\":\"https:\\\/\\\/secure.gravatar.com\\\/avatar\\\/ccc17943b9d660506c869530f897617f7cb1c21a4bf30023f252596d83e1f007?s=96&d=mm&r=g\",\"url\":\"https:\\\/\\\/secure.gravatar.com\\\/avatar\\\/ccc17943b9d660506c869530f897617f7cb1c21a4bf30023f252596d83e1f007?s=96&d=mm&r=g\",\"contentUrl\":\"https:\\\/\\\/secure.gravatar.com\\\/avatar\\\/ccc17943b9d660506c869530f897617f7cb1c21a4bf30023f252596d83e1f007?s=96&d=mm&r=g\",\"caption\":\"admin\"},\"sameAs\":[\"https:\\\/\\\/kibrisdakik.com\"],\"url\":\"https:\\\/\\\/kibrisdakik.com\\\/?author=1\"}]}<\/script>\n<!-- \/ Yoast SEO plugin. -->","yoast_head_json":{"title":"21 Eyl\u00fcl Alzheimer G\u00fcn\u00fc\u2026 Sa\u011fl\u0131k Bakanl\u0131\u011f\u0131: \u201c65 ya\u015f \u00fcst\u00fc bireyler sa\u011fl\u0131k merkezlerindeki bili\u015fsel taramaya kat\u0131ls\u0131n\u201d -","robots":{"index":"index","follow":"follow","max-snippet":"max-snippet:-1","max-image-preview":"max-image-preview:large","max-video-preview":"max-video-preview:-1"},"canonical":"https:\/\/kibrisdakik.com\/?p=63881","og_locale":"tr_TR","og_type":"article","og_title":"21 Eyl\u00fcl Alzheimer G\u00fcn\u00fc\u2026 Sa\u011fl\u0131k Bakanl\u0131\u011f\u0131: \u201c65 ya\u015f \u00fcst\u00fc bireyler sa\u011fl\u0131k merkezlerindeki bili\u015fsel taramaya kat\u0131ls\u0131n\u201d -","og_description":"Sa\u011fl\u0131k Bakanl\u0131\u011f\u0131, 65 ya\u015f \u00fcst\u00fc ki\u015filere sa\u011fl\u0131k merkezlerine giderek bili\u015fsel tarama yapt\u0131rmalar\u0131 \u00e7a\u011fr\u0131s\u0131nda bulundu. Sa\u011fl\u0131k Bakanl\u0131\u011f\u0131, bu y\u0131lki temas\u0131 \u201cDemas\u0131 Tan\u0131y\u0131n, Alzheimeri Tan\u0131y\u0131n\u201d olarak belirlenen, 21 Eyl\u00fcl Alzheimer G\u00fcn\u00fc nedeniyle yaz\u0131l\u0131 a\u00e7\u0131klama yapt\u0131. A\u00e7\u0131klamadas, demans\u0131n (bunama), unutkanl\u0131\u011f\u0131 ortaya \u00e7\u0131karan hastal\u0131klar\u0131n genel ad\u0131, Alzheimer\u2019in de en fazla tespit edilen demans hastal\u0131klar\u0131ndan biri oldu\u011fu kaydedildi. -\u201cHer unutkanl\u0131k","og_url":"https:\/\/kibrisdakik.com\/?p=63881","article_published_time":"2024-09-20T11:34:38+00:00","og_image":[{"width":1080,"height":1080,"url":"https:\/\/kibrisdakik.com\/wp-content\/uploads\/2024\/09\/alzehimer-740x420.jpg","type":"image\/jpeg"}],"author":"admin","twitter_card":"summary_large_image","twitter_misc":{"Yazan:":"admin","Tahmini okuma s\u00fcresi":"1 dakika"},"schema":{"@context":"https:\/\/schema.org","@graph":[{"@type":"Article","@id":"https:\/\/kibrisdakik.com\/?p=63881#article","isPartOf":{"@id":"https:\/\/kibrisdakik.com\/?p=63881"},"author":{"name":"admin","@id":"https:\/\/kibrisdakik.com\/#\/schema\/person\/9cd9d437bbb44f72b73ba127e06d8e79"},"headline":"21 Eyl\u00fcl Alzheimer G\u00fcn\u00fc\u2026 Sa\u011fl\u0131k Bakanl\u0131\u011f\u0131: \u201c65 ya\u015f \u00fcst\u00fc bireyler sa\u011fl\u0131k merkezlerindeki bili\u015fsel taramaya kat\u0131ls\u0131n\u201d","datePublished":"2024-09-20T11:34:38+00:00","mainEntityOfPage":{"@id":"https:\/\/kibrisdakik.com\/?p=63881"},"wordCount":283,"commentCount":0,"image":{"@id":"https:\/\/kibrisdakik.com\/?p=63881#primaryimage"},"thumbnailUrl":"https:\/\/kibrisdakik.com\/wp-content\/uploads\/2024\/09\/alzehimer-740x420.jpg","articleSection":["G\u00fcndem"],"inLanguage":"tr","potentialAction":[{"@type":"CommentAction","name":"Comment","target":["https:\/\/kibrisdakik.com\/?p=63881#respond"]}]},{"@type":"WebPage","@id":"https:\/\/kibrisdakik.com\/?p=63881","url":"https:\/\/kibrisdakik.com\/?p=63881","name":"21 Eyl\u00fcl Alzheimer G\u00fcn\u00fc\u2026 Sa\u011fl\u0131k Bakanl\u0131\u011f\u0131: \u201c65 ya\u015f \u00fcst\u00fc bireyler sa\u011fl\u0131k merkezlerindeki bili\u015fsel taramaya kat\u0131ls\u0131n\u201d -","isPartOf":{"@id":"https:\/\/kibrisdakik.com\/#website"},"primaryImageOfPage":{"@id":"https:\/\/kibrisdakik.com\/?p=63881#primaryimage"},"image":{"@id":"https:\/\/kibrisdakik.com\/?p=63881#primaryimage"},"thumbnailUrl":"https:\/\/kibrisdakik.com\/wp-content\/uploads\/2024\/09\/alzehimer-740x420.jpg","datePublished":"2024-09-20T11:34:38+00:00","author":{"@id":"https:\/\/kibrisdakik.com\/#\/schema\/person\/9cd9d437bbb44f72b73ba127e06d8e79"},"breadcrumb":{"@id":"https:\/\/kibrisdakik.com\/?p=63881#breadcrumb"},"inLanguage":"tr","potentialAction":[{"@type":"ReadAction","target":["https:\/\/kibrisdakik.com\/?p=63881"]}]},{"@type":"ImageObject","inLanguage":"tr","@id":"https:\/\/kibrisdakik.com\/?p=63881#primaryimage","url":"https:\/\/kibrisdakik.com\/wp-content\/uploads\/2024\/09\/alzehimer-740x420.jpg","contentUrl":"https:\/\/kibrisdakik.com\/wp-content\/uploads\/2024\/09\/alzehimer-740x420.jpg","width":1080,"height":1080},{"@type":"BreadcrumbList","@id":"https:\/\/kibrisdakik.com\/?p=63881#breadcrumb","itemListElement":[{"@type":"ListItem","position":1,"name":"Home","item":"https:\/\/kibrisdakik.com\/"},{"@type":"ListItem","position":2,"name":"21 Eyl\u00fcl Alzheimer G\u00fcn\u00fc\u2026 Sa\u011fl\u0131k Bakanl\u0131\u011f\u0131: \u201c65 ya\u015f \u00fcst\u00fc bireyler sa\u011fl\u0131k merkezlerindeki bili\u015fsel taramaya kat\u0131ls\u0131n\u201d"}]},{"@type":"WebSite","@id":"https:\/\/kibrisdakik.com\/#website","url":"https:\/\/kibrisdakik.com\/","name":"","description":"Tam vaktinde haber","potentialAction":[{"@type":"SearchAction","target":{"@type":"EntryPoint","urlTemplate":"https:\/\/kibrisdakik.com\/?s={search_term_string}"},"query-input":{"@type":"PropertyValueSpecification","valueRequired":true,"valueName":"search_term_string"}}],"inLanguage":"tr"},{"@type":"Person","@id":"https:\/\/kibrisdakik.com\/#\/schema\/person\/9cd9d437bbb44f72b73ba127e06d8e79","name":"admin","image":{"@type":"ImageObject","inLanguage":"tr","@id":"https:\/\/secure.gravatar.com\/avatar\/ccc17943b9d660506c869530f897617f7cb1c21a4bf30023f252596d83e1f007?s=96&d=mm&r=g","url":"https:\/\/secure.gravatar.com\/avatar\/ccc17943b9d660506c869530f897617f7cb1c21a4bf30023f252596d83e1f007?s=96&d=mm&r=g","contentUrl":"https:\/\/secure.gravatar.com\/avatar\/ccc17943b9d660506c869530f897617f7cb1c21a4bf30023f252596d83e1f007?s=96&d=mm&r=g","caption":"admin"},"sameAs":["https:\/\/kibrisdakik.com"],"url":"https:\/\/kibrisdakik.com\/?author=1"}]}},"_links":{"self":[{"href":"https:\/\/kibrisdakik.com\/index.php?rest_route=\/wp\/v2\/posts\/63881","targetHints":{"allow":["GET"]}}],"collection":[{"href":"https:\/\/kibrisdakik.com\/index.php?rest_route=\/wp\/v2\/posts"}],"about":[{"href":"https:\/\/kibrisdakik.com\/index.php?rest_route=\/wp\/v2\/types\/post"}],"author":[{"embeddable":true,"href":"https:\/\/kibrisdakik.com\/index.php?rest_route=\/wp\/v2\/users\/1"}],"replies":[{"embeddable":true,"href":"https:\/\/kibrisdakik.com\/index.php?rest_route=%2Fwp%2Fv2%2Fcomments&post=63881"}],"version-history":[{"count":0,"href":"https:\/\/kibrisdakik.com\/index.php?rest_route=\/wp\/v2\/posts\/63881\/revisions"}],"wp:featuredmedia":[{"embeddable":true,"href":"https:\/\/kibrisdakik.com\/index.php?rest_route=\/wp\/v2\/media\/63882"}],"wp:attachment":[{"href":"https:\/\/kibrisdakik.com\/index.php?rest_route=%2Fwp%2Fv2%2Fmedia&parent=63881"}],"wp:term":[{"taxonomy":"category","embeddable":true,"href":"https:\/\/kibrisdakik.com\/index.php?rest_route=%2Fwp%2Fv2%2Fcategories&post=63881"},{"taxonomy":"post_tag","embeddable":true,"href":"https:\/\/kibrisdakik.com\/index.php?rest_route=%2Fwp%2Fv2%2Ftags&post=63881"}],"curies":[{"name":"wp","href":"https:\/\/api.w.org\/{rel}","templated":true}]}}