{"id":63956,"date":"2024-09-21T07:25:00","date_gmt":"2024-09-21T04:25:00","guid":{"rendered":"https:\/\/kibrisdakik.com\/index.php\/2024\/09\/21\/sakaryaspor-baskani-gokhan-ine-tehdit-ve-darp-goruntuler-sosyal-medyada-gundem-oldu\/"},"modified":"2024-09-21T07:25:00","modified_gmt":"2024-09-21T04:25:00","slug":"sakaryaspor-baskani-gokhan-ine-tehdit-ve-darp-goruntuler-sosyal-medyada-gundem-oldu","status":"publish","type":"post","link":"https:\/\/kibrisdakik.com\/?p=63956","title":{"rendered":"Sakaryaspor Ba\u015fkan\u0131 G\u00f6khan \u0130n&#8217;e tehdit ve darp! G\u00f6r\u00fcnt\u00fcler sosyal medyada g\u00fcndem oldu"},"content":{"rendered":"<p><img decoding=\"async\" src=\"https:\/\/i.dunya.com\/storage\/files\/images\/2024\/09\/21\/gokhan-in-sakaryaspor-baskani-6zyg_cover.jpg\" \/><\/p>\n<div>\n<p><strong>Sakaryaspor<\/strong>\u2019da, 22 Eyl\u00fcl Pazar g\u00fcn\u00fc ger\u00e7ekle\u015fecek ola\u011fan\u00fcst\u00fc kongre \u00f6ncesinde \u015fok bir geli\u015fme ya\u015fand\u0131. Sakaryaspor Ba\u015fkan\u0131 <strong>G\u00f6khan \u0130n<\/strong>&#8216;in darbedildi\u011fi anlar\u0131n yer ald\u0131\u011f\u0131 g\u00f6r\u00fcnt\u00fcler sosyal medyaya d\u00fc\u015ft\u00fc ve b\u00fcy\u00fck yank\u0131 uyand\u0131rd\u0131. Sald\u0131r\u0131y\u0131 ger\u00e7ekle\u015ftiren ki\u015finin, kul\u00fcb\u00fcn eski Reklam ve Sponsorluk Sorumlusu <strong>H.C.\u015e.<\/strong> oldu\u011fu ortaya \u00e7\u0131kt\u0131.<\/p>\n<p>Alacak verecek meselesi nedeniyle \u00e7\u0131kt\u0131\u011f\u0131 iddia edilen tart\u0131\u015fmada, H.C.\u015e.&#8217;nin <strong>G\u00f6khan \u0130n<\/strong>&#8216;e tehditler savurdu\u011fu ve fiziksel sald\u0131r\u0131da bulundu\u011fu anlar bir cep telefonu kameras\u0131na kaydedildi.<\/p>\n<p>G\u00f6r\u00fcnt\u00fclerde, sald\u0131rgan\u0131n Ba\u015fkan \u0130n&#8217;e iki kez tokat att\u0131\u011f\u0131 ve tehditler savurdu\u011fu g\u00f6r\u00fcld\u00fc. &#8220;<strong>\u0130sim kullanmayacaks\u0131n, bu i\u015fler bitti<\/strong>&#8221; \u015feklindeki s\u00f6zleriyle G\u00f6khan \u0130n&#8217;i tehdit eden sald\u0131rgan, \u0130n&#8217;den bir miktar para \u00f6demesini talep etti. Ba\u015fkan G\u00f6khan \u0130n&#8217;in ise\u00a0&#8220;<strong>Tamam, sakin ol. Bende kalp verdi\u011fi<\/strong>&#8221;\u00a0\u015feklinde yan\u0131t verdi\u011fi duyuldu.<\/p>\n<p><em><strong>Olaya ili\u015fkin g\u00f6r\u00fcnt\u00fcler \u015f\u00f6yle:<\/strong><\/em><\/p>\n<p>Olay\u0131n sosyal medyada yay\u0131lmas\u0131n\u0131n ard\u0131ndan <strong>Sakarya Cumhuriyet Ba\u015fsavc\u0131l\u0131\u011f\u0131<\/strong> harekete ge\u00e7ti. H.C.\u015e. hakk\u0131nda \u2018ya\u011fma\u2019 su\u00e7undan g\u00f6zalt\u0131 karar\u0131 \u00e7\u0131kar\u0131ld\u0131.<\/p>\n<p>Sakaryaspor Kul\u00fcb\u00fc&#8217;n\u00fcn ge\u00e7en hafta d\u00fczenledi\u011fi ola\u011fan\u00fcst\u00fc genel kurulda yeterli \u00e7o\u011funluk sa\u011flanamam\u0131\u015ft\u0131. Bu nedenle, 22 Eyl\u00fcl Pazar g\u00fcn\u00fc \u00e7o\u011funluk aranmaks\u0131z\u0131n bir kez daha kongre yap\u0131lacak. Ancak kongre \u00f6ncesi ya\u015fanan bu \u015fiddet olay\u0131, Sakaryaspor\u2019da gerginli\u011fi daha da art\u0131rd\u0131.<\/p>\n<\/p><\/div>\n","protected":false},"excerpt":{"rendered":"<p>Sakaryaspor\u2019da, 22 Eyl\u00fcl Pazar g\u00fcn\u00fc ger\u00e7ekle\u015fecek ola\u011fan\u00fcst\u00fc kongre \u00f6ncesinde \u015fok bir geli\u015fme ya\u015fand\u0131. Sakaryaspor Ba\u015fkan\u0131 G\u00f6khan \u0130n&#8216;in darbedildi\u011fi anlar\u0131n yer ald\u0131\u011f\u0131 g\u00f6r\u00fcnt\u00fcler sosyal medyaya d\u00fc\u015ft\u00fc ve b\u00fcy\u00fck yank\u0131 uyand\u0131rd\u0131. Sald\u0131r\u0131y\u0131 ger\u00e7ekle\u015ftiren ki\u015finin, kul\u00fcb\u00fcn eski Reklam ve Sponsorluk Sorumlusu H.C.\u015e. oldu\u011fu ortaya \u00e7\u0131kt\u0131. Alacak verecek meselesi nedeniyle \u00e7\u0131kt\u0131\u011f\u0131 iddia edilen tart\u0131\u015fmada, H.C.\u015e.&#8217;nin G\u00f6khan \u0130n&#8216;e tehditler savurdu\u011fu<\/p>\n","protected":false},"author":1,"featured_media":63957,"comment_status":"open","ping_status":"open","sticky":false,"template":"","format":"standard","meta":{"footnotes":""},"categories":[83],"tags":[],"class_list":["post-63956","post","type-post","status-publish","format-standard","has-post-thumbnail","hentry","category-magazin"],"yoast_head":"<!-- This site is optimized with the Yoast SEO plugin v28.4 - https:\/\/yoast.com\/product\/yoast-seo-wordpress\/ -->\n<title>Sakaryaspor Ba\u015fkan\u0131 G\u00f6khan \u0130n&#039;e tehdit ve darp! G\u00f6r\u00fcnt\u00fcler sosyal medyada g\u00fcndem oldu -<\/title>\n<meta name=\"robots\" content=\"index, follow, max-snippet:-1, max-image-preview:large, max-video-preview:-1\" \/>\n<link rel=\"canonical\" href=\"https:\/\/kibrisdakik.com\/?p=63956\" \/>\n<meta property=\"og:locale\" content=\"tr_TR\" \/>\n<meta property=\"og:type\" content=\"article\" \/>\n<meta property=\"og:title\" content=\"Sakaryaspor Ba\u015fkan\u0131 G\u00f6khan \u0130n&#039;e tehdit ve darp! G\u00f6r\u00fcnt\u00fcler sosyal medyada g\u00fcndem oldu -\" \/>\n<meta property=\"og:description\" content=\"Sakaryaspor\u2019da, 22 Eyl\u00fcl Pazar g\u00fcn\u00fc ger\u00e7ekle\u015fecek ola\u011fan\u00fcst\u00fc kongre \u00f6ncesinde \u015fok bir geli\u015fme ya\u015fand\u0131. Sakaryaspor Ba\u015fkan\u0131 G\u00f6khan \u0130n&#8216;in darbedildi\u011fi anlar\u0131n yer ald\u0131\u011f\u0131 g\u00f6r\u00fcnt\u00fcler sosyal medyaya d\u00fc\u015ft\u00fc ve b\u00fcy\u00fck yank\u0131 uyand\u0131rd\u0131. Sald\u0131r\u0131y\u0131 ger\u00e7ekle\u015ftiren ki\u015finin, kul\u00fcb\u00fcn eski Reklam ve Sponsorluk Sorumlusu H.C.\u015e. oldu\u011fu ortaya \u00e7\u0131kt\u0131. Alacak verecek meselesi nedeniyle \u00e7\u0131kt\u0131\u011f\u0131 iddia edilen tart\u0131\u015fmada, H.C.\u015e.&#8217;nin G\u00f6khan \u0130n&#8216;e tehditler savurdu\u011fu\" \/>\n<meta property=\"og:url\" content=\"https:\/\/kibrisdakik.com\/?p=63956\" \/>\n<meta property=\"article:published_time\" content=\"2024-09-21T04:25:00+00:00\" \/>\n<meta property=\"og:image\" content=\"https:\/\/kibrisdakik.com\/wp-content\/uploads\/2024\/09\/gokhan-in-sakaryaspor-baskani-6zyg_cover-740x420.jpg\" \/>\n\t<meta property=\"og:image:width\" content=\"1280\" \/>\n\t<meta property=\"og:image:height\" content=\"720\" \/>\n\t<meta property=\"og:image:type\" content=\"image\/jpeg\" \/>\n<meta name=\"author\" content=\"admin\" \/>\n<meta name=\"twitter:card\" content=\"summary_large_image\" \/>\n<meta name=\"twitter:label1\" content=\"Yazan:\" \/>\n\t<meta name=\"twitter:data1\" content=\"admin\" \/>\n\t<meta name=\"twitter:label2\" content=\"Tahmini okuma s\u00fcresi\" \/>\n\t<meta name=\"twitter:data2\" content=\"1 dakika\" \/>\n<script type=\"application\/ld+json\" class=\"yoast-schema-graph\">{\"@context\":\"https:\\\/\\\/schema.org\",\"@graph\":[{\"@type\":\"Article\",\"@id\":\"https:\\\/\\\/kibrisdakik.com\\\/?p=63956#article\",\"isPartOf\":{\"@id\":\"https:\\\/\\\/kibrisdakik.com\\\/?p=63956\"},\"author\":{\"name\":\"admin\",\"@id\":\"https:\\\/\\\/kibrisdakik.com\\\/#\\\/schema\\\/person\\\/9cd9d437bbb44f72b73ba127e06d8e79\"},\"headline\":\"Sakaryaspor Ba\u015fkan\u0131 G\u00f6khan \u0130n&#8217;e tehdit ve darp! G\u00f6r\u00fcnt\u00fcler sosyal medyada g\u00fcndem oldu\",\"datePublished\":\"2024-09-21T04:25:00+00:00\",\"mainEntityOfPage\":{\"@id\":\"https:\\\/\\\/kibrisdakik.com\\\/?p=63956\"},\"wordCount\":286,\"commentCount\":0,\"publisher\":{\"@id\":\"https:\\\/\\\/kibrisdakik.com\\\/#organization\"},\"image\":{\"@id\":\"https:\\\/\\\/kibrisdakik.com\\\/?p=63956#primaryimage\"},\"thumbnailUrl\":\"https:\\\/\\\/kibrisdakik.com\\\/wp-content\\\/uploads\\\/2024\\\/09\\\/gokhan-in-sakaryaspor-baskani-6zyg_cover-740x420.jpg\",\"articleSection\":[\"Magazin\"],\"inLanguage\":\"tr\",\"potentialAction\":[{\"@type\":\"CommentAction\",\"name\":\"Comment\",\"target\":[\"https:\\\/\\\/kibrisdakik.com\\\/?p=63956#respond\"]}]},{\"@type\":\"WebPage\",\"@id\":\"https:\\\/\\\/kibrisdakik.com\\\/?p=63956\",\"url\":\"https:\\\/\\\/kibrisdakik.com\\\/?p=63956\",\"name\":\"Sakaryaspor Ba\u015fkan\u0131 G\u00f6khan \u0130n'e tehdit ve darp! G\u00f6r\u00fcnt\u00fcler sosyal medyada g\u00fcndem oldu -\",\"isPartOf\":{\"@id\":\"https:\\\/\\\/kibrisdakik.com\\\/#website\"},\"primaryImageOfPage\":{\"@id\":\"https:\\\/\\\/kibrisdakik.com\\\/?p=63956#primaryimage\"},\"image\":{\"@id\":\"https:\\\/\\\/kibrisdakik.com\\\/?p=63956#primaryimage\"},\"thumbnailUrl\":\"https:\\\/\\\/kibrisdakik.com\\\/wp-content\\\/uploads\\\/2024\\\/09\\\/gokhan-in-sakaryaspor-baskani-6zyg_cover-740x420.jpg\",\"datePublished\":\"2024-09-21T04:25:00+00:00\",\"breadcrumb\":{\"@id\":\"https:\\\/\\\/kibrisdakik.com\\\/?p=63956#breadcrumb\"},\"inLanguage\":\"tr\",\"potentialAction\":[{\"@type\":\"ReadAction\",\"target\":[\"https:\\\/\\\/kibrisdakik.com\\\/?p=63956\"]}]},{\"@type\":\"ImageObject\",\"inLanguage\":\"tr\",\"@id\":\"https:\\\/\\\/kibrisdakik.com\\\/?p=63956#primaryimage\",\"url\":\"https:\\\/\\\/kibrisdakik.com\\\/wp-content\\\/uploads\\\/2024\\\/09\\\/gokhan-in-sakaryaspor-baskani-6zyg_cover-740x420.jpg\",\"contentUrl\":\"https:\\\/\\\/kibrisdakik.com\\\/wp-content\\\/uploads\\\/2024\\\/09\\\/gokhan-in-sakaryaspor-baskani-6zyg_cover-740x420.jpg\",\"width\":1280,\"height\":720},{\"@type\":\"BreadcrumbList\",\"@id\":\"https:\\\/\\\/kibrisdakik.com\\\/?p=63956#breadcrumb\",\"itemListElement\":[{\"@type\":\"ListItem\",\"position\":1,\"name\":\"Home\",\"item\":\"https:\\\/\\\/kibrisdakik.com\\\/\"},{\"@type\":\"ListItem\",\"position\":2,\"name\":\"Sakaryaspor Ba\u015fkan\u0131 G\u00f6khan \u0130n&#8217;e tehdit ve darp! G\u00f6r\u00fcnt\u00fcler sosyal medyada g\u00fcndem oldu\"}]},{\"@type\":\"WebSite\",\"@id\":\"https:\\\/\\\/kibrisdakik.com\\\/#website\",\"url\":\"https:\\\/\\\/kibrisdakik.com\\\/\",\"name\":\"K\u0131br\u0131s Dakik\",\"description\":\"Tam vaktinde haber\",\"publisher\":{\"@id\":\"https:\\\/\\\/kibrisdakik.com\\\/#organization\"},\"potentialAction\":[{\"@type\":\"SearchAction\",\"target\":{\"@type\":\"EntryPoint\",\"urlTemplate\":\"https:\\\/\\\/kibrisdakik.com\\\/?s={search_term_string}\"},\"query-input\":{\"@type\":\"PropertyValueSpecification\",\"valueRequired\":true,\"valueName\":\"search_term_string\"}}],\"inLanguage\":\"tr\"},{\"@type\":\"Organization\",\"@id\":\"https:\\\/\\\/kibrisdakik.com\\\/#organization\",\"name\":\"K\u0131br\u0131s Dakik\",\"url\":\"https:\\\/\\\/kibrisdakik.com\\\/\",\"logo\":{\"@type\":\"ImageObject\",\"inLanguage\":\"tr\",\"@id\":\"https:\\\/\\\/kibrisdakik.com\\\/#\\\/schema\\\/logo\\\/image\\\/\",\"url\":\"https:\\\/\\\/kibrisdakik.com\\\/wp-content\\\/uploads\\\/2025\\\/10\\\/cropped-WhatsApp-Image-2025-10-02-at-12.58.31.jpeg\",\"contentUrl\":\"https:\\\/\\\/kibrisdakik.com\\\/wp-content\\\/uploads\\\/2025\\\/10\\\/cropped-WhatsApp-Image-2025-10-02-at-12.58.31.jpeg\",\"width\":1237,\"height\":190,\"caption\":\"K\u0131br\u0131s Dakik\"},\"image\":{\"@id\":\"https:\\\/\\\/kibrisdakik.com\\\/#\\\/schema\\\/logo\\\/image\\\/\"}},{\"@type\":\"Person\",\"@id\":\"https:\\\/\\\/kibrisdakik.com\\\/#\\\/schema\\\/person\\\/9cd9d437bbb44f72b73ba127e06d8e79\",\"name\":\"admin\",\"image\":{\"@type\":\"ImageObject\",\"inLanguage\":\"tr\",\"@id\":\"https:\\\/\\\/secure.gravatar.com\\\/avatar\\\/ccc17943b9d660506c869530f897617f7cb1c21a4bf30023f252596d83e1f007?s=96&d=mm&r=g\",\"url\":\"https:\\\/\\\/secure.gravatar.com\\\/avatar\\\/ccc17943b9d660506c869530f897617f7cb1c21a4bf30023f252596d83e1f007?s=96&d=mm&r=g\",\"contentUrl\":\"https:\\\/\\\/secure.gravatar.com\\\/avatar\\\/ccc17943b9d660506c869530f897617f7cb1c21a4bf30023f252596d83e1f007?s=96&d=mm&r=g\",\"caption\":\"admin\"},\"sameAs\":[\"https:\\\/\\\/kibrisdakik.com\"],\"url\":\"https:\\\/\\\/kibrisdakik.com\\\/?author=1\"}]}<\/script>\n<!-- \/ Yoast SEO plugin. -->","yoast_head_json":{"title":"Sakaryaspor Ba\u015fkan\u0131 G\u00f6khan \u0130n'e tehdit ve darp! G\u00f6r\u00fcnt\u00fcler sosyal medyada g\u00fcndem oldu -","robots":{"index":"index","follow":"follow","max-snippet":"max-snippet:-1","max-image-preview":"max-image-preview:large","max-video-preview":"max-video-preview:-1"},"canonical":"https:\/\/kibrisdakik.com\/?p=63956","og_locale":"tr_TR","og_type":"article","og_title":"Sakaryaspor Ba\u015fkan\u0131 G\u00f6khan \u0130n'e tehdit ve darp! G\u00f6r\u00fcnt\u00fcler sosyal medyada g\u00fcndem oldu -","og_description":"Sakaryaspor\u2019da, 22 Eyl\u00fcl Pazar g\u00fcn\u00fc ger\u00e7ekle\u015fecek ola\u011fan\u00fcst\u00fc kongre \u00f6ncesinde \u015fok bir geli\u015fme ya\u015fand\u0131. Sakaryaspor Ba\u015fkan\u0131 G\u00f6khan \u0130n&#8216;in darbedildi\u011fi anlar\u0131n yer ald\u0131\u011f\u0131 g\u00f6r\u00fcnt\u00fcler sosyal medyaya d\u00fc\u015ft\u00fc ve b\u00fcy\u00fck yank\u0131 uyand\u0131rd\u0131. Sald\u0131r\u0131y\u0131 ger\u00e7ekle\u015ftiren ki\u015finin, kul\u00fcb\u00fcn eski Reklam ve Sponsorluk Sorumlusu H.C.\u015e. oldu\u011fu ortaya \u00e7\u0131kt\u0131. Alacak verecek meselesi nedeniyle \u00e7\u0131kt\u0131\u011f\u0131 iddia edilen tart\u0131\u015fmada, H.C.\u015e.&#8217;nin G\u00f6khan \u0130n&#8216;e tehditler savurdu\u011fu","og_url":"https:\/\/kibrisdakik.com\/?p=63956","article_published_time":"2024-09-21T04:25:00+00:00","og_image":[{"width":1280,"height":720,"url":"https:\/\/kibrisdakik.com\/wp-content\/uploads\/2024\/09\/gokhan-in-sakaryaspor-baskani-6zyg_cover-740x420.jpg","type":"image\/jpeg"}],"author":"admin","twitter_card":"summary_large_image","twitter_misc":{"Yazan:":"admin","Tahmini okuma s\u00fcresi":"1 dakika"},"schema":{"@context":"https:\/\/schema.org","@graph":[{"@type":"Article","@id":"https:\/\/kibrisdakik.com\/?p=63956#article","isPartOf":{"@id":"https:\/\/kibrisdakik.com\/?p=63956"},"author":{"name":"admin","@id":"https:\/\/kibrisdakik.com\/#\/schema\/person\/9cd9d437bbb44f72b73ba127e06d8e79"},"headline":"Sakaryaspor Ba\u015fkan\u0131 G\u00f6khan \u0130n&#8217;e tehdit ve darp! G\u00f6r\u00fcnt\u00fcler sosyal medyada g\u00fcndem oldu","datePublished":"2024-09-21T04:25:00+00:00","mainEntityOfPage":{"@id":"https:\/\/kibrisdakik.com\/?p=63956"},"wordCount":286,"commentCount":0,"publisher":{"@id":"https:\/\/kibrisdakik.com\/#organization"},"image":{"@id":"https:\/\/kibrisdakik.com\/?p=63956#primaryimage"},"thumbnailUrl":"https:\/\/kibrisdakik.com\/wp-content\/uploads\/2024\/09\/gokhan-in-sakaryaspor-baskani-6zyg_cover-740x420.jpg","articleSection":["Magazin"],"inLanguage":"tr","potentialAction":[{"@type":"CommentAction","name":"Comment","target":["https:\/\/kibrisdakik.com\/?p=63956#respond"]}]},{"@type":"WebPage","@id":"https:\/\/kibrisdakik.com\/?p=63956","url":"https:\/\/kibrisdakik.com\/?p=63956","name":"Sakaryaspor Ba\u015fkan\u0131 G\u00f6khan \u0130n'e tehdit ve darp! G\u00f6r\u00fcnt\u00fcler sosyal medyada g\u00fcndem oldu -","isPartOf":{"@id":"https:\/\/kibrisdakik.com\/#website"},"primaryImageOfPage":{"@id":"https:\/\/kibrisdakik.com\/?p=63956#primaryimage"},"image":{"@id":"https:\/\/kibrisdakik.com\/?p=63956#primaryimage"},"thumbnailUrl":"https:\/\/kibrisdakik.com\/wp-content\/uploads\/2024\/09\/gokhan-in-sakaryaspor-baskani-6zyg_cover-740x420.jpg","datePublished":"2024-09-21T04:25:00+00:00","breadcrumb":{"@id":"https:\/\/kibrisdakik.com\/?p=63956#breadcrumb"},"inLanguage":"tr","potentialAction":[{"@type":"ReadAction","target":["https:\/\/kibrisdakik.com\/?p=63956"]}]},{"@type":"ImageObject","inLanguage":"tr","@id":"https:\/\/kibrisdakik.com\/?p=63956#primaryimage","url":"https:\/\/kibrisdakik.com\/wp-content\/uploads\/2024\/09\/gokhan-in-sakaryaspor-baskani-6zyg_cover-740x420.jpg","contentUrl":"https:\/\/kibrisdakik.com\/wp-content\/uploads\/2024\/09\/gokhan-in-sakaryaspor-baskani-6zyg_cover-740x420.jpg","width":1280,"height":720},{"@type":"BreadcrumbList","@id":"https:\/\/kibrisdakik.com\/?p=63956#breadcrumb","itemListElement":[{"@type":"ListItem","position":1,"name":"Home","item":"https:\/\/kibrisdakik.com\/"},{"@type":"ListItem","position":2,"name":"Sakaryaspor Ba\u015fkan\u0131 G\u00f6khan \u0130n&#8217;e tehdit ve darp! G\u00f6r\u00fcnt\u00fcler sosyal medyada g\u00fcndem oldu"}]},{"@type":"WebSite","@id":"https:\/\/kibrisdakik.com\/#website","url":"https:\/\/kibrisdakik.com\/","name":"K\u0131br\u0131s Dakik","description":"Tam vaktinde haber","publisher":{"@id":"https:\/\/kibrisdakik.com\/#organization"},"potentialAction":[{"@type":"SearchAction","target":{"@type":"EntryPoint","urlTemplate":"https:\/\/kibrisdakik.com\/?s={search_term_string}"},"query-input":{"@type":"PropertyValueSpecification","valueRequired":true,"valueName":"search_term_string"}}],"inLanguage":"tr"},{"@type":"Organization","@id":"https:\/\/kibrisdakik.com\/#organization","name":"K\u0131br\u0131s Dakik","url":"https:\/\/kibrisdakik.com\/","logo":{"@type":"ImageObject","inLanguage":"tr","@id":"https:\/\/kibrisdakik.com\/#\/schema\/logo\/image\/","url":"https:\/\/kibrisdakik.com\/wp-content\/uploads\/2025\/10\/cropped-WhatsApp-Image-2025-10-02-at-12.58.31.jpeg","contentUrl":"https:\/\/kibrisdakik.com\/wp-content\/uploads\/2025\/10\/cropped-WhatsApp-Image-2025-10-02-at-12.58.31.jpeg","width":1237,"height":190,"caption":"K\u0131br\u0131s Dakik"},"image":{"@id":"https:\/\/kibrisdakik.com\/#\/schema\/logo\/image\/"}},{"@type":"Person","@id":"https:\/\/kibrisdakik.com\/#\/schema\/person\/9cd9d437bbb44f72b73ba127e06d8e79","name":"admin","image":{"@type":"ImageObject","inLanguage":"tr","@id":"https:\/\/secure.gravatar.com\/avatar\/ccc17943b9d660506c869530f897617f7cb1c21a4bf30023f252596d83e1f007?s=96&d=mm&r=g","url":"https:\/\/secure.gravatar.com\/avatar\/ccc17943b9d660506c869530f897617f7cb1c21a4bf30023f252596d83e1f007?s=96&d=mm&r=g","contentUrl":"https:\/\/secure.gravatar.com\/avatar\/ccc17943b9d660506c869530f897617f7cb1c21a4bf30023f252596d83e1f007?s=96&d=mm&r=g","caption":"admin"},"sameAs":["https:\/\/kibrisdakik.com"],"url":"https:\/\/kibrisdakik.com\/?author=1"}]}},"_links":{"self":[{"href":"https:\/\/kibrisdakik.com\/index.php?rest_route=\/wp\/v2\/posts\/63956","targetHints":{"allow":["GET"]}}],"collection":[{"href":"https:\/\/kibrisdakik.com\/index.php?rest_route=\/wp\/v2\/posts"}],"about":[{"href":"https:\/\/kibrisdakik.com\/index.php?rest_route=\/wp\/v2\/types\/post"}],"author":[{"embeddable":true,"href":"https:\/\/kibrisdakik.com\/index.php?rest_route=\/wp\/v2\/users\/1"}],"replies":[{"embeddable":true,"href":"https:\/\/kibrisdakik.com\/index.php?rest_route=%2Fwp%2Fv2%2Fcomments&post=63956"}],"version-history":[{"count":0,"href":"https:\/\/kibrisdakik.com\/index.php?rest_route=\/wp\/v2\/posts\/63956\/revisions"}],"wp:featuredmedia":[{"embeddable":true,"href":"https:\/\/kibrisdakik.com\/index.php?rest_route=\/wp\/v2\/media\/63957"}],"wp:attachment":[{"href":"https:\/\/kibrisdakik.com\/index.php?rest_route=%2Fwp%2Fv2%2Fmedia&parent=63956"}],"wp:term":[{"taxonomy":"category","embeddable":true,"href":"https:\/\/kibrisdakik.com\/index.php?rest_route=%2Fwp%2Fv2%2Fcategories&post=63956"},{"taxonomy":"post_tag","embeddable":true,"href":"https:\/\/kibrisdakik.com\/index.php?rest_route=%2Fwp%2Fv2%2Ftags&post=63956"}],"curies":[{"name":"wp","href":"https:\/\/api.w.org\/{rel}","templated":true}]}}