{"id":63958,"date":"2024-09-21T07:51:16","date_gmt":"2024-09-21T04:51:16","guid":{"rendered":"https:\/\/kibrisdakik.com\/index.php\/2024\/09\/21\/ubpnin-23-olagan-genel-kurultayi-bugun-yapiliyor\/"},"modified":"2024-09-21T07:51:16","modified_gmt":"2024-09-21T04:51:16","slug":"ubpnin-23-olagan-genel-kurultayi-bugun-yapiliyor","status":"publish","type":"post","link":"https:\/\/kibrisdakik.com\/?p=63958","title":{"rendered":"UBP\u2019nin 23. Ola\u011fan Genel Kurultay\u0131  bug\u00fcn yap\u0131l\u0131yor"},"content":{"rendered":"<div>\n<div class=\"mariselle-image-container center\">\n                                            <\/div>\n<p>Ulusal Birlik Partisi\u2019nin 23. Ola\u011fan Genel Kurultay\u0131 bug\u00fcn yap\u0131l\u0131yor.<br \/>\u00dc\u00e7 genel ba\u015fkan aday\u0131n\u0131n yar\u0131\u015faca\u011f\u0131 kurultay, Lefko\u015fa Atat\u00fcrk Spor Salonu\u2019nda yer alacak.<br \/>Genel ba\u015fkan adalar\u0131ndan \u00dcnal \u00dcstel\u2019in birinci s\u0131rada yer alaca\u011f\u0131 oy pusulas\u0131nda, Ahmet Melih Karavelio\u011flu ikinci, Hasan Ta\u00e7oy ise \u00fc\u00e7\u00fcnc\u00fc s\u0131rada yer alacak.<br \/>Kurultayda, genel ba\u015fkanl\u0131k se\u00e7iminin yan\u0131 s\u0131ra, 70 ki\u015filik parti meclisi i\u00e7in de oy verilecek, Parti meclisi i\u00e7in 122 aday yar\u0131\u015facak.<br \/>Genel parti meclisi listesinde Lefko\u015fa i\u00e7in 16, Gazima\u011fusa i\u00e7in 13, Girne i\u00e7in 11, \u0130skele i\u00e7in 5, G\u00fczelyurt i\u00e7in 3, Lefke i\u00e7in ise 2 aday\u0131n i\u015faretlenmesi gerek. Kad\u0131n ve gen\u00e7lik kotalar\u0131 i\u00e7in de i\u015faretlenecek aday say\u0131lar\u0131 sabit olacak.<br \/>Se\u00e7ime kat\u0131lanlar\u0131n salt \u00e7o\u011funlu\u011funu alan genel ba\u015fkan se\u00e7ilecek. Se\u00e7imin ikinci tura kalmas\u0131 halinde ise t\u00fcz\u00fck gere\u011fi se\u00e7im bir hafta sonra tekrarlanacak.<br \/>UBP\u2019nin 23. Ola\u011fan Genel Kurultay\u0131, saat 08.30\u2019da UBP Genel Sekreteri O\u011fuzhan Hasipo\u011flu taraf\u0131ndan yap\u0131lacak nisap yoklamas\u0131yla ba\u015flayacak.<br \/>Adaylar\u0131n saat 09.15\u2019te salona girmesinin ard\u0131ndan saat 09.30\u2019da Ba\u015fkanl\u0131k Divan\u0131 olu\u015fturulacak.<br \/>A\u00e7\u0131l\u0131\u015f; sayg\u0131 duru\u015fu ve \u0130stiklal Mar\u015f\u0131\u2019n\u0131n okunmas\u0131ndan sonra UBP Genel Sekreteri O\u011fuzhan Hasipo\u011flu taraf\u0131ndan parti faaliyet raporu sunulacak. Parti Sayman\u0131 taraf\u0131ndan da mali rapor okunacak.<br \/>Konuklar\u0131n konu\u015fmalar\u0131yla devam edecek kurultayda, Gen\u00e7lik Kolu ba\u015fkanlar\u0131n\u0131n takdimi yap\u0131lacak.<br \/>Cumhurba\u015fkan\u0131 Ersin Tatar\u2019\u0131n konu\u015fmas\u0131n\u0131n ard\u0131ndan K\u0131br\u0131s meselesiyle ilgili Kurultay Karar\u0131 okunup oylamaya sunulacak.<br \/>Kurultayda saat 11.00\u2019de ise Y\u00fcksek Disiplin Kurulu, Denetleme Kurulu, Genel Ba\u015fkanl\u0131k ve Parti Meclisi i\u00e7in oy verme i\u015flemi ba\u015flayacak. Oy verme i\u015flemi, saat 21.00\u2019de sona erecek.<br \/>Genel ba\u015fkanl\u0131k i\u00e7in oy say\u0131m\u0131 bu ak\u015fam 21.00\u2019den sonra, parti meclisinin oy say\u0131m\u0131 ise pazar g\u00fcn\u00fc saat 10.00\u2019da yap\u0131lacak.<\/p>\n<\/p><\/div>\n<p><script async\n                    defer\n                    crossorigin=\"anonymous\"\n                    src=\"https:\/\/connect.facebook.net\/tr_TR\/sdk.js#xfbml=1&#038;version=v3.3\"\n            ><\/script><\/p>\n","protected":false},"excerpt":{"rendered":"<p>Ulusal Birlik Partisi\u2019nin 23. Ola\u011fan Genel Kurultay\u0131 bug\u00fcn yap\u0131l\u0131yor.\u00dc\u00e7 genel ba\u015fkan aday\u0131n\u0131n yar\u0131\u015faca\u011f\u0131 kurultay, Lefko\u015fa Atat\u00fcrk Spor Salonu\u2019nda yer alacak.Genel ba\u015fkan adalar\u0131ndan \u00dcnal \u00dcstel\u2019in birinci s\u0131rada yer alaca\u011f\u0131 oy pusulas\u0131nda, Ahmet Melih Karavelio\u011flu ikinci, Hasan Ta\u00e7oy ise \u00fc\u00e7\u00fcnc\u00fc s\u0131rada yer alacak.Kurultayda, genel ba\u015fkanl\u0131k se\u00e7iminin yan\u0131 s\u0131ra, 70 ki\u015filik parti meclisi i\u00e7in de oy verilecek, Parti<\/p>\n","protected":false},"author":1,"featured_media":3859,"comment_status":"open","ping_status":"open","sticky":false,"template":"","format":"standard","meta":{"footnotes":""},"categories":[81],"tags":[],"class_list":["post-63958","post","type-post","status-publish","format-standard","has-post-thumbnail","hentry","category-kibris"],"yoast_head":"<!-- This site is optimized with the Yoast SEO plugin v27.5 - https:\/\/yoast.com\/product\/yoast-seo-wordpress\/ -->\n<title>UBP\u2019nin 23. Ola\u011fan Genel Kurultay\u0131 bug\u00fcn yap\u0131l\u0131yor -<\/title>\n<meta name=\"robots\" content=\"index, follow, max-snippet:-1, max-image-preview:large, max-video-preview:-1\" \/>\n<link rel=\"canonical\" href=\"https:\/\/kibrisdakik.com\/?p=63958\" \/>\n<meta property=\"og:locale\" content=\"tr_TR\" \/>\n<meta property=\"og:type\" content=\"article\" \/>\n<meta property=\"og:title\" content=\"UBP\u2019nin 23. Ola\u011fan Genel Kurultay\u0131 bug\u00fcn yap\u0131l\u0131yor -\" \/>\n<meta property=\"og:description\" content=\"Ulusal Birlik Partisi\u2019nin 23. Ola\u011fan Genel Kurultay\u0131 bug\u00fcn yap\u0131l\u0131yor.\u00dc\u00e7 genel ba\u015fkan aday\u0131n\u0131n yar\u0131\u015faca\u011f\u0131 kurultay, Lefko\u015fa Atat\u00fcrk Spor Salonu\u2019nda yer alacak.Genel ba\u015fkan adalar\u0131ndan \u00dcnal \u00dcstel\u2019in birinci s\u0131rada yer alaca\u011f\u0131 oy pusulas\u0131nda, Ahmet Melih Karavelio\u011flu ikinci, Hasan Ta\u00e7oy ise \u00fc\u00e7\u00fcnc\u00fc s\u0131rada yer alacak.Kurultayda, genel ba\u015fkanl\u0131k se\u00e7iminin yan\u0131 s\u0131ra, 70 ki\u015filik parti meclisi i\u00e7in de oy verilecek, Parti\" \/>\n<meta property=\"og:url\" content=\"https:\/\/kibrisdakik.com\/?p=63958\" \/>\n<meta property=\"article:published_time\" content=\"2024-09-21T04:51:16+00:00\" \/>\n<meta property=\"og:image\" content=\"https:\/\/kibrisdakik.com\/wp-content\/uploads\/2023\/03\/ubp-3-740x420.jpg\" \/>\n\t<meta property=\"og:image:width\" content=\"1574\" \/>\n\t<meta property=\"og:image:height\" content=\"891\" \/>\n\t<meta property=\"og:image:type\" content=\"image\/jpeg\" \/>\n<meta name=\"author\" content=\"admin\" \/>\n<meta name=\"twitter:card\" content=\"summary_large_image\" \/>\n<meta name=\"twitter:label1\" content=\"Yazan:\" \/>\n\t<meta name=\"twitter:data1\" content=\"admin\" \/>\n\t<meta name=\"twitter:label2\" content=\"Tahmini okuma s\u00fcresi\" \/>\n\t<meta name=\"twitter:data2\" content=\"2 dakika\" \/>\n<script type=\"application\/ld+json\" class=\"yoast-schema-graph\">{\"@context\":\"https:\\\/\\\/schema.org\",\"@graph\":[{\"@type\":\"Article\",\"@id\":\"https:\\\/\\\/kibrisdakik.com\\\/?p=63958#article\",\"isPartOf\":{\"@id\":\"https:\\\/\\\/kibrisdakik.com\\\/?p=63958\"},\"author\":{\"name\":\"admin\",\"@id\":\"https:\\\/\\\/kibrisdakik.com\\\/#\\\/schema\\\/person\\\/9cd9d437bbb44f72b73ba127e06d8e79\"},\"headline\":\"UBP\u2019nin 23. Ola\u011fan Genel Kurultay\u0131 bug\u00fcn yap\u0131l\u0131yor\",\"datePublished\":\"2024-09-21T04:51:16+00:00\",\"mainEntityOfPage\":{\"@id\":\"https:\\\/\\\/kibrisdakik.com\\\/?p=63958\"},\"wordCount\":351,\"commentCount\":0,\"image\":{\"@id\":\"https:\\\/\\\/kibrisdakik.com\\\/?p=63958#primaryimage\"},\"thumbnailUrl\":\"https:\\\/\\\/kibrisdakik.com\\\/wp-content\\\/uploads\\\/2023\\\/03\\\/ubp-3-740x420.jpg\",\"articleSection\":[\"K\u0131br\u0131s\"],\"inLanguage\":\"tr\",\"potentialAction\":[{\"@type\":\"CommentAction\",\"name\":\"Comment\",\"target\":[\"https:\\\/\\\/kibrisdakik.com\\\/?p=63958#respond\"]}]},{\"@type\":\"WebPage\",\"@id\":\"https:\\\/\\\/kibrisdakik.com\\\/?p=63958\",\"url\":\"https:\\\/\\\/kibrisdakik.com\\\/?p=63958\",\"name\":\"UBP\u2019nin 23. Ola\u011fan Genel Kurultay\u0131 bug\u00fcn yap\u0131l\u0131yor -\",\"isPartOf\":{\"@id\":\"https:\\\/\\\/kibrisdakik.com\\\/#website\"},\"primaryImageOfPage\":{\"@id\":\"https:\\\/\\\/kibrisdakik.com\\\/?p=63958#primaryimage\"},\"image\":{\"@id\":\"https:\\\/\\\/kibrisdakik.com\\\/?p=63958#primaryimage\"},\"thumbnailUrl\":\"https:\\\/\\\/kibrisdakik.com\\\/wp-content\\\/uploads\\\/2023\\\/03\\\/ubp-3-740x420.jpg\",\"datePublished\":\"2024-09-21T04:51:16+00:00\",\"author\":{\"@id\":\"https:\\\/\\\/kibrisdakik.com\\\/#\\\/schema\\\/person\\\/9cd9d437bbb44f72b73ba127e06d8e79\"},\"breadcrumb\":{\"@id\":\"https:\\\/\\\/kibrisdakik.com\\\/?p=63958#breadcrumb\"},\"inLanguage\":\"tr\",\"potentialAction\":[{\"@type\":\"ReadAction\",\"target\":[\"https:\\\/\\\/kibrisdakik.com\\\/?p=63958\"]}]},{\"@type\":\"ImageObject\",\"inLanguage\":\"tr\",\"@id\":\"https:\\\/\\\/kibrisdakik.com\\\/?p=63958#primaryimage\",\"url\":\"https:\\\/\\\/kibrisdakik.com\\\/wp-content\\\/uploads\\\/2023\\\/03\\\/ubp-3-740x420.jpg\",\"contentUrl\":\"https:\\\/\\\/kibrisdakik.com\\\/wp-content\\\/uploads\\\/2023\\\/03\\\/ubp-3-740x420.jpg\",\"width\":1574,\"height\":891},{\"@type\":\"BreadcrumbList\",\"@id\":\"https:\\\/\\\/kibrisdakik.com\\\/?p=63958#breadcrumb\",\"itemListElement\":[{\"@type\":\"ListItem\",\"position\":1,\"name\":\"Home\",\"item\":\"https:\\\/\\\/kibrisdakik.com\\\/\"},{\"@type\":\"ListItem\",\"position\":2,\"name\":\"UBP\u2019nin 23. Ola\u011fan Genel Kurultay\u0131 bug\u00fcn yap\u0131l\u0131yor\"}]},{\"@type\":\"WebSite\",\"@id\":\"https:\\\/\\\/kibrisdakik.com\\\/#website\",\"url\":\"https:\\\/\\\/kibrisdakik.com\\\/\",\"name\":\"\",\"description\":\"Tam vaktinde haber\",\"potentialAction\":[{\"@type\":\"SearchAction\",\"target\":{\"@type\":\"EntryPoint\",\"urlTemplate\":\"https:\\\/\\\/kibrisdakik.com\\\/?s={search_term_string}\"},\"query-input\":{\"@type\":\"PropertyValueSpecification\",\"valueRequired\":true,\"valueName\":\"search_term_string\"}}],\"inLanguage\":\"tr\"},{\"@type\":\"Person\",\"@id\":\"https:\\\/\\\/kibrisdakik.com\\\/#\\\/schema\\\/person\\\/9cd9d437bbb44f72b73ba127e06d8e79\",\"name\":\"admin\",\"image\":{\"@type\":\"ImageObject\",\"inLanguage\":\"tr\",\"@id\":\"https:\\\/\\\/secure.gravatar.com\\\/avatar\\\/ccc17943b9d660506c869530f897617f7cb1c21a4bf30023f252596d83e1f007?s=96&d=mm&r=g\",\"url\":\"https:\\\/\\\/secure.gravatar.com\\\/avatar\\\/ccc17943b9d660506c869530f897617f7cb1c21a4bf30023f252596d83e1f007?s=96&d=mm&r=g\",\"contentUrl\":\"https:\\\/\\\/secure.gravatar.com\\\/avatar\\\/ccc17943b9d660506c869530f897617f7cb1c21a4bf30023f252596d83e1f007?s=96&d=mm&r=g\",\"caption\":\"admin\"},\"sameAs\":[\"https:\\\/\\\/kibrisdakik.com\"],\"url\":\"https:\\\/\\\/kibrisdakik.com\\\/?author=1\"}]}<\/script>\n<!-- \/ Yoast SEO plugin. -->","yoast_head_json":{"title":"UBP\u2019nin 23. Ola\u011fan Genel Kurultay\u0131 bug\u00fcn yap\u0131l\u0131yor -","robots":{"index":"index","follow":"follow","max-snippet":"max-snippet:-1","max-image-preview":"max-image-preview:large","max-video-preview":"max-video-preview:-1"},"canonical":"https:\/\/kibrisdakik.com\/?p=63958","og_locale":"tr_TR","og_type":"article","og_title":"UBP\u2019nin 23. Ola\u011fan Genel Kurultay\u0131 bug\u00fcn yap\u0131l\u0131yor -","og_description":"Ulusal Birlik Partisi\u2019nin 23. Ola\u011fan Genel Kurultay\u0131 bug\u00fcn yap\u0131l\u0131yor.\u00dc\u00e7 genel ba\u015fkan aday\u0131n\u0131n yar\u0131\u015faca\u011f\u0131 kurultay, Lefko\u015fa Atat\u00fcrk Spor Salonu\u2019nda yer alacak.Genel ba\u015fkan adalar\u0131ndan \u00dcnal \u00dcstel\u2019in birinci s\u0131rada yer alaca\u011f\u0131 oy pusulas\u0131nda, Ahmet Melih Karavelio\u011flu ikinci, Hasan Ta\u00e7oy ise \u00fc\u00e7\u00fcnc\u00fc s\u0131rada yer alacak.Kurultayda, genel ba\u015fkanl\u0131k se\u00e7iminin yan\u0131 s\u0131ra, 70 ki\u015filik parti meclisi i\u00e7in de oy verilecek, Parti","og_url":"https:\/\/kibrisdakik.com\/?p=63958","article_published_time":"2024-09-21T04:51:16+00:00","og_image":[{"width":1574,"height":891,"url":"https:\/\/kibrisdakik.com\/wp-content\/uploads\/2023\/03\/ubp-3-740x420.jpg","type":"image\/jpeg"}],"author":"admin","twitter_card":"summary_large_image","twitter_misc":{"Yazan:":"admin","Tahmini okuma s\u00fcresi":"2 dakika"},"schema":{"@context":"https:\/\/schema.org","@graph":[{"@type":"Article","@id":"https:\/\/kibrisdakik.com\/?p=63958#article","isPartOf":{"@id":"https:\/\/kibrisdakik.com\/?p=63958"},"author":{"name":"admin","@id":"https:\/\/kibrisdakik.com\/#\/schema\/person\/9cd9d437bbb44f72b73ba127e06d8e79"},"headline":"UBP\u2019nin 23. Ola\u011fan Genel Kurultay\u0131 bug\u00fcn yap\u0131l\u0131yor","datePublished":"2024-09-21T04:51:16+00:00","mainEntityOfPage":{"@id":"https:\/\/kibrisdakik.com\/?p=63958"},"wordCount":351,"commentCount":0,"image":{"@id":"https:\/\/kibrisdakik.com\/?p=63958#primaryimage"},"thumbnailUrl":"https:\/\/kibrisdakik.com\/wp-content\/uploads\/2023\/03\/ubp-3-740x420.jpg","articleSection":["K\u0131br\u0131s"],"inLanguage":"tr","potentialAction":[{"@type":"CommentAction","name":"Comment","target":["https:\/\/kibrisdakik.com\/?p=63958#respond"]}]},{"@type":"WebPage","@id":"https:\/\/kibrisdakik.com\/?p=63958","url":"https:\/\/kibrisdakik.com\/?p=63958","name":"UBP\u2019nin 23. Ola\u011fan Genel Kurultay\u0131 bug\u00fcn yap\u0131l\u0131yor -","isPartOf":{"@id":"https:\/\/kibrisdakik.com\/#website"},"primaryImageOfPage":{"@id":"https:\/\/kibrisdakik.com\/?p=63958#primaryimage"},"image":{"@id":"https:\/\/kibrisdakik.com\/?p=63958#primaryimage"},"thumbnailUrl":"https:\/\/kibrisdakik.com\/wp-content\/uploads\/2023\/03\/ubp-3-740x420.jpg","datePublished":"2024-09-21T04:51:16+00:00","author":{"@id":"https:\/\/kibrisdakik.com\/#\/schema\/person\/9cd9d437bbb44f72b73ba127e06d8e79"},"breadcrumb":{"@id":"https:\/\/kibrisdakik.com\/?p=63958#breadcrumb"},"inLanguage":"tr","potentialAction":[{"@type":"ReadAction","target":["https:\/\/kibrisdakik.com\/?p=63958"]}]},{"@type":"ImageObject","inLanguage":"tr","@id":"https:\/\/kibrisdakik.com\/?p=63958#primaryimage","url":"https:\/\/kibrisdakik.com\/wp-content\/uploads\/2023\/03\/ubp-3-740x420.jpg","contentUrl":"https:\/\/kibrisdakik.com\/wp-content\/uploads\/2023\/03\/ubp-3-740x420.jpg","width":1574,"height":891},{"@type":"BreadcrumbList","@id":"https:\/\/kibrisdakik.com\/?p=63958#breadcrumb","itemListElement":[{"@type":"ListItem","position":1,"name":"Home","item":"https:\/\/kibrisdakik.com\/"},{"@type":"ListItem","position":2,"name":"UBP\u2019nin 23. Ola\u011fan Genel Kurultay\u0131 bug\u00fcn yap\u0131l\u0131yor"}]},{"@type":"WebSite","@id":"https:\/\/kibrisdakik.com\/#website","url":"https:\/\/kibrisdakik.com\/","name":"","description":"Tam vaktinde haber","potentialAction":[{"@type":"SearchAction","target":{"@type":"EntryPoint","urlTemplate":"https:\/\/kibrisdakik.com\/?s={search_term_string}"},"query-input":{"@type":"PropertyValueSpecification","valueRequired":true,"valueName":"search_term_string"}}],"inLanguage":"tr"},{"@type":"Person","@id":"https:\/\/kibrisdakik.com\/#\/schema\/person\/9cd9d437bbb44f72b73ba127e06d8e79","name":"admin","image":{"@type":"ImageObject","inLanguage":"tr","@id":"https:\/\/secure.gravatar.com\/avatar\/ccc17943b9d660506c869530f897617f7cb1c21a4bf30023f252596d83e1f007?s=96&d=mm&r=g","url":"https:\/\/secure.gravatar.com\/avatar\/ccc17943b9d660506c869530f897617f7cb1c21a4bf30023f252596d83e1f007?s=96&d=mm&r=g","contentUrl":"https:\/\/secure.gravatar.com\/avatar\/ccc17943b9d660506c869530f897617f7cb1c21a4bf30023f252596d83e1f007?s=96&d=mm&r=g","caption":"admin"},"sameAs":["https:\/\/kibrisdakik.com"],"url":"https:\/\/kibrisdakik.com\/?author=1"}]}},"_links":{"self":[{"href":"https:\/\/kibrisdakik.com\/index.php?rest_route=\/wp\/v2\/posts\/63958","targetHints":{"allow":["GET"]}}],"collection":[{"href":"https:\/\/kibrisdakik.com\/index.php?rest_route=\/wp\/v2\/posts"}],"about":[{"href":"https:\/\/kibrisdakik.com\/index.php?rest_route=\/wp\/v2\/types\/post"}],"author":[{"embeddable":true,"href":"https:\/\/kibrisdakik.com\/index.php?rest_route=\/wp\/v2\/users\/1"}],"replies":[{"embeddable":true,"href":"https:\/\/kibrisdakik.com\/index.php?rest_route=%2Fwp%2Fv2%2Fcomments&post=63958"}],"version-history":[{"count":0,"href":"https:\/\/kibrisdakik.com\/index.php?rest_route=\/wp\/v2\/posts\/63958\/revisions"}],"wp:featuredmedia":[{"embeddable":true,"href":"https:\/\/kibrisdakik.com\/index.php?rest_route=\/wp\/v2\/media\/3859"}],"wp:attachment":[{"href":"https:\/\/kibrisdakik.com\/index.php?rest_route=%2Fwp%2Fv2%2Fmedia&parent=63958"}],"wp:term":[{"taxonomy":"category","embeddable":true,"href":"https:\/\/kibrisdakik.com\/index.php?rest_route=%2Fwp%2Fv2%2Fcategories&post=63958"},{"taxonomy":"post_tag","embeddable":true,"href":"https:\/\/kibrisdakik.com\/index.php?rest_route=%2Fwp%2Fv2%2Ftags&post=63958"}],"curies":[{"name":"wp","href":"https:\/\/api.w.org\/{rel}","templated":true}]}}