{"id":6414,"date":"2023-05-07T04:36:52","date_gmt":"2023-05-07T04:36:52","guid":{"rendered":"https:\/\/kibrisdakik.com\/index.php\/2023\/05\/07\/cumhurbaskani-tatar-dr-hudaverdiye-milli-mucadele-madalyasi-takdim-etti\/"},"modified":"2023-05-07T04:36:52","modified_gmt":"2023-05-07T04:36:52","slug":"cumhurbaskani-tatar-dr-hudaverdiye-milli-mucadele-madalyasi-takdim-etti","status":"publish","type":"post","link":"https:\/\/kibrisdakik.com\/?p=6414","title":{"rendered":"Cumhurba\u015fkan\u0131 Tatar, Dr. H\u00fcdaverdi\u2019ye milli m\u00fccadele madalyas\u0131 takdim etti"},"content":{"rendered":"<p><\/p>\n<div>\n<div class=\"mariselle-image-container center\">\n                <img width=\"979\" height=\"453\" class=\"lazy-image\" alt=\"\" decoding=\"async\" loading=\"lazy\" sizes=\"auto, (max-width: 979px) 100vw, 979px\" src=\"https:\/\/brtk.net\/wp-content\/uploads\/2023\/05\/07\/IMG-20230506-WA0024.jpg?ver=c680fb2cc757db992f2931101ded92bd\" srcset=\"https:\/\/brtk.net\/wp-content\/uploads\/2023\/05\/07\/IMG-20230506-WA0024.jpg?ver=c680fb2cc757db992f2931101ded92bd 979w, https:\/\/brtk.net\/wp-content\/uploads\/2023\/05\/07\/IMG-20230506-WA0024-300x139.jpg?ver=c680fb2cc757db992f2931101ded92bd 300w, https:\/\/brtk.net\/wp-content\/uploads\/2023\/05\/07\/IMG-20230506-WA0024-768x355.jpg?ver=c680fb2cc757db992f2931101ded92bd 768w\"\/>                            <\/div>\n<p>Cumhurba\u015fkan\u0131 <a href=\"https:\/\/brtk.net\/\" target=\"_blank\" rel=\"noopener\">Ersin <\/a><a href=\"https:\/\/brtk.net\/\"\/><a href=\"https:\/\/brtk.net\/\"\/><a href=\"https:\/\/brtk.net\/\"\/><a href=\"https:\/\/brtk.net\/\">Tatar<\/a>, Dr. M\u00fcn\u00fcr H\u00fcdaverdi\u2019yi evinde ziyaret ederek T\u00fcrk Mukavemet Te\u015fkilat\u0131\u2019n\u0131n m\u00fccahidi olarak yapt\u0131\u011f\u0131 hizmetlerden dolay\u0131 kendisine <a href=\"https:\/\/brtk.net\/\">KKTC<\/a> Devleti ad\u0131na milli m\u00fccadele madalyas\u0131 takdim etti.<\/p>\n<p>Bu \u00fclkede \u00e7ok say\u0131da insan\u0131m\u0131z\u0131n \u015fehit d\u00fc\u015ft\u00fc\u011f\u00fcn\u00fc belirten Cumhurba\u015fkan\u0131 <a href=\"https:\/\/brtk.net\/\"\/><a href=\"https:\/\/brtk.net\/\"\/><a href=\"https:\/\/brtk.net\/\"\/><a href=\"https:\/\/brtk.net\/\">Tatar<\/a>, b\u00fcy\u00fck fedak\u00e2rl\u0131k ve kahramanl\u0131k \u00f6rne\u011fi g\u00f6sterildi\u011fini vurgulayarak Dr. M\u00fcn\u00fcr H\u00fcdaverdi\u2019nin hizmetlerinin de unutulmayaca\u011f\u0131n\u0131n alt\u0131n\u0131 \u00e7izdi.<\/p>\n<p>Cumhurba\u015fkan\u0131 <a href=\"https:\/\/brtk.net\/\"\/><a href=\"https:\/\/brtk.net\/\"\/><a href=\"https:\/\/brtk.net\/\"\/><a href=\"https:\/\/brtk.net\/\">Tatar<\/a>, Dr. M\u00fcn\u00fcr H\u00fcdaverdi\u2019nin bir t\u0131p insan\u0131 olarak \u00e7ok say\u0131da soyda\u015f\u0131m\u0131z\u0131 tedavi etti\u011fini ayn\u0131 zamanda m\u00fccahitlik de yaparak milli davam\u0131za katk\u0131da bulundu\u011funu s\u00f6yledi. Kendisinin, hem bir halk insan\u0131 hem de doktor olarak \u00e7ok sevildi\u011fini dile getiren Cumhurba\u015fkan\u0131 <a href=\"https:\/\/brtk.net\/\"\/><a href=\"https:\/\/brtk.net\/\"\/><a href=\"https:\/\/brtk.net\/\"\/><a href=\"https:\/\/brtk.net\/\">Tatar<\/a>, hizmetlerinin b\u00fcy\u00fck bir takdirle kar\u015f\u0131land\u0131\u011f\u0131n\u0131 s\u00f6zlerine ekledi.<\/p>\n<p>Dr. M\u00fcn\u00fcr H\u00fcdaverdi de konu\u015fmas\u0131nda, \u00e7ok de\u011ferli bir K\u0131br\u0131s insan\u0131ndan b\u00f6yle anlaml\u0131 ve de\u011ferli bir \u00f6d\u00fcl almaktan b\u00fcy\u00fck gurur duydu\u011funu ifade ederek ziyaretinden dolay\u0131 Cumhurba\u015fkan\u0131 <a href=\"https:\/\/brtk.net\/\"\/><a href=\"https:\/\/brtk.net\/\"\/><a href=\"https:\/\/brtk.net\/\"\/><a href=\"https:\/\/brtk.net\/\">Tatar<\/a>\u2019a te\u015fekk\u00fcrlerini sundu.<\/p>\n<\/p><\/div>\n<p><script async\n                    defer\n                    crossorigin=\"anonymous\"\n                    src=\"https:\/\/connect.facebook.net\/tr_TR\/sdk.js#xfbml=1&#038;version=v3.3\"\n            ><\/script><\/p>\n","protected":false},"excerpt":{"rendered":"<p>Cumhurba\u015fkan\u0131 Ersin Tatar, Dr. M\u00fcn\u00fcr H\u00fcdaverdi\u2019yi evinde ziyaret ederek T\u00fcrk Mukavemet Te\u015fkilat\u0131\u2019n\u0131n m\u00fccahidi olarak yapt\u0131\u011f\u0131 hizmetlerden dolay\u0131 kendisine KKTC Devleti ad\u0131na milli m\u00fccadele madalyas\u0131 takdim etti. Bu \u00fclkede \u00e7ok say\u0131da insan\u0131m\u0131z\u0131n \u015fehit d\u00fc\u015ft\u00fc\u011f\u00fcn\u00fc belirten Cumhurba\u015fkan\u0131 Tatar, b\u00fcy\u00fck fedak\u00e2rl\u0131k ve kahramanl\u0131k \u00f6rne\u011fi g\u00f6sterildi\u011fini vurgulayarak Dr. M\u00fcn\u00fcr H\u00fcdaverdi\u2019nin hizmetlerinin de unutulmayaca\u011f\u0131n\u0131n alt\u0131n\u0131 \u00e7izdi. Cumhurba\u015fkan\u0131 Tatar, Dr. M\u00fcn\u00fcr<\/p>\n","protected":false},"author":1,"featured_media":6415,"comment_status":"open","ping_status":"open","sticky":false,"template":"","format":"standard","meta":{"footnotes":""},"categories":[1],"tags":[],"class_list":["post-6414","post","type-post","status-publish","format-standard","has-post-thumbnail","hentry","category-gundem"],"yoast_head":"<!-- This site is optimized with the Yoast SEO plugin v27.5 - https:\/\/yoast.com\/product\/yoast-seo-wordpress\/ -->\n<title>Cumhurba\u015fkan\u0131 Tatar, Dr. H\u00fcdaverdi\u2019ye milli m\u00fccadele madalyas\u0131 takdim etti -<\/title>\n<meta name=\"robots\" content=\"index, follow, max-snippet:-1, max-image-preview:large, max-video-preview:-1\" \/>\n<link rel=\"canonical\" href=\"https:\/\/kibrisdakik.com\/?p=6414\" \/>\n<meta property=\"og:locale\" content=\"tr_TR\" \/>\n<meta property=\"og:type\" content=\"article\" \/>\n<meta property=\"og:title\" content=\"Cumhurba\u015fkan\u0131 Tatar, Dr. H\u00fcdaverdi\u2019ye milli m\u00fccadele madalyas\u0131 takdim etti -\" \/>\n<meta property=\"og:description\" content=\"Cumhurba\u015fkan\u0131 Ersin Tatar, Dr. M\u00fcn\u00fcr H\u00fcdaverdi\u2019yi evinde ziyaret ederek T\u00fcrk Mukavemet Te\u015fkilat\u0131\u2019n\u0131n m\u00fccahidi olarak yapt\u0131\u011f\u0131 hizmetlerden dolay\u0131 kendisine KKTC Devleti ad\u0131na milli m\u00fccadele madalyas\u0131 takdim etti. Bu \u00fclkede \u00e7ok say\u0131da insan\u0131m\u0131z\u0131n \u015fehit d\u00fc\u015ft\u00fc\u011f\u00fcn\u00fc belirten Cumhurba\u015fkan\u0131 Tatar, b\u00fcy\u00fck fedak\u00e2rl\u0131k ve kahramanl\u0131k \u00f6rne\u011fi g\u00f6sterildi\u011fini vurgulayarak Dr. M\u00fcn\u00fcr H\u00fcdaverdi\u2019nin hizmetlerinin de unutulmayaca\u011f\u0131n\u0131n alt\u0131n\u0131 \u00e7izdi. Cumhurba\u015fkan\u0131 Tatar, Dr. M\u00fcn\u00fcr\" \/>\n<meta property=\"og:url\" content=\"https:\/\/kibrisdakik.com\/?p=6414\" \/>\n<meta property=\"article:published_time\" content=\"2023-05-07T04:36:52+00:00\" \/>\n<meta property=\"og:image\" content=\"https:\/\/kibrisdakik.com\/wp-content\/uploads\/2023\/05\/IMG-20230506-WA0024-740x420.jpg\" \/>\n\t<meta property=\"og:image:width\" content=\"979\" \/>\n\t<meta property=\"og:image:height\" content=\"453\" \/>\n\t<meta property=\"og:image:type\" content=\"image\/jpeg\" \/>\n<meta name=\"author\" content=\"admin\" \/>\n<meta name=\"twitter:card\" content=\"summary_large_image\" \/>\n<meta name=\"twitter:label1\" content=\"Yazan:\" \/>\n\t<meta name=\"twitter:data1\" content=\"admin\" \/>\n\t<meta name=\"twitter:label2\" content=\"Tahmini okuma s\u00fcresi\" \/>\n\t<meta name=\"twitter:data2\" content=\"1 dakika\" \/>\n<script type=\"application\/ld+json\" class=\"yoast-schema-graph\">{\"@context\":\"https:\\\/\\\/schema.org\",\"@graph\":[{\"@type\":\"Article\",\"@id\":\"https:\\\/\\\/kibrisdakik.com\\\/?p=6414#article\",\"isPartOf\":{\"@id\":\"https:\\\/\\\/kibrisdakik.com\\\/?p=6414\"},\"author\":{\"name\":\"admin\",\"@id\":\"https:\\\/\\\/kibrisdakik.com\\\/#\\\/schema\\\/person\\\/9cd9d437bbb44f72b73ba127e06d8e79\"},\"headline\":\"Cumhurba\u015fkan\u0131 Tatar, Dr. H\u00fcdaverdi\u2019ye milli m\u00fccadele madalyas\u0131 takdim etti\",\"datePublished\":\"2023-05-07T04:36:52+00:00\",\"mainEntityOfPage\":{\"@id\":\"https:\\\/\\\/kibrisdakik.com\\\/?p=6414\"},\"wordCount\":213,\"commentCount\":0,\"image\":{\"@id\":\"https:\\\/\\\/kibrisdakik.com\\\/?p=6414#primaryimage\"},\"thumbnailUrl\":\"https:\\\/\\\/kibrisdakik.com\\\/wp-content\\\/uploads\\\/2023\\\/05\\\/IMG-20230506-WA0024-740x420.jpg\",\"articleSection\":[\"G\u00fcndem\"],\"inLanguage\":\"tr\",\"potentialAction\":[{\"@type\":\"CommentAction\",\"name\":\"Comment\",\"target\":[\"https:\\\/\\\/kibrisdakik.com\\\/?p=6414#respond\"]}]},{\"@type\":\"WebPage\",\"@id\":\"https:\\\/\\\/kibrisdakik.com\\\/?p=6414\",\"url\":\"https:\\\/\\\/kibrisdakik.com\\\/?p=6414\",\"name\":\"Cumhurba\u015fkan\u0131 Tatar, Dr. H\u00fcdaverdi\u2019ye milli m\u00fccadele madalyas\u0131 takdim etti -\",\"isPartOf\":{\"@id\":\"https:\\\/\\\/kibrisdakik.com\\\/#website\"},\"primaryImageOfPage\":{\"@id\":\"https:\\\/\\\/kibrisdakik.com\\\/?p=6414#primaryimage\"},\"image\":{\"@id\":\"https:\\\/\\\/kibrisdakik.com\\\/?p=6414#primaryimage\"},\"thumbnailUrl\":\"https:\\\/\\\/kibrisdakik.com\\\/wp-content\\\/uploads\\\/2023\\\/05\\\/IMG-20230506-WA0024-740x420.jpg\",\"datePublished\":\"2023-05-07T04:36:52+00:00\",\"author\":{\"@id\":\"https:\\\/\\\/kibrisdakik.com\\\/#\\\/schema\\\/person\\\/9cd9d437bbb44f72b73ba127e06d8e79\"},\"breadcrumb\":{\"@id\":\"https:\\\/\\\/kibrisdakik.com\\\/?p=6414#breadcrumb\"},\"inLanguage\":\"tr\",\"potentialAction\":[{\"@type\":\"ReadAction\",\"target\":[\"https:\\\/\\\/kibrisdakik.com\\\/?p=6414\"]}]},{\"@type\":\"ImageObject\",\"inLanguage\":\"tr\",\"@id\":\"https:\\\/\\\/kibrisdakik.com\\\/?p=6414#primaryimage\",\"url\":\"https:\\\/\\\/kibrisdakik.com\\\/wp-content\\\/uploads\\\/2023\\\/05\\\/IMG-20230506-WA0024-740x420.jpg\",\"contentUrl\":\"https:\\\/\\\/kibrisdakik.com\\\/wp-content\\\/uploads\\\/2023\\\/05\\\/IMG-20230506-WA0024-740x420.jpg\",\"width\":979,\"height\":453},{\"@type\":\"BreadcrumbList\",\"@id\":\"https:\\\/\\\/kibrisdakik.com\\\/?p=6414#breadcrumb\",\"itemListElement\":[{\"@type\":\"ListItem\",\"position\":1,\"name\":\"Home\",\"item\":\"https:\\\/\\\/kibrisdakik.com\\\/\"},{\"@type\":\"ListItem\",\"position\":2,\"name\":\"Cumhurba\u015fkan\u0131 Tatar, Dr. H\u00fcdaverdi\u2019ye milli m\u00fccadele madalyas\u0131 takdim etti\"}]},{\"@type\":\"WebSite\",\"@id\":\"https:\\\/\\\/kibrisdakik.com\\\/#website\",\"url\":\"https:\\\/\\\/kibrisdakik.com\\\/\",\"name\":\"\",\"description\":\"Tam vaktinde haber\",\"potentialAction\":[{\"@type\":\"SearchAction\",\"target\":{\"@type\":\"EntryPoint\",\"urlTemplate\":\"https:\\\/\\\/kibrisdakik.com\\\/?s={search_term_string}\"},\"query-input\":{\"@type\":\"PropertyValueSpecification\",\"valueRequired\":true,\"valueName\":\"search_term_string\"}}],\"inLanguage\":\"tr\"},{\"@type\":\"Person\",\"@id\":\"https:\\\/\\\/kibrisdakik.com\\\/#\\\/schema\\\/person\\\/9cd9d437bbb44f72b73ba127e06d8e79\",\"name\":\"admin\",\"image\":{\"@type\":\"ImageObject\",\"inLanguage\":\"tr\",\"@id\":\"https:\\\/\\\/secure.gravatar.com\\\/avatar\\\/ccc17943b9d660506c869530f897617f7cb1c21a4bf30023f252596d83e1f007?s=96&d=mm&r=g\",\"url\":\"https:\\\/\\\/secure.gravatar.com\\\/avatar\\\/ccc17943b9d660506c869530f897617f7cb1c21a4bf30023f252596d83e1f007?s=96&d=mm&r=g\",\"contentUrl\":\"https:\\\/\\\/secure.gravatar.com\\\/avatar\\\/ccc17943b9d660506c869530f897617f7cb1c21a4bf30023f252596d83e1f007?s=96&d=mm&r=g\",\"caption\":\"admin\"},\"sameAs\":[\"https:\\\/\\\/kibrisdakik.com\"],\"url\":\"https:\\\/\\\/kibrisdakik.com\\\/?author=1\"}]}<\/script>\n<!-- \/ Yoast SEO plugin. -->","yoast_head_json":{"title":"Cumhurba\u015fkan\u0131 Tatar, Dr. H\u00fcdaverdi\u2019ye milli m\u00fccadele madalyas\u0131 takdim etti -","robots":{"index":"index","follow":"follow","max-snippet":"max-snippet:-1","max-image-preview":"max-image-preview:large","max-video-preview":"max-video-preview:-1"},"canonical":"https:\/\/kibrisdakik.com\/?p=6414","og_locale":"tr_TR","og_type":"article","og_title":"Cumhurba\u015fkan\u0131 Tatar, Dr. H\u00fcdaverdi\u2019ye milli m\u00fccadele madalyas\u0131 takdim etti -","og_description":"Cumhurba\u015fkan\u0131 Ersin Tatar, Dr. M\u00fcn\u00fcr H\u00fcdaverdi\u2019yi evinde ziyaret ederek T\u00fcrk Mukavemet Te\u015fkilat\u0131\u2019n\u0131n m\u00fccahidi olarak yapt\u0131\u011f\u0131 hizmetlerden dolay\u0131 kendisine KKTC Devleti ad\u0131na milli m\u00fccadele madalyas\u0131 takdim etti. Bu \u00fclkede \u00e7ok say\u0131da insan\u0131m\u0131z\u0131n \u015fehit d\u00fc\u015ft\u00fc\u011f\u00fcn\u00fc belirten Cumhurba\u015fkan\u0131 Tatar, b\u00fcy\u00fck fedak\u00e2rl\u0131k ve kahramanl\u0131k \u00f6rne\u011fi g\u00f6sterildi\u011fini vurgulayarak Dr. M\u00fcn\u00fcr H\u00fcdaverdi\u2019nin hizmetlerinin de unutulmayaca\u011f\u0131n\u0131n alt\u0131n\u0131 \u00e7izdi. Cumhurba\u015fkan\u0131 Tatar, Dr. M\u00fcn\u00fcr","og_url":"https:\/\/kibrisdakik.com\/?p=6414","article_published_time":"2023-05-07T04:36:52+00:00","og_image":[{"width":979,"height":453,"url":"https:\/\/kibrisdakik.com\/wp-content\/uploads\/2023\/05\/IMG-20230506-WA0024-740x420.jpg","type":"image\/jpeg"}],"author":"admin","twitter_card":"summary_large_image","twitter_misc":{"Yazan:":"admin","Tahmini okuma s\u00fcresi":"1 dakika"},"schema":{"@context":"https:\/\/schema.org","@graph":[{"@type":"Article","@id":"https:\/\/kibrisdakik.com\/?p=6414#article","isPartOf":{"@id":"https:\/\/kibrisdakik.com\/?p=6414"},"author":{"name":"admin","@id":"https:\/\/kibrisdakik.com\/#\/schema\/person\/9cd9d437bbb44f72b73ba127e06d8e79"},"headline":"Cumhurba\u015fkan\u0131 Tatar, Dr. H\u00fcdaverdi\u2019ye milli m\u00fccadele madalyas\u0131 takdim etti","datePublished":"2023-05-07T04:36:52+00:00","mainEntityOfPage":{"@id":"https:\/\/kibrisdakik.com\/?p=6414"},"wordCount":213,"commentCount":0,"image":{"@id":"https:\/\/kibrisdakik.com\/?p=6414#primaryimage"},"thumbnailUrl":"https:\/\/kibrisdakik.com\/wp-content\/uploads\/2023\/05\/IMG-20230506-WA0024-740x420.jpg","articleSection":["G\u00fcndem"],"inLanguage":"tr","potentialAction":[{"@type":"CommentAction","name":"Comment","target":["https:\/\/kibrisdakik.com\/?p=6414#respond"]}]},{"@type":"WebPage","@id":"https:\/\/kibrisdakik.com\/?p=6414","url":"https:\/\/kibrisdakik.com\/?p=6414","name":"Cumhurba\u015fkan\u0131 Tatar, Dr. H\u00fcdaverdi\u2019ye milli m\u00fccadele madalyas\u0131 takdim etti -","isPartOf":{"@id":"https:\/\/kibrisdakik.com\/#website"},"primaryImageOfPage":{"@id":"https:\/\/kibrisdakik.com\/?p=6414#primaryimage"},"image":{"@id":"https:\/\/kibrisdakik.com\/?p=6414#primaryimage"},"thumbnailUrl":"https:\/\/kibrisdakik.com\/wp-content\/uploads\/2023\/05\/IMG-20230506-WA0024-740x420.jpg","datePublished":"2023-05-07T04:36:52+00:00","author":{"@id":"https:\/\/kibrisdakik.com\/#\/schema\/person\/9cd9d437bbb44f72b73ba127e06d8e79"},"breadcrumb":{"@id":"https:\/\/kibrisdakik.com\/?p=6414#breadcrumb"},"inLanguage":"tr","potentialAction":[{"@type":"ReadAction","target":["https:\/\/kibrisdakik.com\/?p=6414"]}]},{"@type":"ImageObject","inLanguage":"tr","@id":"https:\/\/kibrisdakik.com\/?p=6414#primaryimage","url":"https:\/\/kibrisdakik.com\/wp-content\/uploads\/2023\/05\/IMG-20230506-WA0024-740x420.jpg","contentUrl":"https:\/\/kibrisdakik.com\/wp-content\/uploads\/2023\/05\/IMG-20230506-WA0024-740x420.jpg","width":979,"height":453},{"@type":"BreadcrumbList","@id":"https:\/\/kibrisdakik.com\/?p=6414#breadcrumb","itemListElement":[{"@type":"ListItem","position":1,"name":"Home","item":"https:\/\/kibrisdakik.com\/"},{"@type":"ListItem","position":2,"name":"Cumhurba\u015fkan\u0131 Tatar, Dr. H\u00fcdaverdi\u2019ye milli m\u00fccadele madalyas\u0131 takdim etti"}]},{"@type":"WebSite","@id":"https:\/\/kibrisdakik.com\/#website","url":"https:\/\/kibrisdakik.com\/","name":"","description":"Tam vaktinde haber","potentialAction":[{"@type":"SearchAction","target":{"@type":"EntryPoint","urlTemplate":"https:\/\/kibrisdakik.com\/?s={search_term_string}"},"query-input":{"@type":"PropertyValueSpecification","valueRequired":true,"valueName":"search_term_string"}}],"inLanguage":"tr"},{"@type":"Person","@id":"https:\/\/kibrisdakik.com\/#\/schema\/person\/9cd9d437bbb44f72b73ba127e06d8e79","name":"admin","image":{"@type":"ImageObject","inLanguage":"tr","@id":"https:\/\/secure.gravatar.com\/avatar\/ccc17943b9d660506c869530f897617f7cb1c21a4bf30023f252596d83e1f007?s=96&d=mm&r=g","url":"https:\/\/secure.gravatar.com\/avatar\/ccc17943b9d660506c869530f897617f7cb1c21a4bf30023f252596d83e1f007?s=96&d=mm&r=g","contentUrl":"https:\/\/secure.gravatar.com\/avatar\/ccc17943b9d660506c869530f897617f7cb1c21a4bf30023f252596d83e1f007?s=96&d=mm&r=g","caption":"admin"},"sameAs":["https:\/\/kibrisdakik.com"],"url":"https:\/\/kibrisdakik.com\/?author=1"}]}},"_links":{"self":[{"href":"https:\/\/kibrisdakik.com\/index.php?rest_route=\/wp\/v2\/posts\/6414","targetHints":{"allow":["GET"]}}],"collection":[{"href":"https:\/\/kibrisdakik.com\/index.php?rest_route=\/wp\/v2\/posts"}],"about":[{"href":"https:\/\/kibrisdakik.com\/index.php?rest_route=\/wp\/v2\/types\/post"}],"author":[{"embeddable":true,"href":"https:\/\/kibrisdakik.com\/index.php?rest_route=\/wp\/v2\/users\/1"}],"replies":[{"embeddable":true,"href":"https:\/\/kibrisdakik.com\/index.php?rest_route=%2Fwp%2Fv2%2Fcomments&post=6414"}],"version-history":[{"count":0,"href":"https:\/\/kibrisdakik.com\/index.php?rest_route=\/wp\/v2\/posts\/6414\/revisions"}],"wp:featuredmedia":[{"embeddable":true,"href":"https:\/\/kibrisdakik.com\/index.php?rest_route=\/wp\/v2\/media\/6415"}],"wp:attachment":[{"href":"https:\/\/kibrisdakik.com\/index.php?rest_route=%2Fwp%2Fv2%2Fmedia&parent=6414"}],"wp:term":[{"taxonomy":"category","embeddable":true,"href":"https:\/\/kibrisdakik.com\/index.php?rest_route=%2Fwp%2Fv2%2Fcategories&post=6414"},{"taxonomy":"post_tag","embeddable":true,"href":"https:\/\/kibrisdakik.com\/index.php?rest_route=%2Fwp%2Fv2%2Ftags&post=6414"}],"curies":[{"name":"wp","href":"https:\/\/api.w.org\/{rel}","templated":true}]}}