{"id":64245,"date":"2024-09-21T22:24:59","date_gmt":"2024-09-21T19:24:59","guid":{"rendered":"https:\/\/kibrisdakik.com\/index.php\/2024\/09\/21\/soykirimci-israil-siginmacilarin-kaldigi-21-okulu-vurdu\/"},"modified":"2024-09-21T22:24:59","modified_gmt":"2024-09-21T19:24:59","slug":"soykirimci-israil-siginmacilarin-kaldigi-21-okulu-vurdu","status":"publish","type":"post","link":"https:\/\/kibrisdakik.com\/?p=64245","title":{"rendered":"Soyk\u0131r\u0131mc\u0131 \u0130srail s\u0131\u011f\u0131nmac\u0131lar\u0131n kald\u0131\u011f\u0131 21 okulu vurdu"},"content":{"rendered":"<p><\/p>\n<div>\n<div class=\"mariselle-image-container center\">\n                <img loading=\"lazy\" decoding=\"async\" width=\"800\" height=\"450\" class=\"lazy-image\" alt=\"\" sizes=\"auto, (max-width: 800px) 100vw, 800px\" src=\"https:\/\/brtk.net\/wp-content\/uploads\/2024\/09\/21\/gazze-okul-reuters-2208652_1.jpg?ver=6054058dc1ff1b746ac6a2aba63d17a4\" srcset=\"https:\/\/brtk.net\/wp-content\/uploads\/2024\/09\/21\/gazze-okul-reuters-2208652_1.jpg?ver=6054058dc1ff1b746ac6a2aba63d17a4 800w, https:\/\/brtk.net\/wp-content\/uploads\/2024\/09\/21\/gazze-okul-reuters-2208652_1-300x169.jpg?ver=6054058dc1ff1b746ac6a2aba63d17a4 300w, https:\/\/brtk.net\/wp-content\/uploads\/2024\/09\/21\/gazze-okul-reuters-2208652_1-768x432.jpg?ver=d2c36ff5d9f0f11008120f1c0bf141b4 768w\"\/>                            <\/div>\n<p>Soyk\u0131r\u0131mc\u0131 \u0130srail\u2019in Gazze \u015eeridi\u2019nde ge\u00e7en a\u011fustos ay\u0131ndan bu yana s\u0131\u011f\u0131nmac\u0131lar\u0131n kald\u0131\u011f\u0131 21 okulu bombalad\u0131\u011f\u0131 ve bu sald\u0131r\u0131larda 267 ki\u015finin \u00f6ld\u00fc\u011f\u00fc, y\u00fczlercesinin yaraland\u0131\u011f\u0131 a\u00e7\u0131kland\u0131.<\/p>\n<p>Avrupa-Akdeniz \u0130nsan Haklar\u0131 \u00d6rg\u00fct\u00fc\u2019nden (<a href=\"https:\/\/brtk.net\/\">Euro<\/a>-Med) yap\u0131lan a\u00e7\u0131klamada, \u0130srail\u2019in ge\u00e7en aydan bu yana Gazze\u2019de yerinden edilen Filistinlilerin kald\u0131\u011f\u0131 21 okulu bombalad\u0131\u011f\u0131 kaydedildi.<\/p>\n<p>A\u00e7\u0131klamada, s\u00f6z konusu sald\u0131r\u0131larda 267 ki\u015finin \u00f6ld\u00fc\u011f\u00fc, y\u00fczlerce ki\u015finin yaraland\u0131\u011f\u0131 ifade edildi.<\/p>\n<p>\u0130srail\u2019in bug\u00fcn Ez-Zeytun Mahallesinde s\u0131\u011f\u0131nmac\u0131lar\u0131n kald\u0131\u011f\u0131 okulu bombalamas\u0131n\u0131n k\u0131nand\u0131\u011f\u0131 a\u00e7\u0131klamada, \u0130srail\u2019in i\u015fledi\u011fi su\u00e7lara bir yenisini daha ekledi\u011fi ve eyl\u00fcl ay\u0131nda vurulan okul say\u0131s\u0131n\u0131n 8\u2019e ula\u015ft\u0131\u011f\u0131 kaydedildi.<\/p>\n<p>A\u00e7\u0131klamada, \u0130srail\u2019in \u201caskeri hedeflerin vuruldu\u011fu\u201d iddias\u0131yla s\u0131\u011f\u0131nma merkezlerini hedef almas\u0131na tepki g\u00f6sterilerek, bu iddialar\u0131n do\u011frulu\u011funu kan\u0131tlayacak herhangi bir delilin bulunmad\u0131\u011f\u0131 vurguland\u0131.<\/p>\n<p>\u201c\u0130srail ordusunun, Gazze\u2019deki okul, tesis gibi s\u0131\u011f\u0131nma merkezlerini, sivil halk\u0131 g\u00f6\u00e7 ettirmeye zorlamak i\u00e7in kas\u0131tl\u0131 olarak hedef ald\u0131\u011f\u0131\u201d kaydedilen a\u00e7\u0131klamada, t\u00fcm \u00fclkelerden \u201c\u0130srail\u2019in Gazze\u2019de i\u015fledi\u011fi soyk\u0131r\u0131m\u0131n durdurulmas\u0131, uluslararas\u0131 hukuka ve Uluslararas\u0131 Adalet Divan\u0131 kararlar\u0131na uymas\u0131n\u0131n sa\u011flanmas\u0131, etkin yapt\u0131r\u0131mlar\u0131n uygulanmas\u0131 ve kendisine sa\u011flanan her t\u00fcrl\u00fc siyasi, mali ve askeri destek ve i\u015fbirli\u011finin durdurulmas\u0131 ve sivillerin korunmas\u0131\u201d i\u00e7in \u00fczerine d\u00fc\u015fen sorumlulu\u011fu \u00fcstlenmesi istendi.<\/p>\n<p>\u0130srail sava\u015f u\u00e7aklar\u0131n\u0131n bug\u00fcn Gazze\u2019de yerinden edilmi\u015f ki\u015filerin bar\u0131nd\u0131\u011f\u0131 bir okulu bombalamas\u0131 sonucu 13\u2019\u00fc \u00e7ocuk 6\u2019s\u0131 kad\u0131n 22 ki\u015finin \u00f6ld\u00fc\u011f\u00fc, 30 ki\u015finin yaraland\u0131\u011f\u0131 bildirilmi\u015fti.<\/p>\n<p>Gazze\u2019deki h\u00fck\u00fcmetin Medya Ofisinin verilerine g\u00f6re, \u0130srail\u2019in 7 Ekim\u2019den bu yana sald\u0131r\u0131 d\u00fczenledi\u011fi s\u0131\u011f\u0131nma merkezi say\u0131s\u0131 181\u2019e ula\u015ft\u0131.<\/p>\n<\/p><\/div>\n<p><script async\n                    defer\n                    crossorigin=\"anonymous\"\n                    src=\"https:\/\/connect.facebook.net\/tr_TR\/sdk.js#xfbml=1&#038;version=v3.3\"\n            ><\/script><\/p>\n","protected":false},"excerpt":{"rendered":"<p>Soyk\u0131r\u0131mc\u0131 \u0130srail\u2019in Gazze \u015eeridi\u2019nde ge\u00e7en a\u011fustos ay\u0131ndan bu yana s\u0131\u011f\u0131nmac\u0131lar\u0131n kald\u0131\u011f\u0131 21 okulu bombalad\u0131\u011f\u0131 ve bu sald\u0131r\u0131larda 267 ki\u015finin \u00f6ld\u00fc\u011f\u00fc, y\u00fczlercesinin yaraland\u0131\u011f\u0131 a\u00e7\u0131kland\u0131. Avrupa-Akdeniz \u0130nsan Haklar\u0131 \u00d6rg\u00fct\u00fc\u2019nden (Euro-Med) yap\u0131lan a\u00e7\u0131klamada, \u0130srail\u2019in ge\u00e7en aydan bu yana Gazze\u2019de yerinden edilen Filistinlilerin kald\u0131\u011f\u0131 21 okulu bombalad\u0131\u011f\u0131 kaydedildi. A\u00e7\u0131klamada, s\u00f6z konusu sald\u0131r\u0131larda 267 ki\u015finin \u00f6ld\u00fc\u011f\u00fc, y\u00fczlerce ki\u015finin yaraland\u0131\u011f\u0131 ifade<\/p>\n","protected":false},"author":1,"featured_media":64246,"comment_status":"open","ping_status":"open","sticky":false,"template":"","format":"standard","meta":{"footnotes":""},"categories":[1],"tags":[],"class_list":["post-64245","post","type-post","status-publish","format-standard","has-post-thumbnail","hentry","category-gundem"],"yoast_head":"<!-- This site is optimized with the Yoast SEO plugin v27.5 - https:\/\/yoast.com\/product\/yoast-seo-wordpress\/ -->\n<title>Soyk\u0131r\u0131mc\u0131 \u0130srail s\u0131\u011f\u0131nmac\u0131lar\u0131n kald\u0131\u011f\u0131 21 okulu vurdu -<\/title>\n<meta name=\"robots\" content=\"index, follow, max-snippet:-1, max-image-preview:large, max-video-preview:-1\" \/>\n<link rel=\"canonical\" href=\"https:\/\/kibrisdakik.com\/?p=64245\" \/>\n<meta property=\"og:locale\" content=\"tr_TR\" \/>\n<meta property=\"og:type\" content=\"article\" \/>\n<meta property=\"og:title\" content=\"Soyk\u0131r\u0131mc\u0131 \u0130srail s\u0131\u011f\u0131nmac\u0131lar\u0131n kald\u0131\u011f\u0131 21 okulu vurdu -\" \/>\n<meta property=\"og:description\" content=\"Soyk\u0131r\u0131mc\u0131 \u0130srail\u2019in Gazze \u015eeridi\u2019nde ge\u00e7en a\u011fustos ay\u0131ndan bu yana s\u0131\u011f\u0131nmac\u0131lar\u0131n kald\u0131\u011f\u0131 21 okulu bombalad\u0131\u011f\u0131 ve bu sald\u0131r\u0131larda 267 ki\u015finin \u00f6ld\u00fc\u011f\u00fc, y\u00fczlercesinin yaraland\u0131\u011f\u0131 a\u00e7\u0131kland\u0131. Avrupa-Akdeniz \u0130nsan Haklar\u0131 \u00d6rg\u00fct\u00fc\u2019nden (Euro-Med) yap\u0131lan a\u00e7\u0131klamada, \u0130srail\u2019in ge\u00e7en aydan bu yana Gazze\u2019de yerinden edilen Filistinlilerin kald\u0131\u011f\u0131 21 okulu bombalad\u0131\u011f\u0131 kaydedildi. A\u00e7\u0131klamada, s\u00f6z konusu sald\u0131r\u0131larda 267 ki\u015finin \u00f6ld\u00fc\u011f\u00fc, y\u00fczlerce ki\u015finin yaraland\u0131\u011f\u0131 ifade\" \/>\n<meta property=\"og:url\" content=\"https:\/\/kibrisdakik.com\/?p=64245\" \/>\n<meta property=\"article:published_time\" content=\"2024-09-21T19:24:59+00:00\" \/>\n<meta property=\"og:image\" content=\"https:\/\/kibrisdakik.com\/wp-content\/uploads\/2024\/09\/gazze-okul-reuters-2208652_1-740x420.jpg\" \/>\n\t<meta property=\"og:image:width\" content=\"800\" \/>\n\t<meta property=\"og:image:height\" content=\"450\" \/>\n\t<meta property=\"og:image:type\" content=\"image\/jpeg\" \/>\n<meta name=\"author\" content=\"admin\" \/>\n<meta name=\"twitter:card\" content=\"summary_large_image\" \/>\n<meta name=\"twitter:label1\" content=\"Yazan:\" \/>\n\t<meta name=\"twitter:data1\" content=\"admin\" \/>\n\t<meta name=\"twitter:label2\" content=\"Tahmini okuma s\u00fcresi\" \/>\n\t<meta name=\"twitter:data2\" content=\"2 dakika\" \/>\n<script type=\"application\/ld+json\" class=\"yoast-schema-graph\">{\"@context\":\"https:\\\/\\\/schema.org\",\"@graph\":[{\"@type\":\"Article\",\"@id\":\"https:\\\/\\\/kibrisdakik.com\\\/?p=64245#article\",\"isPartOf\":{\"@id\":\"https:\\\/\\\/kibrisdakik.com\\\/?p=64245\"},\"author\":{\"name\":\"admin\",\"@id\":\"https:\\\/\\\/kibrisdakik.com\\\/#\\\/schema\\\/person\\\/9cd9d437bbb44f72b73ba127e06d8e79\"},\"headline\":\"Soyk\u0131r\u0131mc\u0131 \u0130srail s\u0131\u011f\u0131nmac\u0131lar\u0131n kald\u0131\u011f\u0131 21 okulu vurdu\",\"datePublished\":\"2024-09-21T19:24:59+00:00\",\"mainEntityOfPage\":{\"@id\":\"https:\\\/\\\/kibrisdakik.com\\\/?p=64245\"},\"wordCount\":319,\"commentCount\":0,\"image\":{\"@id\":\"https:\\\/\\\/kibrisdakik.com\\\/?p=64245#primaryimage\"},\"thumbnailUrl\":\"https:\\\/\\\/kibrisdakik.com\\\/wp-content\\\/uploads\\\/2024\\\/09\\\/gazze-okul-reuters-2208652_1-740x420.jpg\",\"articleSection\":[\"G\u00fcndem\"],\"inLanguage\":\"tr\",\"potentialAction\":[{\"@type\":\"CommentAction\",\"name\":\"Comment\",\"target\":[\"https:\\\/\\\/kibrisdakik.com\\\/?p=64245#respond\"]}]},{\"@type\":\"WebPage\",\"@id\":\"https:\\\/\\\/kibrisdakik.com\\\/?p=64245\",\"url\":\"https:\\\/\\\/kibrisdakik.com\\\/?p=64245\",\"name\":\"Soyk\u0131r\u0131mc\u0131 \u0130srail s\u0131\u011f\u0131nmac\u0131lar\u0131n kald\u0131\u011f\u0131 21 okulu vurdu -\",\"isPartOf\":{\"@id\":\"https:\\\/\\\/kibrisdakik.com\\\/#website\"},\"primaryImageOfPage\":{\"@id\":\"https:\\\/\\\/kibrisdakik.com\\\/?p=64245#primaryimage\"},\"image\":{\"@id\":\"https:\\\/\\\/kibrisdakik.com\\\/?p=64245#primaryimage\"},\"thumbnailUrl\":\"https:\\\/\\\/kibrisdakik.com\\\/wp-content\\\/uploads\\\/2024\\\/09\\\/gazze-okul-reuters-2208652_1-740x420.jpg\",\"datePublished\":\"2024-09-21T19:24:59+00:00\",\"author\":{\"@id\":\"https:\\\/\\\/kibrisdakik.com\\\/#\\\/schema\\\/person\\\/9cd9d437bbb44f72b73ba127e06d8e79\"},\"breadcrumb\":{\"@id\":\"https:\\\/\\\/kibrisdakik.com\\\/?p=64245#breadcrumb\"},\"inLanguage\":\"tr\",\"potentialAction\":[{\"@type\":\"ReadAction\",\"target\":[\"https:\\\/\\\/kibrisdakik.com\\\/?p=64245\"]}]},{\"@type\":\"ImageObject\",\"inLanguage\":\"tr\",\"@id\":\"https:\\\/\\\/kibrisdakik.com\\\/?p=64245#primaryimage\",\"url\":\"https:\\\/\\\/kibrisdakik.com\\\/wp-content\\\/uploads\\\/2024\\\/09\\\/gazze-okul-reuters-2208652_1-740x420.jpg\",\"contentUrl\":\"https:\\\/\\\/kibrisdakik.com\\\/wp-content\\\/uploads\\\/2024\\\/09\\\/gazze-okul-reuters-2208652_1-740x420.jpg\",\"width\":800,\"height\":450},{\"@type\":\"BreadcrumbList\",\"@id\":\"https:\\\/\\\/kibrisdakik.com\\\/?p=64245#breadcrumb\",\"itemListElement\":[{\"@type\":\"ListItem\",\"position\":1,\"name\":\"Home\",\"item\":\"https:\\\/\\\/kibrisdakik.com\\\/\"},{\"@type\":\"ListItem\",\"position\":2,\"name\":\"Soyk\u0131r\u0131mc\u0131 \u0130srail s\u0131\u011f\u0131nmac\u0131lar\u0131n kald\u0131\u011f\u0131 21 okulu vurdu\"}]},{\"@type\":\"WebSite\",\"@id\":\"https:\\\/\\\/kibrisdakik.com\\\/#website\",\"url\":\"https:\\\/\\\/kibrisdakik.com\\\/\",\"name\":\"\",\"description\":\"Tam vaktinde haber\",\"potentialAction\":[{\"@type\":\"SearchAction\",\"target\":{\"@type\":\"EntryPoint\",\"urlTemplate\":\"https:\\\/\\\/kibrisdakik.com\\\/?s={search_term_string}\"},\"query-input\":{\"@type\":\"PropertyValueSpecification\",\"valueRequired\":true,\"valueName\":\"search_term_string\"}}],\"inLanguage\":\"tr\"},{\"@type\":\"Person\",\"@id\":\"https:\\\/\\\/kibrisdakik.com\\\/#\\\/schema\\\/person\\\/9cd9d437bbb44f72b73ba127e06d8e79\",\"name\":\"admin\",\"image\":{\"@type\":\"ImageObject\",\"inLanguage\":\"tr\",\"@id\":\"https:\\\/\\\/secure.gravatar.com\\\/avatar\\\/ccc17943b9d660506c869530f897617f7cb1c21a4bf30023f252596d83e1f007?s=96&d=mm&r=g\",\"url\":\"https:\\\/\\\/secure.gravatar.com\\\/avatar\\\/ccc17943b9d660506c869530f897617f7cb1c21a4bf30023f252596d83e1f007?s=96&d=mm&r=g\",\"contentUrl\":\"https:\\\/\\\/secure.gravatar.com\\\/avatar\\\/ccc17943b9d660506c869530f897617f7cb1c21a4bf30023f252596d83e1f007?s=96&d=mm&r=g\",\"caption\":\"admin\"},\"sameAs\":[\"https:\\\/\\\/kibrisdakik.com\"],\"url\":\"https:\\\/\\\/kibrisdakik.com\\\/?author=1\"}]}<\/script>\n<!-- \/ Yoast SEO plugin. -->","yoast_head_json":{"title":"Soyk\u0131r\u0131mc\u0131 \u0130srail s\u0131\u011f\u0131nmac\u0131lar\u0131n kald\u0131\u011f\u0131 21 okulu vurdu -","robots":{"index":"index","follow":"follow","max-snippet":"max-snippet:-1","max-image-preview":"max-image-preview:large","max-video-preview":"max-video-preview:-1"},"canonical":"https:\/\/kibrisdakik.com\/?p=64245","og_locale":"tr_TR","og_type":"article","og_title":"Soyk\u0131r\u0131mc\u0131 \u0130srail s\u0131\u011f\u0131nmac\u0131lar\u0131n kald\u0131\u011f\u0131 21 okulu vurdu -","og_description":"Soyk\u0131r\u0131mc\u0131 \u0130srail\u2019in Gazze \u015eeridi\u2019nde ge\u00e7en a\u011fustos ay\u0131ndan bu yana s\u0131\u011f\u0131nmac\u0131lar\u0131n kald\u0131\u011f\u0131 21 okulu bombalad\u0131\u011f\u0131 ve bu sald\u0131r\u0131larda 267 ki\u015finin \u00f6ld\u00fc\u011f\u00fc, y\u00fczlercesinin yaraland\u0131\u011f\u0131 a\u00e7\u0131kland\u0131. Avrupa-Akdeniz \u0130nsan Haklar\u0131 \u00d6rg\u00fct\u00fc\u2019nden (Euro-Med) yap\u0131lan a\u00e7\u0131klamada, \u0130srail\u2019in ge\u00e7en aydan bu yana Gazze\u2019de yerinden edilen Filistinlilerin kald\u0131\u011f\u0131 21 okulu bombalad\u0131\u011f\u0131 kaydedildi. A\u00e7\u0131klamada, s\u00f6z konusu sald\u0131r\u0131larda 267 ki\u015finin \u00f6ld\u00fc\u011f\u00fc, y\u00fczlerce ki\u015finin yaraland\u0131\u011f\u0131 ifade","og_url":"https:\/\/kibrisdakik.com\/?p=64245","article_published_time":"2024-09-21T19:24:59+00:00","og_image":[{"width":800,"height":450,"url":"https:\/\/kibrisdakik.com\/wp-content\/uploads\/2024\/09\/gazze-okul-reuters-2208652_1-740x420.jpg","type":"image\/jpeg"}],"author":"admin","twitter_card":"summary_large_image","twitter_misc":{"Yazan:":"admin","Tahmini okuma s\u00fcresi":"2 dakika"},"schema":{"@context":"https:\/\/schema.org","@graph":[{"@type":"Article","@id":"https:\/\/kibrisdakik.com\/?p=64245#article","isPartOf":{"@id":"https:\/\/kibrisdakik.com\/?p=64245"},"author":{"name":"admin","@id":"https:\/\/kibrisdakik.com\/#\/schema\/person\/9cd9d437bbb44f72b73ba127e06d8e79"},"headline":"Soyk\u0131r\u0131mc\u0131 \u0130srail s\u0131\u011f\u0131nmac\u0131lar\u0131n kald\u0131\u011f\u0131 21 okulu vurdu","datePublished":"2024-09-21T19:24:59+00:00","mainEntityOfPage":{"@id":"https:\/\/kibrisdakik.com\/?p=64245"},"wordCount":319,"commentCount":0,"image":{"@id":"https:\/\/kibrisdakik.com\/?p=64245#primaryimage"},"thumbnailUrl":"https:\/\/kibrisdakik.com\/wp-content\/uploads\/2024\/09\/gazze-okul-reuters-2208652_1-740x420.jpg","articleSection":["G\u00fcndem"],"inLanguage":"tr","potentialAction":[{"@type":"CommentAction","name":"Comment","target":["https:\/\/kibrisdakik.com\/?p=64245#respond"]}]},{"@type":"WebPage","@id":"https:\/\/kibrisdakik.com\/?p=64245","url":"https:\/\/kibrisdakik.com\/?p=64245","name":"Soyk\u0131r\u0131mc\u0131 \u0130srail s\u0131\u011f\u0131nmac\u0131lar\u0131n kald\u0131\u011f\u0131 21 okulu vurdu -","isPartOf":{"@id":"https:\/\/kibrisdakik.com\/#website"},"primaryImageOfPage":{"@id":"https:\/\/kibrisdakik.com\/?p=64245#primaryimage"},"image":{"@id":"https:\/\/kibrisdakik.com\/?p=64245#primaryimage"},"thumbnailUrl":"https:\/\/kibrisdakik.com\/wp-content\/uploads\/2024\/09\/gazze-okul-reuters-2208652_1-740x420.jpg","datePublished":"2024-09-21T19:24:59+00:00","author":{"@id":"https:\/\/kibrisdakik.com\/#\/schema\/person\/9cd9d437bbb44f72b73ba127e06d8e79"},"breadcrumb":{"@id":"https:\/\/kibrisdakik.com\/?p=64245#breadcrumb"},"inLanguage":"tr","potentialAction":[{"@type":"ReadAction","target":["https:\/\/kibrisdakik.com\/?p=64245"]}]},{"@type":"ImageObject","inLanguage":"tr","@id":"https:\/\/kibrisdakik.com\/?p=64245#primaryimage","url":"https:\/\/kibrisdakik.com\/wp-content\/uploads\/2024\/09\/gazze-okul-reuters-2208652_1-740x420.jpg","contentUrl":"https:\/\/kibrisdakik.com\/wp-content\/uploads\/2024\/09\/gazze-okul-reuters-2208652_1-740x420.jpg","width":800,"height":450},{"@type":"BreadcrumbList","@id":"https:\/\/kibrisdakik.com\/?p=64245#breadcrumb","itemListElement":[{"@type":"ListItem","position":1,"name":"Home","item":"https:\/\/kibrisdakik.com\/"},{"@type":"ListItem","position":2,"name":"Soyk\u0131r\u0131mc\u0131 \u0130srail s\u0131\u011f\u0131nmac\u0131lar\u0131n kald\u0131\u011f\u0131 21 okulu vurdu"}]},{"@type":"WebSite","@id":"https:\/\/kibrisdakik.com\/#website","url":"https:\/\/kibrisdakik.com\/","name":"","description":"Tam vaktinde haber","potentialAction":[{"@type":"SearchAction","target":{"@type":"EntryPoint","urlTemplate":"https:\/\/kibrisdakik.com\/?s={search_term_string}"},"query-input":{"@type":"PropertyValueSpecification","valueRequired":true,"valueName":"search_term_string"}}],"inLanguage":"tr"},{"@type":"Person","@id":"https:\/\/kibrisdakik.com\/#\/schema\/person\/9cd9d437bbb44f72b73ba127e06d8e79","name":"admin","image":{"@type":"ImageObject","inLanguage":"tr","@id":"https:\/\/secure.gravatar.com\/avatar\/ccc17943b9d660506c869530f897617f7cb1c21a4bf30023f252596d83e1f007?s=96&d=mm&r=g","url":"https:\/\/secure.gravatar.com\/avatar\/ccc17943b9d660506c869530f897617f7cb1c21a4bf30023f252596d83e1f007?s=96&d=mm&r=g","contentUrl":"https:\/\/secure.gravatar.com\/avatar\/ccc17943b9d660506c869530f897617f7cb1c21a4bf30023f252596d83e1f007?s=96&d=mm&r=g","caption":"admin"},"sameAs":["https:\/\/kibrisdakik.com"],"url":"https:\/\/kibrisdakik.com\/?author=1"}]}},"_links":{"self":[{"href":"https:\/\/kibrisdakik.com\/index.php?rest_route=\/wp\/v2\/posts\/64245","targetHints":{"allow":["GET"]}}],"collection":[{"href":"https:\/\/kibrisdakik.com\/index.php?rest_route=\/wp\/v2\/posts"}],"about":[{"href":"https:\/\/kibrisdakik.com\/index.php?rest_route=\/wp\/v2\/types\/post"}],"author":[{"embeddable":true,"href":"https:\/\/kibrisdakik.com\/index.php?rest_route=\/wp\/v2\/users\/1"}],"replies":[{"embeddable":true,"href":"https:\/\/kibrisdakik.com\/index.php?rest_route=%2Fwp%2Fv2%2Fcomments&post=64245"}],"version-history":[{"count":0,"href":"https:\/\/kibrisdakik.com\/index.php?rest_route=\/wp\/v2\/posts\/64245\/revisions"}],"wp:featuredmedia":[{"embeddable":true,"href":"https:\/\/kibrisdakik.com\/index.php?rest_route=\/wp\/v2\/media\/64246"}],"wp:attachment":[{"href":"https:\/\/kibrisdakik.com\/index.php?rest_route=%2Fwp%2Fv2%2Fmedia&parent=64245"}],"wp:term":[{"taxonomy":"category","embeddable":true,"href":"https:\/\/kibrisdakik.com\/index.php?rest_route=%2Fwp%2Fv2%2Fcategories&post=64245"},{"taxonomy":"post_tag","embeddable":true,"href":"https:\/\/kibrisdakik.com\/index.php?rest_route=%2Fwp%2Fv2%2Ftags&post=64245"}],"curies":[{"name":"wp","href":"https:\/\/api.w.org\/{rel}","templated":true}]}}