{"id":64265,"date":"2024-09-22T07:27:44","date_gmt":"2024-09-22T04:27:44","guid":{"rendered":"https:\/\/kibrisdakik.com\/index.php\/2024\/09\/22\/unal-ustel-zaferini-ilan-etti\/"},"modified":"2024-09-22T07:27:44","modified_gmt":"2024-09-22T04:27:44","slug":"unal-ustel-zaferini-ilan-etti","status":"publish","type":"post","link":"https:\/\/kibrisdakik.com\/?p=64265","title":{"rendered":"\u00dcnal \u00dcstel zaferini ilan etti!"},"content":{"rendered":"<div>\n<div class=\"mariselle-image-container center\">\n                                            <\/div>\n<p>Ba\u015fbakan, UBP Genel Ba\u015fkan\u0131 \u00dcnal \u00dcstel, partisinin 23. Ola\u011fan Genel Kurultay\u0131\u2019nda partisinin genel ba\u015fkanl\u0131\u011f\u0131na yeniden se\u00e7ildi.<br \/>Ulusal Birlik Partisi\u2019nin (UBP), Lefko\u015fa Atat\u00fcrk Spor Salonu\u2019nda yap\u0131lan 23. Ola\u011fan Genel Kurultay\u0131\u2019nda genel ba\u015fkanl\u0131k se\u00e7imi sonu\u00e7land\u0131.<br \/>21 Eyl\u00fcl Cumartesi g\u00fcn\u00fc saat 12.45 itibar\u0131yla ba\u015flayan oy verme i\u015flemi, 24.00\u2019te sona ermi\u015fti. Kurultayda, genel ba\u015fkanl\u0131k i\u00e7in \u00dcnal \u00dcstel, Ahmet Melih Karavelio\u011flu ve Hasan Ta\u00e7oy yar\u0131\u015f\u0131yordu.<br \/>\u00dcSTEL KONU\u015eMA YAPTI\u011eI SIRADA G\u00d6Z YA\u015eLARINI TUTAMADI: D\u00dcN D\u00dcNDE KALDI, B\u0130Z YARINIMIZA BAKACA\u011eIZ<br \/>UBP Genel Ba\u015fkan\u0131 ve Ba\u015fbakan \u00dcnal \u00dcstel, partinin 23\u2019\u00fcnc\u00fc Ola\u011fan Genel Kurultay\u0131\u2019n\u0131n ba\u015far\u0131yla tamamland\u0131\u011f\u0131n\u0131 duyurdu. \u00dcstel, partililere ve kendisine destek verenlere te\u015fekk\u00fcr ederken g\u00f6zya\u015flar\u0131na hakim olamad\u0131. \u00dcstel, kurultay alan\u0131nda yapt\u0131\u011f\u0131 a\u00e7\u0131klamada, yakla\u015f\u0131k 2 bu\u00e7uk ayd\u0131r s\u00fcren k\u00f6y, mahalle ve il\u00e7e kongrelerinin ard\u0131ndan bug\u00fcn demokrasi yar\u0131\u015f\u0131n\u0131n sonu\u00e7land\u0131\u011f\u0131n\u0131 belirtti. \u00dcstel, t\u00fcm UBP\u2019lilere te\u015fekk\u00fcr ederek, partinin b\u00fcy\u00fckl\u00fc\u011f\u00fcn\u00fc bir kez daha kan\u0131tlad\u0131klar\u0131n\u0131 vurgulad\u0131.<br \/>\u00dcstel, \u201cKKTC halk\u0131na ve bizi izleyenlere b\u00fcy\u00fck bir mesaj verdik. UBP\u2019nin ne kadar b\u00fcy\u00fck bir parti oldu\u011funu ispatlad\u0131k. Zor hava ko\u015fullar\u0131na ra\u011fmen, insanlar ya\u011fmur \u00e7amur demeden kurultay\u0131m\u0131za b\u00fcy\u00fck bir co\u015fkuyla geldiler\u201d dedi. Kurultaydan partinin g\u00fc\u00e7lenerek \u00e7\u0131kt\u0131\u011f\u0131n\u0131 ifade eden \u00dcstel, kazanan\u0131n UBP ve KKTC oldu\u011funu s\u00f6yledi.<br \/>\u00dclkenin kar\u015f\u0131 kar\u015f\u0131ya oldu\u011fu sorunlara de\u011finen \u00dcstel, 2 bu\u00e7uk y\u0131ll\u0131k iktidar d\u00f6neminde verdikleri s\u00f6zleri tuttuklar\u0131n\u0131, reformlar yapt\u0131klar\u0131n\u0131 ve eksik projeleri tamamlad\u0131klar\u0131n\u0131 hat\u0131rlatt\u0131. \u00dcstel, \u00f6n\u00fcm\u00fczdeki d\u00f6nemde de KKTC halk\u0131n\u0131n refah\u0131 i\u00e7in \u00e7al\u0131\u015fmalar\u0131na devam edeceklerini ve 2027 y\u0131l\u0131na kadar iktidarda kalarak istikrarla halka hizmet etmeyi s\u00fcrd\u00fcreceklerini belirtti.<br \/>Yar\u0131\u015fa kat\u0131lan Milletvekilleri Hasan Ta\u00e7oy ve Ahmet Melih Karavelio\u011flu\u2019na da te\u015fekk\u00fcr eden \u00dcstel, \u201cD\u00fcn d\u00fcnde kald\u0131, biz yar\u0131n\u0131m\u0131za bakaca\u011f\u0131z. Durmak yok, hizmete devam\u201d s\u00f6zleriyle a\u00e7\u0131klamas\u0131n\u0131 sonland\u0131rd\u0131.<\/p>\n<\/p><\/div>\n<p><script async\n                    defer\n                    crossorigin=\"anonymous\"\n                    src=\"https:\/\/connect.facebook.net\/tr_TR\/sdk.js#xfbml=1&#038;version=v3.3\"\n            ><\/script><\/p>\n","protected":false},"excerpt":{"rendered":"<p>Ba\u015fbakan, UBP Genel Ba\u015fkan\u0131 \u00dcnal \u00dcstel, partisinin 23. Ola\u011fan Genel Kurultay\u0131\u2019nda partisinin genel ba\u015fkanl\u0131\u011f\u0131na yeniden se\u00e7ildi.Ulusal Birlik Partisi\u2019nin (UBP), Lefko\u015fa Atat\u00fcrk Spor Salonu\u2019nda yap\u0131lan 23. Ola\u011fan Genel Kurultay\u0131\u2019nda genel ba\u015fkanl\u0131k se\u00e7imi sonu\u00e7land\u0131.21 Eyl\u00fcl Cumartesi g\u00fcn\u00fc saat 12.45 itibar\u0131yla ba\u015flayan oy verme i\u015flemi, 24.00\u2019te sona ermi\u015fti. Kurultayda, genel ba\u015fkanl\u0131k i\u00e7in \u00dcnal \u00dcstel, Ahmet Melih Karavelio\u011flu ve<\/p>\n","protected":false},"author":1,"featured_media":64266,"comment_status":"open","ping_status":"open","sticky":false,"template":"","format":"standard","meta":{"footnotes":""},"categories":[81],"tags":[],"class_list":["post-64265","post","type-post","status-publish","format-standard","has-post-thumbnail","hentry","category-kibris"],"yoast_head":"<!-- This site is optimized with the Yoast SEO plugin v27.4 - https:\/\/yoast.com\/product\/yoast-seo-wordpress\/ -->\n<title>\u00dcnal \u00dcstel zaferini ilan etti! -<\/title>\n<meta name=\"robots\" content=\"index, follow, max-snippet:-1, max-image-preview:large, max-video-preview:-1\" \/>\n<link rel=\"canonical\" href=\"https:\/\/kibrisdakik.com\/?p=64265\" \/>\n<meta property=\"og:locale\" content=\"tr_TR\" \/>\n<meta property=\"og:type\" content=\"article\" \/>\n<meta property=\"og:title\" content=\"\u00dcnal \u00dcstel zaferini ilan etti! -\" \/>\n<meta property=\"og:description\" content=\"Ba\u015fbakan, UBP Genel Ba\u015fkan\u0131 \u00dcnal \u00dcstel, partisinin 23. Ola\u011fan Genel Kurultay\u0131\u2019nda partisinin genel ba\u015fkanl\u0131\u011f\u0131na yeniden se\u00e7ildi.Ulusal Birlik Partisi\u2019nin (UBP), Lefko\u015fa Atat\u00fcrk Spor Salonu\u2019nda yap\u0131lan 23. Ola\u011fan Genel Kurultay\u0131\u2019nda genel ba\u015fkanl\u0131k se\u00e7imi sonu\u00e7land\u0131.21 Eyl\u00fcl Cumartesi g\u00fcn\u00fc saat 12.45 itibar\u0131yla ba\u015flayan oy verme i\u015flemi, 24.00\u2019te sona ermi\u015fti. Kurultayda, genel ba\u015fkanl\u0131k i\u00e7in \u00dcnal \u00dcstel, Ahmet Melih Karavelio\u011flu ve\" \/>\n<meta property=\"og:url\" content=\"https:\/\/kibrisdakik.com\/?p=64265\" \/>\n<meta property=\"article:published_time\" content=\"2024-09-22T04:27:44+00:00\" \/>\n<meta property=\"og:image\" content=\"https:\/\/kibrisdakik.com\/wp-content\/uploads\/2024\/09\/jdlajdla-740x420.jpg\" \/>\n\t<meta property=\"og:image:width\" content=\"1600\" \/>\n\t<meta property=\"og:image:height\" content=\"1066\" \/>\n\t<meta property=\"og:image:type\" content=\"image\/jpeg\" \/>\n<meta name=\"author\" content=\"admin\" \/>\n<meta name=\"twitter:card\" content=\"summary_large_image\" \/>\n<meta name=\"twitter:label1\" content=\"Yazan:\" \/>\n\t<meta name=\"twitter:data1\" content=\"admin\" \/>\n\t<meta name=\"twitter:label2\" content=\"Tahmini okuma s\u00fcresi\" \/>\n\t<meta name=\"twitter:data2\" content=\"2 dakika\" \/>\n<script type=\"application\/ld+json\" class=\"yoast-schema-graph\">{\"@context\":\"https:\\\/\\\/schema.org\",\"@graph\":[{\"@type\":\"Article\",\"@id\":\"https:\\\/\\\/kibrisdakik.com\\\/?p=64265#article\",\"isPartOf\":{\"@id\":\"https:\\\/\\\/kibrisdakik.com\\\/?p=64265\"},\"author\":{\"name\":\"admin\",\"@id\":\"https:\\\/\\\/kibrisdakik.com\\\/#\\\/schema\\\/person\\\/9cd9d437bbb44f72b73ba127e06d8e79\"},\"headline\":\"\u00dcnal \u00dcstel zaferini ilan etti!\",\"datePublished\":\"2024-09-22T04:27:44+00:00\",\"mainEntityOfPage\":{\"@id\":\"https:\\\/\\\/kibrisdakik.com\\\/?p=64265\"},\"wordCount\":385,\"commentCount\":0,\"image\":{\"@id\":\"https:\\\/\\\/kibrisdakik.com\\\/?p=64265#primaryimage\"},\"thumbnailUrl\":\"https:\\\/\\\/kibrisdakik.com\\\/wp-content\\\/uploads\\\/2024\\\/09\\\/jdlajdla-740x420.jpg\",\"articleSection\":[\"K\u0131br\u0131s\"],\"inLanguage\":\"tr\",\"potentialAction\":[{\"@type\":\"CommentAction\",\"name\":\"Comment\",\"target\":[\"https:\\\/\\\/kibrisdakik.com\\\/?p=64265#respond\"]}]},{\"@type\":\"WebPage\",\"@id\":\"https:\\\/\\\/kibrisdakik.com\\\/?p=64265\",\"url\":\"https:\\\/\\\/kibrisdakik.com\\\/?p=64265\",\"name\":\"\u00dcnal \u00dcstel zaferini ilan etti! -\",\"isPartOf\":{\"@id\":\"https:\\\/\\\/kibrisdakik.com\\\/#website\"},\"primaryImageOfPage\":{\"@id\":\"https:\\\/\\\/kibrisdakik.com\\\/?p=64265#primaryimage\"},\"image\":{\"@id\":\"https:\\\/\\\/kibrisdakik.com\\\/?p=64265#primaryimage\"},\"thumbnailUrl\":\"https:\\\/\\\/kibrisdakik.com\\\/wp-content\\\/uploads\\\/2024\\\/09\\\/jdlajdla-740x420.jpg\",\"datePublished\":\"2024-09-22T04:27:44+00:00\",\"author\":{\"@id\":\"https:\\\/\\\/kibrisdakik.com\\\/#\\\/schema\\\/person\\\/9cd9d437bbb44f72b73ba127e06d8e79\"},\"breadcrumb\":{\"@id\":\"https:\\\/\\\/kibrisdakik.com\\\/?p=64265#breadcrumb\"},\"inLanguage\":\"tr\",\"potentialAction\":[{\"@type\":\"ReadAction\",\"target\":[\"https:\\\/\\\/kibrisdakik.com\\\/?p=64265\"]}]},{\"@type\":\"ImageObject\",\"inLanguage\":\"tr\",\"@id\":\"https:\\\/\\\/kibrisdakik.com\\\/?p=64265#primaryimage\",\"url\":\"https:\\\/\\\/kibrisdakik.com\\\/wp-content\\\/uploads\\\/2024\\\/09\\\/jdlajdla-740x420.jpg\",\"contentUrl\":\"https:\\\/\\\/kibrisdakik.com\\\/wp-content\\\/uploads\\\/2024\\\/09\\\/jdlajdla-740x420.jpg\",\"width\":1600,\"height\":1066},{\"@type\":\"BreadcrumbList\",\"@id\":\"https:\\\/\\\/kibrisdakik.com\\\/?p=64265#breadcrumb\",\"itemListElement\":[{\"@type\":\"ListItem\",\"position\":1,\"name\":\"Home\",\"item\":\"https:\\\/\\\/kibrisdakik.com\\\/\"},{\"@type\":\"ListItem\",\"position\":2,\"name\":\"\u00dcnal \u00dcstel zaferini ilan etti!\"}]},{\"@type\":\"WebSite\",\"@id\":\"https:\\\/\\\/kibrisdakik.com\\\/#website\",\"url\":\"https:\\\/\\\/kibrisdakik.com\\\/\",\"name\":\"\",\"description\":\"Tam vaktinde haber\",\"potentialAction\":[{\"@type\":\"SearchAction\",\"target\":{\"@type\":\"EntryPoint\",\"urlTemplate\":\"https:\\\/\\\/kibrisdakik.com\\\/?s={search_term_string}\"},\"query-input\":{\"@type\":\"PropertyValueSpecification\",\"valueRequired\":true,\"valueName\":\"search_term_string\"}}],\"inLanguage\":\"tr\"},{\"@type\":\"Person\",\"@id\":\"https:\\\/\\\/kibrisdakik.com\\\/#\\\/schema\\\/person\\\/9cd9d437bbb44f72b73ba127e06d8e79\",\"name\":\"admin\",\"image\":{\"@type\":\"ImageObject\",\"inLanguage\":\"tr\",\"@id\":\"https:\\\/\\\/secure.gravatar.com\\\/avatar\\\/ccc17943b9d660506c869530f897617f7cb1c21a4bf30023f252596d83e1f007?s=96&d=mm&r=g\",\"url\":\"https:\\\/\\\/secure.gravatar.com\\\/avatar\\\/ccc17943b9d660506c869530f897617f7cb1c21a4bf30023f252596d83e1f007?s=96&d=mm&r=g\",\"contentUrl\":\"https:\\\/\\\/secure.gravatar.com\\\/avatar\\\/ccc17943b9d660506c869530f897617f7cb1c21a4bf30023f252596d83e1f007?s=96&d=mm&r=g\",\"caption\":\"admin\"},\"sameAs\":[\"https:\\\/\\\/kibrisdakik.com\"],\"url\":\"https:\\\/\\\/kibrisdakik.com\\\/?author=1\"}]}<\/script>\n<!-- \/ Yoast SEO plugin. -->","yoast_head_json":{"title":"\u00dcnal \u00dcstel zaferini ilan etti! -","robots":{"index":"index","follow":"follow","max-snippet":"max-snippet:-1","max-image-preview":"max-image-preview:large","max-video-preview":"max-video-preview:-1"},"canonical":"https:\/\/kibrisdakik.com\/?p=64265","og_locale":"tr_TR","og_type":"article","og_title":"\u00dcnal \u00dcstel zaferini ilan etti! -","og_description":"Ba\u015fbakan, UBP Genel Ba\u015fkan\u0131 \u00dcnal \u00dcstel, partisinin 23. Ola\u011fan Genel Kurultay\u0131\u2019nda partisinin genel ba\u015fkanl\u0131\u011f\u0131na yeniden se\u00e7ildi.Ulusal Birlik Partisi\u2019nin (UBP), Lefko\u015fa Atat\u00fcrk Spor Salonu\u2019nda yap\u0131lan 23. Ola\u011fan Genel Kurultay\u0131\u2019nda genel ba\u015fkanl\u0131k se\u00e7imi sonu\u00e7land\u0131.21 Eyl\u00fcl Cumartesi g\u00fcn\u00fc saat 12.45 itibar\u0131yla ba\u015flayan oy verme i\u015flemi, 24.00\u2019te sona ermi\u015fti. Kurultayda, genel ba\u015fkanl\u0131k i\u00e7in \u00dcnal \u00dcstel, Ahmet Melih Karavelio\u011flu ve","og_url":"https:\/\/kibrisdakik.com\/?p=64265","article_published_time":"2024-09-22T04:27:44+00:00","og_image":[{"width":1600,"height":1066,"url":"https:\/\/kibrisdakik.com\/wp-content\/uploads\/2024\/09\/jdlajdla-740x420.jpg","type":"image\/jpeg"}],"author":"admin","twitter_card":"summary_large_image","twitter_misc":{"Yazan:":"admin","Tahmini okuma s\u00fcresi":"2 dakika"},"schema":{"@context":"https:\/\/schema.org","@graph":[{"@type":"Article","@id":"https:\/\/kibrisdakik.com\/?p=64265#article","isPartOf":{"@id":"https:\/\/kibrisdakik.com\/?p=64265"},"author":{"name":"admin","@id":"https:\/\/kibrisdakik.com\/#\/schema\/person\/9cd9d437bbb44f72b73ba127e06d8e79"},"headline":"\u00dcnal \u00dcstel zaferini ilan etti!","datePublished":"2024-09-22T04:27:44+00:00","mainEntityOfPage":{"@id":"https:\/\/kibrisdakik.com\/?p=64265"},"wordCount":385,"commentCount":0,"image":{"@id":"https:\/\/kibrisdakik.com\/?p=64265#primaryimage"},"thumbnailUrl":"https:\/\/kibrisdakik.com\/wp-content\/uploads\/2024\/09\/jdlajdla-740x420.jpg","articleSection":["K\u0131br\u0131s"],"inLanguage":"tr","potentialAction":[{"@type":"CommentAction","name":"Comment","target":["https:\/\/kibrisdakik.com\/?p=64265#respond"]}]},{"@type":"WebPage","@id":"https:\/\/kibrisdakik.com\/?p=64265","url":"https:\/\/kibrisdakik.com\/?p=64265","name":"\u00dcnal \u00dcstel zaferini ilan etti! -","isPartOf":{"@id":"https:\/\/kibrisdakik.com\/#website"},"primaryImageOfPage":{"@id":"https:\/\/kibrisdakik.com\/?p=64265#primaryimage"},"image":{"@id":"https:\/\/kibrisdakik.com\/?p=64265#primaryimage"},"thumbnailUrl":"https:\/\/kibrisdakik.com\/wp-content\/uploads\/2024\/09\/jdlajdla-740x420.jpg","datePublished":"2024-09-22T04:27:44+00:00","author":{"@id":"https:\/\/kibrisdakik.com\/#\/schema\/person\/9cd9d437bbb44f72b73ba127e06d8e79"},"breadcrumb":{"@id":"https:\/\/kibrisdakik.com\/?p=64265#breadcrumb"},"inLanguage":"tr","potentialAction":[{"@type":"ReadAction","target":["https:\/\/kibrisdakik.com\/?p=64265"]}]},{"@type":"ImageObject","inLanguage":"tr","@id":"https:\/\/kibrisdakik.com\/?p=64265#primaryimage","url":"https:\/\/kibrisdakik.com\/wp-content\/uploads\/2024\/09\/jdlajdla-740x420.jpg","contentUrl":"https:\/\/kibrisdakik.com\/wp-content\/uploads\/2024\/09\/jdlajdla-740x420.jpg","width":1600,"height":1066},{"@type":"BreadcrumbList","@id":"https:\/\/kibrisdakik.com\/?p=64265#breadcrumb","itemListElement":[{"@type":"ListItem","position":1,"name":"Home","item":"https:\/\/kibrisdakik.com\/"},{"@type":"ListItem","position":2,"name":"\u00dcnal \u00dcstel zaferini ilan etti!"}]},{"@type":"WebSite","@id":"https:\/\/kibrisdakik.com\/#website","url":"https:\/\/kibrisdakik.com\/","name":"","description":"Tam vaktinde haber","potentialAction":[{"@type":"SearchAction","target":{"@type":"EntryPoint","urlTemplate":"https:\/\/kibrisdakik.com\/?s={search_term_string}"},"query-input":{"@type":"PropertyValueSpecification","valueRequired":true,"valueName":"search_term_string"}}],"inLanguage":"tr"},{"@type":"Person","@id":"https:\/\/kibrisdakik.com\/#\/schema\/person\/9cd9d437bbb44f72b73ba127e06d8e79","name":"admin","image":{"@type":"ImageObject","inLanguage":"tr","@id":"https:\/\/secure.gravatar.com\/avatar\/ccc17943b9d660506c869530f897617f7cb1c21a4bf30023f252596d83e1f007?s=96&d=mm&r=g","url":"https:\/\/secure.gravatar.com\/avatar\/ccc17943b9d660506c869530f897617f7cb1c21a4bf30023f252596d83e1f007?s=96&d=mm&r=g","contentUrl":"https:\/\/secure.gravatar.com\/avatar\/ccc17943b9d660506c869530f897617f7cb1c21a4bf30023f252596d83e1f007?s=96&d=mm&r=g","caption":"admin"},"sameAs":["https:\/\/kibrisdakik.com"],"url":"https:\/\/kibrisdakik.com\/?author=1"}]}},"_links":{"self":[{"href":"https:\/\/kibrisdakik.com\/index.php?rest_route=\/wp\/v2\/posts\/64265","targetHints":{"allow":["GET"]}}],"collection":[{"href":"https:\/\/kibrisdakik.com\/index.php?rest_route=\/wp\/v2\/posts"}],"about":[{"href":"https:\/\/kibrisdakik.com\/index.php?rest_route=\/wp\/v2\/types\/post"}],"author":[{"embeddable":true,"href":"https:\/\/kibrisdakik.com\/index.php?rest_route=\/wp\/v2\/users\/1"}],"replies":[{"embeddable":true,"href":"https:\/\/kibrisdakik.com\/index.php?rest_route=%2Fwp%2Fv2%2Fcomments&post=64265"}],"version-history":[{"count":0,"href":"https:\/\/kibrisdakik.com\/index.php?rest_route=\/wp\/v2\/posts\/64265\/revisions"}],"wp:featuredmedia":[{"embeddable":true,"href":"https:\/\/kibrisdakik.com\/index.php?rest_route=\/wp\/v2\/media\/64266"}],"wp:attachment":[{"href":"https:\/\/kibrisdakik.com\/index.php?rest_route=%2Fwp%2Fv2%2Fmedia&parent=64265"}],"wp:term":[{"taxonomy":"category","embeddable":true,"href":"https:\/\/kibrisdakik.com\/index.php?rest_route=%2Fwp%2Fv2%2Fcategories&post=64265"},{"taxonomy":"post_tag","embeddable":true,"href":"https:\/\/kibrisdakik.com\/index.php?rest_route=%2Fwp%2Fv2%2Ftags&post=64265"}],"curies":[{"name":"wp","href":"https:\/\/api.w.org\/{rel}","templated":true}]}}