{"id":64292,"date":"2024-09-22T08:25:00","date_gmt":"2024-09-22T05:25:00","guid":{"rendered":"https:\/\/kibrisdakik.com\/index.php\/2024\/09\/22\/bakan-yumakli-42-ilde-61-organize-tarim-bolgesi-kurulacak\/"},"modified":"2024-09-22T08:25:00","modified_gmt":"2024-09-22T05:25:00","slug":"bakan-yumakli-42-ilde-61-organize-tarim-bolgesi-kurulacak","status":"publish","type":"post","link":"https:\/\/kibrisdakik.com\/?p=64292","title":{"rendered":"Bakan Yumakl\u0131: 42 ilde 61 organize tar\u0131m b\u00f6lgesi kurulacak"},"content":{"rendered":"<p><img decoding=\"async\" src=\"https:\/\/i.dunya.com\/storage\/files\/images\/2024\/08\/29\/tarla-tarim-fyo9_cover.jpg\" \/><\/p>\n<div>\n<p>Karaman&#8217;da elma hasad\u0131na kat\u0131lan Bakan\u00a0Yumakl\u0131, T\u00fcrkiye&#8217;nin elma \u00fcretiminde d\u00fcnyada 2. s\u0131rada, ihracatta ise 7. s\u0131rada oldu\u011funu belirtti.<\/p>\n<p><strong>Tar\u0131msal \u00fcretimin pazarlama aya\u011f\u0131n\u0131n \u00e7ok daha \u00f6nemli oldu\u011funu ifade eden\u00a0Yumakl\u0131, \u015funlar\u0131 s\u00f6yledi:<\/strong><\/p>\n<p>&#8220;Bunun i\u00e7in de teknolojinin t\u00fcm unsurlar\u0131n\u0131 uygulaman\u0131z gerekir. Buradaki \u00fcreticilerimiz bu teknolojilerin geli\u015ftirilmesiyle ilgili de \u00e7ok ciddi bir mesafe katetmi\u015f durumdalar. Sadece elmay\u0131 de\u011fil, onlar i\u00e7in \u00fcretilen teknolojiyi de ihra\u00e7 eder durumdalar. Tar\u0131msal \u00fcretimin planlamas\u0131 olmak \u00fczere s\u00f6zle\u015fmeli \u00fcretim, i\u015flenmeyen tar\u0131m arazilerinin \u00fcretime kazand\u0131r\u0131lmas\u0131 ve di\u011fer bir\u00e7ok unsuru \u00f6n\u00fcm\u00fczdeki d\u00f6nemde hem \u00fcretimimizin artt\u0131r\u0131lmas\u0131n\u0131 hem de kendi ihtiyac\u0131m\u0131z\u0131n \u00fczerindeki \u00fcretimin ihracata konu olmas\u0131yla ilgili \u00e7al\u0131\u015fmalar\u0131m\u0131za devam edece\u011fiz.&#8221;<\/p>\n<h2>&#8220;600 milyon liral\u0131k idari para cezas\u0131 kesildi&#8221;<\/h2>\n<p><strong>Yumakl\u0131, bir gazetecinin, ni\u015fasta bazl\u0131 \u015fekerin sa\u011fl\u0131\u011fa zarar\u0131 nedeniyle \u015feker pancar\u0131n\u0131n da planl\u0131 \u00fcretim modeline dahil edilip edilmeyece\u011fi sorusuna, \u015f\u00f6yle cevap verdi:<\/strong><\/p>\n<p>&#8220;Tar\u0131msal \u00fcretim planlamas\u0131na kendi kanunlar\u0131 olan \u00fcr\u00fcnleri dahil etmedik. \u00c7\u00fcnk\u00fc onlar\u0131n ayr\u0131 bir dinami\u011fi var ve o tarz bir yasal d\u00fczenleme bize \u00e7ok vakit kaybettirecekti. Bu \u00fcr\u00fcnlerin de m\u00fcnavebe ba\u015fta olmak \u00fczere uygulamalar\u0131m\u0131za konu oldu\u011funu s\u00f6yleyebilirim. Arkada\u015flar\u0131m\u0131z bunlar\u0131 mevcut planlama s\u00fcrecine dahil edecekler. Fiili bir dahil olma bu. Bunun d\u0131\u015f\u0131nda \u00f6zellikle sadece ni\u015fasta bazl\u0131 \u015feker konusu de\u011fil. Vatanda\u015f\u0131m\u0131z\u0131n hijyen a\u00e7\u0131s\u0131ndan, sa\u011fl\u0131k a\u00e7\u0131s\u0131ndan ya da farkl\u0131 sebeplerle aleyhine olacak her durumu engellemek ad\u0131na bu denetimlerimiz devam edecek. Bununla ilgili de denetimlerimiz oldu. Usuls\u00fczl\u00fckler, uygunsuzluklar tespit edildi. Bunlara ili\u015fkin de yakla\u015f\u0131k 600 milyon liral\u0131k bir idari para cezas\u0131 kesildi bu firmalara. Vatanda\u015f\u0131m\u0131z\u0131n g\u00fcvenilir g\u0131daya ula\u015fmas\u0131, en do\u011fal hakk\u0131d\u0131r. Bu hakka ula\u015fmakla ilgili hi\u00e7bir engeli tan\u0131m\u0131yoruz ve devlet olarak, bakanl\u0131k olarak bunlar\u0131n \u00fczerine gitmeye devam edece\u011fiz.&#8221;<\/p>\n<p>Yumakl\u0131, 1 Eyl\u00fcl itibar\u0131yla ge\u00e7ilen planl\u0131 \u00fcretim modeliyle, ihtiya\u00e7 duyulan \u00fcr\u00fcnlerin \u00fcretilmesi ve pazar imkan\u0131 olanlar\u0131n ihracat\u0131n\u0131n yap\u0131lmas\u0131yla \u00fcretici ve t\u00fcketicinin u\u011framas\u0131 muhtemel zararlar\u0131n \u00f6n\u00fcne ge\u00e7ilece\u011fini belirtti.<\/p>\n<p><strong>Bu uygulama ile \u00fclke kaynaklar\u0131n\u0131n \u00e7ok daha verimli kullan\u0131laca\u011f\u0131n\u0131 aktaran\u00a0Yumakl\u0131, \u015funlar\u0131 kaydetti:<\/strong><\/p>\n<p>&#8220;Hububat, baklagil, ya\u011fl\u0131 bitkiler ve yem bitkileriyle alakal\u0131 2028&#8217;e kadar \u00fcretimi ne kadar artt\u0131raca\u011f\u0131m\u0131za dair hedeflerimizi yay\u0131nlad\u0131k. Bunlar\u0131 su, toprak ve di\u011fer kaynaklar\u0131m\u0131z\u0131 dikkate alarak belirledik. Planl\u0131 \u00fcretim 40 y\u0131ld\u0131r konu\u015fulan \u00f6nemli bir husus. Altyap\u0131 \u00e7al\u0131\u015fmalar\u0131 uzun y\u0131llard\u0131r devam ediyordu. Son 3 y\u0131ld\u0131r \u00e7ok yo\u011funla\u015farak gerek yasal d\u00fczenlemeleri, gerekse uygulamalar\u0131n oturmas\u0131yla alakal\u0131 s\u00fcre\u00e7 tamamland\u0131. B\u00f6ylece bitkisel \u00fcretimde 1 Eyl\u00fcl&#8217;den itibaren \u00f6n\u00fcm\u00fczdeki 3 y\u0131l i\u00e7in bu s\u00f6yledi\u011fim ba\u015fl\u0131klardaki \u00fcr\u00fcn gruplar\u0131nda \u00fcretim planlamas\u0131na ge\u00e7tik. \u00dclkemiz ve \u00fcreticilerimiz i\u00e7in hay\u0131rl\u0131 olsun.&#8221;<\/p>\n<h2>&#8220;\u015eehirlerin \u00e7eperlerinde tar\u0131msal \u00fcretimin yap\u0131lmas\u0131n\u0131 destekliyoruz&#8221;<\/h2>\n<p><strong>Yumakl\u0131, \u00fcretimin t\u00fcketimi kar\u015f\u0131lamad\u0131\u011f\u0131 ya da b\u00fcy\u00fck \u015fehirlerin tar\u0131msal \u00fcretimle alakal\u0131 ihtiya\u00e7lar\u0131n\u0131 kar\u015f\u0131lanmas\u0131na d\u00f6n\u00fck kent tar\u0131m\u0131 uygulamalar\u0131n\u0131 g\u00fcndeme getirdiklerini vurgulayarak \u015f\u00f6yle devam etti:<\/strong><\/p>\n<p>&#8220;Bununla ilgili \u015fehirlerin \u00e7eperlerinde tar\u0131msal \u00fcretimin yap\u0131lmas\u0131n\u0131 destekliyoruz. Bunun d\u0131\u015f\u0131nda \u00f6zellikle jeotermal enerji olmak \u00fczere ki tar\u0131msal \u00fcretimin en \u00f6nemli girdilerinden birisi enerji. Bunun kullan\u0131ld\u0131\u011f\u0131 organize tar\u0131m b\u00f6lgeleri belirlendi. 42 ilde 61 organize tar\u0131m b\u00f6lgesi belirlendi. Organize tar\u0131m b\u00f6lgeleri ayn\u0131 \u015fu anda i\u00e7inde bulundu\u011fumuz \u00fcretim merkezi gibi hem \u00fcretimin yap\u0131ld\u0131\u011f\u0131 hem paketlemesinin ve buna benzer ihtiya\u00e7lar\u0131n yerine getirildi\u011fi ve pazara g\u00f6nderildi\u011fi bir \u00f6zellik ta\u015f\u0131yacak. Yani burada \u00fcretiyorsan\u0131z 100 kilometre \u00f6tede bir yerde paketlemeye g\u00f6ndermiyorsunuz. \u00dcretimin buralarda yap\u0131lmas\u0131 yine ayn\u0131 i\u00e7inde bulundu\u011fumuz alanda oldu\u011fu gibi hem teknolojinin hem de iyi tar\u0131m uygulamalar\u0131n\u0131n en \u00fcst seviyede ger\u00e7ekle\u015ftirildi\u011fi yerler olacak. Bunlardan 6&#8217;s\u0131nda \u00fcretim ba\u015flad\u0131. 7&#8217;sinde de yat\u0131r\u0131m \u00e7al\u0131\u015fmalar\u0131 devam ediyor. Bizim amac\u0131m\u0131z \u00e7ok h\u0131zl\u0131 bir \u015fekilde bu 61 organize tar\u0131m b\u00f6lgesini \u00fcretime kazand\u0131rm\u0131\u015f olmak.&#8221;<\/p>\n<p>Bakan\u00a0Yumakl\u0131\u00a0daha sonra, Ayranc\u0131 il\u00e7esine ba\u011fl\u0131 Divle k\u00f6y\u00fcne giderek, y\u00f6reye \u00f6zg\u00fc Divle obruk peynirinin yap\u0131ld\u0131\u011f\u0131 ma\u011faray\u0131 dola\u015ft\u0131.<\/p>\n<p>Yumakl\u0131\u00a0son olarak, Karaman Organize Sanayi b\u00f6lgesinde bulunan hububat tohumu eleme tesisinin a\u00e7\u0131l\u0131\u015f\u0131n\u0131 ger\u00e7ekle\u015ftirdi.<\/p>\n<p><strong>Tohumda d\u0131\u015fa ba\u011fl\u0131l\u0131k s\u00f6yleminin ger\u00e7e\u011fi yans\u0131tmad\u0131\u011f\u0131n\u0131 belirten\u00a0Yumakl\u0131, \u015f\u00f6yle konu\u015ftu:<\/strong><\/p>\n<p>&#8220;\u00dclkemizde kullan\u0131lan her 100 kilogram \u00fcr\u00fcn\u00fcn 97 kilogram\u0131 bu \u00fclkenin topraklar\u0131nda \u00fcretiliyor. Tohum firmalar\u0131m\u0131z d\u00fcnyan\u0131n 117 \u00fclkesine de ihracat yap\u0131yor. Burada di\u011fer \u00f6nemli husus da bakanl\u0131\u011f\u0131m\u0131z\u0131n farkl\u0131 desteklerle \u00fcretimin farkl\u0131 kesimlerini desteklemesi. Tohum sekt\u00f6r\u00fc de bunlardan bir tanesi. \u00d6zellikle Avrupa Birli\u011fi fonlar\u0131, k\u0131rsal kalk\u0131nma destekleri, bakanl\u0131\u011f\u0131m\u0131z\u0131n do\u011frudan ya da dolayl\u0131 di\u011fer destekleri bunlar\u0131 cesaretlendirici ve \u00fcretimi artt\u0131rmaya d\u00f6n\u00fck faaliyetlerimizin kar\u015f\u0131lanmas\u0131nda \u00f6nemli bir nokta. Karaman Organize Sanayi B\u00f6lgesine girdi\u011fimiz de hemen hemen \u00e7o\u011funda bakanl\u0131\u011f\u0131m\u0131z\u0131n k\u0131rsal kalk\u0131nma desteklerinin yer ald\u0131\u011f\u0131n\u0131 g\u00f6rd\u00fcm. Demek ki sadece \u00fcretmek de\u011fil, ayn\u0131 zamanda \u00fcretmi\u015f olduklar\u0131m\u0131z\u0131, yani o tar\u0131m \u00fcr\u00fcnlerini katma de\u011ferli bir hale getirmek bu yolla m\u00fcmk\u00fcn. Tohumculukta d\u00fcnyan\u0131n \u00f6nde gelen \u00fclkelerindeniz. Bu konuda otorite olmakla alakal\u0131 \u00e7ok ciddi mesafe katetmi\u015f durumday\u0131z. Sonraki d\u00f6nemde bu ve benzeri tesislerle bu pozisyonumuzu daha da g\u00fc\u00e7lendirece\u011fiz ve \u00fclkemizin ekonomisine, tar\u0131msal \u00fcretimine katk\u0131da bulunmaya hep birlikte el ele, omuz omuza devam edece\u011fiz.&#8221;<\/p>\n<\/p><\/div>\n","protected":false},"excerpt":{"rendered":"<p>Karaman&#8217;da elma hasad\u0131na kat\u0131lan Bakan\u00a0Yumakl\u0131, T\u00fcrkiye&#8217;nin elma \u00fcretiminde d\u00fcnyada 2. s\u0131rada, ihracatta ise 7. s\u0131rada oldu\u011funu belirtti. Tar\u0131msal \u00fcretimin pazarlama aya\u011f\u0131n\u0131n \u00e7ok daha \u00f6nemli oldu\u011funu ifade eden\u00a0Yumakl\u0131, \u015funlar\u0131 s\u00f6yledi: &#8220;Bunun i\u00e7in de teknolojinin t\u00fcm unsurlar\u0131n\u0131 uygulaman\u0131z gerekir. Buradaki \u00fcreticilerimiz bu teknolojilerin geli\u015ftirilmesiyle ilgili de \u00e7ok ciddi bir mesafe katetmi\u015f durumdalar. Sadece elmay\u0131 de\u011fil, onlar i\u00e7in<\/p>\n","protected":false},"author":1,"featured_media":64293,"comment_status":"open","ping_status":"open","sticky":false,"template":"","format":"standard","meta":{"footnotes":""},"categories":[83],"tags":[],"class_list":["post-64292","post","type-post","status-publish","format-standard","has-post-thumbnail","hentry","category-magazin"],"yoast_head":"<!-- This site is optimized with the Yoast SEO plugin v28.3 - https:\/\/yoast.com\/product\/yoast-seo-wordpress\/ -->\n<title>Bakan Yumakl\u0131: 42 ilde 61 organize tar\u0131m b\u00f6lgesi kurulacak -<\/title>\n<meta name=\"robots\" content=\"index, follow, max-snippet:-1, max-image-preview:large, max-video-preview:-1\" \/>\n<link rel=\"canonical\" href=\"https:\/\/kibrisdakik.com\/?p=64292\" \/>\n<meta property=\"og:locale\" content=\"tr_TR\" \/>\n<meta property=\"og:type\" content=\"article\" \/>\n<meta property=\"og:title\" content=\"Bakan Yumakl\u0131: 42 ilde 61 organize tar\u0131m b\u00f6lgesi kurulacak -\" \/>\n<meta property=\"og:description\" content=\"Karaman&#8217;da elma hasad\u0131na kat\u0131lan Bakan\u00a0Yumakl\u0131, T\u00fcrkiye&#8217;nin elma \u00fcretiminde d\u00fcnyada 2. s\u0131rada, ihracatta ise 7. s\u0131rada oldu\u011funu belirtti. Tar\u0131msal \u00fcretimin pazarlama aya\u011f\u0131n\u0131n \u00e7ok daha \u00f6nemli oldu\u011funu ifade eden\u00a0Yumakl\u0131, \u015funlar\u0131 s\u00f6yledi: &#8220;Bunun i\u00e7in de teknolojinin t\u00fcm unsurlar\u0131n\u0131 uygulaman\u0131z gerekir. Buradaki \u00fcreticilerimiz bu teknolojilerin geli\u015ftirilmesiyle ilgili de \u00e7ok ciddi bir mesafe katetmi\u015f durumdalar. Sadece elmay\u0131 de\u011fil, onlar i\u00e7in\" \/>\n<meta property=\"og:url\" content=\"https:\/\/kibrisdakik.com\/?p=64292\" \/>\n<meta property=\"article:published_time\" content=\"2024-09-22T05:25:00+00:00\" \/>\n<meta property=\"og:image\" content=\"https:\/\/kibrisdakik.com\/wp-content\/uploads\/2024\/09\/tarla-tarim-fyo9_cover-740x420.jpg\" \/>\n\t<meta property=\"og:image:width\" content=\"1280\" \/>\n\t<meta property=\"og:image:height\" content=\"720\" \/>\n\t<meta property=\"og:image:type\" content=\"image\/jpeg\" \/>\n<meta name=\"author\" content=\"admin\" \/>\n<meta name=\"twitter:card\" content=\"summary_large_image\" \/>\n<meta name=\"twitter:label1\" content=\"Yazan:\" \/>\n\t<meta name=\"twitter:data1\" content=\"admin\" \/>\n\t<meta name=\"twitter:label2\" content=\"Tahmini okuma s\u00fcresi\" \/>\n\t<meta name=\"twitter:data2\" content=\"5 dakika\" \/>\n<script type=\"application\/ld+json\" class=\"yoast-schema-graph\">{\"@context\":\"https:\\\/\\\/schema.org\",\"@graph\":[{\"@type\":\"Article\",\"@id\":\"https:\\\/\\\/kibrisdakik.com\\\/?p=64292#article\",\"isPartOf\":{\"@id\":\"https:\\\/\\\/kibrisdakik.com\\\/?p=64292\"},\"author\":{\"name\":\"admin\",\"@id\":\"https:\\\/\\\/kibrisdakik.com\\\/#\\\/schema\\\/person\\\/9cd9d437bbb44f72b73ba127e06d8e79\"},\"headline\":\"Bakan Yumakl\u0131: 42 ilde 61 organize tar\u0131m b\u00f6lgesi kurulacak\",\"datePublished\":\"2024-09-22T05:25:00+00:00\",\"mainEntityOfPage\":{\"@id\":\"https:\\\/\\\/kibrisdakik.com\\\/?p=64292\"},\"wordCount\":993,\"commentCount\":0,\"publisher\":{\"@id\":\"https:\\\/\\\/kibrisdakik.com\\\/#organization\"},\"image\":{\"@id\":\"https:\\\/\\\/kibrisdakik.com\\\/?p=64292#primaryimage\"},\"thumbnailUrl\":\"https:\\\/\\\/kibrisdakik.com\\\/wp-content\\\/uploads\\\/2024\\\/09\\\/tarla-tarim-fyo9_cover-740x420.jpg\",\"articleSection\":[\"Magazin\"],\"inLanguage\":\"tr\",\"potentialAction\":[{\"@type\":\"CommentAction\",\"name\":\"Comment\",\"target\":[\"https:\\\/\\\/kibrisdakik.com\\\/?p=64292#respond\"]}]},{\"@type\":\"WebPage\",\"@id\":\"https:\\\/\\\/kibrisdakik.com\\\/?p=64292\",\"url\":\"https:\\\/\\\/kibrisdakik.com\\\/?p=64292\",\"name\":\"Bakan Yumakl\u0131: 42 ilde 61 organize tar\u0131m b\u00f6lgesi kurulacak -\",\"isPartOf\":{\"@id\":\"https:\\\/\\\/kibrisdakik.com\\\/#website\"},\"primaryImageOfPage\":{\"@id\":\"https:\\\/\\\/kibrisdakik.com\\\/?p=64292#primaryimage\"},\"image\":{\"@id\":\"https:\\\/\\\/kibrisdakik.com\\\/?p=64292#primaryimage\"},\"thumbnailUrl\":\"https:\\\/\\\/kibrisdakik.com\\\/wp-content\\\/uploads\\\/2024\\\/09\\\/tarla-tarim-fyo9_cover-740x420.jpg\",\"datePublished\":\"2024-09-22T05:25:00+00:00\",\"breadcrumb\":{\"@id\":\"https:\\\/\\\/kibrisdakik.com\\\/?p=64292#breadcrumb\"},\"inLanguage\":\"tr\",\"potentialAction\":[{\"@type\":\"ReadAction\",\"target\":[\"https:\\\/\\\/kibrisdakik.com\\\/?p=64292\"]}]},{\"@type\":\"ImageObject\",\"inLanguage\":\"tr\",\"@id\":\"https:\\\/\\\/kibrisdakik.com\\\/?p=64292#primaryimage\",\"url\":\"https:\\\/\\\/kibrisdakik.com\\\/wp-content\\\/uploads\\\/2024\\\/09\\\/tarla-tarim-fyo9_cover-740x420.jpg\",\"contentUrl\":\"https:\\\/\\\/kibrisdakik.com\\\/wp-content\\\/uploads\\\/2024\\\/09\\\/tarla-tarim-fyo9_cover-740x420.jpg\",\"width\":1280,\"height\":720},{\"@type\":\"BreadcrumbList\",\"@id\":\"https:\\\/\\\/kibrisdakik.com\\\/?p=64292#breadcrumb\",\"itemListElement\":[{\"@type\":\"ListItem\",\"position\":1,\"name\":\"Home\",\"item\":\"https:\\\/\\\/kibrisdakik.com\\\/\"},{\"@type\":\"ListItem\",\"position\":2,\"name\":\"Bakan Yumakl\u0131: 42 ilde 61 organize tar\u0131m b\u00f6lgesi kurulacak\"}]},{\"@type\":\"WebSite\",\"@id\":\"https:\\\/\\\/kibrisdakik.com\\\/#website\",\"url\":\"https:\\\/\\\/kibrisdakik.com\\\/\",\"name\":\"K\u0131br\u0131s Dakik\",\"description\":\"Tam vaktinde haber\",\"publisher\":{\"@id\":\"https:\\\/\\\/kibrisdakik.com\\\/#organization\"},\"potentialAction\":[{\"@type\":\"SearchAction\",\"target\":{\"@type\":\"EntryPoint\",\"urlTemplate\":\"https:\\\/\\\/kibrisdakik.com\\\/?s={search_term_string}\"},\"query-input\":{\"@type\":\"PropertyValueSpecification\",\"valueRequired\":true,\"valueName\":\"search_term_string\"}}],\"inLanguage\":\"tr\"},{\"@type\":\"Organization\",\"@id\":\"https:\\\/\\\/kibrisdakik.com\\\/#organization\",\"name\":\"K\u0131br\u0131s Dakik\",\"url\":\"https:\\\/\\\/kibrisdakik.com\\\/\",\"logo\":{\"@type\":\"ImageObject\",\"inLanguage\":\"tr\",\"@id\":\"https:\\\/\\\/kibrisdakik.com\\\/#\\\/schema\\\/logo\\\/image\\\/\",\"url\":\"https:\\\/\\\/kibrisdakik.com\\\/wp-content\\\/uploads\\\/2025\\\/10\\\/cropped-WhatsApp-Image-2025-10-02-at-12.58.31.jpeg\",\"contentUrl\":\"https:\\\/\\\/kibrisdakik.com\\\/wp-content\\\/uploads\\\/2025\\\/10\\\/cropped-WhatsApp-Image-2025-10-02-at-12.58.31.jpeg\",\"width\":1237,\"height\":190,\"caption\":\"K\u0131br\u0131s Dakik\"},\"image\":{\"@id\":\"https:\\\/\\\/kibrisdakik.com\\\/#\\\/schema\\\/logo\\\/image\\\/\"}},{\"@type\":\"Person\",\"@id\":\"https:\\\/\\\/kibrisdakik.com\\\/#\\\/schema\\\/person\\\/9cd9d437bbb44f72b73ba127e06d8e79\",\"name\":\"admin\",\"image\":{\"@type\":\"ImageObject\",\"inLanguage\":\"tr\",\"@id\":\"https:\\\/\\\/secure.gravatar.com\\\/avatar\\\/ccc17943b9d660506c869530f897617f7cb1c21a4bf30023f252596d83e1f007?s=96&d=mm&r=g\",\"url\":\"https:\\\/\\\/secure.gravatar.com\\\/avatar\\\/ccc17943b9d660506c869530f897617f7cb1c21a4bf30023f252596d83e1f007?s=96&d=mm&r=g\",\"contentUrl\":\"https:\\\/\\\/secure.gravatar.com\\\/avatar\\\/ccc17943b9d660506c869530f897617f7cb1c21a4bf30023f252596d83e1f007?s=96&d=mm&r=g\",\"caption\":\"admin\"},\"sameAs\":[\"https:\\\/\\\/kibrisdakik.com\"],\"url\":\"https:\\\/\\\/kibrisdakik.com\\\/?author=1\"}]}<\/script>\n<!-- \/ Yoast SEO plugin. -->","yoast_head_json":{"title":"Bakan Yumakl\u0131: 42 ilde 61 organize tar\u0131m b\u00f6lgesi kurulacak -","robots":{"index":"index","follow":"follow","max-snippet":"max-snippet:-1","max-image-preview":"max-image-preview:large","max-video-preview":"max-video-preview:-1"},"canonical":"https:\/\/kibrisdakik.com\/?p=64292","og_locale":"tr_TR","og_type":"article","og_title":"Bakan Yumakl\u0131: 42 ilde 61 organize tar\u0131m b\u00f6lgesi kurulacak -","og_description":"Karaman&#8217;da elma hasad\u0131na kat\u0131lan Bakan\u00a0Yumakl\u0131, T\u00fcrkiye&#8217;nin elma \u00fcretiminde d\u00fcnyada 2. s\u0131rada, ihracatta ise 7. s\u0131rada oldu\u011funu belirtti. Tar\u0131msal \u00fcretimin pazarlama aya\u011f\u0131n\u0131n \u00e7ok daha \u00f6nemli oldu\u011funu ifade eden\u00a0Yumakl\u0131, \u015funlar\u0131 s\u00f6yledi: &#8220;Bunun i\u00e7in de teknolojinin t\u00fcm unsurlar\u0131n\u0131 uygulaman\u0131z gerekir. Buradaki \u00fcreticilerimiz bu teknolojilerin geli\u015ftirilmesiyle ilgili de \u00e7ok ciddi bir mesafe katetmi\u015f durumdalar. Sadece elmay\u0131 de\u011fil, onlar i\u00e7in","og_url":"https:\/\/kibrisdakik.com\/?p=64292","article_published_time":"2024-09-22T05:25:00+00:00","og_image":[{"width":1280,"height":720,"url":"https:\/\/kibrisdakik.com\/wp-content\/uploads\/2024\/09\/tarla-tarim-fyo9_cover-740x420.jpg","type":"image\/jpeg"}],"author":"admin","twitter_card":"summary_large_image","twitter_misc":{"Yazan:":"admin","Tahmini okuma s\u00fcresi":"5 dakika"},"schema":{"@context":"https:\/\/schema.org","@graph":[{"@type":"Article","@id":"https:\/\/kibrisdakik.com\/?p=64292#article","isPartOf":{"@id":"https:\/\/kibrisdakik.com\/?p=64292"},"author":{"name":"admin","@id":"https:\/\/kibrisdakik.com\/#\/schema\/person\/9cd9d437bbb44f72b73ba127e06d8e79"},"headline":"Bakan Yumakl\u0131: 42 ilde 61 organize tar\u0131m b\u00f6lgesi kurulacak","datePublished":"2024-09-22T05:25:00+00:00","mainEntityOfPage":{"@id":"https:\/\/kibrisdakik.com\/?p=64292"},"wordCount":993,"commentCount":0,"publisher":{"@id":"https:\/\/kibrisdakik.com\/#organization"},"image":{"@id":"https:\/\/kibrisdakik.com\/?p=64292#primaryimage"},"thumbnailUrl":"https:\/\/kibrisdakik.com\/wp-content\/uploads\/2024\/09\/tarla-tarim-fyo9_cover-740x420.jpg","articleSection":["Magazin"],"inLanguage":"tr","potentialAction":[{"@type":"CommentAction","name":"Comment","target":["https:\/\/kibrisdakik.com\/?p=64292#respond"]}]},{"@type":"WebPage","@id":"https:\/\/kibrisdakik.com\/?p=64292","url":"https:\/\/kibrisdakik.com\/?p=64292","name":"Bakan Yumakl\u0131: 42 ilde 61 organize tar\u0131m b\u00f6lgesi kurulacak -","isPartOf":{"@id":"https:\/\/kibrisdakik.com\/#website"},"primaryImageOfPage":{"@id":"https:\/\/kibrisdakik.com\/?p=64292#primaryimage"},"image":{"@id":"https:\/\/kibrisdakik.com\/?p=64292#primaryimage"},"thumbnailUrl":"https:\/\/kibrisdakik.com\/wp-content\/uploads\/2024\/09\/tarla-tarim-fyo9_cover-740x420.jpg","datePublished":"2024-09-22T05:25:00+00:00","breadcrumb":{"@id":"https:\/\/kibrisdakik.com\/?p=64292#breadcrumb"},"inLanguage":"tr","potentialAction":[{"@type":"ReadAction","target":["https:\/\/kibrisdakik.com\/?p=64292"]}]},{"@type":"ImageObject","inLanguage":"tr","@id":"https:\/\/kibrisdakik.com\/?p=64292#primaryimage","url":"https:\/\/kibrisdakik.com\/wp-content\/uploads\/2024\/09\/tarla-tarim-fyo9_cover-740x420.jpg","contentUrl":"https:\/\/kibrisdakik.com\/wp-content\/uploads\/2024\/09\/tarla-tarim-fyo9_cover-740x420.jpg","width":1280,"height":720},{"@type":"BreadcrumbList","@id":"https:\/\/kibrisdakik.com\/?p=64292#breadcrumb","itemListElement":[{"@type":"ListItem","position":1,"name":"Home","item":"https:\/\/kibrisdakik.com\/"},{"@type":"ListItem","position":2,"name":"Bakan Yumakl\u0131: 42 ilde 61 organize tar\u0131m b\u00f6lgesi kurulacak"}]},{"@type":"WebSite","@id":"https:\/\/kibrisdakik.com\/#website","url":"https:\/\/kibrisdakik.com\/","name":"K\u0131br\u0131s Dakik","description":"Tam vaktinde haber","publisher":{"@id":"https:\/\/kibrisdakik.com\/#organization"},"potentialAction":[{"@type":"SearchAction","target":{"@type":"EntryPoint","urlTemplate":"https:\/\/kibrisdakik.com\/?s={search_term_string}"},"query-input":{"@type":"PropertyValueSpecification","valueRequired":true,"valueName":"search_term_string"}}],"inLanguage":"tr"},{"@type":"Organization","@id":"https:\/\/kibrisdakik.com\/#organization","name":"K\u0131br\u0131s Dakik","url":"https:\/\/kibrisdakik.com\/","logo":{"@type":"ImageObject","inLanguage":"tr","@id":"https:\/\/kibrisdakik.com\/#\/schema\/logo\/image\/","url":"https:\/\/kibrisdakik.com\/wp-content\/uploads\/2025\/10\/cropped-WhatsApp-Image-2025-10-02-at-12.58.31.jpeg","contentUrl":"https:\/\/kibrisdakik.com\/wp-content\/uploads\/2025\/10\/cropped-WhatsApp-Image-2025-10-02-at-12.58.31.jpeg","width":1237,"height":190,"caption":"K\u0131br\u0131s Dakik"},"image":{"@id":"https:\/\/kibrisdakik.com\/#\/schema\/logo\/image\/"}},{"@type":"Person","@id":"https:\/\/kibrisdakik.com\/#\/schema\/person\/9cd9d437bbb44f72b73ba127e06d8e79","name":"admin","image":{"@type":"ImageObject","inLanguage":"tr","@id":"https:\/\/secure.gravatar.com\/avatar\/ccc17943b9d660506c869530f897617f7cb1c21a4bf30023f252596d83e1f007?s=96&d=mm&r=g","url":"https:\/\/secure.gravatar.com\/avatar\/ccc17943b9d660506c869530f897617f7cb1c21a4bf30023f252596d83e1f007?s=96&d=mm&r=g","contentUrl":"https:\/\/secure.gravatar.com\/avatar\/ccc17943b9d660506c869530f897617f7cb1c21a4bf30023f252596d83e1f007?s=96&d=mm&r=g","caption":"admin"},"sameAs":["https:\/\/kibrisdakik.com"],"url":"https:\/\/kibrisdakik.com\/?author=1"}]}},"_links":{"self":[{"href":"https:\/\/kibrisdakik.com\/index.php?rest_route=\/wp\/v2\/posts\/64292","targetHints":{"allow":["GET"]}}],"collection":[{"href":"https:\/\/kibrisdakik.com\/index.php?rest_route=\/wp\/v2\/posts"}],"about":[{"href":"https:\/\/kibrisdakik.com\/index.php?rest_route=\/wp\/v2\/types\/post"}],"author":[{"embeddable":true,"href":"https:\/\/kibrisdakik.com\/index.php?rest_route=\/wp\/v2\/users\/1"}],"replies":[{"embeddable":true,"href":"https:\/\/kibrisdakik.com\/index.php?rest_route=%2Fwp%2Fv2%2Fcomments&post=64292"}],"version-history":[{"count":0,"href":"https:\/\/kibrisdakik.com\/index.php?rest_route=\/wp\/v2\/posts\/64292\/revisions"}],"wp:featuredmedia":[{"embeddable":true,"href":"https:\/\/kibrisdakik.com\/index.php?rest_route=\/wp\/v2\/media\/64293"}],"wp:attachment":[{"href":"https:\/\/kibrisdakik.com\/index.php?rest_route=%2Fwp%2Fv2%2Fmedia&parent=64292"}],"wp:term":[{"taxonomy":"category","embeddable":true,"href":"https:\/\/kibrisdakik.com\/index.php?rest_route=%2Fwp%2Fv2%2Fcategories&post=64292"},{"taxonomy":"post_tag","embeddable":true,"href":"https:\/\/kibrisdakik.com\/index.php?rest_route=%2Fwp%2Fv2%2Ftags&post=64292"}],"curies":[{"name":"wp","href":"https:\/\/api.w.org\/{rel}","templated":true}]}}