{"id":64344,"date":"2024-09-22T11:15:35","date_gmt":"2024-09-22T08:15:35","guid":{"rendered":"https:\/\/kibrisdakik.com\/index.php\/2024\/09\/22\/duserek-agir-yaralanan-cevat-afsin-yogun-bakimda\/"},"modified":"2024-09-22T11:15:35","modified_gmt":"2024-09-22T08:15:35","slug":"duserek-agir-yaralanan-cevat-afsin-yogun-bakimda","status":"publish","type":"post","link":"https:\/\/kibrisdakik.com\/?p=64344","title":{"rendered":"D\u00fc\u015ferek a\u011f\u0131r yaralanan Cevat Af\u015fin yo\u011fun bak\u0131mda"},"content":{"rendered":"<p><\/p>\n<div>\n<div class=\"mariselle-image-container none\">\n                <img loading=\"lazy\" decoding=\"async\" width=\"600\" height=\"264\" class=\"lazy-image\" alt=\"\" sizes=\"auto, (max-width: 600px) 100vw, 600px\" src=\"https:\/\/brtk.net\/wp-content\/uploads\/2024\/09\/22\/ambulans29.png?ver=3233ba78104537cbc8700273caf0b822\" srcset=\"https:\/\/brtk.net\/wp-content\/uploads\/2024\/09\/22\/ambulans29.png?ver=3233ba78104537cbc8700273caf0b822 600w, https:\/\/brtk.net\/wp-content\/uploads\/2024\/09\/22\/ambulans29-300x132.png?ver=1db112433dca39de1700f277b397e476 300w\"\/>                            <\/div>\n<p>Gazima\u011fusa\u2019da sakin 49 ya\u015f\u0131ndaki Cevat Af\u015fin, hen\u00fcz tespit edilemeyen bir yerden ve y\u00fckseklikten d\u00fc\u015ferek a\u011f\u0131r yaraland\u0131. Af\u015fin, Lefko\u015fa Dr. Burhan Nalbanto\u011flu Devlet Hastanesine sevk edilerek N\u00f6roloji Yo\u011fun Bak\u0131m Servisi\u2019nde m\u00fc\u015fahede alt\u0131na al\u0131nd\u0131.<\/p>\n<p>Polis b\u00fcltenine g\u00f6re, Cuma gecesi 23.00 ile d\u00fcn sabah 07.15 saatleri aras\u0131nda meydana gelen olayda, Gazima\u011fusa\u2019da sakin Cevat Af\u015fin (E-49), alkoll\u00fc i\u00e7ki tesiri alt\u0131nda oldu\u011fu s\u0131rada kald\u0131\u011f\u0131 binadan \u00e7\u0131kt\u0131ktan sonra hen\u00fcz tespit edilemeyen bir yerden ve y\u00fckseklikten d\u00fc\u015fmesi sonucu a\u011f\u0131r \u015fekilde yaraland\u0131.<\/p>\n<p>Af\u015fin, kald\u0131r\u0131ld\u0131\u011f\u0131 Gazima\u011fusa Devlet Hastanesi\u2019nde yap\u0131lan m\u00fcdahalenin ard\u0131ndan Lefko\u015fa Dr. Burhan Nalbanto\u011flu Devlet Hastanesine sevk edilerek N\u00f6roloji Yo\u011fun Bak\u0131m\u0131n servisinde m\u00fc\u015fahede alt\u0131na al\u0131nd\u0131.<\/p>\n<\/p><\/div>\n<p><script async\n                    defer\n                    crossorigin=\"anonymous\"\n                    src=\"https:\/\/connect.facebook.net\/tr_TR\/sdk.js#xfbml=1&#038;version=v3.3\"\n            ><\/script><\/p>\n","protected":false},"excerpt":{"rendered":"<p>Gazima\u011fusa\u2019da sakin 49 ya\u015f\u0131ndaki Cevat Af\u015fin, hen\u00fcz tespit edilemeyen bir yerden ve y\u00fckseklikten d\u00fc\u015ferek a\u011f\u0131r yaraland\u0131. Af\u015fin, Lefko\u015fa Dr. Burhan Nalbanto\u011flu Devlet Hastanesine sevk edilerek N\u00f6roloji Yo\u011fun Bak\u0131m Servisi\u2019nde m\u00fc\u015fahede alt\u0131na al\u0131nd\u0131. Polis b\u00fcltenine g\u00f6re, Cuma gecesi 23.00 ile d\u00fcn sabah 07.15 saatleri aras\u0131nda meydana gelen olayda, Gazima\u011fusa\u2019da sakin Cevat Af\u015fin (E-49), alkoll\u00fc i\u00e7ki tesiri<\/p>\n","protected":false},"author":1,"featured_media":64345,"comment_status":"open","ping_status":"open","sticky":false,"template":"","format":"standard","meta":{"footnotes":""},"categories":[1],"tags":[],"class_list":["post-64344","post","type-post","status-publish","format-standard","has-post-thumbnail","hentry","category-gundem"],"yoast_head":"<!-- This site is optimized with the Yoast SEO plugin v27.5 - https:\/\/yoast.com\/product\/yoast-seo-wordpress\/ -->\n<title>D\u00fc\u015ferek a\u011f\u0131r yaralanan Cevat Af\u015fin yo\u011fun bak\u0131mda -<\/title>\n<meta name=\"robots\" content=\"index, follow, max-snippet:-1, max-image-preview:large, max-video-preview:-1\" \/>\n<link rel=\"canonical\" href=\"https:\/\/kibrisdakik.com\/?p=64344\" \/>\n<meta property=\"og:locale\" content=\"tr_TR\" \/>\n<meta property=\"og:type\" content=\"article\" \/>\n<meta property=\"og:title\" content=\"D\u00fc\u015ferek a\u011f\u0131r yaralanan Cevat Af\u015fin yo\u011fun bak\u0131mda -\" \/>\n<meta property=\"og:description\" content=\"Gazima\u011fusa\u2019da sakin 49 ya\u015f\u0131ndaki Cevat Af\u015fin, hen\u00fcz tespit edilemeyen bir yerden ve y\u00fckseklikten d\u00fc\u015ferek a\u011f\u0131r yaraland\u0131. Af\u015fin, Lefko\u015fa Dr. Burhan Nalbanto\u011flu Devlet Hastanesine sevk edilerek N\u00f6roloji Yo\u011fun Bak\u0131m Servisi\u2019nde m\u00fc\u015fahede alt\u0131na al\u0131nd\u0131. Polis b\u00fcltenine g\u00f6re, Cuma gecesi 23.00 ile d\u00fcn sabah 07.15 saatleri aras\u0131nda meydana gelen olayda, Gazima\u011fusa\u2019da sakin Cevat Af\u015fin (E-49), alkoll\u00fc i\u00e7ki tesiri\" \/>\n<meta property=\"og:url\" content=\"https:\/\/kibrisdakik.com\/?p=64344\" \/>\n<meta property=\"article:published_time\" content=\"2024-09-22T08:15:35+00:00\" \/>\n<meta property=\"og:image\" content=\"https:\/\/kibrisdakik.com\/wp-content\/uploads\/2024\/09\/ambulans29.png\" \/>\n\t<meta property=\"og:image:width\" content=\"600\" \/>\n\t<meta property=\"og:image:height\" content=\"264\" \/>\n\t<meta property=\"og:image:type\" content=\"image\/png\" \/>\n<meta name=\"author\" content=\"admin\" \/>\n<meta name=\"twitter:card\" content=\"summary_large_image\" \/>\n<meta name=\"twitter:label1\" content=\"Yazan:\" \/>\n\t<meta name=\"twitter:data1\" content=\"admin\" \/>\n\t<meta name=\"twitter:label2\" content=\"Tahmini okuma s\u00fcresi\" \/>\n\t<meta name=\"twitter:data2\" content=\"1 dakika\" \/>\n<script type=\"application\/ld+json\" class=\"yoast-schema-graph\">{\"@context\":\"https:\\\/\\\/schema.org\",\"@graph\":[{\"@type\":\"Article\",\"@id\":\"https:\\\/\\\/kibrisdakik.com\\\/?p=64344#article\",\"isPartOf\":{\"@id\":\"https:\\\/\\\/kibrisdakik.com\\\/?p=64344\"},\"author\":{\"name\":\"admin\",\"@id\":\"https:\\\/\\\/kibrisdakik.com\\\/#\\\/schema\\\/person\\\/9cd9d437bbb44f72b73ba127e06d8e79\"},\"headline\":\"D\u00fc\u015ferek a\u011f\u0131r yaralanan Cevat Af\u015fin yo\u011fun bak\u0131mda\",\"datePublished\":\"2024-09-22T08:15:35+00:00\",\"mainEntityOfPage\":{\"@id\":\"https:\\\/\\\/kibrisdakik.com\\\/?p=64344\"},\"wordCount\":157,\"commentCount\":0,\"image\":{\"@id\":\"https:\\\/\\\/kibrisdakik.com\\\/?p=64344#primaryimage\"},\"thumbnailUrl\":\"https:\\\/\\\/kibrisdakik.com\\\/wp-content\\\/uploads\\\/2024\\\/09\\\/ambulans29.png\",\"articleSection\":[\"G\u00fcndem\"],\"inLanguage\":\"tr\",\"potentialAction\":[{\"@type\":\"CommentAction\",\"name\":\"Comment\",\"target\":[\"https:\\\/\\\/kibrisdakik.com\\\/?p=64344#respond\"]}]},{\"@type\":\"WebPage\",\"@id\":\"https:\\\/\\\/kibrisdakik.com\\\/?p=64344\",\"url\":\"https:\\\/\\\/kibrisdakik.com\\\/?p=64344\",\"name\":\"D\u00fc\u015ferek a\u011f\u0131r yaralanan Cevat Af\u015fin yo\u011fun bak\u0131mda -\",\"isPartOf\":{\"@id\":\"https:\\\/\\\/kibrisdakik.com\\\/#website\"},\"primaryImageOfPage\":{\"@id\":\"https:\\\/\\\/kibrisdakik.com\\\/?p=64344#primaryimage\"},\"image\":{\"@id\":\"https:\\\/\\\/kibrisdakik.com\\\/?p=64344#primaryimage\"},\"thumbnailUrl\":\"https:\\\/\\\/kibrisdakik.com\\\/wp-content\\\/uploads\\\/2024\\\/09\\\/ambulans29.png\",\"datePublished\":\"2024-09-22T08:15:35+00:00\",\"author\":{\"@id\":\"https:\\\/\\\/kibrisdakik.com\\\/#\\\/schema\\\/person\\\/9cd9d437bbb44f72b73ba127e06d8e79\"},\"breadcrumb\":{\"@id\":\"https:\\\/\\\/kibrisdakik.com\\\/?p=64344#breadcrumb\"},\"inLanguage\":\"tr\",\"potentialAction\":[{\"@type\":\"ReadAction\",\"target\":[\"https:\\\/\\\/kibrisdakik.com\\\/?p=64344\"]}]},{\"@type\":\"ImageObject\",\"inLanguage\":\"tr\",\"@id\":\"https:\\\/\\\/kibrisdakik.com\\\/?p=64344#primaryimage\",\"url\":\"https:\\\/\\\/kibrisdakik.com\\\/wp-content\\\/uploads\\\/2024\\\/09\\\/ambulans29.png\",\"contentUrl\":\"https:\\\/\\\/kibrisdakik.com\\\/wp-content\\\/uploads\\\/2024\\\/09\\\/ambulans29.png\",\"width\":600,\"height\":264},{\"@type\":\"BreadcrumbList\",\"@id\":\"https:\\\/\\\/kibrisdakik.com\\\/?p=64344#breadcrumb\",\"itemListElement\":[{\"@type\":\"ListItem\",\"position\":1,\"name\":\"Home\",\"item\":\"https:\\\/\\\/kibrisdakik.com\\\/\"},{\"@type\":\"ListItem\",\"position\":2,\"name\":\"D\u00fc\u015ferek a\u011f\u0131r yaralanan Cevat Af\u015fin yo\u011fun bak\u0131mda\"}]},{\"@type\":\"WebSite\",\"@id\":\"https:\\\/\\\/kibrisdakik.com\\\/#website\",\"url\":\"https:\\\/\\\/kibrisdakik.com\\\/\",\"name\":\"\",\"description\":\"Tam vaktinde haber\",\"potentialAction\":[{\"@type\":\"SearchAction\",\"target\":{\"@type\":\"EntryPoint\",\"urlTemplate\":\"https:\\\/\\\/kibrisdakik.com\\\/?s={search_term_string}\"},\"query-input\":{\"@type\":\"PropertyValueSpecification\",\"valueRequired\":true,\"valueName\":\"search_term_string\"}}],\"inLanguage\":\"tr\"},{\"@type\":\"Person\",\"@id\":\"https:\\\/\\\/kibrisdakik.com\\\/#\\\/schema\\\/person\\\/9cd9d437bbb44f72b73ba127e06d8e79\",\"name\":\"admin\",\"image\":{\"@type\":\"ImageObject\",\"inLanguage\":\"tr\",\"@id\":\"https:\\\/\\\/secure.gravatar.com\\\/avatar\\\/ccc17943b9d660506c869530f897617f7cb1c21a4bf30023f252596d83e1f007?s=96&d=mm&r=g\",\"url\":\"https:\\\/\\\/secure.gravatar.com\\\/avatar\\\/ccc17943b9d660506c869530f897617f7cb1c21a4bf30023f252596d83e1f007?s=96&d=mm&r=g\",\"contentUrl\":\"https:\\\/\\\/secure.gravatar.com\\\/avatar\\\/ccc17943b9d660506c869530f897617f7cb1c21a4bf30023f252596d83e1f007?s=96&d=mm&r=g\",\"caption\":\"admin\"},\"sameAs\":[\"https:\\\/\\\/kibrisdakik.com\"],\"url\":\"https:\\\/\\\/kibrisdakik.com\\\/?author=1\"}]}<\/script>\n<!-- \/ Yoast SEO plugin. -->","yoast_head_json":{"title":"D\u00fc\u015ferek a\u011f\u0131r yaralanan Cevat Af\u015fin yo\u011fun bak\u0131mda -","robots":{"index":"index","follow":"follow","max-snippet":"max-snippet:-1","max-image-preview":"max-image-preview:large","max-video-preview":"max-video-preview:-1"},"canonical":"https:\/\/kibrisdakik.com\/?p=64344","og_locale":"tr_TR","og_type":"article","og_title":"D\u00fc\u015ferek a\u011f\u0131r yaralanan Cevat Af\u015fin yo\u011fun bak\u0131mda -","og_description":"Gazima\u011fusa\u2019da sakin 49 ya\u015f\u0131ndaki Cevat Af\u015fin, hen\u00fcz tespit edilemeyen bir yerden ve y\u00fckseklikten d\u00fc\u015ferek a\u011f\u0131r yaraland\u0131. Af\u015fin, Lefko\u015fa Dr. Burhan Nalbanto\u011flu Devlet Hastanesine sevk edilerek N\u00f6roloji Yo\u011fun Bak\u0131m Servisi\u2019nde m\u00fc\u015fahede alt\u0131na al\u0131nd\u0131. Polis b\u00fcltenine g\u00f6re, Cuma gecesi 23.00 ile d\u00fcn sabah 07.15 saatleri aras\u0131nda meydana gelen olayda, Gazima\u011fusa\u2019da sakin Cevat Af\u015fin (E-49), alkoll\u00fc i\u00e7ki tesiri","og_url":"https:\/\/kibrisdakik.com\/?p=64344","article_published_time":"2024-09-22T08:15:35+00:00","og_image":[{"width":600,"height":264,"url":"https:\/\/kibrisdakik.com\/wp-content\/uploads\/2024\/09\/ambulans29.png","type":"image\/png"}],"author":"admin","twitter_card":"summary_large_image","twitter_misc":{"Yazan:":"admin","Tahmini okuma s\u00fcresi":"1 dakika"},"schema":{"@context":"https:\/\/schema.org","@graph":[{"@type":"Article","@id":"https:\/\/kibrisdakik.com\/?p=64344#article","isPartOf":{"@id":"https:\/\/kibrisdakik.com\/?p=64344"},"author":{"name":"admin","@id":"https:\/\/kibrisdakik.com\/#\/schema\/person\/9cd9d437bbb44f72b73ba127e06d8e79"},"headline":"D\u00fc\u015ferek a\u011f\u0131r yaralanan Cevat Af\u015fin yo\u011fun bak\u0131mda","datePublished":"2024-09-22T08:15:35+00:00","mainEntityOfPage":{"@id":"https:\/\/kibrisdakik.com\/?p=64344"},"wordCount":157,"commentCount":0,"image":{"@id":"https:\/\/kibrisdakik.com\/?p=64344#primaryimage"},"thumbnailUrl":"https:\/\/kibrisdakik.com\/wp-content\/uploads\/2024\/09\/ambulans29.png","articleSection":["G\u00fcndem"],"inLanguage":"tr","potentialAction":[{"@type":"CommentAction","name":"Comment","target":["https:\/\/kibrisdakik.com\/?p=64344#respond"]}]},{"@type":"WebPage","@id":"https:\/\/kibrisdakik.com\/?p=64344","url":"https:\/\/kibrisdakik.com\/?p=64344","name":"D\u00fc\u015ferek a\u011f\u0131r yaralanan Cevat Af\u015fin yo\u011fun bak\u0131mda -","isPartOf":{"@id":"https:\/\/kibrisdakik.com\/#website"},"primaryImageOfPage":{"@id":"https:\/\/kibrisdakik.com\/?p=64344#primaryimage"},"image":{"@id":"https:\/\/kibrisdakik.com\/?p=64344#primaryimage"},"thumbnailUrl":"https:\/\/kibrisdakik.com\/wp-content\/uploads\/2024\/09\/ambulans29.png","datePublished":"2024-09-22T08:15:35+00:00","author":{"@id":"https:\/\/kibrisdakik.com\/#\/schema\/person\/9cd9d437bbb44f72b73ba127e06d8e79"},"breadcrumb":{"@id":"https:\/\/kibrisdakik.com\/?p=64344#breadcrumb"},"inLanguage":"tr","potentialAction":[{"@type":"ReadAction","target":["https:\/\/kibrisdakik.com\/?p=64344"]}]},{"@type":"ImageObject","inLanguage":"tr","@id":"https:\/\/kibrisdakik.com\/?p=64344#primaryimage","url":"https:\/\/kibrisdakik.com\/wp-content\/uploads\/2024\/09\/ambulans29.png","contentUrl":"https:\/\/kibrisdakik.com\/wp-content\/uploads\/2024\/09\/ambulans29.png","width":600,"height":264},{"@type":"BreadcrumbList","@id":"https:\/\/kibrisdakik.com\/?p=64344#breadcrumb","itemListElement":[{"@type":"ListItem","position":1,"name":"Home","item":"https:\/\/kibrisdakik.com\/"},{"@type":"ListItem","position":2,"name":"D\u00fc\u015ferek a\u011f\u0131r yaralanan Cevat Af\u015fin yo\u011fun bak\u0131mda"}]},{"@type":"WebSite","@id":"https:\/\/kibrisdakik.com\/#website","url":"https:\/\/kibrisdakik.com\/","name":"","description":"Tam vaktinde haber","potentialAction":[{"@type":"SearchAction","target":{"@type":"EntryPoint","urlTemplate":"https:\/\/kibrisdakik.com\/?s={search_term_string}"},"query-input":{"@type":"PropertyValueSpecification","valueRequired":true,"valueName":"search_term_string"}}],"inLanguage":"tr"},{"@type":"Person","@id":"https:\/\/kibrisdakik.com\/#\/schema\/person\/9cd9d437bbb44f72b73ba127e06d8e79","name":"admin","image":{"@type":"ImageObject","inLanguage":"tr","@id":"https:\/\/secure.gravatar.com\/avatar\/ccc17943b9d660506c869530f897617f7cb1c21a4bf30023f252596d83e1f007?s=96&d=mm&r=g","url":"https:\/\/secure.gravatar.com\/avatar\/ccc17943b9d660506c869530f897617f7cb1c21a4bf30023f252596d83e1f007?s=96&d=mm&r=g","contentUrl":"https:\/\/secure.gravatar.com\/avatar\/ccc17943b9d660506c869530f897617f7cb1c21a4bf30023f252596d83e1f007?s=96&d=mm&r=g","caption":"admin"},"sameAs":["https:\/\/kibrisdakik.com"],"url":"https:\/\/kibrisdakik.com\/?author=1"}]}},"_links":{"self":[{"href":"https:\/\/kibrisdakik.com\/index.php?rest_route=\/wp\/v2\/posts\/64344","targetHints":{"allow":["GET"]}}],"collection":[{"href":"https:\/\/kibrisdakik.com\/index.php?rest_route=\/wp\/v2\/posts"}],"about":[{"href":"https:\/\/kibrisdakik.com\/index.php?rest_route=\/wp\/v2\/types\/post"}],"author":[{"embeddable":true,"href":"https:\/\/kibrisdakik.com\/index.php?rest_route=\/wp\/v2\/users\/1"}],"replies":[{"embeddable":true,"href":"https:\/\/kibrisdakik.com\/index.php?rest_route=%2Fwp%2Fv2%2Fcomments&post=64344"}],"version-history":[{"count":0,"href":"https:\/\/kibrisdakik.com\/index.php?rest_route=\/wp\/v2\/posts\/64344\/revisions"}],"wp:featuredmedia":[{"embeddable":true,"href":"https:\/\/kibrisdakik.com\/index.php?rest_route=\/wp\/v2\/media\/64345"}],"wp:attachment":[{"href":"https:\/\/kibrisdakik.com\/index.php?rest_route=%2Fwp%2Fv2%2Fmedia&parent=64344"}],"wp:term":[{"taxonomy":"category","embeddable":true,"href":"https:\/\/kibrisdakik.com\/index.php?rest_route=%2Fwp%2Fv2%2Fcategories&post=64344"},{"taxonomy":"post_tag","embeddable":true,"href":"https:\/\/kibrisdakik.com\/index.php?rest_route=%2Fwp%2Fv2%2Ftags&post=64344"}],"curies":[{"name":"wp","href":"https:\/\/api.w.org\/{rel}","templated":true}]}}