{"id":64392,"date":"2024-09-22T18:05:19","date_gmt":"2024-09-22T15:05:19","guid":{"rendered":"https:\/\/kibrisdakik.com\/index.php\/2024\/09\/22\/alevkayasi-yayla-senligi-yapildi-2\/"},"modified":"2024-09-22T18:05:19","modified_gmt":"2024-09-22T15:05:19","slug":"alevkayasi-yayla-senligi-yapildi-2","status":"publish","type":"post","link":"https:\/\/kibrisdakik.com\/?p=64392","title":{"rendered":"Alevkayas\u0131 Yayla \u015eenli\u011fi yap\u0131ld\u0131"},"content":{"rendered":"<p> <br \/>\n<\/p>\n<div>\n<div class=\"mariselle-image-container center\">\n                <img loading=\"lazy\" decoding=\"async\" width=\"2560\" height=\"1408\" class=\"lazy-image\" alt=\"\" sizes=\"auto, (max-width: 2560px) 100vw, 2560px\" src=\"https:\/\/brtk.net\/wp-content\/uploads\/2024\/09\/22\/ialdial-scaled.jpeg?ver=cad83af12dbe018df9e4358fe3c1cfcb\" srcset=\"https:\/\/brtk.net\/wp-content\/uploads\/2024\/09\/22\/ialdial-scaled.jpeg?ver=cad83af12dbe018df9e4358fe3c1cfcb 2560w, https:\/\/brtk.net\/wp-content\/uploads\/2024\/09\/22\/ialdial-300x165.jpeg?ver=cad83af12dbe018df9e4358fe3c1cfcb 300w, https:\/\/brtk.net\/wp-content\/uploads\/2024\/09\/22\/ialdial-1024x563.jpeg?ver=c5e2d2f3cd33db6a2e49b55492cfc21e 1024w, https:\/\/brtk.net\/wp-content\/uploads\/2024\/09\/22\/ialdial-768x422.jpeg?ver=c5e2d2f3cd33db6a2e49b55492cfc21e 768w, https:\/\/brtk.net\/wp-content\/uploads\/2024\/09\/22\/ialdial-1536x845.jpeg?ver=f6d15e1e607efde135ba864cfadef56d 1536w, https:\/\/brtk.net\/wp-content\/uploads\/2024\/09\/22\/ialdial-2048x1126.jpeg?ver=b1ccd750e9b72809fb610d08cf07d7a7 2048w\"\/>                            <\/div>\n<p> Karadeniz K\u00fclt\u00fcr Derne\u011fi\u2019nin geleneksel Alevkayas\u0131 Yayla \u015eenli\u011fi bug\u00fcn yap\u0131ld\u0131.<br \/>Etkinli\u011fe Cumhurba\u015fkan\u0131 Vekili, Cumhuriyet Meclisi Ba\u015fkan\u0131 Zorlu T\u00f6re de kat\u0131ld\u0131.<\/p>\n<p>Meclis\u2019ten yap\u0131lan a\u00e7\u0131klamaya g\u00f6re, \u015fenlikte konu\u015fma yapan T\u00f6re, \u0130stiklal Mar\u015f\u0131\u2019ndan bir d\u00f6rtl\u00fck okuyarak, K\u0131br\u0131s T\u00fcrk halk\u0131n\u0131n b\u00fcy\u00fck T\u00fcrk milletinin bir par\u00e7as\u0131 oldu\u011funu s\u00f6yledi.<\/p>\n<p>T\u00f6re, \u201cB\u00fcy\u00fck T\u00fcrk milletinin mensubu olman\u0131n verdi\u011fi gururla sahip oldu\u011fumuz topraklara sahip \u00e7\u0131kaca\u011f\u0131z, T\u00fcrk milletine hizmet yolunda emin ad\u0131mlarla \u00e7al\u0131\u015fmaya devam edece\u011fiz\u201d dedi.<br \/>T\u00f6re, \u201cNe Mutlu T\u00fcrk\u2019\u00fcm diyen\u201d herkesin ayn\u0131 \u00fclk\u00fc etraf\u0131nda birle\u015fti\u011fini ve T\u00fcrk milletinin \u015ferefli evlatlar\u0131 oldu\u011funu kaydetti.<\/p>\n<p>Birlik ve beraberlik yolunda mesajlar da veren T\u00f6re, T\u00fcrk milleti i\u00e7in b\u00fcy\u00fck d\u00fc\u015f\u00fcnmek gerekti\u011fini s\u00f6yledi.<br \/>Konu\u015fmalar\u0131n ard\u0131ndan Kuzey K\u0131br\u0131s ve Trabzon\u2019dan gelen sanat\u00e7\u0131lar\u0131n \u015fark\u0131lar\u0131yla horon oynayan Karadenizliler g\u00fczel bir g\u00fcn ge\u00e7irdi.<\/p>\n<\/p><\/div>\n<p><script async\n                    defer\n                    crossorigin=\"anonymous\"\n                    src=\"https:\/\/connect.facebook.net\/tr_TR\/sdk.js#xfbml=1&#038;version=v3.3\"\n            ><\/script><br \/>\n<br \/><br \/>\n<br \/><a href=\"https:\/\/brtk.net\/alevkayasi-yayla-senligi-yapildi-2\/\">kpostasi <\/a><\/p>\n","protected":false},"excerpt":{"rendered":"<p>Karadeniz K\u00fclt\u00fcr Derne\u011fi\u2019nin geleneksel Alevkayas\u0131 Yayla \u015eenli\u011fi bug\u00fcn yap\u0131ld\u0131.Etkinli\u011fe Cumhurba\u015fkan\u0131 Vekili, Cumhuriyet Meclisi Ba\u015fkan\u0131 Zorlu T\u00f6re de kat\u0131ld\u0131. Meclis\u2019ten yap\u0131lan a\u00e7\u0131klamaya g\u00f6re, \u015fenlikte konu\u015fma yapan T\u00f6re, \u0130stiklal Mar\u015f\u0131\u2019ndan bir d\u00f6rtl\u00fck okuyarak, K\u0131br\u0131s T\u00fcrk halk\u0131n\u0131n b\u00fcy\u00fck T\u00fcrk milletinin bir par\u00e7as\u0131 oldu\u011funu s\u00f6yledi. T\u00f6re, \u201cB\u00fcy\u00fck T\u00fcrk milletinin mensubu olman\u0131n verdi\u011fi gururla sahip oldu\u011fumuz topraklara sahip \u00e7\u0131kaca\u011f\u0131z, T\u00fcrk<\/p>\n","protected":false},"author":1,"featured_media":64393,"comment_status":"open","ping_status":"open","sticky":false,"template":"","format":"standard","meta":{"footnotes":""},"categories":[1,81],"tags":[],"class_list":["post-64392","post","type-post","status-publish","format-standard","has-post-thumbnail","hentry","category-gundem","category-kibris"],"yoast_head":"<!-- This site is optimized with the Yoast SEO plugin v27.5 - https:\/\/yoast.com\/product\/yoast-seo-wordpress\/ -->\n<title>Alevkayas\u0131 Yayla \u015eenli\u011fi yap\u0131ld\u0131 -<\/title>\n<meta name=\"robots\" content=\"index, follow, max-snippet:-1, max-image-preview:large, max-video-preview:-1\" \/>\n<link rel=\"canonical\" href=\"https:\/\/kibrisdakik.com\/?p=64392\" \/>\n<meta property=\"og:locale\" content=\"tr_TR\" \/>\n<meta property=\"og:type\" content=\"article\" \/>\n<meta property=\"og:title\" content=\"Alevkayas\u0131 Yayla \u015eenli\u011fi yap\u0131ld\u0131 -\" \/>\n<meta property=\"og:description\" content=\"Karadeniz K\u00fclt\u00fcr Derne\u011fi\u2019nin geleneksel Alevkayas\u0131 Yayla \u015eenli\u011fi bug\u00fcn yap\u0131ld\u0131.Etkinli\u011fe Cumhurba\u015fkan\u0131 Vekili, Cumhuriyet Meclisi Ba\u015fkan\u0131 Zorlu T\u00f6re de kat\u0131ld\u0131. Meclis\u2019ten yap\u0131lan a\u00e7\u0131klamaya g\u00f6re, \u015fenlikte konu\u015fma yapan T\u00f6re, \u0130stiklal Mar\u015f\u0131\u2019ndan bir d\u00f6rtl\u00fck okuyarak, K\u0131br\u0131s T\u00fcrk halk\u0131n\u0131n b\u00fcy\u00fck T\u00fcrk milletinin bir par\u00e7as\u0131 oldu\u011funu s\u00f6yledi. T\u00f6re, \u201cB\u00fcy\u00fck T\u00fcrk milletinin mensubu olman\u0131n verdi\u011fi gururla sahip oldu\u011fumuz topraklara sahip \u00e7\u0131kaca\u011f\u0131z, T\u00fcrk\" \/>\n<meta property=\"og:url\" content=\"https:\/\/kibrisdakik.com\/?p=64392\" \/>\n<meta property=\"article:published_time\" content=\"2024-09-22T15:05:19+00:00\" \/>\n<meta property=\"og:image\" content=\"https:\/\/kibrisdakik.com\/wp-content\/uploads\/2024\/09\/ialdial-scaled-740x420.jpeg\" \/>\n\t<meta property=\"og:image:width\" content=\"2560\" \/>\n\t<meta property=\"og:image:height\" content=\"1408\" \/>\n\t<meta property=\"og:image:type\" content=\"image\/jpeg\" \/>\n<meta name=\"author\" content=\"admin\" \/>\n<meta name=\"twitter:card\" content=\"summary_large_image\" \/>\n<meta name=\"twitter:label1\" content=\"Yazan:\" \/>\n\t<meta name=\"twitter:data1\" content=\"admin\" \/>\n\t<meta name=\"twitter:label2\" content=\"Tahmini okuma s\u00fcresi\" \/>\n\t<meta name=\"twitter:data2\" content=\"1 dakika\" \/>\n<script type=\"application\/ld+json\" class=\"yoast-schema-graph\">{\"@context\":\"https:\\\/\\\/schema.org\",\"@graph\":[{\"@type\":\"Article\",\"@id\":\"https:\\\/\\\/kibrisdakik.com\\\/?p=64392#article\",\"isPartOf\":{\"@id\":\"https:\\\/\\\/kibrisdakik.com\\\/?p=64392\"},\"author\":{\"name\":\"admin\",\"@id\":\"https:\\\/\\\/kibrisdakik.com\\\/#\\\/schema\\\/person\\\/9cd9d437bbb44f72b73ba127e06d8e79\"},\"headline\":\"Alevkayas\u0131 Yayla \u015eenli\u011fi yap\u0131ld\u0131\",\"datePublished\":\"2024-09-22T15:05:19+00:00\",\"mainEntityOfPage\":{\"@id\":\"https:\\\/\\\/kibrisdakik.com\\\/?p=64392\"},\"wordCount\":195,\"commentCount\":0,\"image\":{\"@id\":\"https:\\\/\\\/kibrisdakik.com\\\/?p=64392#primaryimage\"},\"thumbnailUrl\":\"https:\\\/\\\/kibrisdakik.com\\\/wp-content\\\/uploads\\\/2024\\\/09\\\/ialdial-scaled-740x420.jpeg\",\"articleSection\":[\"G\u00fcndem\",\"K\u0131br\u0131s\"],\"inLanguage\":\"tr\",\"potentialAction\":[{\"@type\":\"CommentAction\",\"name\":\"Comment\",\"target\":[\"https:\\\/\\\/kibrisdakik.com\\\/?p=64392#respond\"]}]},{\"@type\":\"WebPage\",\"@id\":\"https:\\\/\\\/kibrisdakik.com\\\/?p=64392\",\"url\":\"https:\\\/\\\/kibrisdakik.com\\\/?p=64392\",\"name\":\"Alevkayas\u0131 Yayla \u015eenli\u011fi yap\u0131ld\u0131 -\",\"isPartOf\":{\"@id\":\"https:\\\/\\\/kibrisdakik.com\\\/#website\"},\"primaryImageOfPage\":{\"@id\":\"https:\\\/\\\/kibrisdakik.com\\\/?p=64392#primaryimage\"},\"image\":{\"@id\":\"https:\\\/\\\/kibrisdakik.com\\\/?p=64392#primaryimage\"},\"thumbnailUrl\":\"https:\\\/\\\/kibrisdakik.com\\\/wp-content\\\/uploads\\\/2024\\\/09\\\/ialdial-scaled-740x420.jpeg\",\"datePublished\":\"2024-09-22T15:05:19+00:00\",\"author\":{\"@id\":\"https:\\\/\\\/kibrisdakik.com\\\/#\\\/schema\\\/person\\\/9cd9d437bbb44f72b73ba127e06d8e79\"},\"breadcrumb\":{\"@id\":\"https:\\\/\\\/kibrisdakik.com\\\/?p=64392#breadcrumb\"},\"inLanguage\":\"tr\",\"potentialAction\":[{\"@type\":\"ReadAction\",\"target\":[\"https:\\\/\\\/kibrisdakik.com\\\/?p=64392\"]}]},{\"@type\":\"ImageObject\",\"inLanguage\":\"tr\",\"@id\":\"https:\\\/\\\/kibrisdakik.com\\\/?p=64392#primaryimage\",\"url\":\"https:\\\/\\\/kibrisdakik.com\\\/wp-content\\\/uploads\\\/2024\\\/09\\\/ialdial-scaled-740x420.jpeg\",\"contentUrl\":\"https:\\\/\\\/kibrisdakik.com\\\/wp-content\\\/uploads\\\/2024\\\/09\\\/ialdial-scaled-740x420.jpeg\",\"width\":2560,\"height\":1408},{\"@type\":\"BreadcrumbList\",\"@id\":\"https:\\\/\\\/kibrisdakik.com\\\/?p=64392#breadcrumb\",\"itemListElement\":[{\"@type\":\"ListItem\",\"position\":1,\"name\":\"Home\",\"item\":\"https:\\\/\\\/kibrisdakik.com\\\/\"},{\"@type\":\"ListItem\",\"position\":2,\"name\":\"Alevkayas\u0131 Yayla \u015eenli\u011fi yap\u0131ld\u0131\"}]},{\"@type\":\"WebSite\",\"@id\":\"https:\\\/\\\/kibrisdakik.com\\\/#website\",\"url\":\"https:\\\/\\\/kibrisdakik.com\\\/\",\"name\":\"\",\"description\":\"Tam vaktinde haber\",\"potentialAction\":[{\"@type\":\"SearchAction\",\"target\":{\"@type\":\"EntryPoint\",\"urlTemplate\":\"https:\\\/\\\/kibrisdakik.com\\\/?s={search_term_string}\"},\"query-input\":{\"@type\":\"PropertyValueSpecification\",\"valueRequired\":true,\"valueName\":\"search_term_string\"}}],\"inLanguage\":\"tr\"},{\"@type\":\"Person\",\"@id\":\"https:\\\/\\\/kibrisdakik.com\\\/#\\\/schema\\\/person\\\/9cd9d437bbb44f72b73ba127e06d8e79\",\"name\":\"admin\",\"image\":{\"@type\":\"ImageObject\",\"inLanguage\":\"tr\",\"@id\":\"https:\\\/\\\/secure.gravatar.com\\\/avatar\\\/ccc17943b9d660506c869530f897617f7cb1c21a4bf30023f252596d83e1f007?s=96&d=mm&r=g\",\"url\":\"https:\\\/\\\/secure.gravatar.com\\\/avatar\\\/ccc17943b9d660506c869530f897617f7cb1c21a4bf30023f252596d83e1f007?s=96&d=mm&r=g\",\"contentUrl\":\"https:\\\/\\\/secure.gravatar.com\\\/avatar\\\/ccc17943b9d660506c869530f897617f7cb1c21a4bf30023f252596d83e1f007?s=96&d=mm&r=g\",\"caption\":\"admin\"},\"sameAs\":[\"https:\\\/\\\/kibrisdakik.com\"],\"url\":\"https:\\\/\\\/kibrisdakik.com\\\/?author=1\"}]}<\/script>\n<!-- \/ Yoast SEO plugin. -->","yoast_head_json":{"title":"Alevkayas\u0131 Yayla \u015eenli\u011fi yap\u0131ld\u0131 -","robots":{"index":"index","follow":"follow","max-snippet":"max-snippet:-1","max-image-preview":"max-image-preview:large","max-video-preview":"max-video-preview:-1"},"canonical":"https:\/\/kibrisdakik.com\/?p=64392","og_locale":"tr_TR","og_type":"article","og_title":"Alevkayas\u0131 Yayla \u015eenli\u011fi yap\u0131ld\u0131 -","og_description":"Karadeniz K\u00fclt\u00fcr Derne\u011fi\u2019nin geleneksel Alevkayas\u0131 Yayla \u015eenli\u011fi bug\u00fcn yap\u0131ld\u0131.Etkinli\u011fe Cumhurba\u015fkan\u0131 Vekili, Cumhuriyet Meclisi Ba\u015fkan\u0131 Zorlu T\u00f6re de kat\u0131ld\u0131. Meclis\u2019ten yap\u0131lan a\u00e7\u0131klamaya g\u00f6re, \u015fenlikte konu\u015fma yapan T\u00f6re, \u0130stiklal Mar\u015f\u0131\u2019ndan bir d\u00f6rtl\u00fck okuyarak, K\u0131br\u0131s T\u00fcrk halk\u0131n\u0131n b\u00fcy\u00fck T\u00fcrk milletinin bir par\u00e7as\u0131 oldu\u011funu s\u00f6yledi. T\u00f6re, \u201cB\u00fcy\u00fck T\u00fcrk milletinin mensubu olman\u0131n verdi\u011fi gururla sahip oldu\u011fumuz topraklara sahip \u00e7\u0131kaca\u011f\u0131z, T\u00fcrk","og_url":"https:\/\/kibrisdakik.com\/?p=64392","article_published_time":"2024-09-22T15:05:19+00:00","og_image":[{"width":2560,"height":1408,"url":"https:\/\/kibrisdakik.com\/wp-content\/uploads\/2024\/09\/ialdial-scaled-740x420.jpeg","type":"image\/jpeg"}],"author":"admin","twitter_card":"summary_large_image","twitter_misc":{"Yazan:":"admin","Tahmini okuma s\u00fcresi":"1 dakika"},"schema":{"@context":"https:\/\/schema.org","@graph":[{"@type":"Article","@id":"https:\/\/kibrisdakik.com\/?p=64392#article","isPartOf":{"@id":"https:\/\/kibrisdakik.com\/?p=64392"},"author":{"name":"admin","@id":"https:\/\/kibrisdakik.com\/#\/schema\/person\/9cd9d437bbb44f72b73ba127e06d8e79"},"headline":"Alevkayas\u0131 Yayla \u015eenli\u011fi yap\u0131ld\u0131","datePublished":"2024-09-22T15:05:19+00:00","mainEntityOfPage":{"@id":"https:\/\/kibrisdakik.com\/?p=64392"},"wordCount":195,"commentCount":0,"image":{"@id":"https:\/\/kibrisdakik.com\/?p=64392#primaryimage"},"thumbnailUrl":"https:\/\/kibrisdakik.com\/wp-content\/uploads\/2024\/09\/ialdial-scaled-740x420.jpeg","articleSection":["G\u00fcndem","K\u0131br\u0131s"],"inLanguage":"tr","potentialAction":[{"@type":"CommentAction","name":"Comment","target":["https:\/\/kibrisdakik.com\/?p=64392#respond"]}]},{"@type":"WebPage","@id":"https:\/\/kibrisdakik.com\/?p=64392","url":"https:\/\/kibrisdakik.com\/?p=64392","name":"Alevkayas\u0131 Yayla \u015eenli\u011fi yap\u0131ld\u0131 -","isPartOf":{"@id":"https:\/\/kibrisdakik.com\/#website"},"primaryImageOfPage":{"@id":"https:\/\/kibrisdakik.com\/?p=64392#primaryimage"},"image":{"@id":"https:\/\/kibrisdakik.com\/?p=64392#primaryimage"},"thumbnailUrl":"https:\/\/kibrisdakik.com\/wp-content\/uploads\/2024\/09\/ialdial-scaled-740x420.jpeg","datePublished":"2024-09-22T15:05:19+00:00","author":{"@id":"https:\/\/kibrisdakik.com\/#\/schema\/person\/9cd9d437bbb44f72b73ba127e06d8e79"},"breadcrumb":{"@id":"https:\/\/kibrisdakik.com\/?p=64392#breadcrumb"},"inLanguage":"tr","potentialAction":[{"@type":"ReadAction","target":["https:\/\/kibrisdakik.com\/?p=64392"]}]},{"@type":"ImageObject","inLanguage":"tr","@id":"https:\/\/kibrisdakik.com\/?p=64392#primaryimage","url":"https:\/\/kibrisdakik.com\/wp-content\/uploads\/2024\/09\/ialdial-scaled-740x420.jpeg","contentUrl":"https:\/\/kibrisdakik.com\/wp-content\/uploads\/2024\/09\/ialdial-scaled-740x420.jpeg","width":2560,"height":1408},{"@type":"BreadcrumbList","@id":"https:\/\/kibrisdakik.com\/?p=64392#breadcrumb","itemListElement":[{"@type":"ListItem","position":1,"name":"Home","item":"https:\/\/kibrisdakik.com\/"},{"@type":"ListItem","position":2,"name":"Alevkayas\u0131 Yayla \u015eenli\u011fi yap\u0131ld\u0131"}]},{"@type":"WebSite","@id":"https:\/\/kibrisdakik.com\/#website","url":"https:\/\/kibrisdakik.com\/","name":"","description":"Tam vaktinde haber","potentialAction":[{"@type":"SearchAction","target":{"@type":"EntryPoint","urlTemplate":"https:\/\/kibrisdakik.com\/?s={search_term_string}"},"query-input":{"@type":"PropertyValueSpecification","valueRequired":true,"valueName":"search_term_string"}}],"inLanguage":"tr"},{"@type":"Person","@id":"https:\/\/kibrisdakik.com\/#\/schema\/person\/9cd9d437bbb44f72b73ba127e06d8e79","name":"admin","image":{"@type":"ImageObject","inLanguage":"tr","@id":"https:\/\/secure.gravatar.com\/avatar\/ccc17943b9d660506c869530f897617f7cb1c21a4bf30023f252596d83e1f007?s=96&d=mm&r=g","url":"https:\/\/secure.gravatar.com\/avatar\/ccc17943b9d660506c869530f897617f7cb1c21a4bf30023f252596d83e1f007?s=96&d=mm&r=g","contentUrl":"https:\/\/secure.gravatar.com\/avatar\/ccc17943b9d660506c869530f897617f7cb1c21a4bf30023f252596d83e1f007?s=96&d=mm&r=g","caption":"admin"},"sameAs":["https:\/\/kibrisdakik.com"],"url":"https:\/\/kibrisdakik.com\/?author=1"}]}},"_links":{"self":[{"href":"https:\/\/kibrisdakik.com\/index.php?rest_route=\/wp\/v2\/posts\/64392","targetHints":{"allow":["GET"]}}],"collection":[{"href":"https:\/\/kibrisdakik.com\/index.php?rest_route=\/wp\/v2\/posts"}],"about":[{"href":"https:\/\/kibrisdakik.com\/index.php?rest_route=\/wp\/v2\/types\/post"}],"author":[{"embeddable":true,"href":"https:\/\/kibrisdakik.com\/index.php?rest_route=\/wp\/v2\/users\/1"}],"replies":[{"embeddable":true,"href":"https:\/\/kibrisdakik.com\/index.php?rest_route=%2Fwp%2Fv2%2Fcomments&post=64392"}],"version-history":[{"count":0,"href":"https:\/\/kibrisdakik.com\/index.php?rest_route=\/wp\/v2\/posts\/64392\/revisions"}],"wp:featuredmedia":[{"embeddable":true,"href":"https:\/\/kibrisdakik.com\/index.php?rest_route=\/wp\/v2\/media\/64393"}],"wp:attachment":[{"href":"https:\/\/kibrisdakik.com\/index.php?rest_route=%2Fwp%2Fv2%2Fmedia&parent=64392"}],"wp:term":[{"taxonomy":"category","embeddable":true,"href":"https:\/\/kibrisdakik.com\/index.php?rest_route=%2Fwp%2Fv2%2Fcategories&post=64392"},{"taxonomy":"post_tag","embeddable":true,"href":"https:\/\/kibrisdakik.com\/index.php?rest_route=%2Fwp%2Fv2%2Ftags&post=64392"}],"curies":[{"name":"wp","href":"https:\/\/api.w.org\/{rel}","templated":true}]}}