{"id":6440,"date":"2023-05-07T15:47:23","date_gmt":"2023-05-07T15:47:23","guid":{"rendered":"https:\/\/kibrisdakik.com\/index.php\/2023\/05\/07\/sivil-havacilik-guvenlik-yasa-tasarisi-hazirlandi\/"},"modified":"2023-05-07T15:47:23","modified_gmt":"2023-05-07T15:47:23","slug":"sivil-havacilik-guvenlik-yasa-tasarisi-hazirlandi","status":"publish","type":"post","link":"https:\/\/kibrisdakik.com\/?p=6440","title":{"rendered":"Sivil Havac\u0131l\u0131k G\u00fcvenlik Yasa Tasar\u0131s\u0131 haz\u0131rland\u0131"},"content":{"rendered":"<p><\/p>\n<div>\n<div class=\"mariselle-image-container center\">\n                <img width=\"2560\" height=\"1920\" class=\"lazy-image\" alt=\"\" decoding=\"async\" loading=\"lazy\" sizes=\"auto, (max-width: 2560px) 100vw, 2560px\" src=\"https:\/\/brtk.net\/wp-content\/uploads\/2023\/02\/11\/ercan-international-airport-4-scaled.jpg?ver=277f2cba4604673905197a6f6db3a7c0\" srcset=\"https:\/\/brtk.net\/wp-content\/uploads\/2023\/02\/11\/ercan-international-airport-4-scaled.jpg?ver=277f2cba4604673905197a6f6db3a7c0 2560w, https:\/\/brtk.net\/wp-content\/uploads\/2023\/02\/11\/ercan-international-airport-4-300x225.jpg?ver=277f2cba4604673905197a6f6db3a7c0 300w, https:\/\/brtk.net\/wp-content\/uploads\/2023\/02\/11\/ercan-international-airport-4-1024x768.jpg?ver=277f2cba4604673905197a6f6db3a7c0 1024w, https:\/\/brtk.net\/wp-content\/uploads\/2023\/02\/11\/ercan-international-airport-4-768x576.jpg?ver=277f2cba4604673905197a6f6db3a7c0 768w, https:\/\/brtk.net\/wp-content\/uploads\/2023\/02\/11\/ercan-international-airport-4-1536x1152.jpg?ver=2af8db1851ff92b74334dd97ac24f2b2 1536w, https:\/\/brtk.net\/wp-content\/uploads\/2023\/02\/11\/ercan-international-airport-4-2048x1536.jpg?ver=2af8db1851ff92b74334dd97ac24f2b2 2048w\"\/>                            <\/div>\n<p>Ercan Havaliman\u0131\u2019n\u0131n yeniden yap\u0131land\u0131r\u0131lmas\u0131 \u00e7al\u0131\u015fmalar\u0131 kapsam\u0131nda, uluslararas\u0131 u\u00e7u\u015flara a\u00e7\u0131labilmesi amac\u0131yla uluslararas\u0131 havac\u0131l\u0131k kurallar\u0131 \u00e7er\u00e7evesinde d\u00fczenlemeler i\u00e7eren Sivil Havac\u0131l\u0131k G\u00fcvenlik Yasa Tasar\u0131s\u0131 haz\u0131rland\u0131.<\/p>\n<p>Resmi Gazete\u2019de yay\u0131mlanarak halk\u0131n bilgisine getirilen tasar\u0131yla ilgili yirmi g\u00fcn i\u00e7inde Meclis Ba\u015fkanl\u0131\u011f\u0131\u2019na yaz\u0131l\u0131 g\u00f6r\u00fc\u015f verilebilecek.<\/p>\n<p>Tasar\u0131da, yasan\u0131n amac\u0131 \u201cUluslararas\u0131 Sivil Havac\u0131l\u0131k \u00d6rg\u00fct\u00fc (ICAO) ve Avrupa Sivil Havac\u0131l\u0131k Konferans\u0131 (ECAC) kurallar\u0131 \u00e7er\u00e7evesinde, halk\u0131n, yolcular\u0131n, m\u00fcrettebat\u0131n, yer personelinin, havaliman\u0131 bina ve tesislerinin, sivil havac\u0131l\u0131\u011fa kar\u015f\u0131 yerde ve havada meydana gelebilecek her t\u00fcrl\u00fc yasa d\u0131\u015f\u0131 eylemlere kar\u015f\u0131 korunmas\u0131 ile ilgili temel havac\u0131l\u0131k g\u00fcvenli\u011fi standartlar\u0131n belirledi\u011fi, kurum ve kurulu\u015flar\u0131n g\u00f6rev, yetki ve sorumluluklar\u0131n\u0131 d\u00fczenlemek ve uygulamayla ilgili usul ve esaslar\u0131 belirlemek\u201d olarak ifade ediliyor.<\/p>\n<p>91 maddeden olu\u015fan tasar\u0131, Sivil Havac\u0131l\u0131k G\u00fcvenlik Kurulu olu\u015fturulmas\u0131n\u0131 da d\u00fczenliyor.<\/p>\n<\/p><\/div>\n<p><script async\n                    defer\n                    crossorigin=\"anonymous\"\n                    src=\"https:\/\/connect.facebook.net\/tr_TR\/sdk.js#xfbml=1&#038;version=v3.3\"\n            ><\/script><\/p>\n","protected":false},"excerpt":{"rendered":"<p>Ercan Havaliman\u0131\u2019n\u0131n yeniden yap\u0131land\u0131r\u0131lmas\u0131 \u00e7al\u0131\u015fmalar\u0131 kapsam\u0131nda, uluslararas\u0131 u\u00e7u\u015flara a\u00e7\u0131labilmesi amac\u0131yla uluslararas\u0131 havac\u0131l\u0131k kurallar\u0131 \u00e7er\u00e7evesinde d\u00fczenlemeler i\u00e7eren Sivil Havac\u0131l\u0131k G\u00fcvenlik Yasa Tasar\u0131s\u0131 haz\u0131rland\u0131. Resmi Gazete\u2019de yay\u0131mlanarak halk\u0131n bilgisine getirilen tasar\u0131yla ilgili yirmi g\u00fcn i\u00e7inde Meclis Ba\u015fkanl\u0131\u011f\u0131\u2019na yaz\u0131l\u0131 g\u00f6r\u00fc\u015f verilebilecek. Tasar\u0131da, yasan\u0131n amac\u0131 \u201cUluslararas\u0131 Sivil Havac\u0131l\u0131k \u00d6rg\u00fct\u00fc (ICAO) ve Avrupa Sivil Havac\u0131l\u0131k Konferans\u0131 (ECAC) kurallar\u0131 \u00e7er\u00e7evesinde, halk\u0131n,<\/p>\n","protected":false},"author":1,"featured_media":6441,"comment_status":"open","ping_status":"open","sticky":false,"template":"","format":"standard","meta":{"footnotes":""},"categories":[1],"tags":[],"class_list":["post-6440","post","type-post","status-publish","format-standard","has-post-thumbnail","hentry","category-gundem"],"yoast_head":"<!-- This site is optimized with the Yoast SEO plugin v27.4 - https:\/\/yoast.com\/product\/yoast-seo-wordpress\/ -->\n<title>Sivil Havac\u0131l\u0131k G\u00fcvenlik Yasa Tasar\u0131s\u0131 haz\u0131rland\u0131 -<\/title>\n<meta name=\"robots\" content=\"index, follow, max-snippet:-1, max-image-preview:large, max-video-preview:-1\" \/>\n<link rel=\"canonical\" href=\"https:\/\/kibrisdakik.com\/?p=6440\" \/>\n<meta property=\"og:locale\" content=\"tr_TR\" \/>\n<meta property=\"og:type\" content=\"article\" \/>\n<meta property=\"og:title\" content=\"Sivil Havac\u0131l\u0131k G\u00fcvenlik Yasa Tasar\u0131s\u0131 haz\u0131rland\u0131 -\" \/>\n<meta property=\"og:description\" content=\"Ercan Havaliman\u0131\u2019n\u0131n yeniden yap\u0131land\u0131r\u0131lmas\u0131 \u00e7al\u0131\u015fmalar\u0131 kapsam\u0131nda, uluslararas\u0131 u\u00e7u\u015flara a\u00e7\u0131labilmesi amac\u0131yla uluslararas\u0131 havac\u0131l\u0131k kurallar\u0131 \u00e7er\u00e7evesinde d\u00fczenlemeler i\u00e7eren Sivil Havac\u0131l\u0131k G\u00fcvenlik Yasa Tasar\u0131s\u0131 haz\u0131rland\u0131. Resmi Gazete\u2019de yay\u0131mlanarak halk\u0131n bilgisine getirilen tasar\u0131yla ilgili yirmi g\u00fcn i\u00e7inde Meclis Ba\u015fkanl\u0131\u011f\u0131\u2019na yaz\u0131l\u0131 g\u00f6r\u00fc\u015f verilebilecek. Tasar\u0131da, yasan\u0131n amac\u0131 \u201cUluslararas\u0131 Sivil Havac\u0131l\u0131k \u00d6rg\u00fct\u00fc (ICAO) ve Avrupa Sivil Havac\u0131l\u0131k Konferans\u0131 (ECAC) kurallar\u0131 \u00e7er\u00e7evesinde, halk\u0131n,\" \/>\n<meta property=\"og:url\" content=\"https:\/\/kibrisdakik.com\/?p=6440\" \/>\n<meta property=\"article:published_time\" content=\"2023-05-07T15:47:23+00:00\" \/>\n<meta property=\"og:image\" content=\"https:\/\/kibrisdakik.com\/wp-content\/uploads\/2023\/05\/ercan-international-airport-4-scaled-740x420.jpg\" \/>\n\t<meta property=\"og:image:width\" content=\"2560\" \/>\n\t<meta property=\"og:image:height\" content=\"1920\" \/>\n\t<meta property=\"og:image:type\" content=\"image\/jpeg\" \/>\n<meta name=\"author\" content=\"admin\" \/>\n<meta name=\"twitter:card\" content=\"summary_large_image\" \/>\n<meta name=\"twitter:label1\" content=\"Yazan:\" \/>\n\t<meta name=\"twitter:data1\" content=\"admin\" \/>\n\t<meta name=\"twitter:label2\" content=\"Tahmini okuma s\u00fcresi\" \/>\n\t<meta name=\"twitter:data2\" content=\"1 dakika\" \/>\n<script type=\"application\/ld+json\" class=\"yoast-schema-graph\">{\"@context\":\"https:\\\/\\\/schema.org\",\"@graph\":[{\"@type\":\"Article\",\"@id\":\"https:\\\/\\\/kibrisdakik.com\\\/?p=6440#article\",\"isPartOf\":{\"@id\":\"https:\\\/\\\/kibrisdakik.com\\\/?p=6440\"},\"author\":{\"name\":\"admin\",\"@id\":\"https:\\\/\\\/kibrisdakik.com\\\/#\\\/schema\\\/person\\\/9cd9d437bbb44f72b73ba127e06d8e79\"},\"headline\":\"Sivil Havac\u0131l\u0131k G\u00fcvenlik Yasa Tasar\u0131s\u0131 haz\u0131rland\u0131\",\"datePublished\":\"2023-05-07T15:47:23+00:00\",\"mainEntityOfPage\":{\"@id\":\"https:\\\/\\\/kibrisdakik.com\\\/?p=6440\"},\"wordCount\":188,\"commentCount\":0,\"image\":{\"@id\":\"https:\\\/\\\/kibrisdakik.com\\\/?p=6440#primaryimage\"},\"thumbnailUrl\":\"https:\\\/\\\/kibrisdakik.com\\\/wp-content\\\/uploads\\\/2023\\\/05\\\/ercan-international-airport-4-scaled-740x420.jpg\",\"articleSection\":[\"G\u00fcndem\"],\"inLanguage\":\"tr\",\"potentialAction\":[{\"@type\":\"CommentAction\",\"name\":\"Comment\",\"target\":[\"https:\\\/\\\/kibrisdakik.com\\\/?p=6440#respond\"]}]},{\"@type\":\"WebPage\",\"@id\":\"https:\\\/\\\/kibrisdakik.com\\\/?p=6440\",\"url\":\"https:\\\/\\\/kibrisdakik.com\\\/?p=6440\",\"name\":\"Sivil Havac\u0131l\u0131k G\u00fcvenlik Yasa Tasar\u0131s\u0131 haz\u0131rland\u0131 -\",\"isPartOf\":{\"@id\":\"https:\\\/\\\/kibrisdakik.com\\\/#website\"},\"primaryImageOfPage\":{\"@id\":\"https:\\\/\\\/kibrisdakik.com\\\/?p=6440#primaryimage\"},\"image\":{\"@id\":\"https:\\\/\\\/kibrisdakik.com\\\/?p=6440#primaryimage\"},\"thumbnailUrl\":\"https:\\\/\\\/kibrisdakik.com\\\/wp-content\\\/uploads\\\/2023\\\/05\\\/ercan-international-airport-4-scaled-740x420.jpg\",\"datePublished\":\"2023-05-07T15:47:23+00:00\",\"author\":{\"@id\":\"https:\\\/\\\/kibrisdakik.com\\\/#\\\/schema\\\/person\\\/9cd9d437bbb44f72b73ba127e06d8e79\"},\"breadcrumb\":{\"@id\":\"https:\\\/\\\/kibrisdakik.com\\\/?p=6440#breadcrumb\"},\"inLanguage\":\"tr\",\"potentialAction\":[{\"@type\":\"ReadAction\",\"target\":[\"https:\\\/\\\/kibrisdakik.com\\\/?p=6440\"]}]},{\"@type\":\"ImageObject\",\"inLanguage\":\"tr\",\"@id\":\"https:\\\/\\\/kibrisdakik.com\\\/?p=6440#primaryimage\",\"url\":\"https:\\\/\\\/kibrisdakik.com\\\/wp-content\\\/uploads\\\/2023\\\/05\\\/ercan-international-airport-4-scaled-740x420.jpg\",\"contentUrl\":\"https:\\\/\\\/kibrisdakik.com\\\/wp-content\\\/uploads\\\/2023\\\/05\\\/ercan-international-airport-4-scaled-740x420.jpg\",\"width\":2560,\"height\":1920},{\"@type\":\"BreadcrumbList\",\"@id\":\"https:\\\/\\\/kibrisdakik.com\\\/?p=6440#breadcrumb\",\"itemListElement\":[{\"@type\":\"ListItem\",\"position\":1,\"name\":\"Home\",\"item\":\"https:\\\/\\\/kibrisdakik.com\\\/\"},{\"@type\":\"ListItem\",\"position\":2,\"name\":\"Sivil Havac\u0131l\u0131k G\u00fcvenlik Yasa Tasar\u0131s\u0131 haz\u0131rland\u0131\"}]},{\"@type\":\"WebSite\",\"@id\":\"https:\\\/\\\/kibrisdakik.com\\\/#website\",\"url\":\"https:\\\/\\\/kibrisdakik.com\\\/\",\"name\":\"\",\"description\":\"Tam vaktinde haber\",\"potentialAction\":[{\"@type\":\"SearchAction\",\"target\":{\"@type\":\"EntryPoint\",\"urlTemplate\":\"https:\\\/\\\/kibrisdakik.com\\\/?s={search_term_string}\"},\"query-input\":{\"@type\":\"PropertyValueSpecification\",\"valueRequired\":true,\"valueName\":\"search_term_string\"}}],\"inLanguage\":\"tr\"},{\"@type\":\"Person\",\"@id\":\"https:\\\/\\\/kibrisdakik.com\\\/#\\\/schema\\\/person\\\/9cd9d437bbb44f72b73ba127e06d8e79\",\"name\":\"admin\",\"image\":{\"@type\":\"ImageObject\",\"inLanguage\":\"tr\",\"@id\":\"https:\\\/\\\/secure.gravatar.com\\\/avatar\\\/ccc17943b9d660506c869530f897617f7cb1c21a4bf30023f252596d83e1f007?s=96&d=mm&r=g\",\"url\":\"https:\\\/\\\/secure.gravatar.com\\\/avatar\\\/ccc17943b9d660506c869530f897617f7cb1c21a4bf30023f252596d83e1f007?s=96&d=mm&r=g\",\"contentUrl\":\"https:\\\/\\\/secure.gravatar.com\\\/avatar\\\/ccc17943b9d660506c869530f897617f7cb1c21a4bf30023f252596d83e1f007?s=96&d=mm&r=g\",\"caption\":\"admin\"},\"sameAs\":[\"https:\\\/\\\/kibrisdakik.com\"],\"url\":\"https:\\\/\\\/kibrisdakik.com\\\/?author=1\"}]}<\/script>\n<!-- \/ Yoast SEO plugin. -->","yoast_head_json":{"title":"Sivil Havac\u0131l\u0131k G\u00fcvenlik Yasa Tasar\u0131s\u0131 haz\u0131rland\u0131 -","robots":{"index":"index","follow":"follow","max-snippet":"max-snippet:-1","max-image-preview":"max-image-preview:large","max-video-preview":"max-video-preview:-1"},"canonical":"https:\/\/kibrisdakik.com\/?p=6440","og_locale":"tr_TR","og_type":"article","og_title":"Sivil Havac\u0131l\u0131k G\u00fcvenlik Yasa Tasar\u0131s\u0131 haz\u0131rland\u0131 -","og_description":"Ercan Havaliman\u0131\u2019n\u0131n yeniden yap\u0131land\u0131r\u0131lmas\u0131 \u00e7al\u0131\u015fmalar\u0131 kapsam\u0131nda, uluslararas\u0131 u\u00e7u\u015flara a\u00e7\u0131labilmesi amac\u0131yla uluslararas\u0131 havac\u0131l\u0131k kurallar\u0131 \u00e7er\u00e7evesinde d\u00fczenlemeler i\u00e7eren Sivil Havac\u0131l\u0131k G\u00fcvenlik Yasa Tasar\u0131s\u0131 haz\u0131rland\u0131. Resmi Gazete\u2019de yay\u0131mlanarak halk\u0131n bilgisine getirilen tasar\u0131yla ilgili yirmi g\u00fcn i\u00e7inde Meclis Ba\u015fkanl\u0131\u011f\u0131\u2019na yaz\u0131l\u0131 g\u00f6r\u00fc\u015f verilebilecek. Tasar\u0131da, yasan\u0131n amac\u0131 \u201cUluslararas\u0131 Sivil Havac\u0131l\u0131k \u00d6rg\u00fct\u00fc (ICAO) ve Avrupa Sivil Havac\u0131l\u0131k Konferans\u0131 (ECAC) kurallar\u0131 \u00e7er\u00e7evesinde, halk\u0131n,","og_url":"https:\/\/kibrisdakik.com\/?p=6440","article_published_time":"2023-05-07T15:47:23+00:00","og_image":[{"width":2560,"height":1920,"url":"https:\/\/kibrisdakik.com\/wp-content\/uploads\/2023\/05\/ercan-international-airport-4-scaled-740x420.jpg","type":"image\/jpeg"}],"author":"admin","twitter_card":"summary_large_image","twitter_misc":{"Yazan:":"admin","Tahmini okuma s\u00fcresi":"1 dakika"},"schema":{"@context":"https:\/\/schema.org","@graph":[{"@type":"Article","@id":"https:\/\/kibrisdakik.com\/?p=6440#article","isPartOf":{"@id":"https:\/\/kibrisdakik.com\/?p=6440"},"author":{"name":"admin","@id":"https:\/\/kibrisdakik.com\/#\/schema\/person\/9cd9d437bbb44f72b73ba127e06d8e79"},"headline":"Sivil Havac\u0131l\u0131k G\u00fcvenlik Yasa Tasar\u0131s\u0131 haz\u0131rland\u0131","datePublished":"2023-05-07T15:47:23+00:00","mainEntityOfPage":{"@id":"https:\/\/kibrisdakik.com\/?p=6440"},"wordCount":188,"commentCount":0,"image":{"@id":"https:\/\/kibrisdakik.com\/?p=6440#primaryimage"},"thumbnailUrl":"https:\/\/kibrisdakik.com\/wp-content\/uploads\/2023\/05\/ercan-international-airport-4-scaled-740x420.jpg","articleSection":["G\u00fcndem"],"inLanguage":"tr","potentialAction":[{"@type":"CommentAction","name":"Comment","target":["https:\/\/kibrisdakik.com\/?p=6440#respond"]}]},{"@type":"WebPage","@id":"https:\/\/kibrisdakik.com\/?p=6440","url":"https:\/\/kibrisdakik.com\/?p=6440","name":"Sivil Havac\u0131l\u0131k G\u00fcvenlik Yasa Tasar\u0131s\u0131 haz\u0131rland\u0131 -","isPartOf":{"@id":"https:\/\/kibrisdakik.com\/#website"},"primaryImageOfPage":{"@id":"https:\/\/kibrisdakik.com\/?p=6440#primaryimage"},"image":{"@id":"https:\/\/kibrisdakik.com\/?p=6440#primaryimage"},"thumbnailUrl":"https:\/\/kibrisdakik.com\/wp-content\/uploads\/2023\/05\/ercan-international-airport-4-scaled-740x420.jpg","datePublished":"2023-05-07T15:47:23+00:00","author":{"@id":"https:\/\/kibrisdakik.com\/#\/schema\/person\/9cd9d437bbb44f72b73ba127e06d8e79"},"breadcrumb":{"@id":"https:\/\/kibrisdakik.com\/?p=6440#breadcrumb"},"inLanguage":"tr","potentialAction":[{"@type":"ReadAction","target":["https:\/\/kibrisdakik.com\/?p=6440"]}]},{"@type":"ImageObject","inLanguage":"tr","@id":"https:\/\/kibrisdakik.com\/?p=6440#primaryimage","url":"https:\/\/kibrisdakik.com\/wp-content\/uploads\/2023\/05\/ercan-international-airport-4-scaled-740x420.jpg","contentUrl":"https:\/\/kibrisdakik.com\/wp-content\/uploads\/2023\/05\/ercan-international-airport-4-scaled-740x420.jpg","width":2560,"height":1920},{"@type":"BreadcrumbList","@id":"https:\/\/kibrisdakik.com\/?p=6440#breadcrumb","itemListElement":[{"@type":"ListItem","position":1,"name":"Home","item":"https:\/\/kibrisdakik.com\/"},{"@type":"ListItem","position":2,"name":"Sivil Havac\u0131l\u0131k G\u00fcvenlik Yasa Tasar\u0131s\u0131 haz\u0131rland\u0131"}]},{"@type":"WebSite","@id":"https:\/\/kibrisdakik.com\/#website","url":"https:\/\/kibrisdakik.com\/","name":"","description":"Tam vaktinde haber","potentialAction":[{"@type":"SearchAction","target":{"@type":"EntryPoint","urlTemplate":"https:\/\/kibrisdakik.com\/?s={search_term_string}"},"query-input":{"@type":"PropertyValueSpecification","valueRequired":true,"valueName":"search_term_string"}}],"inLanguage":"tr"},{"@type":"Person","@id":"https:\/\/kibrisdakik.com\/#\/schema\/person\/9cd9d437bbb44f72b73ba127e06d8e79","name":"admin","image":{"@type":"ImageObject","inLanguage":"tr","@id":"https:\/\/secure.gravatar.com\/avatar\/ccc17943b9d660506c869530f897617f7cb1c21a4bf30023f252596d83e1f007?s=96&d=mm&r=g","url":"https:\/\/secure.gravatar.com\/avatar\/ccc17943b9d660506c869530f897617f7cb1c21a4bf30023f252596d83e1f007?s=96&d=mm&r=g","contentUrl":"https:\/\/secure.gravatar.com\/avatar\/ccc17943b9d660506c869530f897617f7cb1c21a4bf30023f252596d83e1f007?s=96&d=mm&r=g","caption":"admin"},"sameAs":["https:\/\/kibrisdakik.com"],"url":"https:\/\/kibrisdakik.com\/?author=1"}]}},"_links":{"self":[{"href":"https:\/\/kibrisdakik.com\/index.php?rest_route=\/wp\/v2\/posts\/6440","targetHints":{"allow":["GET"]}}],"collection":[{"href":"https:\/\/kibrisdakik.com\/index.php?rest_route=\/wp\/v2\/posts"}],"about":[{"href":"https:\/\/kibrisdakik.com\/index.php?rest_route=\/wp\/v2\/types\/post"}],"author":[{"embeddable":true,"href":"https:\/\/kibrisdakik.com\/index.php?rest_route=\/wp\/v2\/users\/1"}],"replies":[{"embeddable":true,"href":"https:\/\/kibrisdakik.com\/index.php?rest_route=%2Fwp%2Fv2%2Fcomments&post=6440"}],"version-history":[{"count":0,"href":"https:\/\/kibrisdakik.com\/index.php?rest_route=\/wp\/v2\/posts\/6440\/revisions"}],"wp:featuredmedia":[{"embeddable":true,"href":"https:\/\/kibrisdakik.com\/index.php?rest_route=\/wp\/v2\/media\/6441"}],"wp:attachment":[{"href":"https:\/\/kibrisdakik.com\/index.php?rest_route=%2Fwp%2Fv2%2Fmedia&parent=6440"}],"wp:term":[{"taxonomy":"category","embeddable":true,"href":"https:\/\/kibrisdakik.com\/index.php?rest_route=%2Fwp%2Fv2%2Fcategories&post=6440"},{"taxonomy":"post_tag","embeddable":true,"href":"https:\/\/kibrisdakik.com\/index.php?rest_route=%2Fwp%2Fv2%2Ftags&post=6440"}],"curies":[{"name":"wp","href":"https:\/\/api.w.org\/{rel}","templated":true}]}}