{"id":64406,"date":"2024-09-22T13:28:40","date_gmt":"2024-09-22T10:28:40","guid":{"rendered":"https:\/\/kibrisdakik.com\/index.php\/2024\/09\/22\/israil-ordusunun-gazzede-bir-okula-saldirisinda-6-filistinli-oldu\/"},"modified":"2024-09-22T13:28:40","modified_gmt":"2024-09-22T10:28:40","slug":"israil-ordusunun-gazzede-bir-okula-saldirisinda-6-filistinli-oldu","status":"publish","type":"post","link":"https:\/\/kibrisdakik.com\/?p=64406","title":{"rendered":"\u0130srail ordusunun, Gazze\u2019de bir okula sald\u0131r\u0131s\u0131nda 6 Filistinli \u00f6ld\u00fc"},"content":{"rendered":"<p><\/p>\n<div>\n<div class=\"mariselle-image-container none\">\n                <img loading=\"lazy\" decoding=\"async\" width=\"864\" height=\"486\" class=\"lazy-image\" alt=\"\" sizes=\"auto, (max-width: 864px) 100vw, 864px\" src=\"https:\/\/brtk.net\/wp-content\/uploads\/2024\/09\/22\/GAZZE-OKULSALDIRI.jpg?ver=7b2294653867d1b632330bfcc078d0d8\" srcset=\"https:\/\/brtk.net\/wp-content\/uploads\/2024\/09\/22\/GAZZE-OKULSALDIRI.jpg?ver=7b2294653867d1b632330bfcc078d0d8 864w, https:\/\/brtk.net\/wp-content\/uploads\/2024\/09\/22\/GAZZE-OKULSALDIRI-300x169.jpg?ver=a2462c87737775289d8048e1280e35fe 300w, https:\/\/brtk.net\/wp-content\/uploads\/2024\/09\/22\/GAZZE-OKULSALDIRI-768x432.jpg?ver=a2462c87737775289d8048e1280e35fe 768w\"\/>                            <\/div>\n<p>\u0130srail ordusunun, Gazze kentinin bat\u0131s\u0131ndaki \u015eat\u0131 M\u00fclteci Kamp\u0131\u2019nda bir okula d\u00fczenledi\u011fi sald\u0131r\u0131da 6 Filistinlinin hayat\u0131n\u0131 kaybetti\u011fi bildirildi.<\/p>\n<p>Hastane kaynaklar\u0131ndan al\u0131nan bilgiye g\u00f6re, \u0130srail sava\u015f u\u00e7aklar\u0131 \u015eat\u0131 M\u00fclteci Kamp\u0131\u2019ndaki Kefr Kas\u0131m Okulu\u2019na sald\u0131r\u0131 d\u00fczenledi.<\/p>\n<p>\u0130srail sald\u0131r\u0131lar\u0131 nedeniyle yerinden edilenlerin s\u0131\u011f\u0131nd\u0131\u011f\u0131 okula d\u00fczenlenen hava sald\u0131r\u0131s\u0131nda 6 Filistinli ya\u015fam\u0131n\u0131 yitirdi.<\/p>\n<p><strong>\u2013 \u0130srail\u2019in Gazze\u2019yi i\u015fgalinde 7 Ekim sonras\u0131<\/strong><\/p>\n<p>Hamas\u2019\u0131n silahl\u0131 kanad\u0131 \u0130zzeddin el-Kassam Tugaylar\u0131, \u201cFilistinlilere ve ba\u015fta Mescid-i Aksa olmak \u00fczere kutsal de\u011ferlere y\u00f6nelik s\u00fcrekli ihlallere kar\u015f\u0131l\u0131k verme\u201d gerek\u00e7esiyle \u0130srail\u2019e 7 Ekim 2023\u2019te kapsaml\u0131 sald\u0131r\u0131 d\u00fczenledi.<\/p>\n<p>\u0130srail, 7 Ekim\u2019deki sald\u0131r\u0131larda 1200 \u0130sraillinin \u00f6ld\u00fc\u011f\u00fcn\u00fc, 5 bin 132 ki\u015finin de yaraland\u0131\u011f\u0131n\u0131 a\u00e7\u0131klad\u0131.<\/p>\n<p>\u0130srail\u2019in 7 Ekim\u2019den bu yana Gazze \u015eeridi\u2019ne d\u00fczenledi\u011fi sald\u0131r\u0131larda en az 16 bin 795\u2019i \u00e7ocuk, 11 bin 378\u2019i kad\u0131n olmak \u00fczere 41 bin 391 Filistinli \u00f6ld\u00fc, 95 bin 760 ki\u015fi yaraland\u0131.<\/p>\n<p>Enkaz alt\u0131nda halen binlerce \u00f6l\u00fc oldu\u011fu bildirilirken, halk\u0131n s\u0131\u011f\u0131nd\u0131\u011f\u0131 hastane ve e\u011fitim kurumlar\u0131 hedef al\u0131narak sivil altyap\u0131 da tahrip ediliyor.<\/p>\n<p>\u0130srail ordusu, Gazze \u015eeridi\u2019ne sald\u0131r\u0131lar\u0131n\u0131n ba\u015flad\u0131\u011f\u0131 7 Ekim\u2019den bu yana 346\u2019s\u0131 karadan i\u015fgal s\u00fcrecinde olmak \u00fczere 713 askerinin \u00f6ld\u00fc\u011f\u00fcn\u00fc, 4 bin 448 askerinin yaraland\u0131\u011f\u0131n\u0131 duyurdu.<\/p>\n<p>\u00c7at\u0131\u015fmalara 24 Kas\u0131m 2023\u2019te 4 g\u00fcnl\u00fc\u011f\u00fcne verilen ve daha sonra 3 g\u00fcn daha uzat\u0131lan \u201cinsani ara\u201dda 81 \u0130srailli ve 240 Filistinli esir kar\u015f\u0131l\u0131kl\u0131 serbest b\u0131rak\u0131ld\u0131. \u00d6te yandan \u0130srail, binlerce Filistinliyi al\u0131koyup hapsetmeye devam etti.<\/p>\n<p>\u0130\u015fgal alt\u0131ndaki Bat\u0131 \u015eeria ve Do\u011fu Kud\u00fcs\u2019te de 7 Ekim 2023\u2019ten bu yana \u0130srail askerleri ile Filistin topraklar\u0131n\u0131 gasbeden \u0130sraillilerin sald\u0131r\u0131lar\u0131nda 716 Filistinli hayat\u0131n\u0131 kaybetti.<\/p>\n<\/p><\/div>\n<p><script async\n                    defer\n                    crossorigin=\"anonymous\"\n                    src=\"https:\/\/connect.facebook.net\/tr_TR\/sdk.js#xfbml=1&#038;version=v3.3\"\n            ><\/script><\/p>\n","protected":false},"excerpt":{"rendered":"<p>\u0130srail ordusunun, Gazze kentinin bat\u0131s\u0131ndaki \u015eat\u0131 M\u00fclteci Kamp\u0131\u2019nda bir okula d\u00fczenledi\u011fi sald\u0131r\u0131da 6 Filistinlinin hayat\u0131n\u0131 kaybetti\u011fi bildirildi. Hastane kaynaklar\u0131ndan al\u0131nan bilgiye g\u00f6re, \u0130srail sava\u015f u\u00e7aklar\u0131 \u015eat\u0131 M\u00fclteci Kamp\u0131\u2019ndaki Kefr Kas\u0131m Okulu\u2019na sald\u0131r\u0131 d\u00fczenledi. \u0130srail sald\u0131r\u0131lar\u0131 nedeniyle yerinden edilenlerin s\u0131\u011f\u0131nd\u0131\u011f\u0131 okula d\u00fczenlenen hava sald\u0131r\u0131s\u0131nda 6 Filistinli ya\u015fam\u0131n\u0131 yitirdi. \u2013 \u0130srail\u2019in Gazze\u2019yi i\u015fgalinde 7 Ekim sonras\u0131 Hamas\u2019\u0131n<\/p>\n","protected":false},"author":1,"featured_media":64407,"comment_status":"open","ping_status":"open","sticky":false,"template":"","format":"standard","meta":{"footnotes":""},"categories":[1],"tags":[],"class_list":["post-64406","post","type-post","status-publish","format-standard","has-post-thumbnail","hentry","category-gundem"],"yoast_head":"<!-- This site is optimized with the Yoast SEO plugin v27.5 - https:\/\/yoast.com\/product\/yoast-seo-wordpress\/ -->\n<title>\u0130srail ordusunun, Gazze\u2019de bir okula sald\u0131r\u0131s\u0131nda 6 Filistinli \u00f6ld\u00fc -<\/title>\n<meta name=\"robots\" content=\"index, follow, max-snippet:-1, max-image-preview:large, max-video-preview:-1\" \/>\n<link rel=\"canonical\" href=\"https:\/\/kibrisdakik.com\/?p=64406\" \/>\n<meta property=\"og:locale\" content=\"tr_TR\" \/>\n<meta property=\"og:type\" content=\"article\" \/>\n<meta property=\"og:title\" content=\"\u0130srail ordusunun, Gazze\u2019de bir okula sald\u0131r\u0131s\u0131nda 6 Filistinli \u00f6ld\u00fc -\" \/>\n<meta property=\"og:description\" content=\"\u0130srail ordusunun, Gazze kentinin bat\u0131s\u0131ndaki \u015eat\u0131 M\u00fclteci Kamp\u0131\u2019nda bir okula d\u00fczenledi\u011fi sald\u0131r\u0131da 6 Filistinlinin hayat\u0131n\u0131 kaybetti\u011fi bildirildi. Hastane kaynaklar\u0131ndan al\u0131nan bilgiye g\u00f6re, \u0130srail sava\u015f u\u00e7aklar\u0131 \u015eat\u0131 M\u00fclteci Kamp\u0131\u2019ndaki Kefr Kas\u0131m Okulu\u2019na sald\u0131r\u0131 d\u00fczenledi. \u0130srail sald\u0131r\u0131lar\u0131 nedeniyle yerinden edilenlerin s\u0131\u011f\u0131nd\u0131\u011f\u0131 okula d\u00fczenlenen hava sald\u0131r\u0131s\u0131nda 6 Filistinli ya\u015fam\u0131n\u0131 yitirdi. \u2013 \u0130srail\u2019in Gazze\u2019yi i\u015fgalinde 7 Ekim sonras\u0131 Hamas\u2019\u0131n\" \/>\n<meta property=\"og:url\" content=\"https:\/\/kibrisdakik.com\/?p=64406\" \/>\n<meta property=\"article:published_time\" content=\"2024-09-22T10:28:40+00:00\" \/>\n<meta property=\"og:image\" content=\"https:\/\/kibrisdakik.com\/wp-content\/uploads\/2024\/09\/GAZZE-OKULSALDIRI-740x420.jpg\" \/>\n\t<meta property=\"og:image:width\" content=\"864\" \/>\n\t<meta property=\"og:image:height\" content=\"486\" \/>\n\t<meta property=\"og:image:type\" content=\"image\/jpeg\" \/>\n<meta name=\"author\" content=\"admin\" \/>\n<meta name=\"twitter:card\" content=\"summary_large_image\" \/>\n<meta name=\"twitter:label1\" content=\"Yazan:\" \/>\n\t<meta name=\"twitter:data1\" content=\"admin\" \/>\n\t<meta name=\"twitter:label2\" content=\"Tahmini okuma s\u00fcresi\" \/>\n\t<meta name=\"twitter:data2\" content=\"2 dakika\" \/>\n<script type=\"application\/ld+json\" class=\"yoast-schema-graph\">{\"@context\":\"https:\\\/\\\/schema.org\",\"@graph\":[{\"@type\":\"Article\",\"@id\":\"https:\\\/\\\/kibrisdakik.com\\\/?p=64406#article\",\"isPartOf\":{\"@id\":\"https:\\\/\\\/kibrisdakik.com\\\/?p=64406\"},\"author\":{\"name\":\"admin\",\"@id\":\"https:\\\/\\\/kibrisdakik.com\\\/#\\\/schema\\\/person\\\/9cd9d437bbb44f72b73ba127e06d8e79\"},\"headline\":\"\u0130srail ordusunun, Gazze\u2019de bir okula sald\u0131r\u0131s\u0131nda 6 Filistinli \u00f6ld\u00fc\",\"datePublished\":\"2024-09-22T10:28:40+00:00\",\"mainEntityOfPage\":{\"@id\":\"https:\\\/\\\/kibrisdakik.com\\\/?p=64406\"},\"wordCount\":313,\"commentCount\":0,\"image\":{\"@id\":\"https:\\\/\\\/kibrisdakik.com\\\/?p=64406#primaryimage\"},\"thumbnailUrl\":\"https:\\\/\\\/kibrisdakik.com\\\/wp-content\\\/uploads\\\/2024\\\/09\\\/GAZZE-OKULSALDIRI-740x420.jpg\",\"articleSection\":[\"G\u00fcndem\"],\"inLanguage\":\"tr\",\"potentialAction\":[{\"@type\":\"CommentAction\",\"name\":\"Comment\",\"target\":[\"https:\\\/\\\/kibrisdakik.com\\\/?p=64406#respond\"]}]},{\"@type\":\"WebPage\",\"@id\":\"https:\\\/\\\/kibrisdakik.com\\\/?p=64406\",\"url\":\"https:\\\/\\\/kibrisdakik.com\\\/?p=64406\",\"name\":\"\u0130srail ordusunun, Gazze\u2019de bir okula sald\u0131r\u0131s\u0131nda 6 Filistinli \u00f6ld\u00fc -\",\"isPartOf\":{\"@id\":\"https:\\\/\\\/kibrisdakik.com\\\/#website\"},\"primaryImageOfPage\":{\"@id\":\"https:\\\/\\\/kibrisdakik.com\\\/?p=64406#primaryimage\"},\"image\":{\"@id\":\"https:\\\/\\\/kibrisdakik.com\\\/?p=64406#primaryimage\"},\"thumbnailUrl\":\"https:\\\/\\\/kibrisdakik.com\\\/wp-content\\\/uploads\\\/2024\\\/09\\\/GAZZE-OKULSALDIRI-740x420.jpg\",\"datePublished\":\"2024-09-22T10:28:40+00:00\",\"author\":{\"@id\":\"https:\\\/\\\/kibrisdakik.com\\\/#\\\/schema\\\/person\\\/9cd9d437bbb44f72b73ba127e06d8e79\"},\"breadcrumb\":{\"@id\":\"https:\\\/\\\/kibrisdakik.com\\\/?p=64406#breadcrumb\"},\"inLanguage\":\"tr\",\"potentialAction\":[{\"@type\":\"ReadAction\",\"target\":[\"https:\\\/\\\/kibrisdakik.com\\\/?p=64406\"]}]},{\"@type\":\"ImageObject\",\"inLanguage\":\"tr\",\"@id\":\"https:\\\/\\\/kibrisdakik.com\\\/?p=64406#primaryimage\",\"url\":\"https:\\\/\\\/kibrisdakik.com\\\/wp-content\\\/uploads\\\/2024\\\/09\\\/GAZZE-OKULSALDIRI-740x420.jpg\",\"contentUrl\":\"https:\\\/\\\/kibrisdakik.com\\\/wp-content\\\/uploads\\\/2024\\\/09\\\/GAZZE-OKULSALDIRI-740x420.jpg\",\"width\":864,\"height\":486},{\"@type\":\"BreadcrumbList\",\"@id\":\"https:\\\/\\\/kibrisdakik.com\\\/?p=64406#breadcrumb\",\"itemListElement\":[{\"@type\":\"ListItem\",\"position\":1,\"name\":\"Home\",\"item\":\"https:\\\/\\\/kibrisdakik.com\\\/\"},{\"@type\":\"ListItem\",\"position\":2,\"name\":\"\u0130srail ordusunun, Gazze\u2019de bir okula sald\u0131r\u0131s\u0131nda 6 Filistinli \u00f6ld\u00fc\"}]},{\"@type\":\"WebSite\",\"@id\":\"https:\\\/\\\/kibrisdakik.com\\\/#website\",\"url\":\"https:\\\/\\\/kibrisdakik.com\\\/\",\"name\":\"\",\"description\":\"Tam vaktinde haber\",\"potentialAction\":[{\"@type\":\"SearchAction\",\"target\":{\"@type\":\"EntryPoint\",\"urlTemplate\":\"https:\\\/\\\/kibrisdakik.com\\\/?s={search_term_string}\"},\"query-input\":{\"@type\":\"PropertyValueSpecification\",\"valueRequired\":true,\"valueName\":\"search_term_string\"}}],\"inLanguage\":\"tr\"},{\"@type\":\"Person\",\"@id\":\"https:\\\/\\\/kibrisdakik.com\\\/#\\\/schema\\\/person\\\/9cd9d437bbb44f72b73ba127e06d8e79\",\"name\":\"admin\",\"image\":{\"@type\":\"ImageObject\",\"inLanguage\":\"tr\",\"@id\":\"https:\\\/\\\/secure.gravatar.com\\\/avatar\\\/ccc17943b9d660506c869530f897617f7cb1c21a4bf30023f252596d83e1f007?s=96&d=mm&r=g\",\"url\":\"https:\\\/\\\/secure.gravatar.com\\\/avatar\\\/ccc17943b9d660506c869530f897617f7cb1c21a4bf30023f252596d83e1f007?s=96&d=mm&r=g\",\"contentUrl\":\"https:\\\/\\\/secure.gravatar.com\\\/avatar\\\/ccc17943b9d660506c869530f897617f7cb1c21a4bf30023f252596d83e1f007?s=96&d=mm&r=g\",\"caption\":\"admin\"},\"sameAs\":[\"https:\\\/\\\/kibrisdakik.com\"],\"url\":\"https:\\\/\\\/kibrisdakik.com\\\/?author=1\"}]}<\/script>\n<!-- \/ Yoast SEO plugin. -->","yoast_head_json":{"title":"\u0130srail ordusunun, Gazze\u2019de bir okula sald\u0131r\u0131s\u0131nda 6 Filistinli \u00f6ld\u00fc -","robots":{"index":"index","follow":"follow","max-snippet":"max-snippet:-1","max-image-preview":"max-image-preview:large","max-video-preview":"max-video-preview:-1"},"canonical":"https:\/\/kibrisdakik.com\/?p=64406","og_locale":"tr_TR","og_type":"article","og_title":"\u0130srail ordusunun, Gazze\u2019de bir okula sald\u0131r\u0131s\u0131nda 6 Filistinli \u00f6ld\u00fc -","og_description":"\u0130srail ordusunun, Gazze kentinin bat\u0131s\u0131ndaki \u015eat\u0131 M\u00fclteci Kamp\u0131\u2019nda bir okula d\u00fczenledi\u011fi sald\u0131r\u0131da 6 Filistinlinin hayat\u0131n\u0131 kaybetti\u011fi bildirildi. Hastane kaynaklar\u0131ndan al\u0131nan bilgiye g\u00f6re, \u0130srail sava\u015f u\u00e7aklar\u0131 \u015eat\u0131 M\u00fclteci Kamp\u0131\u2019ndaki Kefr Kas\u0131m Okulu\u2019na sald\u0131r\u0131 d\u00fczenledi. \u0130srail sald\u0131r\u0131lar\u0131 nedeniyle yerinden edilenlerin s\u0131\u011f\u0131nd\u0131\u011f\u0131 okula d\u00fczenlenen hava sald\u0131r\u0131s\u0131nda 6 Filistinli ya\u015fam\u0131n\u0131 yitirdi. \u2013 \u0130srail\u2019in Gazze\u2019yi i\u015fgalinde 7 Ekim sonras\u0131 Hamas\u2019\u0131n","og_url":"https:\/\/kibrisdakik.com\/?p=64406","article_published_time":"2024-09-22T10:28:40+00:00","og_image":[{"width":864,"height":486,"url":"https:\/\/kibrisdakik.com\/wp-content\/uploads\/2024\/09\/GAZZE-OKULSALDIRI-740x420.jpg","type":"image\/jpeg"}],"author":"admin","twitter_card":"summary_large_image","twitter_misc":{"Yazan:":"admin","Tahmini okuma s\u00fcresi":"2 dakika"},"schema":{"@context":"https:\/\/schema.org","@graph":[{"@type":"Article","@id":"https:\/\/kibrisdakik.com\/?p=64406#article","isPartOf":{"@id":"https:\/\/kibrisdakik.com\/?p=64406"},"author":{"name":"admin","@id":"https:\/\/kibrisdakik.com\/#\/schema\/person\/9cd9d437bbb44f72b73ba127e06d8e79"},"headline":"\u0130srail ordusunun, Gazze\u2019de bir okula sald\u0131r\u0131s\u0131nda 6 Filistinli \u00f6ld\u00fc","datePublished":"2024-09-22T10:28:40+00:00","mainEntityOfPage":{"@id":"https:\/\/kibrisdakik.com\/?p=64406"},"wordCount":313,"commentCount":0,"image":{"@id":"https:\/\/kibrisdakik.com\/?p=64406#primaryimage"},"thumbnailUrl":"https:\/\/kibrisdakik.com\/wp-content\/uploads\/2024\/09\/GAZZE-OKULSALDIRI-740x420.jpg","articleSection":["G\u00fcndem"],"inLanguage":"tr","potentialAction":[{"@type":"CommentAction","name":"Comment","target":["https:\/\/kibrisdakik.com\/?p=64406#respond"]}]},{"@type":"WebPage","@id":"https:\/\/kibrisdakik.com\/?p=64406","url":"https:\/\/kibrisdakik.com\/?p=64406","name":"\u0130srail ordusunun, Gazze\u2019de bir okula sald\u0131r\u0131s\u0131nda 6 Filistinli \u00f6ld\u00fc -","isPartOf":{"@id":"https:\/\/kibrisdakik.com\/#website"},"primaryImageOfPage":{"@id":"https:\/\/kibrisdakik.com\/?p=64406#primaryimage"},"image":{"@id":"https:\/\/kibrisdakik.com\/?p=64406#primaryimage"},"thumbnailUrl":"https:\/\/kibrisdakik.com\/wp-content\/uploads\/2024\/09\/GAZZE-OKULSALDIRI-740x420.jpg","datePublished":"2024-09-22T10:28:40+00:00","author":{"@id":"https:\/\/kibrisdakik.com\/#\/schema\/person\/9cd9d437bbb44f72b73ba127e06d8e79"},"breadcrumb":{"@id":"https:\/\/kibrisdakik.com\/?p=64406#breadcrumb"},"inLanguage":"tr","potentialAction":[{"@type":"ReadAction","target":["https:\/\/kibrisdakik.com\/?p=64406"]}]},{"@type":"ImageObject","inLanguage":"tr","@id":"https:\/\/kibrisdakik.com\/?p=64406#primaryimage","url":"https:\/\/kibrisdakik.com\/wp-content\/uploads\/2024\/09\/GAZZE-OKULSALDIRI-740x420.jpg","contentUrl":"https:\/\/kibrisdakik.com\/wp-content\/uploads\/2024\/09\/GAZZE-OKULSALDIRI-740x420.jpg","width":864,"height":486},{"@type":"BreadcrumbList","@id":"https:\/\/kibrisdakik.com\/?p=64406#breadcrumb","itemListElement":[{"@type":"ListItem","position":1,"name":"Home","item":"https:\/\/kibrisdakik.com\/"},{"@type":"ListItem","position":2,"name":"\u0130srail ordusunun, Gazze\u2019de bir okula sald\u0131r\u0131s\u0131nda 6 Filistinli \u00f6ld\u00fc"}]},{"@type":"WebSite","@id":"https:\/\/kibrisdakik.com\/#website","url":"https:\/\/kibrisdakik.com\/","name":"","description":"Tam vaktinde haber","potentialAction":[{"@type":"SearchAction","target":{"@type":"EntryPoint","urlTemplate":"https:\/\/kibrisdakik.com\/?s={search_term_string}"},"query-input":{"@type":"PropertyValueSpecification","valueRequired":true,"valueName":"search_term_string"}}],"inLanguage":"tr"},{"@type":"Person","@id":"https:\/\/kibrisdakik.com\/#\/schema\/person\/9cd9d437bbb44f72b73ba127e06d8e79","name":"admin","image":{"@type":"ImageObject","inLanguage":"tr","@id":"https:\/\/secure.gravatar.com\/avatar\/ccc17943b9d660506c869530f897617f7cb1c21a4bf30023f252596d83e1f007?s=96&d=mm&r=g","url":"https:\/\/secure.gravatar.com\/avatar\/ccc17943b9d660506c869530f897617f7cb1c21a4bf30023f252596d83e1f007?s=96&d=mm&r=g","contentUrl":"https:\/\/secure.gravatar.com\/avatar\/ccc17943b9d660506c869530f897617f7cb1c21a4bf30023f252596d83e1f007?s=96&d=mm&r=g","caption":"admin"},"sameAs":["https:\/\/kibrisdakik.com"],"url":"https:\/\/kibrisdakik.com\/?author=1"}]}},"_links":{"self":[{"href":"https:\/\/kibrisdakik.com\/index.php?rest_route=\/wp\/v2\/posts\/64406","targetHints":{"allow":["GET"]}}],"collection":[{"href":"https:\/\/kibrisdakik.com\/index.php?rest_route=\/wp\/v2\/posts"}],"about":[{"href":"https:\/\/kibrisdakik.com\/index.php?rest_route=\/wp\/v2\/types\/post"}],"author":[{"embeddable":true,"href":"https:\/\/kibrisdakik.com\/index.php?rest_route=\/wp\/v2\/users\/1"}],"replies":[{"embeddable":true,"href":"https:\/\/kibrisdakik.com\/index.php?rest_route=%2Fwp%2Fv2%2Fcomments&post=64406"}],"version-history":[{"count":0,"href":"https:\/\/kibrisdakik.com\/index.php?rest_route=\/wp\/v2\/posts\/64406\/revisions"}],"wp:featuredmedia":[{"embeddable":true,"href":"https:\/\/kibrisdakik.com\/index.php?rest_route=\/wp\/v2\/media\/64407"}],"wp:attachment":[{"href":"https:\/\/kibrisdakik.com\/index.php?rest_route=%2Fwp%2Fv2%2Fmedia&parent=64406"}],"wp:term":[{"taxonomy":"category","embeddable":true,"href":"https:\/\/kibrisdakik.com\/index.php?rest_route=%2Fwp%2Fv2%2Fcategories&post=64406"},{"taxonomy":"post_tag","embeddable":true,"href":"https:\/\/kibrisdakik.com\/index.php?rest_route=%2Fwp%2Fv2%2Ftags&post=64406"}],"curies":[{"name":"wp","href":"https:\/\/api.w.org\/{rel}","templated":true}]}}