{"id":64483,"date":"2024-09-23T14:10:56","date_gmt":"2024-09-23T11:10:56","guid":{"rendered":"https:\/\/kibrisdakik.com\/index.php\/2024\/09\/23\/girne-kordonboyunda-yarin-aksam-iki-etkinlik-var\/"},"modified":"2024-09-23T14:10:56","modified_gmt":"2024-09-23T11:10:56","slug":"girne-kordonboyunda-yarin-aksam-iki-etkinlik-var","status":"publish","type":"post","link":"https:\/\/kibrisdakik.com\/?p=64483","title":{"rendered":"Girne Kordonboyu\u2019nda yar\u0131n ak\u015fam iki etkinlik var"},"content":{"rendered":"<p> <br \/>\n<\/p>\n<div>\n<div class=\"mariselle-image-container center\">\n                <img loading=\"lazy\" decoding=\"async\" width=\"1600\" height=\"1600\" class=\"lazy-image\" alt=\"\" sizes=\"auto, (max-width: 1600px) 100vw, 1600px\" src=\"https:\/\/brtk.net\/wp-content\/uploads\/2024\/09\/23\/girne-belediyesi-festival-1-1.jpg?ver=99acd8bd7e9bf1155c8656b854e9014d\" srcset=\"https:\/\/brtk.net\/wp-content\/uploads\/2024\/09\/23\/girne-belediyesi-festival-1-1.jpg?ver=99acd8bd7e9bf1155c8656b854e9014d 1600w, https:\/\/brtk.net\/wp-content\/uploads\/2024\/09\/23\/girne-belediyesi-festival-1-1-300x300.jpg?ver=99acd8bd7e9bf1155c8656b854e9014d 300w, https:\/\/brtk.net\/wp-content\/uploads\/2024\/09\/23\/girne-belediyesi-festival-1-1-1024x1024.jpg?ver=5bb43d176bfbfa9233a4d7cb441aef51 1024w, https:\/\/brtk.net\/wp-content\/uploads\/2024\/09\/23\/girne-belediyesi-festival-1-1-150x150.jpg?ver=5bb43d176bfbfa9233a4d7cb441aef51 150w, https:\/\/brtk.net\/wp-content\/uploads\/2024\/09\/23\/girne-belediyesi-festival-1-1-768x768.jpg?ver=5bb43d176bfbfa9233a4d7cb441aef51 768w, https:\/\/brtk.net\/wp-content\/uploads\/2024\/09\/23\/girne-belediyesi-festival-1-1-1536x1536.jpg?ver=86efaa24ffc067a0b3c94345aafc2e14 1536w, https:\/\/brtk.net\/wp-content\/uploads\/2024\/09\/23\/girne-belediyesi-festival-1-1-800x800.jpg?ver=574fe659bb6efcac3c3796420905e3c4 800w\"\/>                            <\/div>\n<p>\u201cGirne Ark\u0131n Group Fest 24\u201d kapsam\u0131nda yar\u0131n ak\u015fam Kordonboyu\u2019nda iki etkinlik yap\u0131lacak.<\/p>\n<p>Girne Belediyesi\u2019nden yap\u0131lan a\u00e7\u0131klamaya g\u00f6re, saat 19.00\u2019da Kyrenia International Choir, saat 20.30\u2019da ise Serdar Kavaz ve orkestras\u0131 sahne alacak.<\/p>\n<p>Ankara Devlet Tiyatrosu Y\u00fczy\u0131ll\u0131k Destan \u201cAte\u015f\u201d oyununu \u00e7ar\u015famba ak\u015fam\u0131 saat 21.00\u2019de Girne Amfi Tiyatro\u2019da sahneleyecek.<\/p>\n<p>Per\u015fembe ak\u015fam\u0131 Latin m\u00fczi\u011finin efsanevi grubu \u201cGipsy Kings by Andre Reyes\u201d; cuma ak\u015fam\u0131 T\u00fcrk\u00e7e pop m\u00fczi\u011fin sevilen ismi Zeynep Bast\u0131k ve cumartesi ak\u015fam\u0131 K\u0131br\u0131s T\u00fcrk m\u00fczik grubu \u201cS\u0131la 4 ve Dostlar\u0131\u201d saat 21.00\u2019de Girne Amfi Tiyatro\u2019da sahne alacak.<\/p>\n<p>\u00d6te yandan Ramadan Cemil Meydan\u0131\u2019ndaki \u201cGirne Belediyesi M\u00dcZler Sanat Sempozyumu\u201d pazar g\u00fcn\u00fcne kadar 10.00 \u2013 21.00 saatleri aras\u0131nda ziyaret edilebilecek.<\/p>\n<\/p><\/div>\n<p><script async\n                    defer\n                    crossorigin=\"anonymous\"\n                    src=\"https:\/\/connect.facebook.net\/tr_TR\/sdk.js#xfbml=1&#038;version=v3.3\"\n            ><\/script><br \/>\n<br \/><br \/>\n<br \/><a href=\"https:\/\/brtk.net\/girne-kordonboyunda-yarin-aksam-iki-etkinlik-var\/\">kpostasi <\/a><\/p>\n","protected":false},"excerpt":{"rendered":"<p>\u201cGirne Ark\u0131n Group Fest 24\u201d kapsam\u0131nda yar\u0131n ak\u015fam Kordonboyu\u2019nda iki etkinlik yap\u0131lacak. Girne Belediyesi\u2019nden yap\u0131lan a\u00e7\u0131klamaya g\u00f6re, saat 19.00\u2019da Kyrenia International Choir, saat 20.30\u2019da ise Serdar Kavaz ve orkestras\u0131 sahne alacak. Ankara Devlet Tiyatrosu Y\u00fczy\u0131ll\u0131k Destan \u201cAte\u015f\u201d oyununu \u00e7ar\u015famba ak\u015fam\u0131 saat 21.00\u2019de Girne Amfi Tiyatro\u2019da sahneleyecek. Per\u015fembe ak\u015fam\u0131 Latin m\u00fczi\u011finin efsanevi grubu \u201cGipsy Kings by<\/p>\n","protected":false},"author":1,"featured_media":64484,"comment_status":"open","ping_status":"open","sticky":false,"template":"","format":"standard","meta":{"footnotes":""},"categories":[1,81],"tags":[],"class_list":["post-64483","post","type-post","status-publish","format-standard","has-post-thumbnail","hentry","category-gundem","category-kibris"],"yoast_head":"<!-- This site is optimized with the Yoast SEO plugin v27.4 - https:\/\/yoast.com\/product\/yoast-seo-wordpress\/ -->\n<title>Girne Kordonboyu\u2019nda yar\u0131n ak\u015fam iki etkinlik var -<\/title>\n<meta name=\"robots\" content=\"index, follow, max-snippet:-1, max-image-preview:large, max-video-preview:-1\" \/>\n<link rel=\"canonical\" href=\"https:\/\/kibrisdakik.com\/?p=64483\" \/>\n<meta property=\"og:locale\" content=\"tr_TR\" \/>\n<meta property=\"og:type\" content=\"article\" \/>\n<meta property=\"og:title\" content=\"Girne Kordonboyu\u2019nda yar\u0131n ak\u015fam iki etkinlik var -\" \/>\n<meta property=\"og:description\" content=\"\u201cGirne Ark\u0131n Group Fest 24\u201d kapsam\u0131nda yar\u0131n ak\u015fam Kordonboyu\u2019nda iki etkinlik yap\u0131lacak. Girne Belediyesi\u2019nden yap\u0131lan a\u00e7\u0131klamaya g\u00f6re, saat 19.00\u2019da Kyrenia International Choir, saat 20.30\u2019da ise Serdar Kavaz ve orkestras\u0131 sahne alacak. Ankara Devlet Tiyatrosu Y\u00fczy\u0131ll\u0131k Destan \u201cAte\u015f\u201d oyununu \u00e7ar\u015famba ak\u015fam\u0131 saat 21.00\u2019de Girne Amfi Tiyatro\u2019da sahneleyecek. Per\u015fembe ak\u015fam\u0131 Latin m\u00fczi\u011finin efsanevi grubu \u201cGipsy Kings by\" \/>\n<meta property=\"og:url\" content=\"https:\/\/kibrisdakik.com\/?p=64483\" \/>\n<meta property=\"article:published_time\" content=\"2024-09-23T11:10:56+00:00\" \/>\n<meta property=\"og:image\" content=\"https:\/\/kibrisdakik.com\/wp-content\/uploads\/2024\/09\/girne-belediyesi-festival-1-1-740x420.jpg\" \/>\n\t<meta property=\"og:image:width\" content=\"1600\" \/>\n\t<meta property=\"og:image:height\" content=\"1600\" \/>\n\t<meta property=\"og:image:type\" content=\"image\/jpeg\" \/>\n<meta name=\"author\" content=\"admin\" \/>\n<meta name=\"twitter:card\" content=\"summary_large_image\" \/>\n<meta name=\"twitter:label1\" content=\"Yazan:\" \/>\n\t<meta name=\"twitter:data1\" content=\"admin\" \/>\n\t<meta name=\"twitter:label2\" content=\"Tahmini okuma s\u00fcresi\" \/>\n\t<meta name=\"twitter:data2\" content=\"1 dakika\" \/>\n<script type=\"application\/ld+json\" class=\"yoast-schema-graph\">{\"@context\":\"https:\\\/\\\/schema.org\",\"@graph\":[{\"@type\":\"Article\",\"@id\":\"https:\\\/\\\/kibrisdakik.com\\\/?p=64483#article\",\"isPartOf\":{\"@id\":\"https:\\\/\\\/kibrisdakik.com\\\/?p=64483\"},\"author\":{\"name\":\"admin\",\"@id\":\"https:\\\/\\\/kibrisdakik.com\\\/#\\\/schema\\\/person\\\/9cd9d437bbb44f72b73ba127e06d8e79\"},\"headline\":\"Girne Kordonboyu\u2019nda yar\u0131n ak\u015fam iki etkinlik var\",\"datePublished\":\"2024-09-23T11:10:56+00:00\",\"mainEntityOfPage\":{\"@id\":\"https:\\\/\\\/kibrisdakik.com\\\/?p=64483\"},\"wordCount\":150,\"commentCount\":0,\"image\":{\"@id\":\"https:\\\/\\\/kibrisdakik.com\\\/?p=64483#primaryimage\"},\"thumbnailUrl\":\"https:\\\/\\\/kibrisdakik.com\\\/wp-content\\\/uploads\\\/2024\\\/09\\\/girne-belediyesi-festival-1-1-740x420.jpg\",\"articleSection\":[\"G\u00fcndem\",\"K\u0131br\u0131s\"],\"inLanguage\":\"tr\",\"potentialAction\":[{\"@type\":\"CommentAction\",\"name\":\"Comment\",\"target\":[\"https:\\\/\\\/kibrisdakik.com\\\/?p=64483#respond\"]}]},{\"@type\":\"WebPage\",\"@id\":\"https:\\\/\\\/kibrisdakik.com\\\/?p=64483\",\"url\":\"https:\\\/\\\/kibrisdakik.com\\\/?p=64483\",\"name\":\"Girne Kordonboyu\u2019nda yar\u0131n ak\u015fam iki etkinlik var -\",\"isPartOf\":{\"@id\":\"https:\\\/\\\/kibrisdakik.com\\\/#website\"},\"primaryImageOfPage\":{\"@id\":\"https:\\\/\\\/kibrisdakik.com\\\/?p=64483#primaryimage\"},\"image\":{\"@id\":\"https:\\\/\\\/kibrisdakik.com\\\/?p=64483#primaryimage\"},\"thumbnailUrl\":\"https:\\\/\\\/kibrisdakik.com\\\/wp-content\\\/uploads\\\/2024\\\/09\\\/girne-belediyesi-festival-1-1-740x420.jpg\",\"datePublished\":\"2024-09-23T11:10:56+00:00\",\"author\":{\"@id\":\"https:\\\/\\\/kibrisdakik.com\\\/#\\\/schema\\\/person\\\/9cd9d437bbb44f72b73ba127e06d8e79\"},\"breadcrumb\":{\"@id\":\"https:\\\/\\\/kibrisdakik.com\\\/?p=64483#breadcrumb\"},\"inLanguage\":\"tr\",\"potentialAction\":[{\"@type\":\"ReadAction\",\"target\":[\"https:\\\/\\\/kibrisdakik.com\\\/?p=64483\"]}]},{\"@type\":\"ImageObject\",\"inLanguage\":\"tr\",\"@id\":\"https:\\\/\\\/kibrisdakik.com\\\/?p=64483#primaryimage\",\"url\":\"https:\\\/\\\/kibrisdakik.com\\\/wp-content\\\/uploads\\\/2024\\\/09\\\/girne-belediyesi-festival-1-1-740x420.jpg\",\"contentUrl\":\"https:\\\/\\\/kibrisdakik.com\\\/wp-content\\\/uploads\\\/2024\\\/09\\\/girne-belediyesi-festival-1-1-740x420.jpg\",\"width\":1600,\"height\":1600},{\"@type\":\"BreadcrumbList\",\"@id\":\"https:\\\/\\\/kibrisdakik.com\\\/?p=64483#breadcrumb\",\"itemListElement\":[{\"@type\":\"ListItem\",\"position\":1,\"name\":\"Home\",\"item\":\"https:\\\/\\\/kibrisdakik.com\\\/\"},{\"@type\":\"ListItem\",\"position\":2,\"name\":\"Girne Kordonboyu\u2019nda yar\u0131n ak\u015fam iki etkinlik var\"}]},{\"@type\":\"WebSite\",\"@id\":\"https:\\\/\\\/kibrisdakik.com\\\/#website\",\"url\":\"https:\\\/\\\/kibrisdakik.com\\\/\",\"name\":\"\",\"description\":\"Tam vaktinde haber\",\"potentialAction\":[{\"@type\":\"SearchAction\",\"target\":{\"@type\":\"EntryPoint\",\"urlTemplate\":\"https:\\\/\\\/kibrisdakik.com\\\/?s={search_term_string}\"},\"query-input\":{\"@type\":\"PropertyValueSpecification\",\"valueRequired\":true,\"valueName\":\"search_term_string\"}}],\"inLanguage\":\"tr\"},{\"@type\":\"Person\",\"@id\":\"https:\\\/\\\/kibrisdakik.com\\\/#\\\/schema\\\/person\\\/9cd9d437bbb44f72b73ba127e06d8e79\",\"name\":\"admin\",\"image\":{\"@type\":\"ImageObject\",\"inLanguage\":\"tr\",\"@id\":\"https:\\\/\\\/secure.gravatar.com\\\/avatar\\\/ccc17943b9d660506c869530f897617f7cb1c21a4bf30023f252596d83e1f007?s=96&d=mm&r=g\",\"url\":\"https:\\\/\\\/secure.gravatar.com\\\/avatar\\\/ccc17943b9d660506c869530f897617f7cb1c21a4bf30023f252596d83e1f007?s=96&d=mm&r=g\",\"contentUrl\":\"https:\\\/\\\/secure.gravatar.com\\\/avatar\\\/ccc17943b9d660506c869530f897617f7cb1c21a4bf30023f252596d83e1f007?s=96&d=mm&r=g\",\"caption\":\"admin\"},\"sameAs\":[\"https:\\\/\\\/kibrisdakik.com\"],\"url\":\"https:\\\/\\\/kibrisdakik.com\\\/?author=1\"}]}<\/script>\n<!-- \/ Yoast SEO plugin. -->","yoast_head_json":{"title":"Girne Kordonboyu\u2019nda yar\u0131n ak\u015fam iki etkinlik var -","robots":{"index":"index","follow":"follow","max-snippet":"max-snippet:-1","max-image-preview":"max-image-preview:large","max-video-preview":"max-video-preview:-1"},"canonical":"https:\/\/kibrisdakik.com\/?p=64483","og_locale":"tr_TR","og_type":"article","og_title":"Girne Kordonboyu\u2019nda yar\u0131n ak\u015fam iki etkinlik var -","og_description":"\u201cGirne Ark\u0131n Group Fest 24\u201d kapsam\u0131nda yar\u0131n ak\u015fam Kordonboyu\u2019nda iki etkinlik yap\u0131lacak. Girne Belediyesi\u2019nden yap\u0131lan a\u00e7\u0131klamaya g\u00f6re, saat 19.00\u2019da Kyrenia International Choir, saat 20.30\u2019da ise Serdar Kavaz ve orkestras\u0131 sahne alacak. Ankara Devlet Tiyatrosu Y\u00fczy\u0131ll\u0131k Destan \u201cAte\u015f\u201d oyununu \u00e7ar\u015famba ak\u015fam\u0131 saat 21.00\u2019de Girne Amfi Tiyatro\u2019da sahneleyecek. Per\u015fembe ak\u015fam\u0131 Latin m\u00fczi\u011finin efsanevi grubu \u201cGipsy Kings by","og_url":"https:\/\/kibrisdakik.com\/?p=64483","article_published_time":"2024-09-23T11:10:56+00:00","og_image":[{"width":1600,"height":1600,"url":"https:\/\/kibrisdakik.com\/wp-content\/uploads\/2024\/09\/girne-belediyesi-festival-1-1-740x420.jpg","type":"image\/jpeg"}],"author":"admin","twitter_card":"summary_large_image","twitter_misc":{"Yazan:":"admin","Tahmini okuma s\u00fcresi":"1 dakika"},"schema":{"@context":"https:\/\/schema.org","@graph":[{"@type":"Article","@id":"https:\/\/kibrisdakik.com\/?p=64483#article","isPartOf":{"@id":"https:\/\/kibrisdakik.com\/?p=64483"},"author":{"name":"admin","@id":"https:\/\/kibrisdakik.com\/#\/schema\/person\/9cd9d437bbb44f72b73ba127e06d8e79"},"headline":"Girne Kordonboyu\u2019nda yar\u0131n ak\u015fam iki etkinlik var","datePublished":"2024-09-23T11:10:56+00:00","mainEntityOfPage":{"@id":"https:\/\/kibrisdakik.com\/?p=64483"},"wordCount":150,"commentCount":0,"image":{"@id":"https:\/\/kibrisdakik.com\/?p=64483#primaryimage"},"thumbnailUrl":"https:\/\/kibrisdakik.com\/wp-content\/uploads\/2024\/09\/girne-belediyesi-festival-1-1-740x420.jpg","articleSection":["G\u00fcndem","K\u0131br\u0131s"],"inLanguage":"tr","potentialAction":[{"@type":"CommentAction","name":"Comment","target":["https:\/\/kibrisdakik.com\/?p=64483#respond"]}]},{"@type":"WebPage","@id":"https:\/\/kibrisdakik.com\/?p=64483","url":"https:\/\/kibrisdakik.com\/?p=64483","name":"Girne Kordonboyu\u2019nda yar\u0131n ak\u015fam iki etkinlik var -","isPartOf":{"@id":"https:\/\/kibrisdakik.com\/#website"},"primaryImageOfPage":{"@id":"https:\/\/kibrisdakik.com\/?p=64483#primaryimage"},"image":{"@id":"https:\/\/kibrisdakik.com\/?p=64483#primaryimage"},"thumbnailUrl":"https:\/\/kibrisdakik.com\/wp-content\/uploads\/2024\/09\/girne-belediyesi-festival-1-1-740x420.jpg","datePublished":"2024-09-23T11:10:56+00:00","author":{"@id":"https:\/\/kibrisdakik.com\/#\/schema\/person\/9cd9d437bbb44f72b73ba127e06d8e79"},"breadcrumb":{"@id":"https:\/\/kibrisdakik.com\/?p=64483#breadcrumb"},"inLanguage":"tr","potentialAction":[{"@type":"ReadAction","target":["https:\/\/kibrisdakik.com\/?p=64483"]}]},{"@type":"ImageObject","inLanguage":"tr","@id":"https:\/\/kibrisdakik.com\/?p=64483#primaryimage","url":"https:\/\/kibrisdakik.com\/wp-content\/uploads\/2024\/09\/girne-belediyesi-festival-1-1-740x420.jpg","contentUrl":"https:\/\/kibrisdakik.com\/wp-content\/uploads\/2024\/09\/girne-belediyesi-festival-1-1-740x420.jpg","width":1600,"height":1600},{"@type":"BreadcrumbList","@id":"https:\/\/kibrisdakik.com\/?p=64483#breadcrumb","itemListElement":[{"@type":"ListItem","position":1,"name":"Home","item":"https:\/\/kibrisdakik.com\/"},{"@type":"ListItem","position":2,"name":"Girne Kordonboyu\u2019nda yar\u0131n ak\u015fam iki etkinlik var"}]},{"@type":"WebSite","@id":"https:\/\/kibrisdakik.com\/#website","url":"https:\/\/kibrisdakik.com\/","name":"","description":"Tam vaktinde haber","potentialAction":[{"@type":"SearchAction","target":{"@type":"EntryPoint","urlTemplate":"https:\/\/kibrisdakik.com\/?s={search_term_string}"},"query-input":{"@type":"PropertyValueSpecification","valueRequired":true,"valueName":"search_term_string"}}],"inLanguage":"tr"},{"@type":"Person","@id":"https:\/\/kibrisdakik.com\/#\/schema\/person\/9cd9d437bbb44f72b73ba127e06d8e79","name":"admin","image":{"@type":"ImageObject","inLanguage":"tr","@id":"https:\/\/secure.gravatar.com\/avatar\/ccc17943b9d660506c869530f897617f7cb1c21a4bf30023f252596d83e1f007?s=96&d=mm&r=g","url":"https:\/\/secure.gravatar.com\/avatar\/ccc17943b9d660506c869530f897617f7cb1c21a4bf30023f252596d83e1f007?s=96&d=mm&r=g","contentUrl":"https:\/\/secure.gravatar.com\/avatar\/ccc17943b9d660506c869530f897617f7cb1c21a4bf30023f252596d83e1f007?s=96&d=mm&r=g","caption":"admin"},"sameAs":["https:\/\/kibrisdakik.com"],"url":"https:\/\/kibrisdakik.com\/?author=1"}]}},"_links":{"self":[{"href":"https:\/\/kibrisdakik.com\/index.php?rest_route=\/wp\/v2\/posts\/64483","targetHints":{"allow":["GET"]}}],"collection":[{"href":"https:\/\/kibrisdakik.com\/index.php?rest_route=\/wp\/v2\/posts"}],"about":[{"href":"https:\/\/kibrisdakik.com\/index.php?rest_route=\/wp\/v2\/types\/post"}],"author":[{"embeddable":true,"href":"https:\/\/kibrisdakik.com\/index.php?rest_route=\/wp\/v2\/users\/1"}],"replies":[{"embeddable":true,"href":"https:\/\/kibrisdakik.com\/index.php?rest_route=%2Fwp%2Fv2%2Fcomments&post=64483"}],"version-history":[{"count":0,"href":"https:\/\/kibrisdakik.com\/index.php?rest_route=\/wp\/v2\/posts\/64483\/revisions"}],"wp:featuredmedia":[{"embeddable":true,"href":"https:\/\/kibrisdakik.com\/index.php?rest_route=\/wp\/v2\/media\/64484"}],"wp:attachment":[{"href":"https:\/\/kibrisdakik.com\/index.php?rest_route=%2Fwp%2Fv2%2Fmedia&parent=64483"}],"wp:term":[{"taxonomy":"category","embeddable":true,"href":"https:\/\/kibrisdakik.com\/index.php?rest_route=%2Fwp%2Fv2%2Fcategories&post=64483"},{"taxonomy":"post_tag","embeddable":true,"href":"https:\/\/kibrisdakik.com\/index.php?rest_route=%2Fwp%2Fv2%2Ftags&post=64483"}],"curies":[{"name":"wp","href":"https:\/\/api.w.org\/{rel}","templated":true}]}}