{"id":64507,"date":"2024-09-23T17:29:54","date_gmt":"2024-09-23T14:29:54","guid":{"rendered":"https:\/\/kibrisdakik.com\/index.php\/2024\/09\/23\/ucuncu-cumhurbaskani-eroglu-yeniden-ubp-genel-baskani-secilen-usteli-kutladi\/"},"modified":"2024-09-23T17:29:54","modified_gmt":"2024-09-23T14:29:54","slug":"ucuncu-cumhurbaskani-eroglu-yeniden-ubp-genel-baskani-secilen-usteli-kutladi","status":"publish","type":"post","link":"https:\/\/kibrisdakik.com\/?p=64507","title":{"rendered":"\u00dc\u00e7\u00fcnc\u00fc Cumhurba\u015fkan\u0131 Ero\u011flu, yeniden UBP Genel Ba\u015fkan\u0131 se\u00e7ilen \u00dcstel\u2019i kutlad\u0131"},"content":{"rendered":"<div>\n<div class=\"mariselle-image-container center\">\n                                            <\/div>\n<p>\u00dc\u00e7\u00fcnc\u00fc Cumhurba\u015fkan\u0131 Dervi\u015f Ero\u011flu, hafta sonu yap\u0131lan kurultayda yeniden UBP Genel ba\u015fkan\u0131 se\u00e7ilen Ba\u015fbakan \u00dcnal \u00dcstel\u2019i kutlad\u0131.<\/p>\n<p>Ero\u011flu yaz\u0131l\u0131 mesaj\u0131nda, \u201cKKTC\u2019nin ya\u015famas\u0131 ve y\u00fccelmesinin en \u00f6nemli g\u00fcvencelerinden biri olan Ulusal Birlik Partisi\u2019nin 23\u2019nc\u00fc Ola\u011fan Kurultay\u0131\u2019nda yeniden Parti Genel Ba\u015fkanl\u0131\u011f\u0131\u2019na se\u00e7ilmenizden dolay\u0131 sizi en samimi duygular\u0131mla kutlar\u0131m. Ayr\u0131ca UBP yetkili organlar\u0131na se\u00e7ilen herkesi de tebrik ederim\u201d ifadelerini kulland\u0131.<\/p>\n<p>\u201cKKTC ve d\u00fcnya i\u00e7in zor bir s\u00fcre\u00e7ten ge\u00e7mekteyiz. K\u0131br\u0131s konusu ve i\u00e7 meselelerimizin halledilmesi i\u00e7in \u00f6nemli gayretler sarf edilmesi gerekiyor\u201d diyen Ero\u011flu, halk\u0131n beklentisinin bir an \u00f6nce \u00f6zellikle alt yap\u0131 ve ekonomi ile ilgili sorunlar\u0131na \u00e7are bulunmas\u0131, bunun i\u00e7in gereken at\u0131l\u0131mlar\u0131n gecikmeksizin at\u0131lmas\u0131 oldu\u011funu da kaydetti.<\/p>\n<p>Dervi\u015f Ero\u011flu mesaj\u0131n\u0131, \u201cUlusal Birlik Partisi\u2019nin, siz ve yetkili organlar\u0131n y\u00f6netiminde bu y\u00f6nde gere\u011fini yapaca\u011f\u0131n\u0131za g\u00fcveniyor, sa\u011fl\u0131k ve ba\u015far\u0131lar\u0131n\u0131z\u0131n devam\u0131n\u0131 diliyorum\u201d ifadeleriyle noktalad\u0131.<\/p>\n<\/p><\/div>\n<p><script async\n                    defer\n                    crossorigin=\"anonymous\"\n                    src=\"https:\/\/connect.facebook.net\/tr_TR\/sdk.js#xfbml=1&#038;version=v3.3\"\n            ><\/script><\/p>\n","protected":false},"excerpt":{"rendered":"<p>\u00dc\u00e7\u00fcnc\u00fc Cumhurba\u015fkan\u0131 Dervi\u015f Ero\u011flu, hafta sonu yap\u0131lan kurultayda yeniden UBP Genel ba\u015fkan\u0131 se\u00e7ilen Ba\u015fbakan \u00dcnal \u00dcstel\u2019i kutlad\u0131. Ero\u011flu yaz\u0131l\u0131 mesaj\u0131nda, \u201cKKTC\u2019nin ya\u015famas\u0131 ve y\u00fccelmesinin en \u00f6nemli g\u00fcvencelerinden biri olan Ulusal Birlik Partisi\u2019nin 23\u2019nc\u00fc Ola\u011fan Kurultay\u0131\u2019nda yeniden Parti Genel Ba\u015fkanl\u0131\u011f\u0131\u2019na se\u00e7ilmenizden dolay\u0131 sizi en samimi duygular\u0131mla kutlar\u0131m. Ayr\u0131ca UBP yetkili organlar\u0131na se\u00e7ilen herkesi de tebrik ederim\u201d<\/p>\n","protected":false},"author":1,"featured_media":64508,"comment_status":"open","ping_status":"open","sticky":false,"template":"","format":"standard","meta":{"footnotes":""},"categories":[81],"tags":[],"class_list":["post-64507","post","type-post","status-publish","format-standard","has-post-thumbnail","hentry","category-kibris"],"yoast_head":"<!-- This site is optimized with the Yoast SEO plugin v27.4 - https:\/\/yoast.com\/product\/yoast-seo-wordpress\/ -->\n<title>\u00dc\u00e7\u00fcnc\u00fc Cumhurba\u015fkan\u0131 Ero\u011flu, yeniden UBP Genel Ba\u015fkan\u0131 se\u00e7ilen \u00dcstel\u2019i kutlad\u0131 -<\/title>\n<meta name=\"robots\" content=\"index, follow, max-snippet:-1, max-image-preview:large, max-video-preview:-1\" \/>\n<link rel=\"canonical\" href=\"https:\/\/kibrisdakik.com\/?p=64507\" \/>\n<meta property=\"og:locale\" content=\"tr_TR\" \/>\n<meta property=\"og:type\" content=\"article\" \/>\n<meta property=\"og:title\" content=\"\u00dc\u00e7\u00fcnc\u00fc Cumhurba\u015fkan\u0131 Ero\u011flu, yeniden UBP Genel Ba\u015fkan\u0131 se\u00e7ilen \u00dcstel\u2019i kutlad\u0131 -\" \/>\n<meta property=\"og:description\" content=\"\u00dc\u00e7\u00fcnc\u00fc Cumhurba\u015fkan\u0131 Dervi\u015f Ero\u011flu, hafta sonu yap\u0131lan kurultayda yeniden UBP Genel ba\u015fkan\u0131 se\u00e7ilen Ba\u015fbakan \u00dcnal \u00dcstel\u2019i kutlad\u0131. Ero\u011flu yaz\u0131l\u0131 mesaj\u0131nda, \u201cKKTC\u2019nin ya\u015famas\u0131 ve y\u00fccelmesinin en \u00f6nemli g\u00fcvencelerinden biri olan Ulusal Birlik Partisi\u2019nin 23\u2019nc\u00fc Ola\u011fan Kurultay\u0131\u2019nda yeniden Parti Genel Ba\u015fkanl\u0131\u011f\u0131\u2019na se\u00e7ilmenizden dolay\u0131 sizi en samimi duygular\u0131mla kutlar\u0131m. Ayr\u0131ca UBP yetkili organlar\u0131na se\u00e7ilen herkesi de tebrik ederim\u201d\" \/>\n<meta property=\"og:url\" content=\"https:\/\/kibrisdakik.com\/?p=64507\" \/>\n<meta property=\"article:published_time\" content=\"2024-09-23T14:29:54+00:00\" \/>\n<meta property=\"og:image\" content=\"https:\/\/kibrisdakik.com\/wp-content\/uploads\/2024\/09\/er21.jpg\" \/>\n\t<meta property=\"og:image:width\" content=\"640\" \/>\n\t<meta property=\"og:image:height\" content=\"355\" \/>\n\t<meta property=\"og:image:type\" content=\"image\/jpeg\" \/>\n<meta name=\"author\" content=\"admin\" \/>\n<meta name=\"twitter:card\" content=\"summary_large_image\" \/>\n<meta name=\"twitter:label1\" content=\"Yazan:\" \/>\n\t<meta name=\"twitter:data1\" content=\"admin\" \/>\n\t<meta name=\"twitter:label2\" content=\"Tahmini okuma s\u00fcresi\" \/>\n\t<meta name=\"twitter:data2\" content=\"1 dakika\" \/>\n<script type=\"application\/ld+json\" class=\"yoast-schema-graph\">{\"@context\":\"https:\\\/\\\/schema.org\",\"@graph\":[{\"@type\":\"Article\",\"@id\":\"https:\\\/\\\/kibrisdakik.com\\\/?p=64507#article\",\"isPartOf\":{\"@id\":\"https:\\\/\\\/kibrisdakik.com\\\/?p=64507\"},\"author\":{\"name\":\"admin\",\"@id\":\"https:\\\/\\\/kibrisdakik.com\\\/#\\\/schema\\\/person\\\/9cd9d437bbb44f72b73ba127e06d8e79\"},\"headline\":\"\u00dc\u00e7\u00fcnc\u00fc Cumhurba\u015fkan\u0131 Ero\u011flu, yeniden UBP Genel Ba\u015fkan\u0131 se\u00e7ilen \u00dcstel\u2019i kutlad\u0131\",\"datePublished\":\"2024-09-23T14:29:54+00:00\",\"mainEntityOfPage\":{\"@id\":\"https:\\\/\\\/kibrisdakik.com\\\/?p=64507\"},\"wordCount\":201,\"commentCount\":0,\"image\":{\"@id\":\"https:\\\/\\\/kibrisdakik.com\\\/?p=64507#primaryimage\"},\"thumbnailUrl\":\"https:\\\/\\\/kibrisdakik.com\\\/wp-content\\\/uploads\\\/2024\\\/09\\\/er21.jpg\",\"articleSection\":[\"K\u0131br\u0131s\"],\"inLanguage\":\"tr\",\"potentialAction\":[{\"@type\":\"CommentAction\",\"name\":\"Comment\",\"target\":[\"https:\\\/\\\/kibrisdakik.com\\\/?p=64507#respond\"]}]},{\"@type\":\"WebPage\",\"@id\":\"https:\\\/\\\/kibrisdakik.com\\\/?p=64507\",\"url\":\"https:\\\/\\\/kibrisdakik.com\\\/?p=64507\",\"name\":\"\u00dc\u00e7\u00fcnc\u00fc Cumhurba\u015fkan\u0131 Ero\u011flu, yeniden UBP Genel Ba\u015fkan\u0131 se\u00e7ilen \u00dcstel\u2019i kutlad\u0131 -\",\"isPartOf\":{\"@id\":\"https:\\\/\\\/kibrisdakik.com\\\/#website\"},\"primaryImageOfPage\":{\"@id\":\"https:\\\/\\\/kibrisdakik.com\\\/?p=64507#primaryimage\"},\"image\":{\"@id\":\"https:\\\/\\\/kibrisdakik.com\\\/?p=64507#primaryimage\"},\"thumbnailUrl\":\"https:\\\/\\\/kibrisdakik.com\\\/wp-content\\\/uploads\\\/2024\\\/09\\\/er21.jpg\",\"datePublished\":\"2024-09-23T14:29:54+00:00\",\"author\":{\"@id\":\"https:\\\/\\\/kibrisdakik.com\\\/#\\\/schema\\\/person\\\/9cd9d437bbb44f72b73ba127e06d8e79\"},\"breadcrumb\":{\"@id\":\"https:\\\/\\\/kibrisdakik.com\\\/?p=64507#breadcrumb\"},\"inLanguage\":\"tr\",\"potentialAction\":[{\"@type\":\"ReadAction\",\"target\":[\"https:\\\/\\\/kibrisdakik.com\\\/?p=64507\"]}]},{\"@type\":\"ImageObject\",\"inLanguage\":\"tr\",\"@id\":\"https:\\\/\\\/kibrisdakik.com\\\/?p=64507#primaryimage\",\"url\":\"https:\\\/\\\/kibrisdakik.com\\\/wp-content\\\/uploads\\\/2024\\\/09\\\/er21.jpg\",\"contentUrl\":\"https:\\\/\\\/kibrisdakik.com\\\/wp-content\\\/uploads\\\/2024\\\/09\\\/er21.jpg\",\"width\":640,\"height\":355},{\"@type\":\"BreadcrumbList\",\"@id\":\"https:\\\/\\\/kibrisdakik.com\\\/?p=64507#breadcrumb\",\"itemListElement\":[{\"@type\":\"ListItem\",\"position\":1,\"name\":\"Home\",\"item\":\"https:\\\/\\\/kibrisdakik.com\\\/\"},{\"@type\":\"ListItem\",\"position\":2,\"name\":\"\u00dc\u00e7\u00fcnc\u00fc Cumhurba\u015fkan\u0131 Ero\u011flu, yeniden UBP Genel Ba\u015fkan\u0131 se\u00e7ilen \u00dcstel\u2019i kutlad\u0131\"}]},{\"@type\":\"WebSite\",\"@id\":\"https:\\\/\\\/kibrisdakik.com\\\/#website\",\"url\":\"https:\\\/\\\/kibrisdakik.com\\\/\",\"name\":\"\",\"description\":\"Tam vaktinde haber\",\"potentialAction\":[{\"@type\":\"SearchAction\",\"target\":{\"@type\":\"EntryPoint\",\"urlTemplate\":\"https:\\\/\\\/kibrisdakik.com\\\/?s={search_term_string}\"},\"query-input\":{\"@type\":\"PropertyValueSpecification\",\"valueRequired\":true,\"valueName\":\"search_term_string\"}}],\"inLanguage\":\"tr\"},{\"@type\":\"Person\",\"@id\":\"https:\\\/\\\/kibrisdakik.com\\\/#\\\/schema\\\/person\\\/9cd9d437bbb44f72b73ba127e06d8e79\",\"name\":\"admin\",\"image\":{\"@type\":\"ImageObject\",\"inLanguage\":\"tr\",\"@id\":\"https:\\\/\\\/secure.gravatar.com\\\/avatar\\\/ccc17943b9d660506c869530f897617f7cb1c21a4bf30023f252596d83e1f007?s=96&d=mm&r=g\",\"url\":\"https:\\\/\\\/secure.gravatar.com\\\/avatar\\\/ccc17943b9d660506c869530f897617f7cb1c21a4bf30023f252596d83e1f007?s=96&d=mm&r=g\",\"contentUrl\":\"https:\\\/\\\/secure.gravatar.com\\\/avatar\\\/ccc17943b9d660506c869530f897617f7cb1c21a4bf30023f252596d83e1f007?s=96&d=mm&r=g\",\"caption\":\"admin\"},\"sameAs\":[\"https:\\\/\\\/kibrisdakik.com\"],\"url\":\"https:\\\/\\\/kibrisdakik.com\\\/?author=1\"}]}<\/script>\n<!-- \/ Yoast SEO plugin. -->","yoast_head_json":{"title":"\u00dc\u00e7\u00fcnc\u00fc Cumhurba\u015fkan\u0131 Ero\u011flu, yeniden UBP Genel Ba\u015fkan\u0131 se\u00e7ilen \u00dcstel\u2019i kutlad\u0131 -","robots":{"index":"index","follow":"follow","max-snippet":"max-snippet:-1","max-image-preview":"max-image-preview:large","max-video-preview":"max-video-preview:-1"},"canonical":"https:\/\/kibrisdakik.com\/?p=64507","og_locale":"tr_TR","og_type":"article","og_title":"\u00dc\u00e7\u00fcnc\u00fc Cumhurba\u015fkan\u0131 Ero\u011flu, yeniden UBP Genel Ba\u015fkan\u0131 se\u00e7ilen \u00dcstel\u2019i kutlad\u0131 -","og_description":"\u00dc\u00e7\u00fcnc\u00fc Cumhurba\u015fkan\u0131 Dervi\u015f Ero\u011flu, hafta sonu yap\u0131lan kurultayda yeniden UBP Genel ba\u015fkan\u0131 se\u00e7ilen Ba\u015fbakan \u00dcnal \u00dcstel\u2019i kutlad\u0131. Ero\u011flu yaz\u0131l\u0131 mesaj\u0131nda, \u201cKKTC\u2019nin ya\u015famas\u0131 ve y\u00fccelmesinin en \u00f6nemli g\u00fcvencelerinden biri olan Ulusal Birlik Partisi\u2019nin 23\u2019nc\u00fc Ola\u011fan Kurultay\u0131\u2019nda yeniden Parti Genel Ba\u015fkanl\u0131\u011f\u0131\u2019na se\u00e7ilmenizden dolay\u0131 sizi en samimi duygular\u0131mla kutlar\u0131m. Ayr\u0131ca UBP yetkili organlar\u0131na se\u00e7ilen herkesi de tebrik ederim\u201d","og_url":"https:\/\/kibrisdakik.com\/?p=64507","article_published_time":"2024-09-23T14:29:54+00:00","og_image":[{"width":640,"height":355,"url":"https:\/\/kibrisdakik.com\/wp-content\/uploads\/2024\/09\/er21.jpg","type":"image\/jpeg"}],"author":"admin","twitter_card":"summary_large_image","twitter_misc":{"Yazan:":"admin","Tahmini okuma s\u00fcresi":"1 dakika"},"schema":{"@context":"https:\/\/schema.org","@graph":[{"@type":"Article","@id":"https:\/\/kibrisdakik.com\/?p=64507#article","isPartOf":{"@id":"https:\/\/kibrisdakik.com\/?p=64507"},"author":{"name":"admin","@id":"https:\/\/kibrisdakik.com\/#\/schema\/person\/9cd9d437bbb44f72b73ba127e06d8e79"},"headline":"\u00dc\u00e7\u00fcnc\u00fc Cumhurba\u015fkan\u0131 Ero\u011flu, yeniden UBP Genel Ba\u015fkan\u0131 se\u00e7ilen \u00dcstel\u2019i kutlad\u0131","datePublished":"2024-09-23T14:29:54+00:00","mainEntityOfPage":{"@id":"https:\/\/kibrisdakik.com\/?p=64507"},"wordCount":201,"commentCount":0,"image":{"@id":"https:\/\/kibrisdakik.com\/?p=64507#primaryimage"},"thumbnailUrl":"https:\/\/kibrisdakik.com\/wp-content\/uploads\/2024\/09\/er21.jpg","articleSection":["K\u0131br\u0131s"],"inLanguage":"tr","potentialAction":[{"@type":"CommentAction","name":"Comment","target":["https:\/\/kibrisdakik.com\/?p=64507#respond"]}]},{"@type":"WebPage","@id":"https:\/\/kibrisdakik.com\/?p=64507","url":"https:\/\/kibrisdakik.com\/?p=64507","name":"\u00dc\u00e7\u00fcnc\u00fc Cumhurba\u015fkan\u0131 Ero\u011flu, yeniden UBP Genel Ba\u015fkan\u0131 se\u00e7ilen \u00dcstel\u2019i kutlad\u0131 -","isPartOf":{"@id":"https:\/\/kibrisdakik.com\/#website"},"primaryImageOfPage":{"@id":"https:\/\/kibrisdakik.com\/?p=64507#primaryimage"},"image":{"@id":"https:\/\/kibrisdakik.com\/?p=64507#primaryimage"},"thumbnailUrl":"https:\/\/kibrisdakik.com\/wp-content\/uploads\/2024\/09\/er21.jpg","datePublished":"2024-09-23T14:29:54+00:00","author":{"@id":"https:\/\/kibrisdakik.com\/#\/schema\/person\/9cd9d437bbb44f72b73ba127e06d8e79"},"breadcrumb":{"@id":"https:\/\/kibrisdakik.com\/?p=64507#breadcrumb"},"inLanguage":"tr","potentialAction":[{"@type":"ReadAction","target":["https:\/\/kibrisdakik.com\/?p=64507"]}]},{"@type":"ImageObject","inLanguage":"tr","@id":"https:\/\/kibrisdakik.com\/?p=64507#primaryimage","url":"https:\/\/kibrisdakik.com\/wp-content\/uploads\/2024\/09\/er21.jpg","contentUrl":"https:\/\/kibrisdakik.com\/wp-content\/uploads\/2024\/09\/er21.jpg","width":640,"height":355},{"@type":"BreadcrumbList","@id":"https:\/\/kibrisdakik.com\/?p=64507#breadcrumb","itemListElement":[{"@type":"ListItem","position":1,"name":"Home","item":"https:\/\/kibrisdakik.com\/"},{"@type":"ListItem","position":2,"name":"\u00dc\u00e7\u00fcnc\u00fc Cumhurba\u015fkan\u0131 Ero\u011flu, yeniden UBP Genel Ba\u015fkan\u0131 se\u00e7ilen \u00dcstel\u2019i kutlad\u0131"}]},{"@type":"WebSite","@id":"https:\/\/kibrisdakik.com\/#website","url":"https:\/\/kibrisdakik.com\/","name":"","description":"Tam vaktinde haber","potentialAction":[{"@type":"SearchAction","target":{"@type":"EntryPoint","urlTemplate":"https:\/\/kibrisdakik.com\/?s={search_term_string}"},"query-input":{"@type":"PropertyValueSpecification","valueRequired":true,"valueName":"search_term_string"}}],"inLanguage":"tr"},{"@type":"Person","@id":"https:\/\/kibrisdakik.com\/#\/schema\/person\/9cd9d437bbb44f72b73ba127e06d8e79","name":"admin","image":{"@type":"ImageObject","inLanguage":"tr","@id":"https:\/\/secure.gravatar.com\/avatar\/ccc17943b9d660506c869530f897617f7cb1c21a4bf30023f252596d83e1f007?s=96&d=mm&r=g","url":"https:\/\/secure.gravatar.com\/avatar\/ccc17943b9d660506c869530f897617f7cb1c21a4bf30023f252596d83e1f007?s=96&d=mm&r=g","contentUrl":"https:\/\/secure.gravatar.com\/avatar\/ccc17943b9d660506c869530f897617f7cb1c21a4bf30023f252596d83e1f007?s=96&d=mm&r=g","caption":"admin"},"sameAs":["https:\/\/kibrisdakik.com"],"url":"https:\/\/kibrisdakik.com\/?author=1"}]}},"_links":{"self":[{"href":"https:\/\/kibrisdakik.com\/index.php?rest_route=\/wp\/v2\/posts\/64507","targetHints":{"allow":["GET"]}}],"collection":[{"href":"https:\/\/kibrisdakik.com\/index.php?rest_route=\/wp\/v2\/posts"}],"about":[{"href":"https:\/\/kibrisdakik.com\/index.php?rest_route=\/wp\/v2\/types\/post"}],"author":[{"embeddable":true,"href":"https:\/\/kibrisdakik.com\/index.php?rest_route=\/wp\/v2\/users\/1"}],"replies":[{"embeddable":true,"href":"https:\/\/kibrisdakik.com\/index.php?rest_route=%2Fwp%2Fv2%2Fcomments&post=64507"}],"version-history":[{"count":0,"href":"https:\/\/kibrisdakik.com\/index.php?rest_route=\/wp\/v2\/posts\/64507\/revisions"}],"wp:featuredmedia":[{"embeddable":true,"href":"https:\/\/kibrisdakik.com\/index.php?rest_route=\/wp\/v2\/media\/64508"}],"wp:attachment":[{"href":"https:\/\/kibrisdakik.com\/index.php?rest_route=%2Fwp%2Fv2%2Fmedia&parent=64507"}],"wp:term":[{"taxonomy":"category","embeddable":true,"href":"https:\/\/kibrisdakik.com\/index.php?rest_route=%2Fwp%2Fv2%2Fcategories&post=64507"},{"taxonomy":"post_tag","embeddable":true,"href":"https:\/\/kibrisdakik.com\/index.php?rest_route=%2Fwp%2Fv2%2Ftags&post=64507"}],"curies":[{"name":"wp","href":"https:\/\/api.w.org\/{rel}","templated":true}]}}