{"id":64509,"date":"2024-09-23T17:33:10","date_gmt":"2024-09-23T14:33:10","guid":{"rendered":"https:\/\/kibrisdakik.com\/index.php\/2024\/09\/23\/cumhurbaskani-tatar-bm-genel-sekreteri-guterres-ile-28-eylulde-gorusecek\/"},"modified":"2024-09-23T17:33:10","modified_gmt":"2024-09-23T14:33:10","slug":"cumhurbaskani-tatar-bm-genel-sekreteri-guterres-ile-28-eylulde-gorusecek","status":"publish","type":"post","link":"https:\/\/kibrisdakik.com\/?p=64509","title":{"rendered":"Cumhurba\u015fkan\u0131 Tatar, BM Genel Sekreteri Guterres ile 28 Eyl\u00fcl\u2019de g\u00f6r\u00fc\u015fecek"},"content":{"rendered":"<div>\n<div class=\"mariselle-image-container center\">\n                                            <\/div>\n<p>Birle\u015fmi\u015f Milletler (BM) 79. Genel Kurulu kapsam\u0131nda temaslarda bulunmak \u00fczere New York\u2019a giden Cumhurba\u015fkan\u0131 Ersin Tatar, BM Genel Sekreteri Antonio Guterres ile 28 Eyl\u00fcl\u2019de bir araya gelecek. Tatar\u2019\u0131n Guterres ile yapaca\u011f\u0131 g\u00f6r\u00fc\u015fmenin KKTC saati ile 18.30\u2019da ba\u015flamas\u0131 bekleniyor.<\/p>\n<p>Guterres, Cumhurba\u015fkan\u0131 Tatar ile yapaca\u011f\u0131 ikili g\u00f6r\u00fc\u015fme \u00f6ncesinde bu ak\u015fam saatlerinde Rum Y\u00f6netimi Lideri Nikos Hristodulidis ile ikili bir g\u00f6r\u00fc\u015fme yapmas\u0131 \u00f6ng\u00f6r\u00fcl\u00fcyor.<\/p>\n<p>Ercan Havaliman\u0131\u2019nda hareketinden \u00f6nce yapt\u0131\u011f\u0131 a\u00e7\u0131klamada, New York\u2019ta muhatap ve payda\u015f \u00fclkelere milli siyaseti ve K\u0131br\u0131s\u2019ta gelinen son a\u015famay\u0131 anlatacaklar\u0131n\u0131 kaydeden Tatar, BM Genel Sekreteri Antonio Guterres\u2019e de neden \u00fc\u00e7l\u00fc g\u00f6r\u00fc\u015fmeye evet denilemeyece\u011fini aktaracaklar\u0131n\u0131 belirtmi\u015fti.<\/p>\n<p>Cumhurba\u015fkan\u0131 Tatar, Guterres ile bir araya gelmesinin yan\u0131s\u0131ra, New York ziyareti s\u0131ras\u0131nda bir dizi g\u00f6r\u00fc\u015fme de yapacak. Tatar ayr\u0131ca New York\u2019ta baz\u0131 etkinliklere kat\u0131lacak ve bas\u0131na r\u00f6portajlar verecek.<\/p>\n<p>Cumhurba\u015fkan\u0131 Tatar\u2019a New York\u2019ta, D\u0131\u015fi\u015fleri Bakan\u0131 Tahsin Ertu\u011frulo\u011flu, \u00d6zel Temsilcisi G\u00fcne\u015f Onar, Hukuk \u0130\u015fleri Dan\u0131\u015fman\u0131 S\u00fclen Karabacak, G\u00fcven Art\u0131r\u0131c\u0131 \u00d6nlemler ve \u0130ki Tarafl\u0131 Teknik Komiteler Koordinat\u00f6r\u00fc Seniha Birand \u00c7\u0131nar ve D\u0131\u015f Bas\u0131n Sorumlusu Kerem Haser e\u015flik ediyor.<\/p>\n<p>Tatar\u2019\u0131n 29 Eyl\u00fcl Pazar saat 20.00\u2019de KKTC\u2019ye d\u00f6nmesi bekleniyor.<\/p>\n<\/p><\/div>\n<p><script async\n                    defer\n                    crossorigin=\"anonymous\"\n                    src=\"https:\/\/connect.facebook.net\/tr_TR\/sdk.js#xfbml=1&#038;version=v3.3\"\n            ><\/script><\/p>\n","protected":false},"excerpt":{"rendered":"<p>Birle\u015fmi\u015f Milletler (BM) 79. Genel Kurulu kapsam\u0131nda temaslarda bulunmak \u00fczere New York\u2019a giden Cumhurba\u015fkan\u0131 Ersin Tatar, BM Genel Sekreteri Antonio Guterres ile 28 Eyl\u00fcl\u2019de bir araya gelecek. Tatar\u2019\u0131n Guterres ile yapaca\u011f\u0131 g\u00f6r\u00fc\u015fmenin KKTC saati ile 18.30\u2019da ba\u015flamas\u0131 bekleniyor. Guterres, Cumhurba\u015fkan\u0131 Tatar ile yapaca\u011f\u0131 ikili g\u00f6r\u00fc\u015fme \u00f6ncesinde bu ak\u015fam saatlerinde Rum Y\u00f6netimi Lideri Nikos Hristodulidis ile<\/p>\n","protected":false},"author":1,"featured_media":64510,"comment_status":"open","ping_status":"open","sticky":false,"template":"","format":"standard","meta":{"footnotes":""},"categories":[81],"tags":[],"class_list":["post-64509","post","type-post","status-publish","format-standard","has-post-thumbnail","hentry","category-kibris"],"yoast_head":"<!-- This site is optimized with the Yoast SEO plugin v27.4 - https:\/\/yoast.com\/product\/yoast-seo-wordpress\/ -->\n<title>Cumhurba\u015fkan\u0131 Tatar, BM Genel Sekreteri Guterres ile 28 Eyl\u00fcl\u2019de g\u00f6r\u00fc\u015fecek -<\/title>\n<meta name=\"robots\" content=\"index, follow, max-snippet:-1, max-image-preview:large, max-video-preview:-1\" \/>\n<link rel=\"canonical\" href=\"https:\/\/kibrisdakik.com\/?p=64509\" \/>\n<meta property=\"og:locale\" content=\"tr_TR\" \/>\n<meta property=\"og:type\" content=\"article\" \/>\n<meta property=\"og:title\" content=\"Cumhurba\u015fkan\u0131 Tatar, BM Genel Sekreteri Guterres ile 28 Eyl\u00fcl\u2019de g\u00f6r\u00fc\u015fecek -\" \/>\n<meta property=\"og:description\" content=\"Birle\u015fmi\u015f Milletler (BM) 79. Genel Kurulu kapsam\u0131nda temaslarda bulunmak \u00fczere New York\u2019a giden Cumhurba\u015fkan\u0131 Ersin Tatar, BM Genel Sekreteri Antonio Guterres ile 28 Eyl\u00fcl\u2019de bir araya gelecek. Tatar\u2019\u0131n Guterres ile yapaca\u011f\u0131 g\u00f6r\u00fc\u015fmenin KKTC saati ile 18.30\u2019da ba\u015flamas\u0131 bekleniyor. Guterres, Cumhurba\u015fkan\u0131 Tatar ile yapaca\u011f\u0131 ikili g\u00f6r\u00fc\u015fme \u00f6ncesinde bu ak\u015fam saatlerinde Rum Y\u00f6netimi Lideri Nikos Hristodulidis ile\" \/>\n<meta property=\"og:url\" content=\"https:\/\/kibrisdakik.com\/?p=64509\" \/>\n<meta property=\"article:published_time\" content=\"2024-09-23T14:33:10+00:00\" \/>\n<meta property=\"og:image\" content=\"https:\/\/kibrisdakik.com\/wp-content\/uploads\/2024\/09\/tatar-guterres21-1-740x420.jpg\" \/>\n\t<meta property=\"og:image:width\" content=\"819\" \/>\n\t<meta property=\"og:image:height\" content=\"546\" \/>\n\t<meta property=\"og:image:type\" content=\"image\/jpeg\" \/>\n<meta name=\"author\" content=\"admin\" \/>\n<meta name=\"twitter:card\" content=\"summary_large_image\" \/>\n<meta name=\"twitter:label1\" content=\"Yazan:\" \/>\n\t<meta name=\"twitter:data1\" content=\"admin\" \/>\n\t<meta name=\"twitter:label2\" content=\"Tahmini okuma s\u00fcresi\" \/>\n\t<meta name=\"twitter:data2\" content=\"1 dakika\" \/>\n<script type=\"application\/ld+json\" class=\"yoast-schema-graph\">{\"@context\":\"https:\\\/\\\/schema.org\",\"@graph\":[{\"@type\":\"Article\",\"@id\":\"https:\\\/\\\/kibrisdakik.com\\\/?p=64509#article\",\"isPartOf\":{\"@id\":\"https:\\\/\\\/kibrisdakik.com\\\/?p=64509\"},\"author\":{\"name\":\"admin\",\"@id\":\"https:\\\/\\\/kibrisdakik.com\\\/#\\\/schema\\\/person\\\/9cd9d437bbb44f72b73ba127e06d8e79\"},\"headline\":\"Cumhurba\u015fkan\u0131 Tatar, BM Genel Sekreteri Guterres ile 28 Eyl\u00fcl\u2019de g\u00f6r\u00fc\u015fecek\",\"datePublished\":\"2024-09-23T14:33:10+00:00\",\"mainEntityOfPage\":{\"@id\":\"https:\\\/\\\/kibrisdakik.com\\\/?p=64509\"},\"wordCount\":246,\"commentCount\":0,\"image\":{\"@id\":\"https:\\\/\\\/kibrisdakik.com\\\/?p=64509#primaryimage\"},\"thumbnailUrl\":\"https:\\\/\\\/kibrisdakik.com\\\/wp-content\\\/uploads\\\/2024\\\/09\\\/tatar-guterres21-1-740x420.jpg\",\"articleSection\":[\"K\u0131br\u0131s\"],\"inLanguage\":\"tr\",\"potentialAction\":[{\"@type\":\"CommentAction\",\"name\":\"Comment\",\"target\":[\"https:\\\/\\\/kibrisdakik.com\\\/?p=64509#respond\"]}]},{\"@type\":\"WebPage\",\"@id\":\"https:\\\/\\\/kibrisdakik.com\\\/?p=64509\",\"url\":\"https:\\\/\\\/kibrisdakik.com\\\/?p=64509\",\"name\":\"Cumhurba\u015fkan\u0131 Tatar, BM Genel Sekreteri Guterres ile 28 Eyl\u00fcl\u2019de g\u00f6r\u00fc\u015fecek -\",\"isPartOf\":{\"@id\":\"https:\\\/\\\/kibrisdakik.com\\\/#website\"},\"primaryImageOfPage\":{\"@id\":\"https:\\\/\\\/kibrisdakik.com\\\/?p=64509#primaryimage\"},\"image\":{\"@id\":\"https:\\\/\\\/kibrisdakik.com\\\/?p=64509#primaryimage\"},\"thumbnailUrl\":\"https:\\\/\\\/kibrisdakik.com\\\/wp-content\\\/uploads\\\/2024\\\/09\\\/tatar-guterres21-1-740x420.jpg\",\"datePublished\":\"2024-09-23T14:33:10+00:00\",\"author\":{\"@id\":\"https:\\\/\\\/kibrisdakik.com\\\/#\\\/schema\\\/person\\\/9cd9d437bbb44f72b73ba127e06d8e79\"},\"breadcrumb\":{\"@id\":\"https:\\\/\\\/kibrisdakik.com\\\/?p=64509#breadcrumb\"},\"inLanguage\":\"tr\",\"potentialAction\":[{\"@type\":\"ReadAction\",\"target\":[\"https:\\\/\\\/kibrisdakik.com\\\/?p=64509\"]}]},{\"@type\":\"ImageObject\",\"inLanguage\":\"tr\",\"@id\":\"https:\\\/\\\/kibrisdakik.com\\\/?p=64509#primaryimage\",\"url\":\"https:\\\/\\\/kibrisdakik.com\\\/wp-content\\\/uploads\\\/2024\\\/09\\\/tatar-guterres21-1-740x420.jpg\",\"contentUrl\":\"https:\\\/\\\/kibrisdakik.com\\\/wp-content\\\/uploads\\\/2024\\\/09\\\/tatar-guterres21-1-740x420.jpg\",\"width\":819,\"height\":546},{\"@type\":\"BreadcrumbList\",\"@id\":\"https:\\\/\\\/kibrisdakik.com\\\/?p=64509#breadcrumb\",\"itemListElement\":[{\"@type\":\"ListItem\",\"position\":1,\"name\":\"Home\",\"item\":\"https:\\\/\\\/kibrisdakik.com\\\/\"},{\"@type\":\"ListItem\",\"position\":2,\"name\":\"Cumhurba\u015fkan\u0131 Tatar, BM Genel Sekreteri Guterres ile 28 Eyl\u00fcl\u2019de g\u00f6r\u00fc\u015fecek\"}]},{\"@type\":\"WebSite\",\"@id\":\"https:\\\/\\\/kibrisdakik.com\\\/#website\",\"url\":\"https:\\\/\\\/kibrisdakik.com\\\/\",\"name\":\"\",\"description\":\"Tam vaktinde haber\",\"potentialAction\":[{\"@type\":\"SearchAction\",\"target\":{\"@type\":\"EntryPoint\",\"urlTemplate\":\"https:\\\/\\\/kibrisdakik.com\\\/?s={search_term_string}\"},\"query-input\":{\"@type\":\"PropertyValueSpecification\",\"valueRequired\":true,\"valueName\":\"search_term_string\"}}],\"inLanguage\":\"tr\"},{\"@type\":\"Person\",\"@id\":\"https:\\\/\\\/kibrisdakik.com\\\/#\\\/schema\\\/person\\\/9cd9d437bbb44f72b73ba127e06d8e79\",\"name\":\"admin\",\"image\":{\"@type\":\"ImageObject\",\"inLanguage\":\"tr\",\"@id\":\"https:\\\/\\\/secure.gravatar.com\\\/avatar\\\/ccc17943b9d660506c869530f897617f7cb1c21a4bf30023f252596d83e1f007?s=96&d=mm&r=g\",\"url\":\"https:\\\/\\\/secure.gravatar.com\\\/avatar\\\/ccc17943b9d660506c869530f897617f7cb1c21a4bf30023f252596d83e1f007?s=96&d=mm&r=g\",\"contentUrl\":\"https:\\\/\\\/secure.gravatar.com\\\/avatar\\\/ccc17943b9d660506c869530f897617f7cb1c21a4bf30023f252596d83e1f007?s=96&d=mm&r=g\",\"caption\":\"admin\"},\"sameAs\":[\"https:\\\/\\\/kibrisdakik.com\"],\"url\":\"https:\\\/\\\/kibrisdakik.com\\\/?author=1\"}]}<\/script>\n<!-- \/ Yoast SEO plugin. -->","yoast_head_json":{"title":"Cumhurba\u015fkan\u0131 Tatar, BM Genel Sekreteri Guterres ile 28 Eyl\u00fcl\u2019de g\u00f6r\u00fc\u015fecek -","robots":{"index":"index","follow":"follow","max-snippet":"max-snippet:-1","max-image-preview":"max-image-preview:large","max-video-preview":"max-video-preview:-1"},"canonical":"https:\/\/kibrisdakik.com\/?p=64509","og_locale":"tr_TR","og_type":"article","og_title":"Cumhurba\u015fkan\u0131 Tatar, BM Genel Sekreteri Guterres ile 28 Eyl\u00fcl\u2019de g\u00f6r\u00fc\u015fecek -","og_description":"Birle\u015fmi\u015f Milletler (BM) 79. Genel Kurulu kapsam\u0131nda temaslarda bulunmak \u00fczere New York\u2019a giden Cumhurba\u015fkan\u0131 Ersin Tatar, BM Genel Sekreteri Antonio Guterres ile 28 Eyl\u00fcl\u2019de bir araya gelecek. Tatar\u2019\u0131n Guterres ile yapaca\u011f\u0131 g\u00f6r\u00fc\u015fmenin KKTC saati ile 18.30\u2019da ba\u015flamas\u0131 bekleniyor. Guterres, Cumhurba\u015fkan\u0131 Tatar ile yapaca\u011f\u0131 ikili g\u00f6r\u00fc\u015fme \u00f6ncesinde bu ak\u015fam saatlerinde Rum Y\u00f6netimi Lideri Nikos Hristodulidis ile","og_url":"https:\/\/kibrisdakik.com\/?p=64509","article_published_time":"2024-09-23T14:33:10+00:00","og_image":[{"width":819,"height":546,"url":"https:\/\/kibrisdakik.com\/wp-content\/uploads\/2024\/09\/tatar-guterres21-1-740x420.jpg","type":"image\/jpeg"}],"author":"admin","twitter_card":"summary_large_image","twitter_misc":{"Yazan:":"admin","Tahmini okuma s\u00fcresi":"1 dakika"},"schema":{"@context":"https:\/\/schema.org","@graph":[{"@type":"Article","@id":"https:\/\/kibrisdakik.com\/?p=64509#article","isPartOf":{"@id":"https:\/\/kibrisdakik.com\/?p=64509"},"author":{"name":"admin","@id":"https:\/\/kibrisdakik.com\/#\/schema\/person\/9cd9d437bbb44f72b73ba127e06d8e79"},"headline":"Cumhurba\u015fkan\u0131 Tatar, BM Genel Sekreteri Guterres ile 28 Eyl\u00fcl\u2019de g\u00f6r\u00fc\u015fecek","datePublished":"2024-09-23T14:33:10+00:00","mainEntityOfPage":{"@id":"https:\/\/kibrisdakik.com\/?p=64509"},"wordCount":246,"commentCount":0,"image":{"@id":"https:\/\/kibrisdakik.com\/?p=64509#primaryimage"},"thumbnailUrl":"https:\/\/kibrisdakik.com\/wp-content\/uploads\/2024\/09\/tatar-guterres21-1-740x420.jpg","articleSection":["K\u0131br\u0131s"],"inLanguage":"tr","potentialAction":[{"@type":"CommentAction","name":"Comment","target":["https:\/\/kibrisdakik.com\/?p=64509#respond"]}]},{"@type":"WebPage","@id":"https:\/\/kibrisdakik.com\/?p=64509","url":"https:\/\/kibrisdakik.com\/?p=64509","name":"Cumhurba\u015fkan\u0131 Tatar, BM Genel Sekreteri Guterres ile 28 Eyl\u00fcl\u2019de g\u00f6r\u00fc\u015fecek -","isPartOf":{"@id":"https:\/\/kibrisdakik.com\/#website"},"primaryImageOfPage":{"@id":"https:\/\/kibrisdakik.com\/?p=64509#primaryimage"},"image":{"@id":"https:\/\/kibrisdakik.com\/?p=64509#primaryimage"},"thumbnailUrl":"https:\/\/kibrisdakik.com\/wp-content\/uploads\/2024\/09\/tatar-guterres21-1-740x420.jpg","datePublished":"2024-09-23T14:33:10+00:00","author":{"@id":"https:\/\/kibrisdakik.com\/#\/schema\/person\/9cd9d437bbb44f72b73ba127e06d8e79"},"breadcrumb":{"@id":"https:\/\/kibrisdakik.com\/?p=64509#breadcrumb"},"inLanguage":"tr","potentialAction":[{"@type":"ReadAction","target":["https:\/\/kibrisdakik.com\/?p=64509"]}]},{"@type":"ImageObject","inLanguage":"tr","@id":"https:\/\/kibrisdakik.com\/?p=64509#primaryimage","url":"https:\/\/kibrisdakik.com\/wp-content\/uploads\/2024\/09\/tatar-guterres21-1-740x420.jpg","contentUrl":"https:\/\/kibrisdakik.com\/wp-content\/uploads\/2024\/09\/tatar-guterres21-1-740x420.jpg","width":819,"height":546},{"@type":"BreadcrumbList","@id":"https:\/\/kibrisdakik.com\/?p=64509#breadcrumb","itemListElement":[{"@type":"ListItem","position":1,"name":"Home","item":"https:\/\/kibrisdakik.com\/"},{"@type":"ListItem","position":2,"name":"Cumhurba\u015fkan\u0131 Tatar, BM Genel Sekreteri Guterres ile 28 Eyl\u00fcl\u2019de g\u00f6r\u00fc\u015fecek"}]},{"@type":"WebSite","@id":"https:\/\/kibrisdakik.com\/#website","url":"https:\/\/kibrisdakik.com\/","name":"","description":"Tam vaktinde haber","potentialAction":[{"@type":"SearchAction","target":{"@type":"EntryPoint","urlTemplate":"https:\/\/kibrisdakik.com\/?s={search_term_string}"},"query-input":{"@type":"PropertyValueSpecification","valueRequired":true,"valueName":"search_term_string"}}],"inLanguage":"tr"},{"@type":"Person","@id":"https:\/\/kibrisdakik.com\/#\/schema\/person\/9cd9d437bbb44f72b73ba127e06d8e79","name":"admin","image":{"@type":"ImageObject","inLanguage":"tr","@id":"https:\/\/secure.gravatar.com\/avatar\/ccc17943b9d660506c869530f897617f7cb1c21a4bf30023f252596d83e1f007?s=96&d=mm&r=g","url":"https:\/\/secure.gravatar.com\/avatar\/ccc17943b9d660506c869530f897617f7cb1c21a4bf30023f252596d83e1f007?s=96&d=mm&r=g","contentUrl":"https:\/\/secure.gravatar.com\/avatar\/ccc17943b9d660506c869530f897617f7cb1c21a4bf30023f252596d83e1f007?s=96&d=mm&r=g","caption":"admin"},"sameAs":["https:\/\/kibrisdakik.com"],"url":"https:\/\/kibrisdakik.com\/?author=1"}]}},"_links":{"self":[{"href":"https:\/\/kibrisdakik.com\/index.php?rest_route=\/wp\/v2\/posts\/64509","targetHints":{"allow":["GET"]}}],"collection":[{"href":"https:\/\/kibrisdakik.com\/index.php?rest_route=\/wp\/v2\/posts"}],"about":[{"href":"https:\/\/kibrisdakik.com\/index.php?rest_route=\/wp\/v2\/types\/post"}],"author":[{"embeddable":true,"href":"https:\/\/kibrisdakik.com\/index.php?rest_route=\/wp\/v2\/users\/1"}],"replies":[{"embeddable":true,"href":"https:\/\/kibrisdakik.com\/index.php?rest_route=%2Fwp%2Fv2%2Fcomments&post=64509"}],"version-history":[{"count":0,"href":"https:\/\/kibrisdakik.com\/index.php?rest_route=\/wp\/v2\/posts\/64509\/revisions"}],"wp:featuredmedia":[{"embeddable":true,"href":"https:\/\/kibrisdakik.com\/index.php?rest_route=\/wp\/v2\/media\/64510"}],"wp:attachment":[{"href":"https:\/\/kibrisdakik.com\/index.php?rest_route=%2Fwp%2Fv2%2Fmedia&parent=64509"}],"wp:term":[{"taxonomy":"category","embeddable":true,"href":"https:\/\/kibrisdakik.com\/index.php?rest_route=%2Fwp%2Fv2%2Fcategories&post=64509"},{"taxonomy":"post_tag","embeddable":true,"href":"https:\/\/kibrisdakik.com\/index.php?rest_route=%2Fwp%2Fv2%2Ftags&post=64509"}],"curies":[{"name":"wp","href":"https:\/\/api.w.org\/{rel}","templated":true}]}}