{"id":64585,"date":"2024-09-24T12:00:47","date_gmt":"2024-09-24T09:00:47","guid":{"rendered":"https:\/\/kibrisdakik.com\/index.php\/2024\/09\/24\/kibris-turk-pediatri-kurumundan-okul-sagligi-sempozyumu\/"},"modified":"2024-09-24T12:00:47","modified_gmt":"2024-09-24T09:00:47","slug":"kibris-turk-pediatri-kurumundan-okul-sagligi-sempozyumu","status":"publish","type":"post","link":"https:\/\/kibrisdakik.com\/?p=64585","title":{"rendered":"K\u0131br\u0131s T\u00fcrk Pediatri Kurumu\u2019ndan okul sa\u011fl\u0131\u011f\u0131 sempozyumu"},"content":{"rendered":"<p><\/p>\n<div>\n<div class=\"mariselle-image-container center\">\n                <img loading=\"lazy\" decoding=\"async\" width=\"1600\" height=\"1444\" class=\"lazy-image\" alt=\"\" sizes=\"auto, (max-width: 1600px) 100vw, 1600px\" src=\"https:\/\/brtk.net\/wp-content\/uploads\/2024\/09\/24\/89898.jpg?ver=f1fefd6e6e55428f4d6ad7869b49de71\" srcset=\"https:\/\/brtk.net\/wp-content\/uploads\/2024\/09\/24\/89898.jpg?ver=f1fefd6e6e55428f4d6ad7869b49de71 1600w, https:\/\/brtk.net\/wp-content\/uploads\/2024\/09\/24\/89898-300x271.jpg?ver=f1fefd6e6e55428f4d6ad7869b49de71 300w, https:\/\/brtk.net\/wp-content\/uploads\/2024\/09\/24\/89898-1024x924.jpg?ver=7213a9e6bb0a9084cbadff43d6b7f3cb 1024w, https:\/\/brtk.net\/wp-content\/uploads\/2024\/09\/24\/89898-768x693.jpg?ver=7213a9e6bb0a9084cbadff43d6b7f3cb 768w, https:\/\/brtk.net\/wp-content\/uploads\/2024\/09\/24\/89898-1536x1386.jpg?ver=8532f8136da1107eeaf0a0c5f3513ad3 1536w\"\/>                            <\/div>\n<p>K\u0131br\u0131s T\u00fcrk Pediatri Kurumu, \u00e7ocuklar\u0131n okul ortam\u0131nda sa\u011fl\u0131kl\u0131 geli\u015fimini desteklemek ve bu konuda fark\u0131ndal\u0131k olu\u015fturmak i\u00e7in okul sa\u011fl\u0131\u011f\u0131 sempozyumu d\u00fczenliyor.<\/p>\n<p>K\u0131br\u0131s T\u00fcrk Pediatri Kurumu\u2019ndan yap\u0131lan a\u00e7\u0131klamaya g\u00f6re etkinlik, yar\u0131n 09.00-16.00 saatleri aras\u0131nda Lefko\u015fa\u2019daki Grand Pasha Hotel\u2019de yap\u0131lacak.<\/p>\n<p>Sempozyumda, e\u011fitimciler, sa\u011fl\u0131k profesyonelleri ve akademisyenler, \u00e7ocuk sa\u011fl\u0131\u011f\u0131n\u0131n okul ortam\u0131nda korunmas\u0131 ve geli\u015ftirilmesi i\u00e7in yap\u0131lmas\u0131 gerekenleri ele alacak. \u00c7e\u015fitli oturumlarda, \u00e7ocuklar\u0131n fiziksel, zihinsel ve duygusal sa\u011fl\u0131klar\u0131n\u0131n korunmas\u0131na y\u00f6nelik \u00f6nemli konular tart\u0131\u015f\u0131lacak.<\/p>\n<p>Sempozyumun \u00f6ne \u00e7\u0131kan ba\u015fl\u0131klar\u0131 aras\u0131nda \u201cokul ve alerjik hastal\u0131klar\u201d, \u201c\u00e7ocuklarda obezite \u2013 beslenme dostu okul\u201d, \u201cokul ve bula\u015f\u0131c\u0131 hastal\u0131klar\u201d, \u201cdijital d\u00fcnyada \u00e7ocuklar\u0131m\u0131z\u0131n g\u00fcvenli\u011fi\u201d, \u201cakran zorbal\u0131\u011f\u0131\u201d ve \u201coyun ba\u011f\u0131ml\u0131l\u0131\u011f\u0131\u201d konular var.<\/p>\n<p>K\u0131br\u0131s T\u00fcrk Pediatri Kurumu Ba\u015fkan\u0131 Dr. Ay\u015fe Say\u0131l\u0131 Erenel, yapt\u0131\u011f\u0131 a\u00e7\u0131klamada, \u201c\u00c7ocuklar\u0131m\u0131z\u0131n g\u00fcnl\u00fck ya\u015famlar\u0131n\u0131n b\u00fcy\u00fck bir k\u0131sm\u0131n\u0131 ge\u00e7irdikleri okullarda beden ve ruh sa\u011fl\u0131klar\u0131n\u0131n korunmas\u0131na y\u00f6nelik tedbirlerin al\u0131nmas\u0131na sempozyumumuzun \u0131\u015f\u0131k tutmas\u0131n\u0131 hedefliyoruz\u201d dedi.<\/p>\n<\/p><\/div>\n<p><script async\n                    defer\n                    crossorigin=\"anonymous\"\n                    src=\"https:\/\/connect.facebook.net\/tr_TR\/sdk.js#xfbml=1&#038;version=v3.3\"\n            ><\/script><\/p>\n","protected":false},"excerpt":{"rendered":"<p>K\u0131br\u0131s T\u00fcrk Pediatri Kurumu, \u00e7ocuklar\u0131n okul ortam\u0131nda sa\u011fl\u0131kl\u0131 geli\u015fimini desteklemek ve bu konuda fark\u0131ndal\u0131k olu\u015fturmak i\u00e7in okul sa\u011fl\u0131\u011f\u0131 sempozyumu d\u00fczenliyor. K\u0131br\u0131s T\u00fcrk Pediatri Kurumu\u2019ndan yap\u0131lan a\u00e7\u0131klamaya g\u00f6re etkinlik, yar\u0131n 09.00-16.00 saatleri aras\u0131nda Lefko\u015fa\u2019daki Grand Pasha Hotel\u2019de yap\u0131lacak. Sempozyumda, e\u011fitimciler, sa\u011fl\u0131k profesyonelleri ve akademisyenler, \u00e7ocuk sa\u011fl\u0131\u011f\u0131n\u0131n okul ortam\u0131nda korunmas\u0131 ve geli\u015ftirilmesi i\u00e7in yap\u0131lmas\u0131 gerekenleri ele alacak.<\/p>\n","protected":false},"author":1,"featured_media":64586,"comment_status":"open","ping_status":"open","sticky":false,"template":"","format":"standard","meta":{"footnotes":""},"categories":[1],"tags":[],"class_list":["post-64585","post","type-post","status-publish","format-standard","has-post-thumbnail","hentry","category-gundem"],"yoast_head":"<!-- This site is optimized with the Yoast SEO plugin v27.5 - https:\/\/yoast.com\/product\/yoast-seo-wordpress\/ -->\n<title>K\u0131br\u0131s T\u00fcrk Pediatri Kurumu\u2019ndan okul sa\u011fl\u0131\u011f\u0131 sempozyumu -<\/title>\n<meta name=\"robots\" content=\"index, follow, max-snippet:-1, max-image-preview:large, max-video-preview:-1\" \/>\n<link rel=\"canonical\" href=\"https:\/\/kibrisdakik.com\/?p=64585\" \/>\n<meta property=\"og:locale\" content=\"tr_TR\" \/>\n<meta property=\"og:type\" content=\"article\" \/>\n<meta property=\"og:title\" content=\"K\u0131br\u0131s T\u00fcrk Pediatri Kurumu\u2019ndan okul sa\u011fl\u0131\u011f\u0131 sempozyumu -\" \/>\n<meta property=\"og:description\" content=\"K\u0131br\u0131s T\u00fcrk Pediatri Kurumu, \u00e7ocuklar\u0131n okul ortam\u0131nda sa\u011fl\u0131kl\u0131 geli\u015fimini desteklemek ve bu konuda fark\u0131ndal\u0131k olu\u015fturmak i\u00e7in okul sa\u011fl\u0131\u011f\u0131 sempozyumu d\u00fczenliyor. K\u0131br\u0131s T\u00fcrk Pediatri Kurumu\u2019ndan yap\u0131lan a\u00e7\u0131klamaya g\u00f6re etkinlik, yar\u0131n 09.00-16.00 saatleri aras\u0131nda Lefko\u015fa\u2019daki Grand Pasha Hotel\u2019de yap\u0131lacak. Sempozyumda, e\u011fitimciler, sa\u011fl\u0131k profesyonelleri ve akademisyenler, \u00e7ocuk sa\u011fl\u0131\u011f\u0131n\u0131n okul ortam\u0131nda korunmas\u0131 ve geli\u015ftirilmesi i\u00e7in yap\u0131lmas\u0131 gerekenleri ele alacak.\" \/>\n<meta property=\"og:url\" content=\"https:\/\/kibrisdakik.com\/?p=64585\" \/>\n<meta property=\"article:published_time\" content=\"2024-09-24T09:00:47+00:00\" \/>\n<meta property=\"og:image\" content=\"https:\/\/kibrisdakik.com\/wp-content\/uploads\/2024\/09\/89898-740x420.jpg\" \/>\n\t<meta property=\"og:image:width\" content=\"1600\" \/>\n\t<meta property=\"og:image:height\" content=\"1444\" \/>\n\t<meta property=\"og:image:type\" content=\"image\/jpeg\" \/>\n<meta name=\"author\" content=\"admin\" \/>\n<meta name=\"twitter:card\" content=\"summary_large_image\" \/>\n<meta name=\"twitter:label1\" content=\"Yazan:\" \/>\n\t<meta name=\"twitter:data1\" content=\"admin\" \/>\n\t<meta name=\"twitter:label2\" content=\"Tahmini okuma s\u00fcresi\" \/>\n\t<meta name=\"twitter:data2\" content=\"1 dakika\" \/>\n<script type=\"application\/ld+json\" class=\"yoast-schema-graph\">{\"@context\":\"https:\\\/\\\/schema.org\",\"@graph\":[{\"@type\":\"Article\",\"@id\":\"https:\\\/\\\/kibrisdakik.com\\\/?p=64585#article\",\"isPartOf\":{\"@id\":\"https:\\\/\\\/kibrisdakik.com\\\/?p=64585\"},\"author\":{\"name\":\"admin\",\"@id\":\"https:\\\/\\\/kibrisdakik.com\\\/#\\\/schema\\\/person\\\/9cd9d437bbb44f72b73ba127e06d8e79\"},\"headline\":\"K\u0131br\u0131s T\u00fcrk Pediatri Kurumu\u2019ndan okul sa\u011fl\u0131\u011f\u0131 sempozyumu\",\"datePublished\":\"2024-09-24T09:00:47+00:00\",\"mainEntityOfPage\":{\"@id\":\"https:\\\/\\\/kibrisdakik.com\\\/?p=64585\"},\"wordCount\":230,\"commentCount\":0,\"image\":{\"@id\":\"https:\\\/\\\/kibrisdakik.com\\\/?p=64585#primaryimage\"},\"thumbnailUrl\":\"https:\\\/\\\/kibrisdakik.com\\\/wp-content\\\/uploads\\\/2024\\\/09\\\/89898-740x420.jpg\",\"articleSection\":[\"G\u00fcndem\"],\"inLanguage\":\"tr\",\"potentialAction\":[{\"@type\":\"CommentAction\",\"name\":\"Comment\",\"target\":[\"https:\\\/\\\/kibrisdakik.com\\\/?p=64585#respond\"]}]},{\"@type\":\"WebPage\",\"@id\":\"https:\\\/\\\/kibrisdakik.com\\\/?p=64585\",\"url\":\"https:\\\/\\\/kibrisdakik.com\\\/?p=64585\",\"name\":\"K\u0131br\u0131s T\u00fcrk Pediatri Kurumu\u2019ndan okul sa\u011fl\u0131\u011f\u0131 sempozyumu -\",\"isPartOf\":{\"@id\":\"https:\\\/\\\/kibrisdakik.com\\\/#website\"},\"primaryImageOfPage\":{\"@id\":\"https:\\\/\\\/kibrisdakik.com\\\/?p=64585#primaryimage\"},\"image\":{\"@id\":\"https:\\\/\\\/kibrisdakik.com\\\/?p=64585#primaryimage\"},\"thumbnailUrl\":\"https:\\\/\\\/kibrisdakik.com\\\/wp-content\\\/uploads\\\/2024\\\/09\\\/89898-740x420.jpg\",\"datePublished\":\"2024-09-24T09:00:47+00:00\",\"author\":{\"@id\":\"https:\\\/\\\/kibrisdakik.com\\\/#\\\/schema\\\/person\\\/9cd9d437bbb44f72b73ba127e06d8e79\"},\"breadcrumb\":{\"@id\":\"https:\\\/\\\/kibrisdakik.com\\\/?p=64585#breadcrumb\"},\"inLanguage\":\"tr\",\"potentialAction\":[{\"@type\":\"ReadAction\",\"target\":[\"https:\\\/\\\/kibrisdakik.com\\\/?p=64585\"]}]},{\"@type\":\"ImageObject\",\"inLanguage\":\"tr\",\"@id\":\"https:\\\/\\\/kibrisdakik.com\\\/?p=64585#primaryimage\",\"url\":\"https:\\\/\\\/kibrisdakik.com\\\/wp-content\\\/uploads\\\/2024\\\/09\\\/89898-740x420.jpg\",\"contentUrl\":\"https:\\\/\\\/kibrisdakik.com\\\/wp-content\\\/uploads\\\/2024\\\/09\\\/89898-740x420.jpg\",\"width\":1600,\"height\":1444},{\"@type\":\"BreadcrumbList\",\"@id\":\"https:\\\/\\\/kibrisdakik.com\\\/?p=64585#breadcrumb\",\"itemListElement\":[{\"@type\":\"ListItem\",\"position\":1,\"name\":\"Home\",\"item\":\"https:\\\/\\\/kibrisdakik.com\\\/\"},{\"@type\":\"ListItem\",\"position\":2,\"name\":\"K\u0131br\u0131s T\u00fcrk Pediatri Kurumu\u2019ndan okul sa\u011fl\u0131\u011f\u0131 sempozyumu\"}]},{\"@type\":\"WebSite\",\"@id\":\"https:\\\/\\\/kibrisdakik.com\\\/#website\",\"url\":\"https:\\\/\\\/kibrisdakik.com\\\/\",\"name\":\"\",\"description\":\"Tam vaktinde haber\",\"potentialAction\":[{\"@type\":\"SearchAction\",\"target\":{\"@type\":\"EntryPoint\",\"urlTemplate\":\"https:\\\/\\\/kibrisdakik.com\\\/?s={search_term_string}\"},\"query-input\":{\"@type\":\"PropertyValueSpecification\",\"valueRequired\":true,\"valueName\":\"search_term_string\"}}],\"inLanguage\":\"tr\"},{\"@type\":\"Person\",\"@id\":\"https:\\\/\\\/kibrisdakik.com\\\/#\\\/schema\\\/person\\\/9cd9d437bbb44f72b73ba127e06d8e79\",\"name\":\"admin\",\"image\":{\"@type\":\"ImageObject\",\"inLanguage\":\"tr\",\"@id\":\"https:\\\/\\\/secure.gravatar.com\\\/avatar\\\/ccc17943b9d660506c869530f897617f7cb1c21a4bf30023f252596d83e1f007?s=96&d=mm&r=g\",\"url\":\"https:\\\/\\\/secure.gravatar.com\\\/avatar\\\/ccc17943b9d660506c869530f897617f7cb1c21a4bf30023f252596d83e1f007?s=96&d=mm&r=g\",\"contentUrl\":\"https:\\\/\\\/secure.gravatar.com\\\/avatar\\\/ccc17943b9d660506c869530f897617f7cb1c21a4bf30023f252596d83e1f007?s=96&d=mm&r=g\",\"caption\":\"admin\"},\"sameAs\":[\"https:\\\/\\\/kibrisdakik.com\"],\"url\":\"https:\\\/\\\/kibrisdakik.com\\\/?author=1\"}]}<\/script>\n<!-- \/ Yoast SEO plugin. -->","yoast_head_json":{"title":"K\u0131br\u0131s T\u00fcrk Pediatri Kurumu\u2019ndan okul sa\u011fl\u0131\u011f\u0131 sempozyumu -","robots":{"index":"index","follow":"follow","max-snippet":"max-snippet:-1","max-image-preview":"max-image-preview:large","max-video-preview":"max-video-preview:-1"},"canonical":"https:\/\/kibrisdakik.com\/?p=64585","og_locale":"tr_TR","og_type":"article","og_title":"K\u0131br\u0131s T\u00fcrk Pediatri Kurumu\u2019ndan okul sa\u011fl\u0131\u011f\u0131 sempozyumu -","og_description":"K\u0131br\u0131s T\u00fcrk Pediatri Kurumu, \u00e7ocuklar\u0131n okul ortam\u0131nda sa\u011fl\u0131kl\u0131 geli\u015fimini desteklemek ve bu konuda fark\u0131ndal\u0131k olu\u015fturmak i\u00e7in okul sa\u011fl\u0131\u011f\u0131 sempozyumu d\u00fczenliyor. K\u0131br\u0131s T\u00fcrk Pediatri Kurumu\u2019ndan yap\u0131lan a\u00e7\u0131klamaya g\u00f6re etkinlik, yar\u0131n 09.00-16.00 saatleri aras\u0131nda Lefko\u015fa\u2019daki Grand Pasha Hotel\u2019de yap\u0131lacak. Sempozyumda, e\u011fitimciler, sa\u011fl\u0131k profesyonelleri ve akademisyenler, \u00e7ocuk sa\u011fl\u0131\u011f\u0131n\u0131n okul ortam\u0131nda korunmas\u0131 ve geli\u015ftirilmesi i\u00e7in yap\u0131lmas\u0131 gerekenleri ele alacak.","og_url":"https:\/\/kibrisdakik.com\/?p=64585","article_published_time":"2024-09-24T09:00:47+00:00","og_image":[{"width":1600,"height":1444,"url":"https:\/\/kibrisdakik.com\/wp-content\/uploads\/2024\/09\/89898-740x420.jpg","type":"image\/jpeg"}],"author":"admin","twitter_card":"summary_large_image","twitter_misc":{"Yazan:":"admin","Tahmini okuma s\u00fcresi":"1 dakika"},"schema":{"@context":"https:\/\/schema.org","@graph":[{"@type":"Article","@id":"https:\/\/kibrisdakik.com\/?p=64585#article","isPartOf":{"@id":"https:\/\/kibrisdakik.com\/?p=64585"},"author":{"name":"admin","@id":"https:\/\/kibrisdakik.com\/#\/schema\/person\/9cd9d437bbb44f72b73ba127e06d8e79"},"headline":"K\u0131br\u0131s T\u00fcrk Pediatri Kurumu\u2019ndan okul sa\u011fl\u0131\u011f\u0131 sempozyumu","datePublished":"2024-09-24T09:00:47+00:00","mainEntityOfPage":{"@id":"https:\/\/kibrisdakik.com\/?p=64585"},"wordCount":230,"commentCount":0,"image":{"@id":"https:\/\/kibrisdakik.com\/?p=64585#primaryimage"},"thumbnailUrl":"https:\/\/kibrisdakik.com\/wp-content\/uploads\/2024\/09\/89898-740x420.jpg","articleSection":["G\u00fcndem"],"inLanguage":"tr","potentialAction":[{"@type":"CommentAction","name":"Comment","target":["https:\/\/kibrisdakik.com\/?p=64585#respond"]}]},{"@type":"WebPage","@id":"https:\/\/kibrisdakik.com\/?p=64585","url":"https:\/\/kibrisdakik.com\/?p=64585","name":"K\u0131br\u0131s T\u00fcrk Pediatri Kurumu\u2019ndan okul sa\u011fl\u0131\u011f\u0131 sempozyumu -","isPartOf":{"@id":"https:\/\/kibrisdakik.com\/#website"},"primaryImageOfPage":{"@id":"https:\/\/kibrisdakik.com\/?p=64585#primaryimage"},"image":{"@id":"https:\/\/kibrisdakik.com\/?p=64585#primaryimage"},"thumbnailUrl":"https:\/\/kibrisdakik.com\/wp-content\/uploads\/2024\/09\/89898-740x420.jpg","datePublished":"2024-09-24T09:00:47+00:00","author":{"@id":"https:\/\/kibrisdakik.com\/#\/schema\/person\/9cd9d437bbb44f72b73ba127e06d8e79"},"breadcrumb":{"@id":"https:\/\/kibrisdakik.com\/?p=64585#breadcrumb"},"inLanguage":"tr","potentialAction":[{"@type":"ReadAction","target":["https:\/\/kibrisdakik.com\/?p=64585"]}]},{"@type":"ImageObject","inLanguage":"tr","@id":"https:\/\/kibrisdakik.com\/?p=64585#primaryimage","url":"https:\/\/kibrisdakik.com\/wp-content\/uploads\/2024\/09\/89898-740x420.jpg","contentUrl":"https:\/\/kibrisdakik.com\/wp-content\/uploads\/2024\/09\/89898-740x420.jpg","width":1600,"height":1444},{"@type":"BreadcrumbList","@id":"https:\/\/kibrisdakik.com\/?p=64585#breadcrumb","itemListElement":[{"@type":"ListItem","position":1,"name":"Home","item":"https:\/\/kibrisdakik.com\/"},{"@type":"ListItem","position":2,"name":"K\u0131br\u0131s T\u00fcrk Pediatri Kurumu\u2019ndan okul sa\u011fl\u0131\u011f\u0131 sempozyumu"}]},{"@type":"WebSite","@id":"https:\/\/kibrisdakik.com\/#website","url":"https:\/\/kibrisdakik.com\/","name":"","description":"Tam vaktinde haber","potentialAction":[{"@type":"SearchAction","target":{"@type":"EntryPoint","urlTemplate":"https:\/\/kibrisdakik.com\/?s={search_term_string}"},"query-input":{"@type":"PropertyValueSpecification","valueRequired":true,"valueName":"search_term_string"}}],"inLanguage":"tr"},{"@type":"Person","@id":"https:\/\/kibrisdakik.com\/#\/schema\/person\/9cd9d437bbb44f72b73ba127e06d8e79","name":"admin","image":{"@type":"ImageObject","inLanguage":"tr","@id":"https:\/\/secure.gravatar.com\/avatar\/ccc17943b9d660506c869530f897617f7cb1c21a4bf30023f252596d83e1f007?s=96&d=mm&r=g","url":"https:\/\/secure.gravatar.com\/avatar\/ccc17943b9d660506c869530f897617f7cb1c21a4bf30023f252596d83e1f007?s=96&d=mm&r=g","contentUrl":"https:\/\/secure.gravatar.com\/avatar\/ccc17943b9d660506c869530f897617f7cb1c21a4bf30023f252596d83e1f007?s=96&d=mm&r=g","caption":"admin"},"sameAs":["https:\/\/kibrisdakik.com"],"url":"https:\/\/kibrisdakik.com\/?author=1"}]}},"_links":{"self":[{"href":"https:\/\/kibrisdakik.com\/index.php?rest_route=\/wp\/v2\/posts\/64585","targetHints":{"allow":["GET"]}}],"collection":[{"href":"https:\/\/kibrisdakik.com\/index.php?rest_route=\/wp\/v2\/posts"}],"about":[{"href":"https:\/\/kibrisdakik.com\/index.php?rest_route=\/wp\/v2\/types\/post"}],"author":[{"embeddable":true,"href":"https:\/\/kibrisdakik.com\/index.php?rest_route=\/wp\/v2\/users\/1"}],"replies":[{"embeddable":true,"href":"https:\/\/kibrisdakik.com\/index.php?rest_route=%2Fwp%2Fv2%2Fcomments&post=64585"}],"version-history":[{"count":0,"href":"https:\/\/kibrisdakik.com\/index.php?rest_route=\/wp\/v2\/posts\/64585\/revisions"}],"wp:featuredmedia":[{"embeddable":true,"href":"https:\/\/kibrisdakik.com\/index.php?rest_route=\/wp\/v2\/media\/64586"}],"wp:attachment":[{"href":"https:\/\/kibrisdakik.com\/index.php?rest_route=%2Fwp%2Fv2%2Fmedia&parent=64585"}],"wp:term":[{"taxonomy":"category","embeddable":true,"href":"https:\/\/kibrisdakik.com\/index.php?rest_route=%2Fwp%2Fv2%2Fcategories&post=64585"},{"taxonomy":"post_tag","embeddable":true,"href":"https:\/\/kibrisdakik.com\/index.php?rest_route=%2Fwp%2Fv2%2Ftags&post=64585"}],"curies":[{"name":"wp","href":"https:\/\/api.w.org\/{rel}","templated":true}]}}