{"id":64663,"date":"2024-09-25T00:37:00","date_gmt":"2024-09-24T21:37:00","guid":{"rendered":"https:\/\/kibrisdakik.com\/index.php\/2024\/09\/25\/kacir-milletimizin-gelecegini-daha-aydinlik-kilacak-adimlari-hep-birlikte-atacagiz\/"},"modified":"2024-09-25T00:37:00","modified_gmt":"2024-09-24T21:37:00","slug":"kacir-milletimizin-gelecegini-daha-aydinlik-kilacak-adimlari-hep-birlikte-atacagiz","status":"publish","type":"post","link":"https:\/\/kibrisdakik.com\/?p=64663","title":{"rendered":"Kac\u0131r: Milletimizin gelece\u011fini daha ayd\u0131nl\u0131k k\u0131lacak ad\u0131mlar\u0131 hep birlikte ataca\u011f\u0131z"},"content":{"rendered":"<p><img decoding=\"async\" src=\"https:\/\/i.dunya.com\/storage\/files\/images\/2024\/05\/06\/mehmet-fatih-kacir-g9mk-cover-fetv-xswk_cover.jpg\" \/><\/p>\n<div>\n<p>Birle\u015fmi\u015f Milletler (BM) 79. Genel Kurulu&#8217;na kat\u0131lmak \u00fczere New York&#8217;ta bulunan Cumhurba\u015fkan\u0131 Recep Tayyip Erdo\u011fan&#8217;a e\u015flik eden Kac\u0131r, Anadolu Aslanlar\u0131 \u0130\u015f Adamlar\u0131 Derne\u011finin (ASKON) ABD \u015fubesi taraf\u0131ndan d\u00fczenlenen etkinlikte, T\u00fcrkiye&#8217;nin sanayi ve teknoloji alan\u0131nda kaydetti\u011fi ilerlemeyi anlatt\u0131.<\/p>\n<p>T\u00fcrkiye&#8217;nin 22 y\u0131l \u00f6ncesinden \u00e7ok daha g\u00fc\u00e7l\u00fc, s\u00f6z\u00fc tesirli, g\u00fcc\u00fc etkili bir \u00fclke oldu\u011funu s\u00f6yleyen Kac\u0131r, bu ba\u015far\u0131 hikayesinde giri\u015fimcilerin \u00f6nemine i\u015faret etti.<\/p>\n<p>Kac\u0131r, sa\u011fl\u0131ktan e\u011fitime, ula\u015ft\u0131rmadan \u00e7evreye, \u015fehircili\u011fe pek \u00e7ok alanda devrim niteli\u011finde i\u015flere imza att\u0131klar\u0131na dikkati \u00e7ekerek, bu kapsamda \u00f6nemli \u00e7al\u0131\u015fmalardan birinin de sanayi ve teknoloji ba\u015fl\u0131\u011f\u0131nda yap\u0131lan i\u015fler oldu\u011funu kaydetti.<\/p>\n<p>T\u00fcrkiye&#8217;nin ticari ara\u00e7lardan g\u00fcne\u015f panellerine, demir \u00e7elikten \u00e7imentoya Avrupa&#8217;n\u0131n lider \u00fcretim g\u00fcc\u00fc oldu\u011funu dile getiren Kac\u0131r, &#8220;B\u00fct\u00fcn bunlar\u0131 Cumhurba\u015fkan\u0131m\u0131z\u0131n liderli\u011finde att\u0131\u011f\u0131m\u0131z planl\u0131 sanayile\u015fme ad\u0131mlar\u0131yla m\u00fcmk\u00fcn k\u0131ld\u0131k. Bu ad\u0131mlar\u0131 ta\u00e7land\u0131ran \u00e7ok \u00f6nemli bir i\u015fe daha hep birlikte imza at\u0131yoruz, o da Milli Teknoloji Hamlesi&#8217;ni ger\u00e7ekle\u015ftirmek.&#8221; diye konu\u015ftu.<\/p>\n<h3>&#8220;T\u00fcrkiye b\u00fct\u00fcn kritik ihtiya\u00e7lar\u0131n\u0131 kendi evlatlar\u0131n\u0131n al\u0131n teri ile kar\u015f\u0131lama imkan\u0131na sahip&#8221;<\/h3>\n<p>Kac\u0131r, T\u00fcrkiye&#8217;nin kritik teknolojileri kendi imkanlar\u0131yla geli\u015ftirebilmesi ve rekabet\u00e7i \u015feklinde d\u00fcnyaya ihra\u00e7 edilmesi yolculu\u011funa savunma sanayisinde ba\u015flad\u0131klar\u0131na de\u011finerek, bu alanda yerlile\u015fme ve millile\u015fmenin tercihten \u00f6te, bir zorunluluk oldu\u011funu vurgulad\u0131.<\/p>\n<p>Cumhurba\u015fkan\u0131 Erdo\u011fan&#8217;\u0131n liderli\u011finde &#8220;T\u00fcrkiye, neye ihtiyac\u0131 varsa onu kendi \u00f6z evlatlar\u0131n\u0131n al\u0131n teriyle, ak\u0131l teriyle \u00fcretecektir&#8221; iddias\u0131n\u0131 ger\u00e7e\u011fe d\u00f6n\u00fc\u015ft\u00fcrmek ad\u0131na Milli Teknoloji Hamlesi&#8217;ni ba\u015flatt\u0131klar\u0131n\u0131 dile getiren Kac\u0131r, \u015fu ifadeleri kulland\u0131:<\/p>\n<p>&#8220;Bug\u00fcn, 22 y\u0131l \u00f6nce y\u00fczde 80&#8217;den fazlas\u0131n\u0131 yurt d\u0131\u015f\u0131ndan ithal etmek zorunda kald\u0131\u011f\u0131m\u0131z savunma sanayi sistemlerinin art\u0131k y\u00fczde 80&#8217;den fazlas\u0131n\u0131 yerli ve milli olarak geli\u015ftiriyoruz, \u00fcretiyoruz. Hava ara\u00e7lar\u0131ndan deniz platformlar\u0131na, kara ara\u00e7lar\u0131ndan uzay sistemlerine T\u00fcrkiye, b\u00fct\u00fcn kritik ihtiya\u00e7lar\u0131n\u0131 art\u0131k kendi evlatlar\u0131n\u0131n al\u0131n teri ile kar\u015f\u0131lama imkan\u0131na sahip.&#8221;<\/p>\n<p>Kac\u0131r, T\u00fcrkiye&#8217;nin 21. y\u00fczy\u0131la girerken savunma sanayisinde ve havac\u0131l\u0131kta muazzam bir millile\u015fme hamlesi ger\u00e7ekle\u015ftirdi\u011fine dikkati \u00e7ekerek, uzay alan\u0131nda da kendi uydular\u0131n\u0131 geli\u015ftirebilen bir konuma geldi\u011fini anlatt\u0131.<\/p>\n<h3>&#8220;Daha yapacak \u00e7ok i\u015fimiz var&#8221;<\/h3>\n<p>T\u00fcrkiye&#8217;nin \u00f6n\u00fcnde hayal gibi, eri\u015filemez hedefler gibi g\u00f6r\u00fcnen her \u015feyi Cumhurba\u015fkan\u0131 Erdo\u011fan&#8217;\u0131n liderli\u011finde bir bir ger\u00e7e\u011fe d\u00f6n\u00fc\u015ft\u00fcrd\u00fcklerini s\u00f6yleyen Kac\u0131r, &#8220;Daha yapacak \u00e7ok i\u015fimiz var. \u0130nsanl\u0131k ad\u0131na, insanl\u0131\u011f\u0131 yeniden adaletle, merhametle bulu\u015fturmak ad\u0131na hep birlikte hayata ge\u00e7irece\u011fimiz \u00e7ok projemiz var.&#8221; dedi.<\/p>\n<p>Kac\u0131r, ABD&#8217;deki f\u0131rsatlar\u0131n i\u015f insanlar\u0131nca zaten iyi bilindi\u011fine i\u015faret ederek, &#8220;Benim size vermek istedi\u011fim temel mesaj T\u00fcrkiye&#8217;nin potansiyelinin g\u00fc\u00e7l\u00fc \u015fekilde fark\u0131nda olmaya devam etmeniz ve mutlaka T\u00fcrkiye ile ba\u011flar\u0131n\u0131z\u0131 g\u00fc\u00e7l\u00fc \u015fekilde s\u00fcrd\u00fcrmenizdir.&#8221; ifadesini kulland\u0131.<\/p>\n<p>T\u00fcrkiye&#8217;nin ortanca ya\u015f\u0131n\u0131n 34 oldu\u011funu belirten Kac\u0131r, \u00fclkenin dinamik insan kayna\u011f\u0131n\u0131n, en b\u00fcy\u00fck g\u00fc\u00e7lerinden oldu\u011funu anlatt\u0131.<\/p>\n<p>Kac\u0131r, T\u00fcrkiye&#8217;nin son d\u00f6nemde AR-GE ve inovasyon alan\u0131nda kaydetti\u011fi ilerlemeye de de\u011finerek, \u015f\u00f6yle konu\u015ftu:<\/p>\n<p>&#8220;Bu birikimle, altyap\u0131yla, ekosistemle y\u00fcksek teknoloji yat\u0131r\u0131mlar\u0131n\u0131; \u00e7ip, batarya gibi, g\u00fcne\u015f h\u00fccresi, r\u00fczgar t\u00fcrbinleri gibi alanlarda T\u00fcrkiye&#8217;de h\u0131zland\u0131racak ve in\u015fallah milletimizin gelece\u011fini daha ayd\u0131nl\u0131k k\u0131lacak ad\u0131mlar\u0131 hep birlikte ataca\u011f\u0131z. Biz sizlere inan\u0131yoruz, sizlere g\u00fcveniyoruz. T\u00fcrk Amerikan toplumu olarak burada s\u00fcrd\u00fcrd\u00fc\u011f\u00fcm\u00fcz \u00e7al\u0131\u015fmalar, Allah&#8217;\u0131n izniyle bizi hedeflerimize \u00e7ok daha h\u0131zl\u0131 yakla\u015ft\u0131racak.&#8221;<\/p>\n<\/p><\/div>\n","protected":false},"excerpt":{"rendered":"<p>Birle\u015fmi\u015f Milletler (BM) 79. Genel Kurulu&#8217;na kat\u0131lmak \u00fczere New York&#8217;ta bulunan Cumhurba\u015fkan\u0131 Recep Tayyip Erdo\u011fan&#8217;a e\u015flik eden Kac\u0131r, Anadolu Aslanlar\u0131 \u0130\u015f Adamlar\u0131 Derne\u011finin (ASKON) ABD \u015fubesi taraf\u0131ndan d\u00fczenlenen etkinlikte, T\u00fcrkiye&#8217;nin sanayi ve teknoloji alan\u0131nda kaydetti\u011fi ilerlemeyi anlatt\u0131. T\u00fcrkiye&#8217;nin 22 y\u0131l \u00f6ncesinden \u00e7ok daha g\u00fc\u00e7l\u00fc, s\u00f6z\u00fc tesirli, g\u00fcc\u00fc etkili bir \u00fclke oldu\u011funu s\u00f6yleyen Kac\u0131r, bu ba\u015far\u0131<\/p>\n","protected":false},"author":1,"featured_media":63570,"comment_status":"open","ping_status":"open","sticky":false,"template":"","format":"standard","meta":{"footnotes":""},"categories":[83],"tags":[],"class_list":["post-64663","post","type-post","status-publish","format-standard","has-post-thumbnail","hentry","category-magazin"],"yoast_head":"<!-- This site is optimized with the Yoast SEO plugin v28.3 - https:\/\/yoast.com\/product\/yoast-seo-wordpress\/ -->\n<title>Kac\u0131r: Milletimizin gelece\u011fini daha ayd\u0131nl\u0131k k\u0131lacak ad\u0131mlar\u0131 hep birlikte ataca\u011f\u0131z -<\/title>\n<meta name=\"robots\" content=\"index, follow, max-snippet:-1, max-image-preview:large, max-video-preview:-1\" \/>\n<link rel=\"canonical\" href=\"https:\/\/kibrisdakik.com\/?p=64663\" \/>\n<meta property=\"og:locale\" content=\"tr_TR\" \/>\n<meta property=\"og:type\" content=\"article\" \/>\n<meta property=\"og:title\" content=\"Kac\u0131r: Milletimizin gelece\u011fini daha ayd\u0131nl\u0131k k\u0131lacak ad\u0131mlar\u0131 hep birlikte ataca\u011f\u0131z -\" \/>\n<meta property=\"og:description\" content=\"Birle\u015fmi\u015f Milletler (BM) 79. Genel Kurulu&#8217;na kat\u0131lmak \u00fczere New York&#8217;ta bulunan Cumhurba\u015fkan\u0131 Recep Tayyip Erdo\u011fan&#8217;a e\u015flik eden Kac\u0131r, Anadolu Aslanlar\u0131 \u0130\u015f Adamlar\u0131 Derne\u011finin (ASKON) ABD \u015fubesi taraf\u0131ndan d\u00fczenlenen etkinlikte, T\u00fcrkiye&#8217;nin sanayi ve teknoloji alan\u0131nda kaydetti\u011fi ilerlemeyi anlatt\u0131. T\u00fcrkiye&#8217;nin 22 y\u0131l \u00f6ncesinden \u00e7ok daha g\u00fc\u00e7l\u00fc, s\u00f6z\u00fc tesirli, g\u00fcc\u00fc etkili bir \u00fclke oldu\u011funu s\u00f6yleyen Kac\u0131r, bu ba\u015far\u0131\" \/>\n<meta property=\"og:url\" content=\"https:\/\/kibrisdakik.com\/?p=64663\" \/>\n<meta property=\"article:published_time\" content=\"2024-09-24T21:37:00+00:00\" \/>\n<meta property=\"og:image\" content=\"https:\/\/kibrisdakik.com\/wp-content\/uploads\/2024\/09\/mehmet-fatih-kacir-g9mk-cover-fetv-xswk_cover-740x420.jpg\" \/>\n\t<meta property=\"og:image:width\" content=\"1280\" \/>\n\t<meta property=\"og:image:height\" content=\"720\" \/>\n\t<meta property=\"og:image:type\" content=\"image\/jpeg\" \/>\n<meta name=\"author\" content=\"admin\" \/>\n<meta name=\"twitter:card\" content=\"summary_large_image\" \/>\n<meta name=\"twitter:label1\" content=\"Yazan:\" \/>\n\t<meta name=\"twitter:data1\" content=\"admin\" \/>\n\t<meta name=\"twitter:label2\" content=\"Tahmini okuma s\u00fcresi\" \/>\n\t<meta name=\"twitter:data2\" content=\"3 dakika\" \/>\n<script type=\"application\/ld+json\" class=\"yoast-schema-graph\">{\"@context\":\"https:\\\/\\\/schema.org\",\"@graph\":[{\"@type\":\"Article\",\"@id\":\"https:\\\/\\\/kibrisdakik.com\\\/?p=64663#article\",\"isPartOf\":{\"@id\":\"https:\\\/\\\/kibrisdakik.com\\\/?p=64663\"},\"author\":{\"name\":\"admin\",\"@id\":\"https:\\\/\\\/kibrisdakik.com\\\/#\\\/schema\\\/person\\\/9cd9d437bbb44f72b73ba127e06d8e79\"},\"headline\":\"Kac\u0131r: Milletimizin gelece\u011fini daha ayd\u0131nl\u0131k k\u0131lacak ad\u0131mlar\u0131 hep birlikte ataca\u011f\u0131z\",\"datePublished\":\"2024-09-24T21:37:00+00:00\",\"mainEntityOfPage\":{\"@id\":\"https:\\\/\\\/kibrisdakik.com\\\/?p=64663\"},\"wordCount\":713,\"commentCount\":0,\"publisher\":{\"@id\":\"https:\\\/\\\/kibrisdakik.com\\\/#organization\"},\"image\":{\"@id\":\"https:\\\/\\\/kibrisdakik.com\\\/?p=64663#primaryimage\"},\"thumbnailUrl\":\"https:\\\/\\\/kibrisdakik.com\\\/wp-content\\\/uploads\\\/2024\\\/09\\\/mehmet-fatih-kacir-g9mk-cover-fetv-xswk_cover-740x420.jpg\",\"articleSection\":[\"Magazin\"],\"inLanguage\":\"tr\",\"potentialAction\":[{\"@type\":\"CommentAction\",\"name\":\"Comment\",\"target\":[\"https:\\\/\\\/kibrisdakik.com\\\/?p=64663#respond\"]}]},{\"@type\":\"WebPage\",\"@id\":\"https:\\\/\\\/kibrisdakik.com\\\/?p=64663\",\"url\":\"https:\\\/\\\/kibrisdakik.com\\\/?p=64663\",\"name\":\"Kac\u0131r: Milletimizin gelece\u011fini daha ayd\u0131nl\u0131k k\u0131lacak ad\u0131mlar\u0131 hep birlikte ataca\u011f\u0131z -\",\"isPartOf\":{\"@id\":\"https:\\\/\\\/kibrisdakik.com\\\/#website\"},\"primaryImageOfPage\":{\"@id\":\"https:\\\/\\\/kibrisdakik.com\\\/?p=64663#primaryimage\"},\"image\":{\"@id\":\"https:\\\/\\\/kibrisdakik.com\\\/?p=64663#primaryimage\"},\"thumbnailUrl\":\"https:\\\/\\\/kibrisdakik.com\\\/wp-content\\\/uploads\\\/2024\\\/09\\\/mehmet-fatih-kacir-g9mk-cover-fetv-xswk_cover-740x420.jpg\",\"datePublished\":\"2024-09-24T21:37:00+00:00\",\"breadcrumb\":{\"@id\":\"https:\\\/\\\/kibrisdakik.com\\\/?p=64663#breadcrumb\"},\"inLanguage\":\"tr\",\"potentialAction\":[{\"@type\":\"ReadAction\",\"target\":[\"https:\\\/\\\/kibrisdakik.com\\\/?p=64663\"]}]},{\"@type\":\"ImageObject\",\"inLanguage\":\"tr\",\"@id\":\"https:\\\/\\\/kibrisdakik.com\\\/?p=64663#primaryimage\",\"url\":\"https:\\\/\\\/kibrisdakik.com\\\/wp-content\\\/uploads\\\/2024\\\/09\\\/mehmet-fatih-kacir-g9mk-cover-fetv-xswk_cover-740x420.jpg\",\"contentUrl\":\"https:\\\/\\\/kibrisdakik.com\\\/wp-content\\\/uploads\\\/2024\\\/09\\\/mehmet-fatih-kacir-g9mk-cover-fetv-xswk_cover-740x420.jpg\",\"width\":1280,\"height\":720},{\"@type\":\"BreadcrumbList\",\"@id\":\"https:\\\/\\\/kibrisdakik.com\\\/?p=64663#breadcrumb\",\"itemListElement\":[{\"@type\":\"ListItem\",\"position\":1,\"name\":\"Home\",\"item\":\"https:\\\/\\\/kibrisdakik.com\\\/\"},{\"@type\":\"ListItem\",\"position\":2,\"name\":\"Kac\u0131r: Milletimizin gelece\u011fini daha ayd\u0131nl\u0131k k\u0131lacak ad\u0131mlar\u0131 hep birlikte ataca\u011f\u0131z\"}]},{\"@type\":\"WebSite\",\"@id\":\"https:\\\/\\\/kibrisdakik.com\\\/#website\",\"url\":\"https:\\\/\\\/kibrisdakik.com\\\/\",\"name\":\"K\u0131br\u0131s Dakik\",\"description\":\"Tam vaktinde haber\",\"publisher\":{\"@id\":\"https:\\\/\\\/kibrisdakik.com\\\/#organization\"},\"potentialAction\":[{\"@type\":\"SearchAction\",\"target\":{\"@type\":\"EntryPoint\",\"urlTemplate\":\"https:\\\/\\\/kibrisdakik.com\\\/?s={search_term_string}\"},\"query-input\":{\"@type\":\"PropertyValueSpecification\",\"valueRequired\":true,\"valueName\":\"search_term_string\"}}],\"inLanguage\":\"tr\"},{\"@type\":\"Organization\",\"@id\":\"https:\\\/\\\/kibrisdakik.com\\\/#organization\",\"name\":\"K\u0131br\u0131s Dakik\",\"url\":\"https:\\\/\\\/kibrisdakik.com\\\/\",\"logo\":{\"@type\":\"ImageObject\",\"inLanguage\":\"tr\",\"@id\":\"https:\\\/\\\/kibrisdakik.com\\\/#\\\/schema\\\/logo\\\/image\\\/\",\"url\":\"https:\\\/\\\/kibrisdakik.com\\\/wp-content\\\/uploads\\\/2025\\\/10\\\/cropped-WhatsApp-Image-2025-10-02-at-12.58.31.jpeg\",\"contentUrl\":\"https:\\\/\\\/kibrisdakik.com\\\/wp-content\\\/uploads\\\/2025\\\/10\\\/cropped-WhatsApp-Image-2025-10-02-at-12.58.31.jpeg\",\"width\":1237,\"height\":190,\"caption\":\"K\u0131br\u0131s Dakik\"},\"image\":{\"@id\":\"https:\\\/\\\/kibrisdakik.com\\\/#\\\/schema\\\/logo\\\/image\\\/\"}},{\"@type\":\"Person\",\"@id\":\"https:\\\/\\\/kibrisdakik.com\\\/#\\\/schema\\\/person\\\/9cd9d437bbb44f72b73ba127e06d8e79\",\"name\":\"admin\",\"image\":{\"@type\":\"ImageObject\",\"inLanguage\":\"tr\",\"@id\":\"https:\\\/\\\/secure.gravatar.com\\\/avatar\\\/ccc17943b9d660506c869530f897617f7cb1c21a4bf30023f252596d83e1f007?s=96&d=mm&r=g\",\"url\":\"https:\\\/\\\/secure.gravatar.com\\\/avatar\\\/ccc17943b9d660506c869530f897617f7cb1c21a4bf30023f252596d83e1f007?s=96&d=mm&r=g\",\"contentUrl\":\"https:\\\/\\\/secure.gravatar.com\\\/avatar\\\/ccc17943b9d660506c869530f897617f7cb1c21a4bf30023f252596d83e1f007?s=96&d=mm&r=g\",\"caption\":\"admin\"},\"sameAs\":[\"https:\\\/\\\/kibrisdakik.com\"],\"url\":\"https:\\\/\\\/kibrisdakik.com\\\/?author=1\"}]}<\/script>\n<!-- \/ Yoast SEO plugin. -->","yoast_head_json":{"title":"Kac\u0131r: Milletimizin gelece\u011fini daha ayd\u0131nl\u0131k k\u0131lacak ad\u0131mlar\u0131 hep birlikte ataca\u011f\u0131z -","robots":{"index":"index","follow":"follow","max-snippet":"max-snippet:-1","max-image-preview":"max-image-preview:large","max-video-preview":"max-video-preview:-1"},"canonical":"https:\/\/kibrisdakik.com\/?p=64663","og_locale":"tr_TR","og_type":"article","og_title":"Kac\u0131r: Milletimizin gelece\u011fini daha ayd\u0131nl\u0131k k\u0131lacak ad\u0131mlar\u0131 hep birlikte ataca\u011f\u0131z -","og_description":"Birle\u015fmi\u015f Milletler (BM) 79. Genel Kurulu&#8217;na kat\u0131lmak \u00fczere New York&#8217;ta bulunan Cumhurba\u015fkan\u0131 Recep Tayyip Erdo\u011fan&#8217;a e\u015flik eden Kac\u0131r, Anadolu Aslanlar\u0131 \u0130\u015f Adamlar\u0131 Derne\u011finin (ASKON) ABD \u015fubesi taraf\u0131ndan d\u00fczenlenen etkinlikte, T\u00fcrkiye&#8217;nin sanayi ve teknoloji alan\u0131nda kaydetti\u011fi ilerlemeyi anlatt\u0131. T\u00fcrkiye&#8217;nin 22 y\u0131l \u00f6ncesinden \u00e7ok daha g\u00fc\u00e7l\u00fc, s\u00f6z\u00fc tesirli, g\u00fcc\u00fc etkili bir \u00fclke oldu\u011funu s\u00f6yleyen Kac\u0131r, bu ba\u015far\u0131","og_url":"https:\/\/kibrisdakik.com\/?p=64663","article_published_time":"2024-09-24T21:37:00+00:00","og_image":[{"width":1280,"height":720,"url":"https:\/\/kibrisdakik.com\/wp-content\/uploads\/2024\/09\/mehmet-fatih-kacir-g9mk-cover-fetv-xswk_cover-740x420.jpg","type":"image\/jpeg"}],"author":"admin","twitter_card":"summary_large_image","twitter_misc":{"Yazan:":"admin","Tahmini okuma s\u00fcresi":"3 dakika"},"schema":{"@context":"https:\/\/schema.org","@graph":[{"@type":"Article","@id":"https:\/\/kibrisdakik.com\/?p=64663#article","isPartOf":{"@id":"https:\/\/kibrisdakik.com\/?p=64663"},"author":{"name":"admin","@id":"https:\/\/kibrisdakik.com\/#\/schema\/person\/9cd9d437bbb44f72b73ba127e06d8e79"},"headline":"Kac\u0131r: Milletimizin gelece\u011fini daha ayd\u0131nl\u0131k k\u0131lacak ad\u0131mlar\u0131 hep birlikte ataca\u011f\u0131z","datePublished":"2024-09-24T21:37:00+00:00","mainEntityOfPage":{"@id":"https:\/\/kibrisdakik.com\/?p=64663"},"wordCount":713,"commentCount":0,"publisher":{"@id":"https:\/\/kibrisdakik.com\/#organization"},"image":{"@id":"https:\/\/kibrisdakik.com\/?p=64663#primaryimage"},"thumbnailUrl":"https:\/\/kibrisdakik.com\/wp-content\/uploads\/2024\/09\/mehmet-fatih-kacir-g9mk-cover-fetv-xswk_cover-740x420.jpg","articleSection":["Magazin"],"inLanguage":"tr","potentialAction":[{"@type":"CommentAction","name":"Comment","target":["https:\/\/kibrisdakik.com\/?p=64663#respond"]}]},{"@type":"WebPage","@id":"https:\/\/kibrisdakik.com\/?p=64663","url":"https:\/\/kibrisdakik.com\/?p=64663","name":"Kac\u0131r: Milletimizin gelece\u011fini daha ayd\u0131nl\u0131k k\u0131lacak ad\u0131mlar\u0131 hep birlikte ataca\u011f\u0131z -","isPartOf":{"@id":"https:\/\/kibrisdakik.com\/#website"},"primaryImageOfPage":{"@id":"https:\/\/kibrisdakik.com\/?p=64663#primaryimage"},"image":{"@id":"https:\/\/kibrisdakik.com\/?p=64663#primaryimage"},"thumbnailUrl":"https:\/\/kibrisdakik.com\/wp-content\/uploads\/2024\/09\/mehmet-fatih-kacir-g9mk-cover-fetv-xswk_cover-740x420.jpg","datePublished":"2024-09-24T21:37:00+00:00","breadcrumb":{"@id":"https:\/\/kibrisdakik.com\/?p=64663#breadcrumb"},"inLanguage":"tr","potentialAction":[{"@type":"ReadAction","target":["https:\/\/kibrisdakik.com\/?p=64663"]}]},{"@type":"ImageObject","inLanguage":"tr","@id":"https:\/\/kibrisdakik.com\/?p=64663#primaryimage","url":"https:\/\/kibrisdakik.com\/wp-content\/uploads\/2024\/09\/mehmet-fatih-kacir-g9mk-cover-fetv-xswk_cover-740x420.jpg","contentUrl":"https:\/\/kibrisdakik.com\/wp-content\/uploads\/2024\/09\/mehmet-fatih-kacir-g9mk-cover-fetv-xswk_cover-740x420.jpg","width":1280,"height":720},{"@type":"BreadcrumbList","@id":"https:\/\/kibrisdakik.com\/?p=64663#breadcrumb","itemListElement":[{"@type":"ListItem","position":1,"name":"Home","item":"https:\/\/kibrisdakik.com\/"},{"@type":"ListItem","position":2,"name":"Kac\u0131r: Milletimizin gelece\u011fini daha ayd\u0131nl\u0131k k\u0131lacak ad\u0131mlar\u0131 hep birlikte ataca\u011f\u0131z"}]},{"@type":"WebSite","@id":"https:\/\/kibrisdakik.com\/#website","url":"https:\/\/kibrisdakik.com\/","name":"K\u0131br\u0131s Dakik","description":"Tam vaktinde haber","publisher":{"@id":"https:\/\/kibrisdakik.com\/#organization"},"potentialAction":[{"@type":"SearchAction","target":{"@type":"EntryPoint","urlTemplate":"https:\/\/kibrisdakik.com\/?s={search_term_string}"},"query-input":{"@type":"PropertyValueSpecification","valueRequired":true,"valueName":"search_term_string"}}],"inLanguage":"tr"},{"@type":"Organization","@id":"https:\/\/kibrisdakik.com\/#organization","name":"K\u0131br\u0131s Dakik","url":"https:\/\/kibrisdakik.com\/","logo":{"@type":"ImageObject","inLanguage":"tr","@id":"https:\/\/kibrisdakik.com\/#\/schema\/logo\/image\/","url":"https:\/\/kibrisdakik.com\/wp-content\/uploads\/2025\/10\/cropped-WhatsApp-Image-2025-10-02-at-12.58.31.jpeg","contentUrl":"https:\/\/kibrisdakik.com\/wp-content\/uploads\/2025\/10\/cropped-WhatsApp-Image-2025-10-02-at-12.58.31.jpeg","width":1237,"height":190,"caption":"K\u0131br\u0131s Dakik"},"image":{"@id":"https:\/\/kibrisdakik.com\/#\/schema\/logo\/image\/"}},{"@type":"Person","@id":"https:\/\/kibrisdakik.com\/#\/schema\/person\/9cd9d437bbb44f72b73ba127e06d8e79","name":"admin","image":{"@type":"ImageObject","inLanguage":"tr","@id":"https:\/\/secure.gravatar.com\/avatar\/ccc17943b9d660506c869530f897617f7cb1c21a4bf30023f252596d83e1f007?s=96&d=mm&r=g","url":"https:\/\/secure.gravatar.com\/avatar\/ccc17943b9d660506c869530f897617f7cb1c21a4bf30023f252596d83e1f007?s=96&d=mm&r=g","contentUrl":"https:\/\/secure.gravatar.com\/avatar\/ccc17943b9d660506c869530f897617f7cb1c21a4bf30023f252596d83e1f007?s=96&d=mm&r=g","caption":"admin"},"sameAs":["https:\/\/kibrisdakik.com"],"url":"https:\/\/kibrisdakik.com\/?author=1"}]}},"_links":{"self":[{"href":"https:\/\/kibrisdakik.com\/index.php?rest_route=\/wp\/v2\/posts\/64663","targetHints":{"allow":["GET"]}}],"collection":[{"href":"https:\/\/kibrisdakik.com\/index.php?rest_route=\/wp\/v2\/posts"}],"about":[{"href":"https:\/\/kibrisdakik.com\/index.php?rest_route=\/wp\/v2\/types\/post"}],"author":[{"embeddable":true,"href":"https:\/\/kibrisdakik.com\/index.php?rest_route=\/wp\/v2\/users\/1"}],"replies":[{"embeddable":true,"href":"https:\/\/kibrisdakik.com\/index.php?rest_route=%2Fwp%2Fv2%2Fcomments&post=64663"}],"version-history":[{"count":0,"href":"https:\/\/kibrisdakik.com\/index.php?rest_route=\/wp\/v2\/posts\/64663\/revisions"}],"wp:featuredmedia":[{"embeddable":true,"href":"https:\/\/kibrisdakik.com\/index.php?rest_route=\/wp\/v2\/media\/63570"}],"wp:attachment":[{"href":"https:\/\/kibrisdakik.com\/index.php?rest_route=%2Fwp%2Fv2%2Fmedia&parent=64663"}],"wp:term":[{"taxonomy":"category","embeddable":true,"href":"https:\/\/kibrisdakik.com\/index.php?rest_route=%2Fwp%2Fv2%2Fcategories&post=64663"},{"taxonomy":"post_tag","embeddable":true,"href":"https:\/\/kibrisdakik.com\/index.php?rest_route=%2Fwp%2Fv2%2Ftags&post=64663"}],"curies":[{"name":"wp","href":"https:\/\/api.w.org\/{rel}","templated":true}]}}