{"id":64684,"date":"2024-09-25T11:17:09","date_gmt":"2024-09-25T08:17:09","guid":{"rendered":"https:\/\/kibrisdakik.com\/index.php\/2024\/09\/25\/ubp-milletvekili-kucuk-erdogan-bm-genel-kurulundaki-konusmasiyla-duygularimiza-tercuman-oldu\/"},"modified":"2024-09-25T11:17:09","modified_gmt":"2024-09-25T08:17:09","slug":"ubp-milletvekili-kucuk-erdogan-bm-genel-kurulundaki-konusmasiyla-duygularimiza-tercuman-oldu","status":"publish","type":"post","link":"https:\/\/kibrisdakik.com\/?p=64684","title":{"rendered":"UBP Milletvekili K\u00fc\u00e7\u00fck: \u201cErdo\u011fan BM Genel Kurulu\u2019ndaki konu\u015fmas\u0131yla duygular\u0131m\u0131za terc\u00fcman oldu\u201d"},"content":{"rendered":"<div>\n<div class=\"mariselle-image-container center\">\n                                            <\/div>\n<p>\u00a0<\/p>\n<p style=\"font-weight: 300 !important;\">\u00a0Ulusal Birlik Partisi (UBP) Girne Milletvekili Hasan K\u00fc\u00e7\u00fck, Anavatan T\u00fcrkiye Cumhurba\u015fkan\u0131 Recep Tayyip Erdo\u011fan\u2019\u0131n BM Genel Kurulu\u2019nda yapt\u0131\u011f\u0131 konu\u015fmayla K\u0131br\u0131s T\u00fcrklerinin hak ve menfaatlerinin korunaca\u011f\u0131n\u0131 yineledi\u011fini ve duygular\u0131na terc\u00fcman oldu\u011funu belirtti.<\/p>\n<p style=\"font-weight: 300 !important;\">K\u00fc\u00e7\u00fck, yaz\u0131l\u0131 a\u00e7\u0131klamas\u0131nda, Erdo\u011fan\u2019\u0131n BM k\u00fcrs\u00fcs\u00fcndeki konu\u015fmas\u0131yla kendilerini onurland\u0131rd\u0131\u011f\u0131n\u0131 ifade etti. Hasan K\u00fc\u00e7\u00fck, Erdo\u011fan\u2019\u0131n K\u0131br\u0131sl\u0131 T\u00fcrklerin \u00f6zden gelen haklar\u0131n\u0131n garanti alt\u0131na al\u0131nmas\u0131, iki devletli \u00e7\u00f6z\u00fcm vizyonunun kabul g\u00f6rmesi ve di\u011fer devletlerin KKTC ile her alanda ili\u015fkiler kurmas\u0131 y\u00f6n\u00fcndeki \u00e7a\u011fr\u0131s\u0131n\u0131 selamlad\u0131.<\/p>\n<p style=\"font-weight: 300 !important;\">Erdo\u011fan\u2019a konu\u015fmas\u0131 i\u00e7in te\u015fekk\u00fcr eden K\u00fc\u00e7\u00fck a\u00e7\u0131klamas\u0131nda \u015fu ifadelere yer verdi:<\/p>\n<p style=\"font-weight: 300 !important;\">\u201cErdo\u011fan, 50 y\u0131l boyunca y\u00fcr\u00fct\u00fclen federasyon g\u00f6r\u00fc\u015fmelerinin bir sonucunun olmad\u0131\u011f\u0131n\u0131 ve art\u0131k \u00e7a\u011fd\u0131\u015f\u0131 kalan bu g\u00f6r\u00fc\u015fme metoduna tekrar d\u00f6n\u00fclmeyece\u011fini, BM k\u00fcrs\u00fcs\u00fcnden G\u00fcney K\u0131br\u0131s heyetine ve t\u00fcm d\u00fcnyaya tekrarlam\u0131\u015ft\u0131r. Burada art\u0131k bizlere d\u00fc\u015fen kendi yolumuzu Anavatan\u0131m\u0131z T\u00fcrkiye ile birlikte \u00e7izerken bilimsellikten \u00f6d\u00fcn vermeden milli \u015fuur i\u00e7erisinde \u00e7al\u0131\u015fmakt\u0131r. Bu vesileyle Say\u0131n Erdo\u011fan\u2019a \u015fahs\u0131m ve halk\u0131n ad\u0131na te\u015fekk\u00fcrlerimi sunuyorum.\u201d<\/p>\n<\/div>\n<p><script async\n                    defer\n                    crossorigin=\"anonymous\"\n                    src=\"https:\/\/connect.facebook.net\/tr_TR\/sdk.js#xfbml=1&#038;version=v3.3\"\n            ><\/script><\/p>\n","protected":false},"excerpt":{"rendered":"<p>\u00a0 \u00a0Ulusal Birlik Partisi (UBP) Girne Milletvekili Hasan K\u00fc\u00e7\u00fck, Anavatan T\u00fcrkiye Cumhurba\u015fkan\u0131 Recep Tayyip Erdo\u011fan\u2019\u0131n BM Genel Kurulu\u2019nda yapt\u0131\u011f\u0131 konu\u015fmayla K\u0131br\u0131s T\u00fcrklerinin hak ve menfaatlerinin korunaca\u011f\u0131n\u0131 yineledi\u011fini ve duygular\u0131na terc\u00fcman oldu\u011funu belirtti. K\u00fc\u00e7\u00fck, yaz\u0131l\u0131 a\u00e7\u0131klamas\u0131nda, Erdo\u011fan\u2019\u0131n BM k\u00fcrs\u00fcs\u00fcndeki konu\u015fmas\u0131yla kendilerini onurland\u0131rd\u0131\u011f\u0131n\u0131 ifade etti. Hasan K\u00fc\u00e7\u00fck, Erdo\u011fan\u2019\u0131n K\u0131br\u0131sl\u0131 T\u00fcrklerin \u00f6zden gelen haklar\u0131n\u0131n garanti alt\u0131na al\u0131nmas\u0131, iki<\/p>\n","protected":false},"author":1,"featured_media":64685,"comment_status":"open","ping_status":"open","sticky":false,"template":"","format":"standard","meta":{"footnotes":""},"categories":[81],"tags":[],"class_list":["post-64684","post","type-post","status-publish","format-standard","has-post-thumbnail","hentry","category-kibris"],"yoast_head":"<!-- This site is optimized with the Yoast SEO plugin v27.5 - https:\/\/yoast.com\/product\/yoast-seo-wordpress\/ -->\n<title>UBP Milletvekili K\u00fc\u00e7\u00fck: \u201cErdo\u011fan BM Genel Kurulu\u2019ndaki konu\u015fmas\u0131yla duygular\u0131m\u0131za terc\u00fcman oldu\u201d -<\/title>\n<meta name=\"robots\" content=\"index, follow, max-snippet:-1, max-image-preview:large, max-video-preview:-1\" \/>\n<link rel=\"canonical\" href=\"https:\/\/kibrisdakik.com\/?p=64684\" \/>\n<meta property=\"og:locale\" content=\"tr_TR\" \/>\n<meta property=\"og:type\" content=\"article\" \/>\n<meta property=\"og:title\" content=\"UBP Milletvekili K\u00fc\u00e7\u00fck: \u201cErdo\u011fan BM Genel Kurulu\u2019ndaki konu\u015fmas\u0131yla duygular\u0131m\u0131za terc\u00fcman oldu\u201d -\" \/>\n<meta property=\"og:description\" content=\"\u00a0 \u00a0Ulusal Birlik Partisi (UBP) Girne Milletvekili Hasan K\u00fc\u00e7\u00fck, Anavatan T\u00fcrkiye Cumhurba\u015fkan\u0131 Recep Tayyip Erdo\u011fan\u2019\u0131n BM Genel Kurulu\u2019nda yapt\u0131\u011f\u0131 konu\u015fmayla K\u0131br\u0131s T\u00fcrklerinin hak ve menfaatlerinin korunaca\u011f\u0131n\u0131 yineledi\u011fini ve duygular\u0131na terc\u00fcman oldu\u011funu belirtti. K\u00fc\u00e7\u00fck, yaz\u0131l\u0131 a\u00e7\u0131klamas\u0131nda, Erdo\u011fan\u2019\u0131n BM k\u00fcrs\u00fcs\u00fcndeki konu\u015fmas\u0131yla kendilerini onurland\u0131rd\u0131\u011f\u0131n\u0131 ifade etti. Hasan K\u00fc\u00e7\u00fck, Erdo\u011fan\u2019\u0131n K\u0131br\u0131sl\u0131 T\u00fcrklerin \u00f6zden gelen haklar\u0131n\u0131n garanti alt\u0131na al\u0131nmas\u0131, iki\" \/>\n<meta property=\"og:url\" content=\"https:\/\/kibrisdakik.com\/?p=64684\" \/>\n<meta property=\"article:published_time\" content=\"2024-09-25T08:17:09+00:00\" \/>\n<meta property=\"og:image\" content=\"https:\/\/kibrisdakik.com\/wp-content\/uploads\/2024\/09\/hasan-kucuk25-740x420.jpg\" \/>\n\t<meta property=\"og:image:width\" content=\"1600\" \/>\n\t<meta property=\"og:image:height\" content=\"1066\" \/>\n\t<meta property=\"og:image:type\" content=\"image\/jpeg\" \/>\n<meta name=\"author\" content=\"admin\" \/>\n<meta name=\"twitter:card\" content=\"summary_large_image\" \/>\n<meta name=\"twitter:label1\" content=\"Yazan:\" \/>\n\t<meta name=\"twitter:data1\" content=\"admin\" \/>\n\t<meta name=\"twitter:label2\" content=\"Tahmini okuma s\u00fcresi\" \/>\n\t<meta name=\"twitter:data2\" content=\"1 dakika\" \/>\n<script type=\"application\/ld+json\" class=\"yoast-schema-graph\">{\"@context\":\"https:\\\/\\\/schema.org\",\"@graph\":[{\"@type\":\"Article\",\"@id\":\"https:\\\/\\\/kibrisdakik.com\\\/?p=64684#article\",\"isPartOf\":{\"@id\":\"https:\\\/\\\/kibrisdakik.com\\\/?p=64684\"},\"author\":{\"name\":\"admin\",\"@id\":\"https:\\\/\\\/kibrisdakik.com\\\/#\\\/schema\\\/person\\\/9cd9d437bbb44f72b73ba127e06d8e79\"},\"headline\":\"UBP Milletvekili K\u00fc\u00e7\u00fck: \u201cErdo\u011fan BM Genel Kurulu\u2019ndaki konu\u015fmas\u0131yla duygular\u0131m\u0131za terc\u00fcman oldu\u201d\",\"datePublished\":\"2024-09-25T08:17:09+00:00\",\"mainEntityOfPage\":{\"@id\":\"https:\\\/\\\/kibrisdakik.com\\\/?p=64684\"},\"wordCount\":254,\"commentCount\":0,\"image\":{\"@id\":\"https:\\\/\\\/kibrisdakik.com\\\/?p=64684#primaryimage\"},\"thumbnailUrl\":\"https:\\\/\\\/kibrisdakik.com\\\/wp-content\\\/uploads\\\/2024\\\/09\\\/hasan-kucuk25-740x420.jpg\",\"articleSection\":[\"K\u0131br\u0131s\"],\"inLanguage\":\"tr\",\"potentialAction\":[{\"@type\":\"CommentAction\",\"name\":\"Comment\",\"target\":[\"https:\\\/\\\/kibrisdakik.com\\\/?p=64684#respond\"]}]},{\"@type\":\"WebPage\",\"@id\":\"https:\\\/\\\/kibrisdakik.com\\\/?p=64684\",\"url\":\"https:\\\/\\\/kibrisdakik.com\\\/?p=64684\",\"name\":\"UBP Milletvekili K\u00fc\u00e7\u00fck: \u201cErdo\u011fan BM Genel Kurulu\u2019ndaki konu\u015fmas\u0131yla duygular\u0131m\u0131za terc\u00fcman oldu\u201d -\",\"isPartOf\":{\"@id\":\"https:\\\/\\\/kibrisdakik.com\\\/#website\"},\"primaryImageOfPage\":{\"@id\":\"https:\\\/\\\/kibrisdakik.com\\\/?p=64684#primaryimage\"},\"image\":{\"@id\":\"https:\\\/\\\/kibrisdakik.com\\\/?p=64684#primaryimage\"},\"thumbnailUrl\":\"https:\\\/\\\/kibrisdakik.com\\\/wp-content\\\/uploads\\\/2024\\\/09\\\/hasan-kucuk25-740x420.jpg\",\"datePublished\":\"2024-09-25T08:17:09+00:00\",\"author\":{\"@id\":\"https:\\\/\\\/kibrisdakik.com\\\/#\\\/schema\\\/person\\\/9cd9d437bbb44f72b73ba127e06d8e79\"},\"breadcrumb\":{\"@id\":\"https:\\\/\\\/kibrisdakik.com\\\/?p=64684#breadcrumb\"},\"inLanguage\":\"tr\",\"potentialAction\":[{\"@type\":\"ReadAction\",\"target\":[\"https:\\\/\\\/kibrisdakik.com\\\/?p=64684\"]}]},{\"@type\":\"ImageObject\",\"inLanguage\":\"tr\",\"@id\":\"https:\\\/\\\/kibrisdakik.com\\\/?p=64684#primaryimage\",\"url\":\"https:\\\/\\\/kibrisdakik.com\\\/wp-content\\\/uploads\\\/2024\\\/09\\\/hasan-kucuk25-740x420.jpg\",\"contentUrl\":\"https:\\\/\\\/kibrisdakik.com\\\/wp-content\\\/uploads\\\/2024\\\/09\\\/hasan-kucuk25-740x420.jpg\",\"width\":1600,\"height\":1066},{\"@type\":\"BreadcrumbList\",\"@id\":\"https:\\\/\\\/kibrisdakik.com\\\/?p=64684#breadcrumb\",\"itemListElement\":[{\"@type\":\"ListItem\",\"position\":1,\"name\":\"Home\",\"item\":\"https:\\\/\\\/kibrisdakik.com\\\/\"},{\"@type\":\"ListItem\",\"position\":2,\"name\":\"UBP Milletvekili K\u00fc\u00e7\u00fck: \u201cErdo\u011fan BM Genel Kurulu\u2019ndaki konu\u015fmas\u0131yla duygular\u0131m\u0131za terc\u00fcman oldu\u201d\"}]},{\"@type\":\"WebSite\",\"@id\":\"https:\\\/\\\/kibrisdakik.com\\\/#website\",\"url\":\"https:\\\/\\\/kibrisdakik.com\\\/\",\"name\":\"\",\"description\":\"Tam vaktinde haber\",\"potentialAction\":[{\"@type\":\"SearchAction\",\"target\":{\"@type\":\"EntryPoint\",\"urlTemplate\":\"https:\\\/\\\/kibrisdakik.com\\\/?s={search_term_string}\"},\"query-input\":{\"@type\":\"PropertyValueSpecification\",\"valueRequired\":true,\"valueName\":\"search_term_string\"}}],\"inLanguage\":\"tr\"},{\"@type\":\"Person\",\"@id\":\"https:\\\/\\\/kibrisdakik.com\\\/#\\\/schema\\\/person\\\/9cd9d437bbb44f72b73ba127e06d8e79\",\"name\":\"admin\",\"image\":{\"@type\":\"ImageObject\",\"inLanguage\":\"tr\",\"@id\":\"https:\\\/\\\/secure.gravatar.com\\\/avatar\\\/ccc17943b9d660506c869530f897617f7cb1c21a4bf30023f252596d83e1f007?s=96&d=mm&r=g\",\"url\":\"https:\\\/\\\/secure.gravatar.com\\\/avatar\\\/ccc17943b9d660506c869530f897617f7cb1c21a4bf30023f252596d83e1f007?s=96&d=mm&r=g\",\"contentUrl\":\"https:\\\/\\\/secure.gravatar.com\\\/avatar\\\/ccc17943b9d660506c869530f897617f7cb1c21a4bf30023f252596d83e1f007?s=96&d=mm&r=g\",\"caption\":\"admin\"},\"sameAs\":[\"https:\\\/\\\/kibrisdakik.com\"],\"url\":\"https:\\\/\\\/kibrisdakik.com\\\/?author=1\"}]}<\/script>\n<!-- \/ Yoast SEO plugin. -->","yoast_head_json":{"title":"UBP Milletvekili K\u00fc\u00e7\u00fck: \u201cErdo\u011fan BM Genel Kurulu\u2019ndaki konu\u015fmas\u0131yla duygular\u0131m\u0131za terc\u00fcman oldu\u201d -","robots":{"index":"index","follow":"follow","max-snippet":"max-snippet:-1","max-image-preview":"max-image-preview:large","max-video-preview":"max-video-preview:-1"},"canonical":"https:\/\/kibrisdakik.com\/?p=64684","og_locale":"tr_TR","og_type":"article","og_title":"UBP Milletvekili K\u00fc\u00e7\u00fck: \u201cErdo\u011fan BM Genel Kurulu\u2019ndaki konu\u015fmas\u0131yla duygular\u0131m\u0131za terc\u00fcman oldu\u201d -","og_description":"\u00a0 \u00a0Ulusal Birlik Partisi (UBP) Girne Milletvekili Hasan K\u00fc\u00e7\u00fck, Anavatan T\u00fcrkiye Cumhurba\u015fkan\u0131 Recep Tayyip Erdo\u011fan\u2019\u0131n BM Genel Kurulu\u2019nda yapt\u0131\u011f\u0131 konu\u015fmayla K\u0131br\u0131s T\u00fcrklerinin hak ve menfaatlerinin korunaca\u011f\u0131n\u0131 yineledi\u011fini ve duygular\u0131na terc\u00fcman oldu\u011funu belirtti. K\u00fc\u00e7\u00fck, yaz\u0131l\u0131 a\u00e7\u0131klamas\u0131nda, Erdo\u011fan\u2019\u0131n BM k\u00fcrs\u00fcs\u00fcndeki konu\u015fmas\u0131yla kendilerini onurland\u0131rd\u0131\u011f\u0131n\u0131 ifade etti. Hasan K\u00fc\u00e7\u00fck, Erdo\u011fan\u2019\u0131n K\u0131br\u0131sl\u0131 T\u00fcrklerin \u00f6zden gelen haklar\u0131n\u0131n garanti alt\u0131na al\u0131nmas\u0131, iki","og_url":"https:\/\/kibrisdakik.com\/?p=64684","article_published_time":"2024-09-25T08:17:09+00:00","og_image":[{"width":1600,"height":1066,"url":"https:\/\/kibrisdakik.com\/wp-content\/uploads\/2024\/09\/hasan-kucuk25-740x420.jpg","type":"image\/jpeg"}],"author":"admin","twitter_card":"summary_large_image","twitter_misc":{"Yazan:":"admin","Tahmini okuma s\u00fcresi":"1 dakika"},"schema":{"@context":"https:\/\/schema.org","@graph":[{"@type":"Article","@id":"https:\/\/kibrisdakik.com\/?p=64684#article","isPartOf":{"@id":"https:\/\/kibrisdakik.com\/?p=64684"},"author":{"name":"admin","@id":"https:\/\/kibrisdakik.com\/#\/schema\/person\/9cd9d437bbb44f72b73ba127e06d8e79"},"headline":"UBP Milletvekili K\u00fc\u00e7\u00fck: \u201cErdo\u011fan BM Genel Kurulu\u2019ndaki konu\u015fmas\u0131yla duygular\u0131m\u0131za terc\u00fcman oldu\u201d","datePublished":"2024-09-25T08:17:09+00:00","mainEntityOfPage":{"@id":"https:\/\/kibrisdakik.com\/?p=64684"},"wordCount":254,"commentCount":0,"image":{"@id":"https:\/\/kibrisdakik.com\/?p=64684#primaryimage"},"thumbnailUrl":"https:\/\/kibrisdakik.com\/wp-content\/uploads\/2024\/09\/hasan-kucuk25-740x420.jpg","articleSection":["K\u0131br\u0131s"],"inLanguage":"tr","potentialAction":[{"@type":"CommentAction","name":"Comment","target":["https:\/\/kibrisdakik.com\/?p=64684#respond"]}]},{"@type":"WebPage","@id":"https:\/\/kibrisdakik.com\/?p=64684","url":"https:\/\/kibrisdakik.com\/?p=64684","name":"UBP Milletvekili K\u00fc\u00e7\u00fck: \u201cErdo\u011fan BM Genel Kurulu\u2019ndaki konu\u015fmas\u0131yla duygular\u0131m\u0131za terc\u00fcman oldu\u201d -","isPartOf":{"@id":"https:\/\/kibrisdakik.com\/#website"},"primaryImageOfPage":{"@id":"https:\/\/kibrisdakik.com\/?p=64684#primaryimage"},"image":{"@id":"https:\/\/kibrisdakik.com\/?p=64684#primaryimage"},"thumbnailUrl":"https:\/\/kibrisdakik.com\/wp-content\/uploads\/2024\/09\/hasan-kucuk25-740x420.jpg","datePublished":"2024-09-25T08:17:09+00:00","author":{"@id":"https:\/\/kibrisdakik.com\/#\/schema\/person\/9cd9d437bbb44f72b73ba127e06d8e79"},"breadcrumb":{"@id":"https:\/\/kibrisdakik.com\/?p=64684#breadcrumb"},"inLanguage":"tr","potentialAction":[{"@type":"ReadAction","target":["https:\/\/kibrisdakik.com\/?p=64684"]}]},{"@type":"ImageObject","inLanguage":"tr","@id":"https:\/\/kibrisdakik.com\/?p=64684#primaryimage","url":"https:\/\/kibrisdakik.com\/wp-content\/uploads\/2024\/09\/hasan-kucuk25-740x420.jpg","contentUrl":"https:\/\/kibrisdakik.com\/wp-content\/uploads\/2024\/09\/hasan-kucuk25-740x420.jpg","width":1600,"height":1066},{"@type":"BreadcrumbList","@id":"https:\/\/kibrisdakik.com\/?p=64684#breadcrumb","itemListElement":[{"@type":"ListItem","position":1,"name":"Home","item":"https:\/\/kibrisdakik.com\/"},{"@type":"ListItem","position":2,"name":"UBP Milletvekili K\u00fc\u00e7\u00fck: \u201cErdo\u011fan BM Genel Kurulu\u2019ndaki konu\u015fmas\u0131yla duygular\u0131m\u0131za terc\u00fcman oldu\u201d"}]},{"@type":"WebSite","@id":"https:\/\/kibrisdakik.com\/#website","url":"https:\/\/kibrisdakik.com\/","name":"","description":"Tam vaktinde haber","potentialAction":[{"@type":"SearchAction","target":{"@type":"EntryPoint","urlTemplate":"https:\/\/kibrisdakik.com\/?s={search_term_string}"},"query-input":{"@type":"PropertyValueSpecification","valueRequired":true,"valueName":"search_term_string"}}],"inLanguage":"tr"},{"@type":"Person","@id":"https:\/\/kibrisdakik.com\/#\/schema\/person\/9cd9d437bbb44f72b73ba127e06d8e79","name":"admin","image":{"@type":"ImageObject","inLanguage":"tr","@id":"https:\/\/secure.gravatar.com\/avatar\/ccc17943b9d660506c869530f897617f7cb1c21a4bf30023f252596d83e1f007?s=96&d=mm&r=g","url":"https:\/\/secure.gravatar.com\/avatar\/ccc17943b9d660506c869530f897617f7cb1c21a4bf30023f252596d83e1f007?s=96&d=mm&r=g","contentUrl":"https:\/\/secure.gravatar.com\/avatar\/ccc17943b9d660506c869530f897617f7cb1c21a4bf30023f252596d83e1f007?s=96&d=mm&r=g","caption":"admin"},"sameAs":["https:\/\/kibrisdakik.com"],"url":"https:\/\/kibrisdakik.com\/?author=1"}]}},"_links":{"self":[{"href":"https:\/\/kibrisdakik.com\/index.php?rest_route=\/wp\/v2\/posts\/64684","targetHints":{"allow":["GET"]}}],"collection":[{"href":"https:\/\/kibrisdakik.com\/index.php?rest_route=\/wp\/v2\/posts"}],"about":[{"href":"https:\/\/kibrisdakik.com\/index.php?rest_route=\/wp\/v2\/types\/post"}],"author":[{"embeddable":true,"href":"https:\/\/kibrisdakik.com\/index.php?rest_route=\/wp\/v2\/users\/1"}],"replies":[{"embeddable":true,"href":"https:\/\/kibrisdakik.com\/index.php?rest_route=%2Fwp%2Fv2%2Fcomments&post=64684"}],"version-history":[{"count":0,"href":"https:\/\/kibrisdakik.com\/index.php?rest_route=\/wp\/v2\/posts\/64684\/revisions"}],"wp:featuredmedia":[{"embeddable":true,"href":"https:\/\/kibrisdakik.com\/index.php?rest_route=\/wp\/v2\/media\/64685"}],"wp:attachment":[{"href":"https:\/\/kibrisdakik.com\/index.php?rest_route=%2Fwp%2Fv2%2Fmedia&parent=64684"}],"wp:term":[{"taxonomy":"category","embeddable":true,"href":"https:\/\/kibrisdakik.com\/index.php?rest_route=%2Fwp%2Fv2%2Fcategories&post=64684"},{"taxonomy":"post_tag","embeddable":true,"href":"https:\/\/kibrisdakik.com\/index.php?rest_route=%2Fwp%2Fv2%2Ftags&post=64684"}],"curies":[{"name":"wp","href":"https:\/\/api.w.org\/{rel}","templated":true}]}}