{"id":64712,"date":"2024-09-25T13:33:16","date_gmt":"2024-09-25T10:33:16","guid":{"rendered":"https:\/\/kibrisdakik.com\/index.php\/2024\/09\/25\/ktams-ile-koop-sen-ortak-federasyon-icin-kayit-basvurusunda-bulundu\/"},"modified":"2024-09-25T13:33:16","modified_gmt":"2024-09-25T10:33:16","slug":"ktams-ile-koop-sen-ortak-federasyon-icin-kayit-basvurusunda-bulundu","status":"publish","type":"post","link":"https:\/\/kibrisdakik.com\/?p=64712","title":{"rendered":"KTAMS ile KOOP-SEN ortak federasyon i\u00e7in kay\u0131t ba\u015fvurusunda bulundu"},"content":{"rendered":"<div>\n<div class=\"mariselle-image-container none\">\n                                            <\/div>\n<p>K\u0131br\u0131s T\u00fcrk Amme Memurlar\u0131 Sendikas\u0131 (KTAMS)ve Kooperatif G\u00f6revlileri Sendikas\u0131\u2019n\u0131n (KOOP-SEN)\u00a0kurucu \u00fcyesi olaca\u011f\u0131 K\u0131br\u0131s \u0130\u015f\u00e7i ve Emek\u00e7i Sendikalar\u0131 Federasyonu (K\u0130EF)\u2019in kay\u0131t ba\u015fvurusu \u00f6ncesinde \u00c7al\u0131\u015fma Bakanl\u0131\u011f\u0131\u2019na ba\u011fl\u0131 Sendikalar Mukayyitli\u011fi \u00f6n\u00fcnde bas\u0131n a\u00e7\u0131klamas\u0131 yap\u0131ld\u0131.<\/p>\n<p>K\u0131br\u0131s T\u00fcrk Amme Memurlar\u0131 Sendikas\u0131 Ba\u015fkan\u0131 G\u00fcven Bengihan, federasyon \u00e7at\u0131s\u0131 alt\u0131nda g\u00fc\u00e7lerini birle\u015ftirme karar\u0131 ald\u0131klar\u0131n\u0131 belirterek \u00e7al\u0131\u015fan\u0131n emek\u00e7inin sesini daha fazla duyurmak isteklerini s\u00f6yledi.<\/p>\n<p>\u00a0\u201c Emniyet s\u00fcbab\u0131 olma noktas\u0131nday\u0131z emek\u00e7ilerin kar\u015f\u0131s\u0131nda olanlar\u0131n korkusu olaca\u011f\u0131z. \u00c7al\u0131\u015fanlar\u0131n maa\u015f ve \u00f6zl\u00fck haklar\u0131n\u0131 daha iyi noktaya gelm\u00f6esi i\u00e7in birlikte \u00e7al\u0131\u015faca\u011f\u0131z\u201d\u00a0<\/p>\n<p>Koop-Sen Ba\u015fkan\u0131 Mehmetali G\u00fcr\u00f6z de yapt\u0131\u011f\u0131 a\u00e7\u0131klamada kurumsal bir yap\u0131da daha \u00fcst bir \u00e7at\u0131 alt\u0131nda birlikte m\u00fccadele etme karar\u0131 ald\u0131klar\u0131n\u0131 belirtti.<\/p>\n<p>\u201cKurumsal yap\u0131 alt\u0131nda bir \u00fcst seviyede \u00e7al\u0131\u015fmalar\u0131m\u0131z s\u00fcrecek. B\u00f6l\u00fcnerek de\u011fil birle\u015ferek \u00e7al\u0131\u015fanlara emek\u00e7ilere daha iyi hizmet vermek i\u00e7in m\u00fccadelemize devam edece\u011fiz. Bizimle birlikte y\u00fcr\u00fcmek isteyen sendikalara da federasyona kat\u0131lma \u00e7a\u011fr\u0131s\u0131 yap\u0131yorum\u201d<\/p>\n<p>A\u00e7\u0131klamalar\u0131n ard\u0131ndan sendika yetkilileri Mukayyitli\u011fe Federasyon\u2019un kurulu\u015f ba\u015fvurunu yapt\u0131<\/p>\n<\/p><\/div>\n<p><script async\n                    defer\n                    crossorigin=\"anonymous\"\n                    src=\"https:\/\/connect.facebook.net\/tr_TR\/sdk.js#xfbml=1&#038;version=v3.3\"\n            ><\/script><\/p>\n","protected":false},"excerpt":{"rendered":"<p>K\u0131br\u0131s T\u00fcrk Amme Memurlar\u0131 Sendikas\u0131 (KTAMS)ve Kooperatif G\u00f6revlileri Sendikas\u0131\u2019n\u0131n (KOOP-SEN)\u00a0kurucu \u00fcyesi olaca\u011f\u0131 K\u0131br\u0131s \u0130\u015f\u00e7i ve Emek\u00e7i Sendikalar\u0131 Federasyonu (K\u0130EF)\u2019in kay\u0131t ba\u015fvurusu \u00f6ncesinde \u00c7al\u0131\u015fma Bakanl\u0131\u011f\u0131\u2019na ba\u011fl\u0131 Sendikalar Mukayyitli\u011fi \u00f6n\u00fcnde bas\u0131n a\u00e7\u0131klamas\u0131 yap\u0131ld\u0131. K\u0131br\u0131s T\u00fcrk Amme Memurlar\u0131 Sendikas\u0131 Ba\u015fkan\u0131 G\u00fcven Bengihan, federasyon \u00e7at\u0131s\u0131 alt\u0131nda g\u00fc\u00e7lerini birle\u015ftirme karar\u0131 ald\u0131klar\u0131n\u0131 belirterek \u00e7al\u0131\u015fan\u0131n emek\u00e7inin sesini daha fazla duyurmak isteklerini s\u00f6yledi.<\/p>\n","protected":false},"author":1,"featured_media":64713,"comment_status":"open","ping_status":"open","sticky":false,"template":"","format":"standard","meta":{"footnotes":""},"categories":[81],"tags":[],"class_list":["post-64712","post","type-post","status-publish","format-standard","has-post-thumbnail","hentry","category-kibris"],"yoast_head":"<!-- This site is optimized with the Yoast SEO plugin v27.4 - https:\/\/yoast.com\/product\/yoast-seo-wordpress\/ -->\n<title>KTAMS ile KOOP-SEN ortak federasyon i\u00e7in kay\u0131t ba\u015fvurusunda bulundu -<\/title>\n<meta name=\"robots\" content=\"index, follow, max-snippet:-1, max-image-preview:large, max-video-preview:-1\" \/>\n<link rel=\"canonical\" href=\"https:\/\/kibrisdakik.com\/?p=64712\" \/>\n<meta property=\"og:locale\" content=\"tr_TR\" \/>\n<meta property=\"og:type\" content=\"article\" \/>\n<meta property=\"og:title\" content=\"KTAMS ile KOOP-SEN ortak federasyon i\u00e7in kay\u0131t ba\u015fvurusunda bulundu -\" \/>\n<meta property=\"og:description\" content=\"K\u0131br\u0131s T\u00fcrk Amme Memurlar\u0131 Sendikas\u0131 (KTAMS)ve Kooperatif G\u00f6revlileri Sendikas\u0131\u2019n\u0131n (KOOP-SEN)\u00a0kurucu \u00fcyesi olaca\u011f\u0131 K\u0131br\u0131s \u0130\u015f\u00e7i ve Emek\u00e7i Sendikalar\u0131 Federasyonu (K\u0130EF)\u2019in kay\u0131t ba\u015fvurusu \u00f6ncesinde \u00c7al\u0131\u015fma Bakanl\u0131\u011f\u0131\u2019na ba\u011fl\u0131 Sendikalar Mukayyitli\u011fi \u00f6n\u00fcnde bas\u0131n a\u00e7\u0131klamas\u0131 yap\u0131ld\u0131. K\u0131br\u0131s T\u00fcrk Amme Memurlar\u0131 Sendikas\u0131 Ba\u015fkan\u0131 G\u00fcven Bengihan, federasyon \u00e7at\u0131s\u0131 alt\u0131nda g\u00fc\u00e7lerini birle\u015ftirme karar\u0131 ald\u0131klar\u0131n\u0131 belirterek \u00e7al\u0131\u015fan\u0131n emek\u00e7inin sesini daha fazla duyurmak isteklerini s\u00f6yledi.\" \/>\n<meta property=\"og:url\" content=\"https:\/\/kibrisdakik.com\/?p=64712\" \/>\n<meta property=\"article:published_time\" content=\"2024-09-25T10:33:16+00:00\" \/>\n<meta property=\"og:image\" content=\"https:\/\/kibrisdakik.com\/wp-content\/uploads\/2024\/09\/ktams-ve-koopsen-kief-kurulusu-ero-1--740x420.jpeg\" \/>\n\t<meta property=\"og:image:width\" content=\"2048\" \/>\n\t<meta property=\"og:image:height\" content=\"1209\" \/>\n\t<meta property=\"og:image:type\" content=\"image\/jpeg\" \/>\n<meta name=\"author\" content=\"admin\" \/>\n<meta name=\"twitter:card\" content=\"summary_large_image\" \/>\n<meta name=\"twitter:label1\" content=\"Yazan:\" \/>\n\t<meta name=\"twitter:data1\" content=\"admin\" \/>\n\t<meta name=\"twitter:label2\" content=\"Tahmini okuma s\u00fcresi\" \/>\n\t<meta name=\"twitter:data2\" content=\"1 dakika\" \/>\n<script type=\"application\/ld+json\" class=\"yoast-schema-graph\">{\"@context\":\"https:\\\/\\\/schema.org\",\"@graph\":[{\"@type\":\"Article\",\"@id\":\"https:\\\/\\\/kibrisdakik.com\\\/?p=64712#article\",\"isPartOf\":{\"@id\":\"https:\\\/\\\/kibrisdakik.com\\\/?p=64712\"},\"author\":{\"name\":\"admin\",\"@id\":\"https:\\\/\\\/kibrisdakik.com\\\/#\\\/schema\\\/person\\\/9cd9d437bbb44f72b73ba127e06d8e79\"},\"headline\":\"KTAMS ile KOOP-SEN ortak federasyon i\u00e7in kay\u0131t ba\u015fvurusunda bulundu\",\"datePublished\":\"2024-09-25T10:33:16+00:00\",\"mainEntityOfPage\":{\"@id\":\"https:\\\/\\\/kibrisdakik.com\\\/?p=64712\"},\"wordCount\":238,\"commentCount\":0,\"image\":{\"@id\":\"https:\\\/\\\/kibrisdakik.com\\\/?p=64712#primaryimage\"},\"thumbnailUrl\":\"https:\\\/\\\/kibrisdakik.com\\\/wp-content\\\/uploads\\\/2024\\\/09\\\/ktams-ve-koopsen-kief-kurulusu-ero-1--740x420.jpeg\",\"articleSection\":[\"K\u0131br\u0131s\"],\"inLanguage\":\"tr\",\"potentialAction\":[{\"@type\":\"CommentAction\",\"name\":\"Comment\",\"target\":[\"https:\\\/\\\/kibrisdakik.com\\\/?p=64712#respond\"]}]},{\"@type\":\"WebPage\",\"@id\":\"https:\\\/\\\/kibrisdakik.com\\\/?p=64712\",\"url\":\"https:\\\/\\\/kibrisdakik.com\\\/?p=64712\",\"name\":\"KTAMS ile KOOP-SEN ortak federasyon i\u00e7in kay\u0131t ba\u015fvurusunda bulundu -\",\"isPartOf\":{\"@id\":\"https:\\\/\\\/kibrisdakik.com\\\/#website\"},\"primaryImageOfPage\":{\"@id\":\"https:\\\/\\\/kibrisdakik.com\\\/?p=64712#primaryimage\"},\"image\":{\"@id\":\"https:\\\/\\\/kibrisdakik.com\\\/?p=64712#primaryimage\"},\"thumbnailUrl\":\"https:\\\/\\\/kibrisdakik.com\\\/wp-content\\\/uploads\\\/2024\\\/09\\\/ktams-ve-koopsen-kief-kurulusu-ero-1--740x420.jpeg\",\"datePublished\":\"2024-09-25T10:33:16+00:00\",\"author\":{\"@id\":\"https:\\\/\\\/kibrisdakik.com\\\/#\\\/schema\\\/person\\\/9cd9d437bbb44f72b73ba127e06d8e79\"},\"breadcrumb\":{\"@id\":\"https:\\\/\\\/kibrisdakik.com\\\/?p=64712#breadcrumb\"},\"inLanguage\":\"tr\",\"potentialAction\":[{\"@type\":\"ReadAction\",\"target\":[\"https:\\\/\\\/kibrisdakik.com\\\/?p=64712\"]}]},{\"@type\":\"ImageObject\",\"inLanguage\":\"tr\",\"@id\":\"https:\\\/\\\/kibrisdakik.com\\\/?p=64712#primaryimage\",\"url\":\"https:\\\/\\\/kibrisdakik.com\\\/wp-content\\\/uploads\\\/2024\\\/09\\\/ktams-ve-koopsen-kief-kurulusu-ero-1--740x420.jpeg\",\"contentUrl\":\"https:\\\/\\\/kibrisdakik.com\\\/wp-content\\\/uploads\\\/2024\\\/09\\\/ktams-ve-koopsen-kief-kurulusu-ero-1--740x420.jpeg\",\"width\":2048,\"height\":1209},{\"@type\":\"BreadcrumbList\",\"@id\":\"https:\\\/\\\/kibrisdakik.com\\\/?p=64712#breadcrumb\",\"itemListElement\":[{\"@type\":\"ListItem\",\"position\":1,\"name\":\"Home\",\"item\":\"https:\\\/\\\/kibrisdakik.com\\\/\"},{\"@type\":\"ListItem\",\"position\":2,\"name\":\"KTAMS ile KOOP-SEN ortak federasyon i\u00e7in kay\u0131t ba\u015fvurusunda bulundu\"}]},{\"@type\":\"WebSite\",\"@id\":\"https:\\\/\\\/kibrisdakik.com\\\/#website\",\"url\":\"https:\\\/\\\/kibrisdakik.com\\\/\",\"name\":\"\",\"description\":\"Tam vaktinde haber\",\"potentialAction\":[{\"@type\":\"SearchAction\",\"target\":{\"@type\":\"EntryPoint\",\"urlTemplate\":\"https:\\\/\\\/kibrisdakik.com\\\/?s={search_term_string}\"},\"query-input\":{\"@type\":\"PropertyValueSpecification\",\"valueRequired\":true,\"valueName\":\"search_term_string\"}}],\"inLanguage\":\"tr\"},{\"@type\":\"Person\",\"@id\":\"https:\\\/\\\/kibrisdakik.com\\\/#\\\/schema\\\/person\\\/9cd9d437bbb44f72b73ba127e06d8e79\",\"name\":\"admin\",\"image\":{\"@type\":\"ImageObject\",\"inLanguage\":\"tr\",\"@id\":\"https:\\\/\\\/secure.gravatar.com\\\/avatar\\\/ccc17943b9d660506c869530f897617f7cb1c21a4bf30023f252596d83e1f007?s=96&d=mm&r=g\",\"url\":\"https:\\\/\\\/secure.gravatar.com\\\/avatar\\\/ccc17943b9d660506c869530f897617f7cb1c21a4bf30023f252596d83e1f007?s=96&d=mm&r=g\",\"contentUrl\":\"https:\\\/\\\/secure.gravatar.com\\\/avatar\\\/ccc17943b9d660506c869530f897617f7cb1c21a4bf30023f252596d83e1f007?s=96&d=mm&r=g\",\"caption\":\"admin\"},\"sameAs\":[\"https:\\\/\\\/kibrisdakik.com\"],\"url\":\"https:\\\/\\\/kibrisdakik.com\\\/?author=1\"}]}<\/script>\n<!-- \/ Yoast SEO plugin. -->","yoast_head_json":{"title":"KTAMS ile KOOP-SEN ortak federasyon i\u00e7in kay\u0131t ba\u015fvurusunda bulundu -","robots":{"index":"index","follow":"follow","max-snippet":"max-snippet:-1","max-image-preview":"max-image-preview:large","max-video-preview":"max-video-preview:-1"},"canonical":"https:\/\/kibrisdakik.com\/?p=64712","og_locale":"tr_TR","og_type":"article","og_title":"KTAMS ile KOOP-SEN ortak federasyon i\u00e7in kay\u0131t ba\u015fvurusunda bulundu -","og_description":"K\u0131br\u0131s T\u00fcrk Amme Memurlar\u0131 Sendikas\u0131 (KTAMS)ve Kooperatif G\u00f6revlileri Sendikas\u0131\u2019n\u0131n (KOOP-SEN)\u00a0kurucu \u00fcyesi olaca\u011f\u0131 K\u0131br\u0131s \u0130\u015f\u00e7i ve Emek\u00e7i Sendikalar\u0131 Federasyonu (K\u0130EF)\u2019in kay\u0131t ba\u015fvurusu \u00f6ncesinde \u00c7al\u0131\u015fma Bakanl\u0131\u011f\u0131\u2019na ba\u011fl\u0131 Sendikalar Mukayyitli\u011fi \u00f6n\u00fcnde bas\u0131n a\u00e7\u0131klamas\u0131 yap\u0131ld\u0131. K\u0131br\u0131s T\u00fcrk Amme Memurlar\u0131 Sendikas\u0131 Ba\u015fkan\u0131 G\u00fcven Bengihan, federasyon \u00e7at\u0131s\u0131 alt\u0131nda g\u00fc\u00e7lerini birle\u015ftirme karar\u0131 ald\u0131klar\u0131n\u0131 belirterek \u00e7al\u0131\u015fan\u0131n emek\u00e7inin sesini daha fazla duyurmak isteklerini s\u00f6yledi.","og_url":"https:\/\/kibrisdakik.com\/?p=64712","article_published_time":"2024-09-25T10:33:16+00:00","og_image":[{"width":2048,"height":1209,"url":"https:\/\/kibrisdakik.com\/wp-content\/uploads\/2024\/09\/ktams-ve-koopsen-kief-kurulusu-ero-1--740x420.jpeg","type":"image\/jpeg"}],"author":"admin","twitter_card":"summary_large_image","twitter_misc":{"Yazan:":"admin","Tahmini okuma s\u00fcresi":"1 dakika"},"schema":{"@context":"https:\/\/schema.org","@graph":[{"@type":"Article","@id":"https:\/\/kibrisdakik.com\/?p=64712#article","isPartOf":{"@id":"https:\/\/kibrisdakik.com\/?p=64712"},"author":{"name":"admin","@id":"https:\/\/kibrisdakik.com\/#\/schema\/person\/9cd9d437bbb44f72b73ba127e06d8e79"},"headline":"KTAMS ile KOOP-SEN ortak federasyon i\u00e7in kay\u0131t ba\u015fvurusunda bulundu","datePublished":"2024-09-25T10:33:16+00:00","mainEntityOfPage":{"@id":"https:\/\/kibrisdakik.com\/?p=64712"},"wordCount":238,"commentCount":0,"image":{"@id":"https:\/\/kibrisdakik.com\/?p=64712#primaryimage"},"thumbnailUrl":"https:\/\/kibrisdakik.com\/wp-content\/uploads\/2024\/09\/ktams-ve-koopsen-kief-kurulusu-ero-1--740x420.jpeg","articleSection":["K\u0131br\u0131s"],"inLanguage":"tr","potentialAction":[{"@type":"CommentAction","name":"Comment","target":["https:\/\/kibrisdakik.com\/?p=64712#respond"]}]},{"@type":"WebPage","@id":"https:\/\/kibrisdakik.com\/?p=64712","url":"https:\/\/kibrisdakik.com\/?p=64712","name":"KTAMS ile KOOP-SEN ortak federasyon i\u00e7in kay\u0131t ba\u015fvurusunda bulundu -","isPartOf":{"@id":"https:\/\/kibrisdakik.com\/#website"},"primaryImageOfPage":{"@id":"https:\/\/kibrisdakik.com\/?p=64712#primaryimage"},"image":{"@id":"https:\/\/kibrisdakik.com\/?p=64712#primaryimage"},"thumbnailUrl":"https:\/\/kibrisdakik.com\/wp-content\/uploads\/2024\/09\/ktams-ve-koopsen-kief-kurulusu-ero-1--740x420.jpeg","datePublished":"2024-09-25T10:33:16+00:00","author":{"@id":"https:\/\/kibrisdakik.com\/#\/schema\/person\/9cd9d437bbb44f72b73ba127e06d8e79"},"breadcrumb":{"@id":"https:\/\/kibrisdakik.com\/?p=64712#breadcrumb"},"inLanguage":"tr","potentialAction":[{"@type":"ReadAction","target":["https:\/\/kibrisdakik.com\/?p=64712"]}]},{"@type":"ImageObject","inLanguage":"tr","@id":"https:\/\/kibrisdakik.com\/?p=64712#primaryimage","url":"https:\/\/kibrisdakik.com\/wp-content\/uploads\/2024\/09\/ktams-ve-koopsen-kief-kurulusu-ero-1--740x420.jpeg","contentUrl":"https:\/\/kibrisdakik.com\/wp-content\/uploads\/2024\/09\/ktams-ve-koopsen-kief-kurulusu-ero-1--740x420.jpeg","width":2048,"height":1209},{"@type":"BreadcrumbList","@id":"https:\/\/kibrisdakik.com\/?p=64712#breadcrumb","itemListElement":[{"@type":"ListItem","position":1,"name":"Home","item":"https:\/\/kibrisdakik.com\/"},{"@type":"ListItem","position":2,"name":"KTAMS ile KOOP-SEN ortak federasyon i\u00e7in kay\u0131t ba\u015fvurusunda bulundu"}]},{"@type":"WebSite","@id":"https:\/\/kibrisdakik.com\/#website","url":"https:\/\/kibrisdakik.com\/","name":"","description":"Tam vaktinde haber","potentialAction":[{"@type":"SearchAction","target":{"@type":"EntryPoint","urlTemplate":"https:\/\/kibrisdakik.com\/?s={search_term_string}"},"query-input":{"@type":"PropertyValueSpecification","valueRequired":true,"valueName":"search_term_string"}}],"inLanguage":"tr"},{"@type":"Person","@id":"https:\/\/kibrisdakik.com\/#\/schema\/person\/9cd9d437bbb44f72b73ba127e06d8e79","name":"admin","image":{"@type":"ImageObject","inLanguage":"tr","@id":"https:\/\/secure.gravatar.com\/avatar\/ccc17943b9d660506c869530f897617f7cb1c21a4bf30023f252596d83e1f007?s=96&d=mm&r=g","url":"https:\/\/secure.gravatar.com\/avatar\/ccc17943b9d660506c869530f897617f7cb1c21a4bf30023f252596d83e1f007?s=96&d=mm&r=g","contentUrl":"https:\/\/secure.gravatar.com\/avatar\/ccc17943b9d660506c869530f897617f7cb1c21a4bf30023f252596d83e1f007?s=96&d=mm&r=g","caption":"admin"},"sameAs":["https:\/\/kibrisdakik.com"],"url":"https:\/\/kibrisdakik.com\/?author=1"}]}},"_links":{"self":[{"href":"https:\/\/kibrisdakik.com\/index.php?rest_route=\/wp\/v2\/posts\/64712","targetHints":{"allow":["GET"]}}],"collection":[{"href":"https:\/\/kibrisdakik.com\/index.php?rest_route=\/wp\/v2\/posts"}],"about":[{"href":"https:\/\/kibrisdakik.com\/index.php?rest_route=\/wp\/v2\/types\/post"}],"author":[{"embeddable":true,"href":"https:\/\/kibrisdakik.com\/index.php?rest_route=\/wp\/v2\/users\/1"}],"replies":[{"embeddable":true,"href":"https:\/\/kibrisdakik.com\/index.php?rest_route=%2Fwp%2Fv2%2Fcomments&post=64712"}],"version-history":[{"count":0,"href":"https:\/\/kibrisdakik.com\/index.php?rest_route=\/wp\/v2\/posts\/64712\/revisions"}],"wp:featuredmedia":[{"embeddable":true,"href":"https:\/\/kibrisdakik.com\/index.php?rest_route=\/wp\/v2\/media\/64713"}],"wp:attachment":[{"href":"https:\/\/kibrisdakik.com\/index.php?rest_route=%2Fwp%2Fv2%2Fmedia&parent=64712"}],"wp:term":[{"taxonomy":"category","embeddable":true,"href":"https:\/\/kibrisdakik.com\/index.php?rest_route=%2Fwp%2Fv2%2Fcategories&post=64712"},{"taxonomy":"post_tag","embeddable":true,"href":"https:\/\/kibrisdakik.com\/index.php?rest_route=%2Fwp%2Fv2%2Ftags&post=64712"}],"curies":[{"name":"wp","href":"https:\/\/api.w.org\/{rel}","templated":true}]}}