{"id":64733,"date":"2024-09-25T16:04:50","date_gmt":"2024-09-25T13:04:50","guid":{"rendered":"https:\/\/kibrisdakik.com\/index.php\/2024\/09\/25\/yazar-emrah-ozturk-79-yunus-nadi-odullerinde-oyku-dalinda-odul-kazandi\/"},"modified":"2024-09-25T16:04:50","modified_gmt":"2024-09-25T13:04:50","slug":"yazar-emrah-ozturk-79-yunus-nadi-odullerinde-oyku-dalinda-odul-kazandi","status":"publish","type":"post","link":"https:\/\/kibrisdakik.com\/?p=64733","title":{"rendered":"Yazar Emrah \u00d6zt\u00fcrk, 79. Yunus Nadi \u00d6d\u00fcllerinde \u00f6yk\u00fc dal\u0131nda \u00f6d\u00fcl kazand\u0131"},"content":{"rendered":"<p> <br \/>\n<\/p>\n<div>\n<div class=\"mariselle-image-container none\">\n                <img loading=\"lazy\" decoding=\"async\" width=\"400\" height=\"622\" class=\"lazy-image\" alt=\"\" sizes=\"auto, (max-width: 400px) 100vw, 400px\" src=\"https:\/\/brtk.net\/wp-content\/uploads\/2024\/09\/25\/evine-donemeyen-adam.jpg?ver=9c6c79f396cb3a4d281ce8562f040e39\" srcset=\"https:\/\/brtk.net\/wp-content\/uploads\/2024\/09\/25\/evine-donemeyen-adam.jpg?ver=9c6c79f396cb3a4d281ce8562f040e39 400w, https:\/\/brtk.net\/wp-content\/uploads\/2024\/09\/25\/evine-donemeyen-adam-193x300.jpg?ver=9c6c79f396cb3a4d281ce8562f040e39 193w\"\/>                            <\/div>\n<p>Akademisyen-yazar-film y\u00f6netmeni Emrah \u00d6zt\u00fcrk, 79. Yunus Nadi \u00d6d\u00fclleri\u2019nde \u201c\u00f6yk\u00fc\u201d dal\u0131nda \u00f6d\u00fcle lay\u0131k g\u00f6r\u00fcld\u00fc.<\/p>\n<p>\u00d6zt\u00fcrk\u2019\u00fcn verdi\u011fi bilgiye g\u00f6re, \u201cEvine D\u00f6nemeyen Adam\u201d adl\u0131 \u00f6yk\u00fc kitab\u0131yla \u00f6d\u00fcl kazand\u0131.<\/p>\n<p>Cumhuriyet Gazetesi kurucu Yunus Nadi ad\u0131na verilen \u00f6d\u00fcllerde se\u00e7ici kurullar, bu y\u0131l 248 yap\u0131t\u0131 de\u011ferlendirerek 6 dalda 6 yap\u0131ta \u00f6d\u00fcl vermeyi uygun buldu.<\/p>\n<\/p><\/div>\n<p><script async\n                    defer\n                    crossorigin=\"anonymous\"\n                    src=\"https:\/\/connect.facebook.net\/tr_TR\/sdk.js#xfbml=1&#038;version=v3.3\"\n            ><\/script><br \/>\n<br \/><br \/>\n<br \/><a href=\"https:\/\/brtk.net\/yazar-emrah-ozturk-79-yunus-nadi-odullerinde-oyku-dalinda-odul-kazandi\/\">kpostasi <\/a><\/p>\n","protected":false},"excerpt":{"rendered":"<p>Akademisyen-yazar-film y\u00f6netmeni Emrah \u00d6zt\u00fcrk, 79. Yunus Nadi \u00d6d\u00fclleri\u2019nde \u201c\u00f6yk\u00fc\u201d dal\u0131nda \u00f6d\u00fcle lay\u0131k g\u00f6r\u00fcld\u00fc. \u00d6zt\u00fcrk\u2019\u00fcn verdi\u011fi bilgiye g\u00f6re, \u201cEvine D\u00f6nemeyen Adam\u201d adl\u0131 \u00f6yk\u00fc kitab\u0131yla \u00f6d\u00fcl kazand\u0131. Cumhuriyet Gazetesi kurucu Yunus Nadi ad\u0131na verilen \u00f6d\u00fcllerde se\u00e7ici kurullar, bu y\u0131l 248 yap\u0131t\u0131 de\u011ferlendirerek 6 dalda 6 yap\u0131ta \u00f6d\u00fcl vermeyi uygun buldu. kpostasi<\/p>\n","protected":false},"author":1,"featured_media":64734,"comment_status":"open","ping_status":"open","sticky":false,"template":"","format":"standard","meta":{"footnotes":""},"categories":[1,81],"tags":[],"class_list":["post-64733","post","type-post","status-publish","format-standard","has-post-thumbnail","hentry","category-gundem","category-kibris"],"yoast_head":"<!-- This site is optimized with the Yoast SEO plugin v27.4 - https:\/\/yoast.com\/product\/yoast-seo-wordpress\/ -->\n<title>Yazar Emrah \u00d6zt\u00fcrk, 79. Yunus Nadi \u00d6d\u00fcllerinde \u00f6yk\u00fc dal\u0131nda \u00f6d\u00fcl kazand\u0131 -<\/title>\n<meta name=\"robots\" content=\"index, follow, max-snippet:-1, max-image-preview:large, max-video-preview:-1\" \/>\n<link rel=\"canonical\" href=\"https:\/\/kibrisdakik.com\/?p=64733\" \/>\n<meta property=\"og:locale\" content=\"tr_TR\" \/>\n<meta property=\"og:type\" content=\"article\" \/>\n<meta property=\"og:title\" content=\"Yazar Emrah \u00d6zt\u00fcrk, 79. Yunus Nadi \u00d6d\u00fcllerinde \u00f6yk\u00fc dal\u0131nda \u00f6d\u00fcl kazand\u0131 -\" \/>\n<meta property=\"og:description\" content=\"Akademisyen-yazar-film y\u00f6netmeni Emrah \u00d6zt\u00fcrk, 79. Yunus Nadi \u00d6d\u00fclleri\u2019nde \u201c\u00f6yk\u00fc\u201d dal\u0131nda \u00f6d\u00fcle lay\u0131k g\u00f6r\u00fcld\u00fc. \u00d6zt\u00fcrk\u2019\u00fcn verdi\u011fi bilgiye g\u00f6re, \u201cEvine D\u00f6nemeyen Adam\u201d adl\u0131 \u00f6yk\u00fc kitab\u0131yla \u00f6d\u00fcl kazand\u0131. Cumhuriyet Gazetesi kurucu Yunus Nadi ad\u0131na verilen \u00f6d\u00fcllerde se\u00e7ici kurullar, bu y\u0131l 248 yap\u0131t\u0131 de\u011ferlendirerek 6 dalda 6 yap\u0131ta \u00f6d\u00fcl vermeyi uygun buldu. kpostasi\" \/>\n<meta property=\"og:url\" content=\"https:\/\/kibrisdakik.com\/?p=64733\" \/>\n<meta property=\"article:published_time\" content=\"2024-09-25T13:04:50+00:00\" \/>\n<meta property=\"og:image\" content=\"https:\/\/kibrisdakik.com\/wp-content\/uploads\/2024\/09\/yazar-emrah-ozturk-79-yunus-nadi-odullerinde-oyku-dalinda-odul-kazandi-kibris-gercek-haber.webp-740x420.webp\" \/>\n\t<meta property=\"og:image:width\" content=\"1280\" \/>\n\t<meta property=\"og:image:height\" content=\"720\" \/>\n\t<meta property=\"og:image:type\" content=\"image\/webp\" \/>\n<meta name=\"author\" content=\"admin\" \/>\n<meta name=\"twitter:card\" content=\"summary_large_image\" \/>\n<meta name=\"twitter:label1\" content=\"Yazan:\" \/>\n\t<meta name=\"twitter:data1\" content=\"admin\" \/>\n<script type=\"application\/ld+json\" class=\"yoast-schema-graph\">{\"@context\":\"https:\\\/\\\/schema.org\",\"@graph\":[{\"@type\":\"Article\",\"@id\":\"https:\\\/\\\/kibrisdakik.com\\\/?p=64733#article\",\"isPartOf\":{\"@id\":\"https:\\\/\\\/kibrisdakik.com\\\/?p=64733\"},\"author\":{\"name\":\"admin\",\"@id\":\"https:\\\/\\\/kibrisdakik.com\\\/#\\\/schema\\\/person\\\/9cd9d437bbb44f72b73ba127e06d8e79\"},\"headline\":\"Yazar Emrah \u00d6zt\u00fcrk, 79. Yunus Nadi \u00d6d\u00fcllerinde \u00f6yk\u00fc dal\u0131nda \u00f6d\u00fcl kazand\u0131\",\"datePublished\":\"2024-09-25T13:04:50+00:00\",\"mainEntityOfPage\":{\"@id\":\"https:\\\/\\\/kibrisdakik.com\\\/?p=64733\"},\"wordCount\":85,\"commentCount\":0,\"image\":{\"@id\":\"https:\\\/\\\/kibrisdakik.com\\\/?p=64733#primaryimage\"},\"thumbnailUrl\":\"https:\\\/\\\/kibrisdakik.com\\\/wp-content\\\/uploads\\\/2024\\\/09\\\/yazar-emrah-ozturk-79-yunus-nadi-odullerinde-oyku-dalinda-odul-kazandi-kibris-gercek-haber.webp-740x420.webp\",\"articleSection\":[\"G\u00fcndem\",\"K\u0131br\u0131s\"],\"inLanguage\":\"tr\",\"potentialAction\":[{\"@type\":\"CommentAction\",\"name\":\"Comment\",\"target\":[\"https:\\\/\\\/kibrisdakik.com\\\/?p=64733#respond\"]}]},{\"@type\":\"WebPage\",\"@id\":\"https:\\\/\\\/kibrisdakik.com\\\/?p=64733\",\"url\":\"https:\\\/\\\/kibrisdakik.com\\\/?p=64733\",\"name\":\"Yazar Emrah \u00d6zt\u00fcrk, 79. Yunus Nadi \u00d6d\u00fcllerinde \u00f6yk\u00fc dal\u0131nda \u00f6d\u00fcl kazand\u0131 -\",\"isPartOf\":{\"@id\":\"https:\\\/\\\/kibrisdakik.com\\\/#website\"},\"primaryImageOfPage\":{\"@id\":\"https:\\\/\\\/kibrisdakik.com\\\/?p=64733#primaryimage\"},\"image\":{\"@id\":\"https:\\\/\\\/kibrisdakik.com\\\/?p=64733#primaryimage\"},\"thumbnailUrl\":\"https:\\\/\\\/kibrisdakik.com\\\/wp-content\\\/uploads\\\/2024\\\/09\\\/yazar-emrah-ozturk-79-yunus-nadi-odullerinde-oyku-dalinda-odul-kazandi-kibris-gercek-haber.webp-740x420.webp\",\"datePublished\":\"2024-09-25T13:04:50+00:00\",\"author\":{\"@id\":\"https:\\\/\\\/kibrisdakik.com\\\/#\\\/schema\\\/person\\\/9cd9d437bbb44f72b73ba127e06d8e79\"},\"breadcrumb\":{\"@id\":\"https:\\\/\\\/kibrisdakik.com\\\/?p=64733#breadcrumb\"},\"inLanguage\":\"tr\",\"potentialAction\":[{\"@type\":\"ReadAction\",\"target\":[\"https:\\\/\\\/kibrisdakik.com\\\/?p=64733\"]}]},{\"@type\":\"ImageObject\",\"inLanguage\":\"tr\",\"@id\":\"https:\\\/\\\/kibrisdakik.com\\\/?p=64733#primaryimage\",\"url\":\"https:\\\/\\\/kibrisdakik.com\\\/wp-content\\\/uploads\\\/2024\\\/09\\\/yazar-emrah-ozturk-79-yunus-nadi-odullerinde-oyku-dalinda-odul-kazandi-kibris-gercek-haber.webp-740x420.webp\",\"contentUrl\":\"https:\\\/\\\/kibrisdakik.com\\\/wp-content\\\/uploads\\\/2024\\\/09\\\/yazar-emrah-ozturk-79-yunus-nadi-odullerinde-oyku-dalinda-odul-kazandi-kibris-gercek-haber.webp-740x420.webp\",\"width\":1280,\"height\":720},{\"@type\":\"BreadcrumbList\",\"@id\":\"https:\\\/\\\/kibrisdakik.com\\\/?p=64733#breadcrumb\",\"itemListElement\":[{\"@type\":\"ListItem\",\"position\":1,\"name\":\"Home\",\"item\":\"https:\\\/\\\/kibrisdakik.com\\\/\"},{\"@type\":\"ListItem\",\"position\":2,\"name\":\"Yazar Emrah \u00d6zt\u00fcrk, 79. Yunus Nadi \u00d6d\u00fcllerinde \u00f6yk\u00fc dal\u0131nda \u00f6d\u00fcl kazand\u0131\"}]},{\"@type\":\"WebSite\",\"@id\":\"https:\\\/\\\/kibrisdakik.com\\\/#website\",\"url\":\"https:\\\/\\\/kibrisdakik.com\\\/\",\"name\":\"\",\"description\":\"Tam vaktinde haber\",\"potentialAction\":[{\"@type\":\"SearchAction\",\"target\":{\"@type\":\"EntryPoint\",\"urlTemplate\":\"https:\\\/\\\/kibrisdakik.com\\\/?s={search_term_string}\"},\"query-input\":{\"@type\":\"PropertyValueSpecification\",\"valueRequired\":true,\"valueName\":\"search_term_string\"}}],\"inLanguage\":\"tr\"},{\"@type\":\"Person\",\"@id\":\"https:\\\/\\\/kibrisdakik.com\\\/#\\\/schema\\\/person\\\/9cd9d437bbb44f72b73ba127e06d8e79\",\"name\":\"admin\",\"image\":{\"@type\":\"ImageObject\",\"inLanguage\":\"tr\",\"@id\":\"https:\\\/\\\/secure.gravatar.com\\\/avatar\\\/ccc17943b9d660506c869530f897617f7cb1c21a4bf30023f252596d83e1f007?s=96&d=mm&r=g\",\"url\":\"https:\\\/\\\/secure.gravatar.com\\\/avatar\\\/ccc17943b9d660506c869530f897617f7cb1c21a4bf30023f252596d83e1f007?s=96&d=mm&r=g\",\"contentUrl\":\"https:\\\/\\\/secure.gravatar.com\\\/avatar\\\/ccc17943b9d660506c869530f897617f7cb1c21a4bf30023f252596d83e1f007?s=96&d=mm&r=g\",\"caption\":\"admin\"},\"sameAs\":[\"https:\\\/\\\/kibrisdakik.com\"],\"url\":\"https:\\\/\\\/kibrisdakik.com\\\/?author=1\"}]}<\/script>\n<!-- \/ Yoast SEO plugin. -->","yoast_head_json":{"title":"Yazar Emrah \u00d6zt\u00fcrk, 79. Yunus Nadi \u00d6d\u00fcllerinde \u00f6yk\u00fc dal\u0131nda \u00f6d\u00fcl kazand\u0131 -","robots":{"index":"index","follow":"follow","max-snippet":"max-snippet:-1","max-image-preview":"max-image-preview:large","max-video-preview":"max-video-preview:-1"},"canonical":"https:\/\/kibrisdakik.com\/?p=64733","og_locale":"tr_TR","og_type":"article","og_title":"Yazar Emrah \u00d6zt\u00fcrk, 79. Yunus Nadi \u00d6d\u00fcllerinde \u00f6yk\u00fc dal\u0131nda \u00f6d\u00fcl kazand\u0131 -","og_description":"Akademisyen-yazar-film y\u00f6netmeni Emrah \u00d6zt\u00fcrk, 79. Yunus Nadi \u00d6d\u00fclleri\u2019nde \u201c\u00f6yk\u00fc\u201d dal\u0131nda \u00f6d\u00fcle lay\u0131k g\u00f6r\u00fcld\u00fc. \u00d6zt\u00fcrk\u2019\u00fcn verdi\u011fi bilgiye g\u00f6re, \u201cEvine D\u00f6nemeyen Adam\u201d adl\u0131 \u00f6yk\u00fc kitab\u0131yla \u00f6d\u00fcl kazand\u0131. Cumhuriyet Gazetesi kurucu Yunus Nadi ad\u0131na verilen \u00f6d\u00fcllerde se\u00e7ici kurullar, bu y\u0131l 248 yap\u0131t\u0131 de\u011ferlendirerek 6 dalda 6 yap\u0131ta \u00f6d\u00fcl vermeyi uygun buldu. kpostasi","og_url":"https:\/\/kibrisdakik.com\/?p=64733","article_published_time":"2024-09-25T13:04:50+00:00","og_image":[{"width":1280,"height":720,"url":"https:\/\/kibrisdakik.com\/wp-content\/uploads\/2024\/09\/yazar-emrah-ozturk-79-yunus-nadi-odullerinde-oyku-dalinda-odul-kazandi-kibris-gercek-haber.webp-740x420.webp","type":"image\/webp"}],"author":"admin","twitter_card":"summary_large_image","twitter_misc":{"Yazan:":"admin"},"schema":{"@context":"https:\/\/schema.org","@graph":[{"@type":"Article","@id":"https:\/\/kibrisdakik.com\/?p=64733#article","isPartOf":{"@id":"https:\/\/kibrisdakik.com\/?p=64733"},"author":{"name":"admin","@id":"https:\/\/kibrisdakik.com\/#\/schema\/person\/9cd9d437bbb44f72b73ba127e06d8e79"},"headline":"Yazar Emrah \u00d6zt\u00fcrk, 79. Yunus Nadi \u00d6d\u00fcllerinde \u00f6yk\u00fc dal\u0131nda \u00f6d\u00fcl kazand\u0131","datePublished":"2024-09-25T13:04:50+00:00","mainEntityOfPage":{"@id":"https:\/\/kibrisdakik.com\/?p=64733"},"wordCount":85,"commentCount":0,"image":{"@id":"https:\/\/kibrisdakik.com\/?p=64733#primaryimage"},"thumbnailUrl":"https:\/\/kibrisdakik.com\/wp-content\/uploads\/2024\/09\/yazar-emrah-ozturk-79-yunus-nadi-odullerinde-oyku-dalinda-odul-kazandi-kibris-gercek-haber.webp-740x420.webp","articleSection":["G\u00fcndem","K\u0131br\u0131s"],"inLanguage":"tr","potentialAction":[{"@type":"CommentAction","name":"Comment","target":["https:\/\/kibrisdakik.com\/?p=64733#respond"]}]},{"@type":"WebPage","@id":"https:\/\/kibrisdakik.com\/?p=64733","url":"https:\/\/kibrisdakik.com\/?p=64733","name":"Yazar Emrah \u00d6zt\u00fcrk, 79. Yunus Nadi \u00d6d\u00fcllerinde \u00f6yk\u00fc dal\u0131nda \u00f6d\u00fcl kazand\u0131 -","isPartOf":{"@id":"https:\/\/kibrisdakik.com\/#website"},"primaryImageOfPage":{"@id":"https:\/\/kibrisdakik.com\/?p=64733#primaryimage"},"image":{"@id":"https:\/\/kibrisdakik.com\/?p=64733#primaryimage"},"thumbnailUrl":"https:\/\/kibrisdakik.com\/wp-content\/uploads\/2024\/09\/yazar-emrah-ozturk-79-yunus-nadi-odullerinde-oyku-dalinda-odul-kazandi-kibris-gercek-haber.webp-740x420.webp","datePublished":"2024-09-25T13:04:50+00:00","author":{"@id":"https:\/\/kibrisdakik.com\/#\/schema\/person\/9cd9d437bbb44f72b73ba127e06d8e79"},"breadcrumb":{"@id":"https:\/\/kibrisdakik.com\/?p=64733#breadcrumb"},"inLanguage":"tr","potentialAction":[{"@type":"ReadAction","target":["https:\/\/kibrisdakik.com\/?p=64733"]}]},{"@type":"ImageObject","inLanguage":"tr","@id":"https:\/\/kibrisdakik.com\/?p=64733#primaryimage","url":"https:\/\/kibrisdakik.com\/wp-content\/uploads\/2024\/09\/yazar-emrah-ozturk-79-yunus-nadi-odullerinde-oyku-dalinda-odul-kazandi-kibris-gercek-haber.webp-740x420.webp","contentUrl":"https:\/\/kibrisdakik.com\/wp-content\/uploads\/2024\/09\/yazar-emrah-ozturk-79-yunus-nadi-odullerinde-oyku-dalinda-odul-kazandi-kibris-gercek-haber.webp-740x420.webp","width":1280,"height":720},{"@type":"BreadcrumbList","@id":"https:\/\/kibrisdakik.com\/?p=64733#breadcrumb","itemListElement":[{"@type":"ListItem","position":1,"name":"Home","item":"https:\/\/kibrisdakik.com\/"},{"@type":"ListItem","position":2,"name":"Yazar Emrah \u00d6zt\u00fcrk, 79. Yunus Nadi \u00d6d\u00fcllerinde \u00f6yk\u00fc dal\u0131nda \u00f6d\u00fcl kazand\u0131"}]},{"@type":"WebSite","@id":"https:\/\/kibrisdakik.com\/#website","url":"https:\/\/kibrisdakik.com\/","name":"","description":"Tam vaktinde haber","potentialAction":[{"@type":"SearchAction","target":{"@type":"EntryPoint","urlTemplate":"https:\/\/kibrisdakik.com\/?s={search_term_string}"},"query-input":{"@type":"PropertyValueSpecification","valueRequired":true,"valueName":"search_term_string"}}],"inLanguage":"tr"},{"@type":"Person","@id":"https:\/\/kibrisdakik.com\/#\/schema\/person\/9cd9d437bbb44f72b73ba127e06d8e79","name":"admin","image":{"@type":"ImageObject","inLanguage":"tr","@id":"https:\/\/secure.gravatar.com\/avatar\/ccc17943b9d660506c869530f897617f7cb1c21a4bf30023f252596d83e1f007?s=96&d=mm&r=g","url":"https:\/\/secure.gravatar.com\/avatar\/ccc17943b9d660506c869530f897617f7cb1c21a4bf30023f252596d83e1f007?s=96&d=mm&r=g","contentUrl":"https:\/\/secure.gravatar.com\/avatar\/ccc17943b9d660506c869530f897617f7cb1c21a4bf30023f252596d83e1f007?s=96&d=mm&r=g","caption":"admin"},"sameAs":["https:\/\/kibrisdakik.com"],"url":"https:\/\/kibrisdakik.com\/?author=1"}]}},"_links":{"self":[{"href":"https:\/\/kibrisdakik.com\/index.php?rest_route=\/wp\/v2\/posts\/64733","targetHints":{"allow":["GET"]}}],"collection":[{"href":"https:\/\/kibrisdakik.com\/index.php?rest_route=\/wp\/v2\/posts"}],"about":[{"href":"https:\/\/kibrisdakik.com\/index.php?rest_route=\/wp\/v2\/types\/post"}],"author":[{"embeddable":true,"href":"https:\/\/kibrisdakik.com\/index.php?rest_route=\/wp\/v2\/users\/1"}],"replies":[{"embeddable":true,"href":"https:\/\/kibrisdakik.com\/index.php?rest_route=%2Fwp%2Fv2%2Fcomments&post=64733"}],"version-history":[{"count":0,"href":"https:\/\/kibrisdakik.com\/index.php?rest_route=\/wp\/v2\/posts\/64733\/revisions"}],"wp:featuredmedia":[{"embeddable":true,"href":"https:\/\/kibrisdakik.com\/index.php?rest_route=\/wp\/v2\/media\/64734"}],"wp:attachment":[{"href":"https:\/\/kibrisdakik.com\/index.php?rest_route=%2Fwp%2Fv2%2Fmedia&parent=64733"}],"wp:term":[{"taxonomy":"category","embeddable":true,"href":"https:\/\/kibrisdakik.com\/index.php?rest_route=%2Fwp%2Fv2%2Fcategories&post=64733"},{"taxonomy":"post_tag","embeddable":true,"href":"https:\/\/kibrisdakik.com\/index.php?rest_route=%2Fwp%2Fv2%2Ftags&post=64733"}],"curies":[{"name":"wp","href":"https:\/\/api.w.org\/{rel}","templated":true}]}}