{"id":64783,"date":"2024-09-25T09:51:27","date_gmt":"2024-09-25T06:51:27","guid":{"rendered":"https:\/\/kibrisdakik.com\/index.php\/2024\/09\/25\/bmgk-1-haftada-ikinci-kez-lubnan-icin-acil-oturumla-toplanacak\/"},"modified":"2024-09-25T09:51:27","modified_gmt":"2024-09-25T06:51:27","slug":"bmgk-1-haftada-ikinci-kez-lubnan-icin-acil-oturumla-toplanacak","status":"publish","type":"post","link":"https:\/\/kibrisdakik.com\/?p=64783","title":{"rendered":"BMGK, 1 haftada ikinci kez L\u00fcbnan i\u00e7in acil oturumla toplanacak"},"content":{"rendered":"<p><\/p>\n<div>\n<div class=\"mariselle-image-container center\">\n                <img loading=\"lazy\" decoding=\"async\" width=\"864\" height=\"486\" class=\"lazy-image\" alt=\"\" sizes=\"auto, (max-width: 864px) 100vw, 864px\" src=\"https:\/\/brtk.net\/wp-content\/uploads\/2024\/09\/25\/656.jpg?ver=7c9d647a073dcff49be835007a0b99ef\" srcset=\"https:\/\/brtk.net\/wp-content\/uploads\/2024\/09\/25\/656.jpg?ver=7c9d647a073dcff49be835007a0b99ef 864w, https:\/\/brtk.net\/wp-content\/uploads\/2024\/09\/25\/656-300x169.jpg?ver=7c9d647a073dcff49be835007a0b99ef 300w, https:\/\/brtk.net\/wp-content\/uploads\/2024\/09\/25\/656-768x432.jpg?ver=7c9d647a073dcff49be835007a0b99ef 768w\"\/>                            <\/div>\n<p>Birle\u015fmi\u015f Milletler G\u00fcvenlik Konseyi (BMGK), 1 hafta i\u00e7inde ikinci kez L\u00fcbnan\u2019daki geli\u015fmeleri ele almak i\u00e7in acil oturumla toplanacak.<\/p>\n<p>D\u00f6nem Ba\u015fkan\u0131 Slovenya Daimi Temsilcili\u011finden edinilen bilgiye g\u00f6re, oturum bug\u00fcn yerel saatle 18.00\u2019de ger\u00e7ekle\u015fecek.<\/p>\n<p>A\u00e7\u0131l\u0131\u015f konu\u015fmas\u0131n\u0131 Birle\u015fmi\u015f Milletler Genel Sekreteri Antonio Guterres yapacak.<\/p>\n<p>Acil oturum, Fransa taraf\u0131ndan talep edildi.<\/p>\n<p>BMGK, 20 Eyl\u00fcl\u2019de Cezayir\u2019in talebiyle acil oturumla toplanm\u0131\u015ft\u0131.<\/p>\n<\/p><\/div>\n<p><script async\n                    defer\n                    crossorigin=\"anonymous\"\n                    src=\"https:\/\/connect.facebook.net\/tr_TR\/sdk.js#xfbml=1&#038;version=v3.3\"\n            ><\/script><\/p>\n","protected":false},"excerpt":{"rendered":"<p>Birle\u015fmi\u015f Milletler G\u00fcvenlik Konseyi (BMGK), 1 hafta i\u00e7inde ikinci kez L\u00fcbnan\u2019daki geli\u015fmeleri ele almak i\u00e7in acil oturumla toplanacak. D\u00f6nem Ba\u015fkan\u0131 Slovenya Daimi Temsilcili\u011finden edinilen bilgiye g\u00f6re, oturum bug\u00fcn yerel saatle 18.00\u2019de ger\u00e7ekle\u015fecek. A\u00e7\u0131l\u0131\u015f konu\u015fmas\u0131n\u0131 Birle\u015fmi\u015f Milletler Genel Sekreteri Antonio Guterres yapacak. Acil oturum, Fransa taraf\u0131ndan talep edildi. BMGK, 20 Eyl\u00fcl\u2019de Cezayir\u2019in talebiyle acil oturumla toplanm\u0131\u015ft\u0131.<\/p>\n","protected":false},"author":1,"featured_media":64784,"comment_status":"open","ping_status":"open","sticky":false,"template":"","format":"standard","meta":{"footnotes":""},"categories":[1],"tags":[],"class_list":["post-64783","post","type-post","status-publish","format-standard","has-post-thumbnail","hentry","category-gundem"],"yoast_head":"<!-- This site is optimized with the Yoast SEO plugin v27.5 - https:\/\/yoast.com\/product\/yoast-seo-wordpress\/ -->\n<title>BMGK, 1 haftada ikinci kez L\u00fcbnan i\u00e7in acil oturumla toplanacak -<\/title>\n<meta name=\"robots\" content=\"index, follow, max-snippet:-1, max-image-preview:large, max-video-preview:-1\" \/>\n<link rel=\"canonical\" href=\"https:\/\/kibrisdakik.com\/?p=64783\" \/>\n<meta property=\"og:locale\" content=\"tr_TR\" \/>\n<meta property=\"og:type\" content=\"article\" \/>\n<meta property=\"og:title\" content=\"BMGK, 1 haftada ikinci kez L\u00fcbnan i\u00e7in acil oturumla toplanacak -\" \/>\n<meta property=\"og:description\" content=\"Birle\u015fmi\u015f Milletler G\u00fcvenlik Konseyi (BMGK), 1 hafta i\u00e7inde ikinci kez L\u00fcbnan\u2019daki geli\u015fmeleri ele almak i\u00e7in acil oturumla toplanacak. D\u00f6nem Ba\u015fkan\u0131 Slovenya Daimi Temsilcili\u011finden edinilen bilgiye g\u00f6re, oturum bug\u00fcn yerel saatle 18.00\u2019de ger\u00e7ekle\u015fecek. A\u00e7\u0131l\u0131\u015f konu\u015fmas\u0131n\u0131 Birle\u015fmi\u015f Milletler Genel Sekreteri Antonio Guterres yapacak. Acil oturum, Fransa taraf\u0131ndan talep edildi. BMGK, 20 Eyl\u00fcl\u2019de Cezayir\u2019in talebiyle acil oturumla toplanm\u0131\u015ft\u0131.\" \/>\n<meta property=\"og:url\" content=\"https:\/\/kibrisdakik.com\/?p=64783\" \/>\n<meta property=\"article:published_time\" content=\"2024-09-25T06:51:27+00:00\" \/>\n<meta property=\"og:image\" content=\"https:\/\/kibrisdakik.com\/wp-content\/uploads\/2024\/09\/656-740x420.jpg\" \/>\n\t<meta property=\"og:image:width\" content=\"864\" \/>\n\t<meta property=\"og:image:height\" content=\"486\" \/>\n\t<meta property=\"og:image:type\" content=\"image\/jpeg\" \/>\n<meta name=\"author\" content=\"admin\" \/>\n<meta name=\"twitter:card\" content=\"summary_large_image\" \/>\n<meta name=\"twitter:label1\" content=\"Yazan:\" \/>\n\t<meta name=\"twitter:data1\" content=\"admin\" \/>\n<script type=\"application\/ld+json\" class=\"yoast-schema-graph\">{\"@context\":\"https:\\\/\\\/schema.org\",\"@graph\":[{\"@type\":\"Article\",\"@id\":\"https:\\\/\\\/kibrisdakik.com\\\/?p=64783#article\",\"isPartOf\":{\"@id\":\"https:\\\/\\\/kibrisdakik.com\\\/?p=64783\"},\"author\":{\"name\":\"admin\",\"@id\":\"https:\\\/\\\/kibrisdakik.com\\\/#\\\/schema\\\/person\\\/9cd9d437bbb44f72b73ba127e06d8e79\"},\"headline\":\"BMGK, 1 haftada ikinci kez L\u00fcbnan i\u00e7in acil oturumla toplanacak\",\"datePublished\":\"2024-09-25T06:51:27+00:00\",\"mainEntityOfPage\":{\"@id\":\"https:\\\/\\\/kibrisdakik.com\\\/?p=64783\"},\"wordCount\":87,\"commentCount\":0,\"image\":{\"@id\":\"https:\\\/\\\/kibrisdakik.com\\\/?p=64783#primaryimage\"},\"thumbnailUrl\":\"https:\\\/\\\/kibrisdakik.com\\\/wp-content\\\/uploads\\\/2024\\\/09\\\/656-740x420.jpg\",\"articleSection\":[\"G\u00fcndem\"],\"inLanguage\":\"tr\",\"potentialAction\":[{\"@type\":\"CommentAction\",\"name\":\"Comment\",\"target\":[\"https:\\\/\\\/kibrisdakik.com\\\/?p=64783#respond\"]}]},{\"@type\":\"WebPage\",\"@id\":\"https:\\\/\\\/kibrisdakik.com\\\/?p=64783\",\"url\":\"https:\\\/\\\/kibrisdakik.com\\\/?p=64783\",\"name\":\"BMGK, 1 haftada ikinci kez L\u00fcbnan i\u00e7in acil oturumla toplanacak -\",\"isPartOf\":{\"@id\":\"https:\\\/\\\/kibrisdakik.com\\\/#website\"},\"primaryImageOfPage\":{\"@id\":\"https:\\\/\\\/kibrisdakik.com\\\/?p=64783#primaryimage\"},\"image\":{\"@id\":\"https:\\\/\\\/kibrisdakik.com\\\/?p=64783#primaryimage\"},\"thumbnailUrl\":\"https:\\\/\\\/kibrisdakik.com\\\/wp-content\\\/uploads\\\/2024\\\/09\\\/656-740x420.jpg\",\"datePublished\":\"2024-09-25T06:51:27+00:00\",\"author\":{\"@id\":\"https:\\\/\\\/kibrisdakik.com\\\/#\\\/schema\\\/person\\\/9cd9d437bbb44f72b73ba127e06d8e79\"},\"breadcrumb\":{\"@id\":\"https:\\\/\\\/kibrisdakik.com\\\/?p=64783#breadcrumb\"},\"inLanguage\":\"tr\",\"potentialAction\":[{\"@type\":\"ReadAction\",\"target\":[\"https:\\\/\\\/kibrisdakik.com\\\/?p=64783\"]}]},{\"@type\":\"ImageObject\",\"inLanguage\":\"tr\",\"@id\":\"https:\\\/\\\/kibrisdakik.com\\\/?p=64783#primaryimage\",\"url\":\"https:\\\/\\\/kibrisdakik.com\\\/wp-content\\\/uploads\\\/2024\\\/09\\\/656-740x420.jpg\",\"contentUrl\":\"https:\\\/\\\/kibrisdakik.com\\\/wp-content\\\/uploads\\\/2024\\\/09\\\/656-740x420.jpg\",\"width\":864,\"height\":486},{\"@type\":\"BreadcrumbList\",\"@id\":\"https:\\\/\\\/kibrisdakik.com\\\/?p=64783#breadcrumb\",\"itemListElement\":[{\"@type\":\"ListItem\",\"position\":1,\"name\":\"Home\",\"item\":\"https:\\\/\\\/kibrisdakik.com\\\/\"},{\"@type\":\"ListItem\",\"position\":2,\"name\":\"BMGK, 1 haftada ikinci kez L\u00fcbnan i\u00e7in acil oturumla toplanacak\"}]},{\"@type\":\"WebSite\",\"@id\":\"https:\\\/\\\/kibrisdakik.com\\\/#website\",\"url\":\"https:\\\/\\\/kibrisdakik.com\\\/\",\"name\":\"\",\"description\":\"Tam vaktinde haber\",\"potentialAction\":[{\"@type\":\"SearchAction\",\"target\":{\"@type\":\"EntryPoint\",\"urlTemplate\":\"https:\\\/\\\/kibrisdakik.com\\\/?s={search_term_string}\"},\"query-input\":{\"@type\":\"PropertyValueSpecification\",\"valueRequired\":true,\"valueName\":\"search_term_string\"}}],\"inLanguage\":\"tr\"},{\"@type\":\"Person\",\"@id\":\"https:\\\/\\\/kibrisdakik.com\\\/#\\\/schema\\\/person\\\/9cd9d437bbb44f72b73ba127e06d8e79\",\"name\":\"admin\",\"image\":{\"@type\":\"ImageObject\",\"inLanguage\":\"tr\",\"@id\":\"https:\\\/\\\/secure.gravatar.com\\\/avatar\\\/ccc17943b9d660506c869530f897617f7cb1c21a4bf30023f252596d83e1f007?s=96&d=mm&r=g\",\"url\":\"https:\\\/\\\/secure.gravatar.com\\\/avatar\\\/ccc17943b9d660506c869530f897617f7cb1c21a4bf30023f252596d83e1f007?s=96&d=mm&r=g\",\"contentUrl\":\"https:\\\/\\\/secure.gravatar.com\\\/avatar\\\/ccc17943b9d660506c869530f897617f7cb1c21a4bf30023f252596d83e1f007?s=96&d=mm&r=g\",\"caption\":\"admin\"},\"sameAs\":[\"https:\\\/\\\/kibrisdakik.com\"],\"url\":\"https:\\\/\\\/kibrisdakik.com\\\/?author=1\"}]}<\/script>\n<!-- \/ Yoast SEO plugin. -->","yoast_head_json":{"title":"BMGK, 1 haftada ikinci kez L\u00fcbnan i\u00e7in acil oturumla toplanacak -","robots":{"index":"index","follow":"follow","max-snippet":"max-snippet:-1","max-image-preview":"max-image-preview:large","max-video-preview":"max-video-preview:-1"},"canonical":"https:\/\/kibrisdakik.com\/?p=64783","og_locale":"tr_TR","og_type":"article","og_title":"BMGK, 1 haftada ikinci kez L\u00fcbnan i\u00e7in acil oturumla toplanacak -","og_description":"Birle\u015fmi\u015f Milletler G\u00fcvenlik Konseyi (BMGK), 1 hafta i\u00e7inde ikinci kez L\u00fcbnan\u2019daki geli\u015fmeleri ele almak i\u00e7in acil oturumla toplanacak. D\u00f6nem Ba\u015fkan\u0131 Slovenya Daimi Temsilcili\u011finden edinilen bilgiye g\u00f6re, oturum bug\u00fcn yerel saatle 18.00\u2019de ger\u00e7ekle\u015fecek. A\u00e7\u0131l\u0131\u015f konu\u015fmas\u0131n\u0131 Birle\u015fmi\u015f Milletler Genel Sekreteri Antonio Guterres yapacak. Acil oturum, Fransa taraf\u0131ndan talep edildi. BMGK, 20 Eyl\u00fcl\u2019de Cezayir\u2019in talebiyle acil oturumla toplanm\u0131\u015ft\u0131.","og_url":"https:\/\/kibrisdakik.com\/?p=64783","article_published_time":"2024-09-25T06:51:27+00:00","og_image":[{"width":864,"height":486,"url":"https:\/\/kibrisdakik.com\/wp-content\/uploads\/2024\/09\/656-740x420.jpg","type":"image\/jpeg"}],"author":"admin","twitter_card":"summary_large_image","twitter_misc":{"Yazan:":"admin"},"schema":{"@context":"https:\/\/schema.org","@graph":[{"@type":"Article","@id":"https:\/\/kibrisdakik.com\/?p=64783#article","isPartOf":{"@id":"https:\/\/kibrisdakik.com\/?p=64783"},"author":{"name":"admin","@id":"https:\/\/kibrisdakik.com\/#\/schema\/person\/9cd9d437bbb44f72b73ba127e06d8e79"},"headline":"BMGK, 1 haftada ikinci kez L\u00fcbnan i\u00e7in acil oturumla toplanacak","datePublished":"2024-09-25T06:51:27+00:00","mainEntityOfPage":{"@id":"https:\/\/kibrisdakik.com\/?p=64783"},"wordCount":87,"commentCount":0,"image":{"@id":"https:\/\/kibrisdakik.com\/?p=64783#primaryimage"},"thumbnailUrl":"https:\/\/kibrisdakik.com\/wp-content\/uploads\/2024\/09\/656-740x420.jpg","articleSection":["G\u00fcndem"],"inLanguage":"tr","potentialAction":[{"@type":"CommentAction","name":"Comment","target":["https:\/\/kibrisdakik.com\/?p=64783#respond"]}]},{"@type":"WebPage","@id":"https:\/\/kibrisdakik.com\/?p=64783","url":"https:\/\/kibrisdakik.com\/?p=64783","name":"BMGK, 1 haftada ikinci kez L\u00fcbnan i\u00e7in acil oturumla toplanacak -","isPartOf":{"@id":"https:\/\/kibrisdakik.com\/#website"},"primaryImageOfPage":{"@id":"https:\/\/kibrisdakik.com\/?p=64783#primaryimage"},"image":{"@id":"https:\/\/kibrisdakik.com\/?p=64783#primaryimage"},"thumbnailUrl":"https:\/\/kibrisdakik.com\/wp-content\/uploads\/2024\/09\/656-740x420.jpg","datePublished":"2024-09-25T06:51:27+00:00","author":{"@id":"https:\/\/kibrisdakik.com\/#\/schema\/person\/9cd9d437bbb44f72b73ba127e06d8e79"},"breadcrumb":{"@id":"https:\/\/kibrisdakik.com\/?p=64783#breadcrumb"},"inLanguage":"tr","potentialAction":[{"@type":"ReadAction","target":["https:\/\/kibrisdakik.com\/?p=64783"]}]},{"@type":"ImageObject","inLanguage":"tr","@id":"https:\/\/kibrisdakik.com\/?p=64783#primaryimage","url":"https:\/\/kibrisdakik.com\/wp-content\/uploads\/2024\/09\/656-740x420.jpg","contentUrl":"https:\/\/kibrisdakik.com\/wp-content\/uploads\/2024\/09\/656-740x420.jpg","width":864,"height":486},{"@type":"BreadcrumbList","@id":"https:\/\/kibrisdakik.com\/?p=64783#breadcrumb","itemListElement":[{"@type":"ListItem","position":1,"name":"Home","item":"https:\/\/kibrisdakik.com\/"},{"@type":"ListItem","position":2,"name":"BMGK, 1 haftada ikinci kez L\u00fcbnan i\u00e7in acil oturumla toplanacak"}]},{"@type":"WebSite","@id":"https:\/\/kibrisdakik.com\/#website","url":"https:\/\/kibrisdakik.com\/","name":"","description":"Tam vaktinde haber","potentialAction":[{"@type":"SearchAction","target":{"@type":"EntryPoint","urlTemplate":"https:\/\/kibrisdakik.com\/?s={search_term_string}"},"query-input":{"@type":"PropertyValueSpecification","valueRequired":true,"valueName":"search_term_string"}}],"inLanguage":"tr"},{"@type":"Person","@id":"https:\/\/kibrisdakik.com\/#\/schema\/person\/9cd9d437bbb44f72b73ba127e06d8e79","name":"admin","image":{"@type":"ImageObject","inLanguage":"tr","@id":"https:\/\/secure.gravatar.com\/avatar\/ccc17943b9d660506c869530f897617f7cb1c21a4bf30023f252596d83e1f007?s=96&d=mm&r=g","url":"https:\/\/secure.gravatar.com\/avatar\/ccc17943b9d660506c869530f897617f7cb1c21a4bf30023f252596d83e1f007?s=96&d=mm&r=g","contentUrl":"https:\/\/secure.gravatar.com\/avatar\/ccc17943b9d660506c869530f897617f7cb1c21a4bf30023f252596d83e1f007?s=96&d=mm&r=g","caption":"admin"},"sameAs":["https:\/\/kibrisdakik.com"],"url":"https:\/\/kibrisdakik.com\/?author=1"}]}},"_links":{"self":[{"href":"https:\/\/kibrisdakik.com\/index.php?rest_route=\/wp\/v2\/posts\/64783","targetHints":{"allow":["GET"]}}],"collection":[{"href":"https:\/\/kibrisdakik.com\/index.php?rest_route=\/wp\/v2\/posts"}],"about":[{"href":"https:\/\/kibrisdakik.com\/index.php?rest_route=\/wp\/v2\/types\/post"}],"author":[{"embeddable":true,"href":"https:\/\/kibrisdakik.com\/index.php?rest_route=\/wp\/v2\/users\/1"}],"replies":[{"embeddable":true,"href":"https:\/\/kibrisdakik.com\/index.php?rest_route=%2Fwp%2Fv2%2Fcomments&post=64783"}],"version-history":[{"count":0,"href":"https:\/\/kibrisdakik.com\/index.php?rest_route=\/wp\/v2\/posts\/64783\/revisions"}],"wp:featuredmedia":[{"embeddable":true,"href":"https:\/\/kibrisdakik.com\/index.php?rest_route=\/wp\/v2\/media\/64784"}],"wp:attachment":[{"href":"https:\/\/kibrisdakik.com\/index.php?rest_route=%2Fwp%2Fv2%2Fmedia&parent=64783"}],"wp:term":[{"taxonomy":"category","embeddable":true,"href":"https:\/\/kibrisdakik.com\/index.php?rest_route=%2Fwp%2Fv2%2Fcategories&post=64783"},{"taxonomy":"post_tag","embeddable":true,"href":"https:\/\/kibrisdakik.com\/index.php?rest_route=%2Fwp%2Fv2%2Ftags&post=64783"}],"curies":[{"name":"wp","href":"https:\/\/api.w.org\/{rel}","templated":true}]}}