{"id":64785,"date":"2024-09-26T01:14:46","date_gmt":"2024-09-25T22:14:46","guid":{"rendered":"https:\/\/kibrisdakik.com\/index.php\/2024\/09\/26\/cumhurbaskani-tatardan-tc-cumhurbaskani-erdogana-te%e1%b9%a3ekkur\/"},"modified":"2024-09-26T01:14:46","modified_gmt":"2024-09-25T22:14:46","slug":"cumhurbaskani-tatardan-tc-cumhurbaskani-erdogana-te%e1%b9%a3ekkur","status":"publish","type":"post","link":"https:\/\/kibrisdakik.com\/?p=64785","title":{"rendered":"Cumhurba\u015fkan\u0131 Tatar\u2019dan TC Cumhurba\u015fkan\u0131 Erdo\u011fan\u2019a te\u1e63ekk\u00fcr"},"content":{"rendered":"<div>\n<div class=\"mariselle-image-container center\">\n                                            <\/div>\n<p>Cumhurba\u015fkan\u0131\u00a0Ersin Tatar, New York\u2019ta bulunan T\u00fcrkevi\u2019nde\u00a0T\u00fcrkiye Cumhuriyeti Cumhurba\u015fkan\u0131 Recep Tayyip Erdo\u011fan ile g\u00f6r\u00fc\u015ft\u00fc.\u00a0<\/p>\n<div class=\"mariselle-image-container center\">\n                <img loading=\"lazy\" decoding=\"async\" width=\"1290\" height=\"1053\" class=\"lazy-image\" alt=\"\" sizes=\"auto, (max-width: 1290px) 100vw, 1290px\" src=\"https:\/\/brtk.net\/wp-content\/uploads\/2024\/09\/25\/20240925_225631.jpg?ver=c995591d731dad68f36e194413c741fd\" srcset=\"https:\/\/brtk.net\/wp-content\/uploads\/2024\/09\/25\/20240925_225631.jpg?ver=c995591d731dad68f36e194413c741fd 1290w, https:\/\/brtk.net\/wp-content\/uploads\/2024\/09\/25\/20240925_225631-300x245.jpg?ver=c995591d731dad68f36e194413c741fd 300w, https:\/\/brtk.net\/wp-content\/uploads\/2024\/09\/25\/20240925_225631-1024x836.jpg?ver=f84b449ad4f800bee9a1ec17d89d12ba 1024w, https:\/\/brtk.net\/wp-content\/uploads\/2024\/09\/25\/20240925_225631-768x627.jpg?ver=f84b449ad4f800bee9a1ec17d89d12ba 768w\"\/>                            <\/div>\n<p>Cumhurba\u015fkan\u0131 Tatar, g\u00f6r\u00fc\u015fmeye ili\u015fkin sosyal medya hesab\u0131 \u00fczerinden \u201cNew York\u2019ta T\u00fcrkevi\u2019nde T\u00fcrkiye Cumhuriyeti Cumhurba\u015fkan\u0131 Recep Tayyip Erdo\u011fan\u2019a g\u00f6r\u00fc\u015fmemde BM 79. Genel Kurul konu\u015fmas\u0131ndaki K\u0131br\u0131s T\u00fcrk halk\u0131n\u0131n hakl\u0131 davas\u0131na verdi\u011fi g\u00fc\u00e7l\u00fc destekten dolay\u0131 \u015fahs\u0131m ve halk\u0131m ad\u0131na te\u015fekk\u00fcr ettim\u201d ifadelerini kulland\u0131.\u00a0<\/p>\n<\/p><\/div>\n<p><script async\n                    defer\n                    crossorigin=\"anonymous\"\n                    src=\"https:\/\/connect.facebook.net\/tr_TR\/sdk.js#xfbml=1&#038;version=v3.3\"\n            ><\/script><\/p>\n","protected":false},"excerpt":{"rendered":"<p>Cumhurba\u015fkan\u0131\u00a0Ersin Tatar, New York\u2019ta bulunan T\u00fcrkevi\u2019nde\u00a0T\u00fcrkiye Cumhuriyeti Cumhurba\u015fkan\u0131 Recep Tayyip Erdo\u011fan ile g\u00f6r\u00fc\u015ft\u00fc.\u00a0 Cumhurba\u015fkan\u0131 Tatar, g\u00f6r\u00fc\u015fmeye ili\u015fkin sosyal medya hesab\u0131 \u00fczerinden \u201cNew York\u2019ta T\u00fcrkevi\u2019nde T\u00fcrkiye Cumhuriyeti Cumhurba\u015fkan\u0131 Recep Tayyip Erdo\u011fan\u2019a g\u00f6r\u00fc\u015fmemde BM 79. Genel Kurul konu\u015fmas\u0131ndaki K\u0131br\u0131s T\u00fcrk halk\u0131n\u0131n hakl\u0131 davas\u0131na verdi\u011fi g\u00fc\u00e7l\u00fc destekten dolay\u0131 \u015fahs\u0131m ve halk\u0131m ad\u0131na te\u015fekk\u00fcr ettim\u201d ifadelerini kulland\u0131.\u00a0<\/p>\n","protected":false},"author":1,"featured_media":64786,"comment_status":"open","ping_status":"open","sticky":false,"template":"","format":"standard","meta":{"footnotes":""},"categories":[81],"tags":[],"class_list":["post-64785","post","type-post","status-publish","format-standard","has-post-thumbnail","hentry","category-kibris"],"yoast_head":"<!-- This site is optimized with the Yoast SEO plugin v27.5 - https:\/\/yoast.com\/product\/yoast-seo-wordpress\/ -->\n<title>Cumhurba\u015fkan\u0131 Tatar\u2019dan TC Cumhurba\u015fkan\u0131 Erdo\u011fan\u2019a te\u1e63ekk\u00fcr -<\/title>\n<meta name=\"robots\" content=\"index, follow, max-snippet:-1, max-image-preview:large, max-video-preview:-1\" \/>\n<link rel=\"canonical\" href=\"https:\/\/kibrisdakik.com\/?p=64785\" \/>\n<meta property=\"og:locale\" content=\"tr_TR\" \/>\n<meta property=\"og:type\" content=\"article\" \/>\n<meta property=\"og:title\" content=\"Cumhurba\u015fkan\u0131 Tatar\u2019dan TC Cumhurba\u015fkan\u0131 Erdo\u011fan\u2019a te\u1e63ekk\u00fcr -\" \/>\n<meta property=\"og:description\" content=\"Cumhurba\u015fkan\u0131\u00a0Ersin Tatar, New York\u2019ta bulunan T\u00fcrkevi\u2019nde\u00a0T\u00fcrkiye Cumhuriyeti Cumhurba\u015fkan\u0131 Recep Tayyip Erdo\u011fan ile g\u00f6r\u00fc\u015ft\u00fc.\u00a0 Cumhurba\u015fkan\u0131 Tatar, g\u00f6r\u00fc\u015fmeye ili\u015fkin sosyal medya hesab\u0131 \u00fczerinden \u201cNew York\u2019ta T\u00fcrkevi\u2019nde T\u00fcrkiye Cumhuriyeti Cumhurba\u015fkan\u0131 Recep Tayyip Erdo\u011fan\u2019a g\u00f6r\u00fc\u015fmemde BM 79. Genel Kurul konu\u015fmas\u0131ndaki K\u0131br\u0131s T\u00fcrk halk\u0131n\u0131n hakl\u0131 davas\u0131na verdi\u011fi g\u00fc\u00e7l\u00fc destekten dolay\u0131 \u015fahs\u0131m ve halk\u0131m ad\u0131na te\u015fekk\u00fcr ettim\u201d ifadelerini kulland\u0131.\u00a0\" \/>\n<meta property=\"og:url\" content=\"https:\/\/kibrisdakik.com\/?p=64785\" \/>\n<meta property=\"article:published_time\" content=\"2024-09-25T22:14:46+00:00\" \/>\n<meta property=\"og:image\" content=\"https:\/\/kibrisdakik.com\/wp-content\/uploads\/2024\/09\/20240925_225628-740x420.jpg\" \/>\n\t<meta property=\"og:image:width\" content=\"1196\" \/>\n\t<meta property=\"og:image:height\" content=\"865\" \/>\n\t<meta property=\"og:image:type\" content=\"image\/jpeg\" \/>\n<meta name=\"author\" content=\"admin\" \/>\n<meta name=\"twitter:card\" content=\"summary_large_image\" \/>\n<meta name=\"twitter:label1\" content=\"Yazan:\" \/>\n\t<meta name=\"twitter:data1\" content=\"admin\" \/>\n<script type=\"application\/ld+json\" class=\"yoast-schema-graph\">{\"@context\":\"https:\\\/\\\/schema.org\",\"@graph\":[{\"@type\":\"Article\",\"@id\":\"https:\\\/\\\/kibrisdakik.com\\\/?p=64785#article\",\"isPartOf\":{\"@id\":\"https:\\\/\\\/kibrisdakik.com\\\/?p=64785\"},\"author\":{\"name\":\"admin\",\"@id\":\"https:\\\/\\\/kibrisdakik.com\\\/#\\\/schema\\\/person\\\/9cd9d437bbb44f72b73ba127e06d8e79\"},\"headline\":\"Cumhurba\u015fkan\u0131 Tatar\u2019dan TC Cumhurba\u015fkan\u0131 Erdo\u011fan\u2019a te\u1e63ekk\u00fcr\",\"datePublished\":\"2024-09-25T22:14:46+00:00\",\"mainEntityOfPage\":{\"@id\":\"https:\\\/\\\/kibrisdakik.com\\\/?p=64785\"},\"wordCount\":104,\"commentCount\":0,\"image\":{\"@id\":\"https:\\\/\\\/kibrisdakik.com\\\/?p=64785#primaryimage\"},\"thumbnailUrl\":\"https:\\\/\\\/kibrisdakik.com\\\/wp-content\\\/uploads\\\/2024\\\/09\\\/20240925_225628-740x420.jpg\",\"articleSection\":[\"K\u0131br\u0131s\"],\"inLanguage\":\"tr\",\"potentialAction\":[{\"@type\":\"CommentAction\",\"name\":\"Comment\",\"target\":[\"https:\\\/\\\/kibrisdakik.com\\\/?p=64785#respond\"]}]},{\"@type\":\"WebPage\",\"@id\":\"https:\\\/\\\/kibrisdakik.com\\\/?p=64785\",\"url\":\"https:\\\/\\\/kibrisdakik.com\\\/?p=64785\",\"name\":\"Cumhurba\u015fkan\u0131 Tatar\u2019dan TC Cumhurba\u015fkan\u0131 Erdo\u011fan\u2019a te\u1e63ekk\u00fcr -\",\"isPartOf\":{\"@id\":\"https:\\\/\\\/kibrisdakik.com\\\/#website\"},\"primaryImageOfPage\":{\"@id\":\"https:\\\/\\\/kibrisdakik.com\\\/?p=64785#primaryimage\"},\"image\":{\"@id\":\"https:\\\/\\\/kibrisdakik.com\\\/?p=64785#primaryimage\"},\"thumbnailUrl\":\"https:\\\/\\\/kibrisdakik.com\\\/wp-content\\\/uploads\\\/2024\\\/09\\\/20240925_225628-740x420.jpg\",\"datePublished\":\"2024-09-25T22:14:46+00:00\",\"author\":{\"@id\":\"https:\\\/\\\/kibrisdakik.com\\\/#\\\/schema\\\/person\\\/9cd9d437bbb44f72b73ba127e06d8e79\"},\"breadcrumb\":{\"@id\":\"https:\\\/\\\/kibrisdakik.com\\\/?p=64785#breadcrumb\"},\"inLanguage\":\"tr\",\"potentialAction\":[{\"@type\":\"ReadAction\",\"target\":[\"https:\\\/\\\/kibrisdakik.com\\\/?p=64785\"]}]},{\"@type\":\"ImageObject\",\"inLanguage\":\"tr\",\"@id\":\"https:\\\/\\\/kibrisdakik.com\\\/?p=64785#primaryimage\",\"url\":\"https:\\\/\\\/kibrisdakik.com\\\/wp-content\\\/uploads\\\/2024\\\/09\\\/20240925_225628-740x420.jpg\",\"contentUrl\":\"https:\\\/\\\/kibrisdakik.com\\\/wp-content\\\/uploads\\\/2024\\\/09\\\/20240925_225628-740x420.jpg\",\"width\":1196,\"height\":865},{\"@type\":\"BreadcrumbList\",\"@id\":\"https:\\\/\\\/kibrisdakik.com\\\/?p=64785#breadcrumb\",\"itemListElement\":[{\"@type\":\"ListItem\",\"position\":1,\"name\":\"Home\",\"item\":\"https:\\\/\\\/kibrisdakik.com\\\/\"},{\"@type\":\"ListItem\",\"position\":2,\"name\":\"Cumhurba\u015fkan\u0131 Tatar\u2019dan TC Cumhurba\u015fkan\u0131 Erdo\u011fan\u2019a te\u1e63ekk\u00fcr\"}]},{\"@type\":\"WebSite\",\"@id\":\"https:\\\/\\\/kibrisdakik.com\\\/#website\",\"url\":\"https:\\\/\\\/kibrisdakik.com\\\/\",\"name\":\"\",\"description\":\"Tam vaktinde haber\",\"potentialAction\":[{\"@type\":\"SearchAction\",\"target\":{\"@type\":\"EntryPoint\",\"urlTemplate\":\"https:\\\/\\\/kibrisdakik.com\\\/?s={search_term_string}\"},\"query-input\":{\"@type\":\"PropertyValueSpecification\",\"valueRequired\":true,\"valueName\":\"search_term_string\"}}],\"inLanguage\":\"tr\"},{\"@type\":\"Person\",\"@id\":\"https:\\\/\\\/kibrisdakik.com\\\/#\\\/schema\\\/person\\\/9cd9d437bbb44f72b73ba127e06d8e79\",\"name\":\"admin\",\"image\":{\"@type\":\"ImageObject\",\"inLanguage\":\"tr\",\"@id\":\"https:\\\/\\\/secure.gravatar.com\\\/avatar\\\/ccc17943b9d660506c869530f897617f7cb1c21a4bf30023f252596d83e1f007?s=96&d=mm&r=g\",\"url\":\"https:\\\/\\\/secure.gravatar.com\\\/avatar\\\/ccc17943b9d660506c869530f897617f7cb1c21a4bf30023f252596d83e1f007?s=96&d=mm&r=g\",\"contentUrl\":\"https:\\\/\\\/secure.gravatar.com\\\/avatar\\\/ccc17943b9d660506c869530f897617f7cb1c21a4bf30023f252596d83e1f007?s=96&d=mm&r=g\",\"caption\":\"admin\"},\"sameAs\":[\"https:\\\/\\\/kibrisdakik.com\"],\"url\":\"https:\\\/\\\/kibrisdakik.com\\\/?author=1\"}]}<\/script>\n<!-- \/ Yoast SEO plugin. -->","yoast_head_json":{"title":"Cumhurba\u015fkan\u0131 Tatar\u2019dan TC Cumhurba\u015fkan\u0131 Erdo\u011fan\u2019a te\u1e63ekk\u00fcr -","robots":{"index":"index","follow":"follow","max-snippet":"max-snippet:-1","max-image-preview":"max-image-preview:large","max-video-preview":"max-video-preview:-1"},"canonical":"https:\/\/kibrisdakik.com\/?p=64785","og_locale":"tr_TR","og_type":"article","og_title":"Cumhurba\u015fkan\u0131 Tatar\u2019dan TC Cumhurba\u015fkan\u0131 Erdo\u011fan\u2019a te\u1e63ekk\u00fcr -","og_description":"Cumhurba\u015fkan\u0131\u00a0Ersin Tatar, New York\u2019ta bulunan T\u00fcrkevi\u2019nde\u00a0T\u00fcrkiye Cumhuriyeti Cumhurba\u015fkan\u0131 Recep Tayyip Erdo\u011fan ile g\u00f6r\u00fc\u015ft\u00fc.\u00a0 Cumhurba\u015fkan\u0131 Tatar, g\u00f6r\u00fc\u015fmeye ili\u015fkin sosyal medya hesab\u0131 \u00fczerinden \u201cNew York\u2019ta T\u00fcrkevi\u2019nde T\u00fcrkiye Cumhuriyeti Cumhurba\u015fkan\u0131 Recep Tayyip Erdo\u011fan\u2019a g\u00f6r\u00fc\u015fmemde BM 79. Genel Kurul konu\u015fmas\u0131ndaki K\u0131br\u0131s T\u00fcrk halk\u0131n\u0131n hakl\u0131 davas\u0131na verdi\u011fi g\u00fc\u00e7l\u00fc destekten dolay\u0131 \u015fahs\u0131m ve halk\u0131m ad\u0131na te\u015fekk\u00fcr ettim\u201d ifadelerini kulland\u0131.\u00a0","og_url":"https:\/\/kibrisdakik.com\/?p=64785","article_published_time":"2024-09-25T22:14:46+00:00","og_image":[{"width":1196,"height":865,"url":"https:\/\/kibrisdakik.com\/wp-content\/uploads\/2024\/09\/20240925_225628-740x420.jpg","type":"image\/jpeg"}],"author":"admin","twitter_card":"summary_large_image","twitter_misc":{"Yazan:":"admin"},"schema":{"@context":"https:\/\/schema.org","@graph":[{"@type":"Article","@id":"https:\/\/kibrisdakik.com\/?p=64785#article","isPartOf":{"@id":"https:\/\/kibrisdakik.com\/?p=64785"},"author":{"name":"admin","@id":"https:\/\/kibrisdakik.com\/#\/schema\/person\/9cd9d437bbb44f72b73ba127e06d8e79"},"headline":"Cumhurba\u015fkan\u0131 Tatar\u2019dan TC Cumhurba\u015fkan\u0131 Erdo\u011fan\u2019a te\u1e63ekk\u00fcr","datePublished":"2024-09-25T22:14:46+00:00","mainEntityOfPage":{"@id":"https:\/\/kibrisdakik.com\/?p=64785"},"wordCount":104,"commentCount":0,"image":{"@id":"https:\/\/kibrisdakik.com\/?p=64785#primaryimage"},"thumbnailUrl":"https:\/\/kibrisdakik.com\/wp-content\/uploads\/2024\/09\/20240925_225628-740x420.jpg","articleSection":["K\u0131br\u0131s"],"inLanguage":"tr","potentialAction":[{"@type":"CommentAction","name":"Comment","target":["https:\/\/kibrisdakik.com\/?p=64785#respond"]}]},{"@type":"WebPage","@id":"https:\/\/kibrisdakik.com\/?p=64785","url":"https:\/\/kibrisdakik.com\/?p=64785","name":"Cumhurba\u015fkan\u0131 Tatar\u2019dan TC Cumhurba\u015fkan\u0131 Erdo\u011fan\u2019a te\u1e63ekk\u00fcr -","isPartOf":{"@id":"https:\/\/kibrisdakik.com\/#website"},"primaryImageOfPage":{"@id":"https:\/\/kibrisdakik.com\/?p=64785#primaryimage"},"image":{"@id":"https:\/\/kibrisdakik.com\/?p=64785#primaryimage"},"thumbnailUrl":"https:\/\/kibrisdakik.com\/wp-content\/uploads\/2024\/09\/20240925_225628-740x420.jpg","datePublished":"2024-09-25T22:14:46+00:00","author":{"@id":"https:\/\/kibrisdakik.com\/#\/schema\/person\/9cd9d437bbb44f72b73ba127e06d8e79"},"breadcrumb":{"@id":"https:\/\/kibrisdakik.com\/?p=64785#breadcrumb"},"inLanguage":"tr","potentialAction":[{"@type":"ReadAction","target":["https:\/\/kibrisdakik.com\/?p=64785"]}]},{"@type":"ImageObject","inLanguage":"tr","@id":"https:\/\/kibrisdakik.com\/?p=64785#primaryimage","url":"https:\/\/kibrisdakik.com\/wp-content\/uploads\/2024\/09\/20240925_225628-740x420.jpg","contentUrl":"https:\/\/kibrisdakik.com\/wp-content\/uploads\/2024\/09\/20240925_225628-740x420.jpg","width":1196,"height":865},{"@type":"BreadcrumbList","@id":"https:\/\/kibrisdakik.com\/?p=64785#breadcrumb","itemListElement":[{"@type":"ListItem","position":1,"name":"Home","item":"https:\/\/kibrisdakik.com\/"},{"@type":"ListItem","position":2,"name":"Cumhurba\u015fkan\u0131 Tatar\u2019dan TC Cumhurba\u015fkan\u0131 Erdo\u011fan\u2019a te\u1e63ekk\u00fcr"}]},{"@type":"WebSite","@id":"https:\/\/kibrisdakik.com\/#website","url":"https:\/\/kibrisdakik.com\/","name":"","description":"Tam vaktinde haber","potentialAction":[{"@type":"SearchAction","target":{"@type":"EntryPoint","urlTemplate":"https:\/\/kibrisdakik.com\/?s={search_term_string}"},"query-input":{"@type":"PropertyValueSpecification","valueRequired":true,"valueName":"search_term_string"}}],"inLanguage":"tr"},{"@type":"Person","@id":"https:\/\/kibrisdakik.com\/#\/schema\/person\/9cd9d437bbb44f72b73ba127e06d8e79","name":"admin","image":{"@type":"ImageObject","inLanguage":"tr","@id":"https:\/\/secure.gravatar.com\/avatar\/ccc17943b9d660506c869530f897617f7cb1c21a4bf30023f252596d83e1f007?s=96&d=mm&r=g","url":"https:\/\/secure.gravatar.com\/avatar\/ccc17943b9d660506c869530f897617f7cb1c21a4bf30023f252596d83e1f007?s=96&d=mm&r=g","contentUrl":"https:\/\/secure.gravatar.com\/avatar\/ccc17943b9d660506c869530f897617f7cb1c21a4bf30023f252596d83e1f007?s=96&d=mm&r=g","caption":"admin"},"sameAs":["https:\/\/kibrisdakik.com"],"url":"https:\/\/kibrisdakik.com\/?author=1"}]}},"_links":{"self":[{"href":"https:\/\/kibrisdakik.com\/index.php?rest_route=\/wp\/v2\/posts\/64785","targetHints":{"allow":["GET"]}}],"collection":[{"href":"https:\/\/kibrisdakik.com\/index.php?rest_route=\/wp\/v2\/posts"}],"about":[{"href":"https:\/\/kibrisdakik.com\/index.php?rest_route=\/wp\/v2\/types\/post"}],"author":[{"embeddable":true,"href":"https:\/\/kibrisdakik.com\/index.php?rest_route=\/wp\/v2\/users\/1"}],"replies":[{"embeddable":true,"href":"https:\/\/kibrisdakik.com\/index.php?rest_route=%2Fwp%2Fv2%2Fcomments&post=64785"}],"version-history":[{"count":0,"href":"https:\/\/kibrisdakik.com\/index.php?rest_route=\/wp\/v2\/posts\/64785\/revisions"}],"wp:featuredmedia":[{"embeddable":true,"href":"https:\/\/kibrisdakik.com\/index.php?rest_route=\/wp\/v2\/media\/64786"}],"wp:attachment":[{"href":"https:\/\/kibrisdakik.com\/index.php?rest_route=%2Fwp%2Fv2%2Fmedia&parent=64785"}],"wp:term":[{"taxonomy":"category","embeddable":true,"href":"https:\/\/kibrisdakik.com\/index.php?rest_route=%2Fwp%2Fv2%2Fcategories&post=64785"},{"taxonomy":"post_tag","embeddable":true,"href":"https:\/\/kibrisdakik.com\/index.php?rest_route=%2Fwp%2Fv2%2Ftags&post=64785"}],"curies":[{"name":"wp","href":"https:\/\/api.w.org\/{rel}","templated":true}]}}