{"id":64896,"date":"2024-09-26T21:34:17","date_gmt":"2024-09-26T18:34:17","guid":{"rendered":"https:\/\/kibrisdakik.com\/index.php\/2024\/09\/26\/ctp-kibrista-cozum-ekseninde-ekonomi-paneli-duzenledi\/"},"modified":"2024-09-26T21:34:17","modified_gmt":"2024-09-26T18:34:17","slug":"ctp-kibrista-cozum-ekseninde-ekonomi-paneli-duzenledi","status":"publish","type":"post","link":"https:\/\/kibrisdakik.com\/?p=64896","title":{"rendered":"CTP \u201cK\u0131br\u0131s\u2019ta \u00c7\u00f6z\u00fcm Ekseninde Ekonomi Paneli\u201d d\u00fczenledi"},"content":{"rendered":"<div>\n<div class=\"mariselle-image-container center\">\n                                            <\/div>\n<p>Cumhuriyet\u00e7i T\u00fcrk Partisi (CTP) taraf\u0131ndan \u201cK\u0131br\u0131s\u2019ta \u00c7\u00f6z\u00fcm Ekseninde Ekonomi\u201d ba\u015fl\u0131kl\u0131 panel d\u00fczenlendi.<\/p>\n<p>Partiden yap\u0131lan a\u00e7\u0131klamaya g\u00f6re KT\u00d6S Konferans Salonu\u2019nda d\u00fcn yap\u0131lan panelde, Mustafa Besim, \u0130zge Ar\u0131sal, Berkan Tokar, \u0130pek Borman ve Mertkan Hamit konu\u015fmac\u0131 olarak yer ald\u0131. Panele, CTP Genel Sekreteri As\u0131m Akansoy, baz\u0131 MYK \u00dcyeleri, milletvekilleri ve belediye ba\u015fkanlar\u0131 kat\u0131ld\u0131.<\/p>\n<p>Panelde, K\u0131br\u0131s\u2019taki \u00e7\u00f6z\u00fcm aray\u0131\u015flar\u0131n\u0131n ekonomi \u00fczerindeki etkileri ve at\u0131labilecek olas\u0131 ad\u0131mlar ele al\u0131nd\u0131. Konu\u015fmac\u0131lar, \u00e7\u00f6z\u00fcm s\u00fcrecinin ekonomiye olan potansiyel katk\u0131lar\u0131na i\u015faret ederek, K\u0131br\u0131s\u2019\u0131n gelecekteki ekonomik yap\u0131s\u0131na dair baz\u0131 stratejik de\u011ferlendirmelerde bulundular.<\/p>\n<p>Panelin ard\u0131ndan d\u00fczenlenen kokteylde kat\u0131l\u0131mc\u0131lar ekonomi ve \u00e7\u00f6z\u00fcm s\u00fcreci \u00fczerine sohbet etme f\u0131rsat\u0131 buldu. Etkinli\u011fin, eyl\u00fcl ay\u0131nda \u00e7e\u015fitli \u00f6rg\u00fctler ve sendikalar taraf\u0131ndan d\u00fczenlenen bar\u0131\u015f etkinlikleri \u00e7er\u00e7evesinde ve \u00e7\u00f6z\u00fcm s\u00fcrecine katk\u0131 sa\u011flamak amac\u0131yla yap\u0131ld\u0131\u011f\u0131 ifade edildi.<\/p>\n<p>-Tokar: \u201cD\u0131\u015f yard\u0131mlar\u0131n etkin kullan\u0131m\u0131 i\u00e7in kurumsal kapasite art\u0131r\u0131lmal\u0131\u201d<\/p>\n<p>Ekonomist Berkan Tokar, panelde, sermaye eksikli\u011fi ya\u015fayan geli\u015fmekte olan \u00fclkelerin d\u0131\u015f yard\u0131ma duydu\u011fu ihtiya\u00e7 duydu\u011funu ifade ederek, bu t\u00fcr \u00fclkelerde d\u0131\u015f yard\u0131mlar\u0131n istihdam yarat\u0131lmas\u0131, b\u00f6lgesel entegrasyonun sa\u011flanmas\u0131, ekonomik ve ticari ili\u015fkilerin geli\u015ftirilmesi ve kalk\u0131nma hedeflerine ula\u015f\u0131lmas\u0131nda \u00f6nemli bir rol oynayabilece\u011fini belirtti.<\/p>\n<p>K\u0131br\u0131s\u2019taki \u00e7\u00f6z\u00fcm s\u00fcrecine de de\u011finen Tokar, gerek T\u00fcrkiye gerekse Avrupa Birli\u011fi kaynakl\u0131 yard\u0131mlar\u0131n \u00f6nemine i\u015faret ederek, d\u0131\u015f yard\u0131mlar\u0131n etkin bir \u015fekilde kullan\u0131labilmesi amac\u0131yla \u00fclkede \u201ckurumsal kapasite\u201dnin art\u0131r\u0131lmas\u0131 gerekti\u011fini belirtti. Tokar, kurumsal yap\u0131n\u0131n g\u00fc\u00e7lendirilmesi ve kalk\u0131nma planlar\u0131n\u0131n haz\u0131r hale getirilmesi i\u00e7in reformlar\u0131n elzem oldu\u011funu s\u00f6yledi.<\/p>\n<p>-Hamit: \u201cKilit i\u015f birlikleri bir t\u00fcr G\u00fcven Yarat\u0131c\u0131 \u00d6nlem niteli\u011findedir\u201d<\/p>\n<p>Ekonomist Mertkan Hamit sunumunda AB Merkez Bankas\u0131 eski ba\u015fkan\u0131 Draghi taraf\u0131ndan Avrupa\u2019n\u0131n rekabet edebilirli\u011fi \u00fczerine haz\u0131rlanan rapora odakland\u0131 ve K\u0131br\u0131s meselesinin AB\u2019nin ekonomik gelece\u011fi ile ilgili tart\u0131\u015fmalar\u0131 g\u00f6z \u00f6n\u00fcnde alarak de\u011ferlendirilmesi gerekti\u011fini s\u00f6yledi.<\/p>\n<p>\u201cRapordaki temel vurgulardan hareketle, K\u0131br\u0131s sorunu ba\u011flam\u0131nda, her iki taraf\u0131n da enerji maliyetleri, inovasyon eksikli\u011fi ve ekonomik \u00e7e\u015fitlilik gibi sorunlarla kar\u015f\u0131 kar\u015f\u0131ya oldu\u011fu vurguland\u0131\u201d diyen Hamit, \u00f6nerilen \u00e7\u00f6z\u00fcmler aras\u0131nda ortak enerji ve ticaret altyap\u0131s\u0131n\u0131n geli\u015ftirilmesi, yenilenebilir enerji projeleri, veri payla\u015f\u0131m\u0131, i\u015f g\u00fcc\u00fc ve beceri geli\u015fimi konusunda iki toplum aras\u0131nda kilit i\u015f birliklerinin bir t\u00fcr G\u00fcven Yarat\u0131c\u0131 \u00d6nlem niteli\u011finde \u00e7\u00f6z\u00fcm s\u00fcrecini destekleyici bir nitelikte ele al\u0131nmas\u0131 gerekti\u011fini vurgulad\u0131.<\/p>\n<p>-Borman: \u201cSiyasal, ekonomik ve sosyal s\u00fcre\u00e7ler birbiriyle ilintilidir\u201d<\/p>\n<p>Uluslararas\u0131 \u0130li\u015fkiler Uzman\u0131 \u0130pek Borman, konuyu k\u00fcresel bir perspektiften ve uluslararas\u0131 ili\u015fkiler ba\u011flam\u0131nda de\u011ferlendirerek, k\u00fcresel d\u00f6n\u00fcm noktalar\u0131 \u00fczerinde durdu ve siyasal, ekonomik ve sosyal s\u00fcre\u00e7lerin birbiriyle ilintili ve kesi\u015fen s\u00fcre\u00e7ler oldu\u011funu vurgulad\u0131. Borman, K\u0131br\u0131s sorununun \u00e7\u00f6z\u00fcm\u00fcne de daha kapsaml\u0131 bir \u00e7er\u00e7eveden yakla\u015f\u0131lmas\u0131 ve bar\u0131\u015f\u0131n s\u00fcrd\u00fcr\u00fclebilirli\u011fine odaklan\u0131lmas\u0131 gerekti\u011fini kaydetti. Borman, toplumsal cinsiyet e\u015fitli\u011fi, ekonomik kalk\u0131nma, g\u00fc\u00e7l\u00fc siyasi ve idari kurumlar, adalet, s\u00fcrd\u00fcr\u00fclebilir enerji ve \u00e7evre konular\u0131n\u0131n birbirinden ba\u011f\u0131ms\u0131z de\u011fil, kesi\u015fen konular olarak bir b\u00fct\u00fcn olarak ele al\u0131nmas\u0131n\u0131n \u00f6nemini de vurgulad\u0131.<\/p>\n<p>-Ar\u0131sal: \u201cUluslararas\u0131 ticaret sistemlerine ve b\u00f6lgesel yap\u0131lara entegrasyon\u2026\u201d<\/p>\n<p>Ekonomik ve Sosyal Politikalar Uzman\u0131 \u0130zge Ar\u0131sal, \u00e7\u00f6z\u00fcms\u00fczl\u00fc\u011f\u00fcn, y\u00f6neti\u015fim ve ekonomi politikalar\u0131n\u0131n performans\u0131 \u00fczerinde yaratt\u0131\u011f\u0131 etkileri, uluslararas\u0131 y\u00f6neti\u015fim g\u00f6stergeleri ve \u00f6rnekler \u0131\u015f\u0131\u011f\u0131nda de\u011ferlendirdi. Ar\u0131sal, uluslararas\u0131 ticaret sistemlerine ve AB gibi b\u00f6lgesel yap\u0131lara entegrasyonun, y\u00f6neti\u015fim kalitesinin artmas\u0131nda kataliz\u00f6r g\u00f6revi g\u00f6rd\u00fc\u011f\u00fcn\u00fc vurgulad\u0131. Ar\u0131sal, uluslararas\u0131 ticaret a\u011flar\u0131na dahil olunmamas\u0131n\u0131n, D\u00fcnya Bankas\u0131 ve IMF gibi k\u00fcresel kurulu\u015flar taraf\u0131ndan sa\u011flanan yap\u0131sal reform programlar\u0131 ile kapasite geli\u015ftirme desteklerinden faydalan\u0131lamamas\u0131n\u0131n ve b\u00f6lgesel \u00f6l\u00e7ekli altyap\u0131 yat\u0131r\u0131mlar\u0131na kat\u0131lamamas\u0131n\u0131n, K\u0131br\u0131s T\u00fcrk ekonomisi ve y\u00f6neti\u015fim kapasitesi \u00fczerinde geriye d\u00f6nd\u00fcr\u00fclmesi zor \u00e7\u00f6z\u00fclmeler yaratt\u0131\u011f\u0131n\u0131 s\u00f6yledi.<\/p>\n<p>-Besim: Mevcut durum s\u00fcrd\u00fcr\u00fclebilir de\u011fil<\/p>\n<p>Ekonomist Mustafa Besim ise, \u201cK\u0131br\u0131s\u2019ta \u00e7\u00f6z\u00fcm\u00fcn sa\u011flayaca\u011f\u0131 kazan\u00e7lar ve \u00e7\u00f6z\u00fcms\u00fczl\u00fc\u011f\u00fcn yaratt\u0131\u011f\u0131 maliyetiler\u201d konulu konu\u015fmas\u0131nda K\u0131br\u0131s\u2019taki mevcut siyasi durumun \u201cs\u00fcrd\u00fcr\u00fclebilir\u201d olmad\u0131\u011f\u0131n\u0131 ve \u00f6zellikle K\u0131br\u0131sl\u0131 T\u00fcrklerin stat\u00fckodan sosyal, siyasal ve ekonomik olarak b\u00fcy\u00fck zarar g\u00f6rd\u00fc\u011f\u00fcn\u00fc anlatt\u0131. Konu\u015fmas\u0131nda \u00e7\u00f6z\u00fcm\u00fcn getirece\u011fi ekonomik kazan\u00e7lar\u0131 rakamlarla ortaya koyan Besim, ancak o zaman K\u0131br\u0131sl\u0131 T\u00fcrklerin geli\u015fmi\u015f, dinamik ve g\u00fc\u00e7l\u00fc bir ekonomi yaratabileceklerini s\u00f6yledi.<\/p>\n<\/p><\/div>\n<p><script async\n                    defer\n                    crossorigin=\"anonymous\"\n                    src=\"https:\/\/connect.facebook.net\/tr_TR\/sdk.js#xfbml=1&#038;version=v3.3\"\n            ><\/script><\/p>\n","protected":false},"excerpt":{"rendered":"<p>Cumhuriyet\u00e7i T\u00fcrk Partisi (CTP) taraf\u0131ndan \u201cK\u0131br\u0131s\u2019ta \u00c7\u00f6z\u00fcm Ekseninde Ekonomi\u201d ba\u015fl\u0131kl\u0131 panel d\u00fczenlendi. Partiden yap\u0131lan a\u00e7\u0131klamaya g\u00f6re KT\u00d6S Konferans Salonu\u2019nda d\u00fcn yap\u0131lan panelde, Mustafa Besim, \u0130zge Ar\u0131sal, Berkan Tokar, \u0130pek Borman ve Mertkan Hamit konu\u015fmac\u0131 olarak yer ald\u0131. Panele, CTP Genel Sekreteri As\u0131m Akansoy, baz\u0131 MYK \u00dcyeleri, milletvekilleri ve belediye ba\u015fkanlar\u0131 kat\u0131ld\u0131. Panelde, K\u0131br\u0131s\u2019taki \u00e7\u00f6z\u00fcm aray\u0131\u015flar\u0131n\u0131n<\/p>\n","protected":false},"author":1,"featured_media":64897,"comment_status":"open","ping_status":"open","sticky":false,"template":"","format":"standard","meta":{"footnotes":""},"categories":[81],"tags":[],"class_list":["post-64896","post","type-post","status-publish","format-standard","has-post-thumbnail","hentry","category-kibris"],"yoast_head":"<!-- This site is optimized with the Yoast SEO plugin v27.4 - https:\/\/yoast.com\/product\/yoast-seo-wordpress\/ -->\n<title>CTP \u201cK\u0131br\u0131s\u2019ta \u00c7\u00f6z\u00fcm Ekseninde Ekonomi Paneli\u201d d\u00fczenledi -<\/title>\n<meta name=\"robots\" content=\"index, follow, max-snippet:-1, max-image-preview:large, max-video-preview:-1\" \/>\n<link rel=\"canonical\" href=\"https:\/\/kibrisdakik.com\/?p=64896\" \/>\n<meta property=\"og:locale\" content=\"tr_TR\" \/>\n<meta property=\"og:type\" content=\"article\" \/>\n<meta property=\"og:title\" content=\"CTP \u201cK\u0131br\u0131s\u2019ta \u00c7\u00f6z\u00fcm Ekseninde Ekonomi Paneli\u201d d\u00fczenledi -\" \/>\n<meta property=\"og:description\" content=\"Cumhuriyet\u00e7i T\u00fcrk Partisi (CTP) taraf\u0131ndan \u201cK\u0131br\u0131s\u2019ta \u00c7\u00f6z\u00fcm Ekseninde Ekonomi\u201d ba\u015fl\u0131kl\u0131 panel d\u00fczenlendi. Partiden yap\u0131lan a\u00e7\u0131klamaya g\u00f6re KT\u00d6S Konferans Salonu\u2019nda d\u00fcn yap\u0131lan panelde, Mustafa Besim, \u0130zge Ar\u0131sal, Berkan Tokar, \u0130pek Borman ve Mertkan Hamit konu\u015fmac\u0131 olarak yer ald\u0131. Panele, CTP Genel Sekreteri As\u0131m Akansoy, baz\u0131 MYK \u00dcyeleri, milletvekilleri ve belediye ba\u015fkanlar\u0131 kat\u0131ld\u0131. Panelde, K\u0131br\u0131s\u2019taki \u00e7\u00f6z\u00fcm aray\u0131\u015flar\u0131n\u0131n\" \/>\n<meta property=\"og:url\" content=\"https:\/\/kibrisdakik.com\/?p=64896\" \/>\n<meta property=\"article:published_time\" content=\"2024-09-26T18:34:17+00:00\" \/>\n<meta property=\"og:image\" content=\"https:\/\/kibrisdakik.com\/wp-content\/uploads\/2024\/09\/ctp-ekonomi-paneli-3-scaled-740x420.jpg\" \/>\n\t<meta property=\"og:image:width\" content=\"2560\" \/>\n\t<meta property=\"og:image:height\" content=\"1707\" \/>\n\t<meta property=\"og:image:type\" content=\"image\/jpeg\" \/>\n<meta name=\"author\" content=\"admin\" \/>\n<meta name=\"twitter:card\" content=\"summary_large_image\" \/>\n<meta name=\"twitter:label1\" content=\"Yazan:\" \/>\n\t<meta name=\"twitter:data1\" content=\"admin\" \/>\n\t<meta name=\"twitter:label2\" content=\"Tahmini okuma s\u00fcresi\" \/>\n\t<meta name=\"twitter:data2\" content=\"4 dakika\" \/>\n<script type=\"application\/ld+json\" class=\"yoast-schema-graph\">{\"@context\":\"https:\\\/\\\/schema.org\",\"@graph\":[{\"@type\":\"Article\",\"@id\":\"https:\\\/\\\/kibrisdakik.com\\\/?p=64896#article\",\"isPartOf\":{\"@id\":\"https:\\\/\\\/kibrisdakik.com\\\/?p=64896\"},\"author\":{\"name\":\"admin\",\"@id\":\"https:\\\/\\\/kibrisdakik.com\\\/#\\\/schema\\\/person\\\/9cd9d437bbb44f72b73ba127e06d8e79\"},\"headline\":\"CTP \u201cK\u0131br\u0131s\u2019ta \u00c7\u00f6z\u00fcm Ekseninde Ekonomi Paneli\u201d d\u00fczenledi\",\"datePublished\":\"2024-09-26T18:34:17+00:00\",\"mainEntityOfPage\":{\"@id\":\"https:\\\/\\\/kibrisdakik.com\\\/?p=64896\"},\"wordCount\":888,\"commentCount\":0,\"image\":{\"@id\":\"https:\\\/\\\/kibrisdakik.com\\\/?p=64896#primaryimage\"},\"thumbnailUrl\":\"https:\\\/\\\/kibrisdakik.com\\\/wp-content\\\/uploads\\\/2024\\\/09\\\/ctp-ekonomi-paneli-3-scaled-740x420.jpg\",\"articleSection\":[\"K\u0131br\u0131s\"],\"inLanguage\":\"tr\",\"potentialAction\":[{\"@type\":\"CommentAction\",\"name\":\"Comment\",\"target\":[\"https:\\\/\\\/kibrisdakik.com\\\/?p=64896#respond\"]}]},{\"@type\":\"WebPage\",\"@id\":\"https:\\\/\\\/kibrisdakik.com\\\/?p=64896\",\"url\":\"https:\\\/\\\/kibrisdakik.com\\\/?p=64896\",\"name\":\"CTP \u201cK\u0131br\u0131s\u2019ta \u00c7\u00f6z\u00fcm Ekseninde Ekonomi Paneli\u201d d\u00fczenledi -\",\"isPartOf\":{\"@id\":\"https:\\\/\\\/kibrisdakik.com\\\/#website\"},\"primaryImageOfPage\":{\"@id\":\"https:\\\/\\\/kibrisdakik.com\\\/?p=64896#primaryimage\"},\"image\":{\"@id\":\"https:\\\/\\\/kibrisdakik.com\\\/?p=64896#primaryimage\"},\"thumbnailUrl\":\"https:\\\/\\\/kibrisdakik.com\\\/wp-content\\\/uploads\\\/2024\\\/09\\\/ctp-ekonomi-paneli-3-scaled-740x420.jpg\",\"datePublished\":\"2024-09-26T18:34:17+00:00\",\"author\":{\"@id\":\"https:\\\/\\\/kibrisdakik.com\\\/#\\\/schema\\\/person\\\/9cd9d437bbb44f72b73ba127e06d8e79\"},\"breadcrumb\":{\"@id\":\"https:\\\/\\\/kibrisdakik.com\\\/?p=64896#breadcrumb\"},\"inLanguage\":\"tr\",\"potentialAction\":[{\"@type\":\"ReadAction\",\"target\":[\"https:\\\/\\\/kibrisdakik.com\\\/?p=64896\"]}]},{\"@type\":\"ImageObject\",\"inLanguage\":\"tr\",\"@id\":\"https:\\\/\\\/kibrisdakik.com\\\/?p=64896#primaryimage\",\"url\":\"https:\\\/\\\/kibrisdakik.com\\\/wp-content\\\/uploads\\\/2024\\\/09\\\/ctp-ekonomi-paneli-3-scaled-740x420.jpg\",\"contentUrl\":\"https:\\\/\\\/kibrisdakik.com\\\/wp-content\\\/uploads\\\/2024\\\/09\\\/ctp-ekonomi-paneli-3-scaled-740x420.jpg\",\"width\":2560,\"height\":1707},{\"@type\":\"BreadcrumbList\",\"@id\":\"https:\\\/\\\/kibrisdakik.com\\\/?p=64896#breadcrumb\",\"itemListElement\":[{\"@type\":\"ListItem\",\"position\":1,\"name\":\"Home\",\"item\":\"https:\\\/\\\/kibrisdakik.com\\\/\"},{\"@type\":\"ListItem\",\"position\":2,\"name\":\"CTP \u201cK\u0131br\u0131s\u2019ta \u00c7\u00f6z\u00fcm Ekseninde Ekonomi Paneli\u201d d\u00fczenledi\"}]},{\"@type\":\"WebSite\",\"@id\":\"https:\\\/\\\/kibrisdakik.com\\\/#website\",\"url\":\"https:\\\/\\\/kibrisdakik.com\\\/\",\"name\":\"\",\"description\":\"Tam vaktinde haber\",\"potentialAction\":[{\"@type\":\"SearchAction\",\"target\":{\"@type\":\"EntryPoint\",\"urlTemplate\":\"https:\\\/\\\/kibrisdakik.com\\\/?s={search_term_string}\"},\"query-input\":{\"@type\":\"PropertyValueSpecification\",\"valueRequired\":true,\"valueName\":\"search_term_string\"}}],\"inLanguage\":\"tr\"},{\"@type\":\"Person\",\"@id\":\"https:\\\/\\\/kibrisdakik.com\\\/#\\\/schema\\\/person\\\/9cd9d437bbb44f72b73ba127e06d8e79\",\"name\":\"admin\",\"image\":{\"@type\":\"ImageObject\",\"inLanguage\":\"tr\",\"@id\":\"https:\\\/\\\/secure.gravatar.com\\\/avatar\\\/ccc17943b9d660506c869530f897617f7cb1c21a4bf30023f252596d83e1f007?s=96&d=mm&r=g\",\"url\":\"https:\\\/\\\/secure.gravatar.com\\\/avatar\\\/ccc17943b9d660506c869530f897617f7cb1c21a4bf30023f252596d83e1f007?s=96&d=mm&r=g\",\"contentUrl\":\"https:\\\/\\\/secure.gravatar.com\\\/avatar\\\/ccc17943b9d660506c869530f897617f7cb1c21a4bf30023f252596d83e1f007?s=96&d=mm&r=g\",\"caption\":\"admin\"},\"sameAs\":[\"https:\\\/\\\/kibrisdakik.com\"],\"url\":\"https:\\\/\\\/kibrisdakik.com\\\/?author=1\"}]}<\/script>\n<!-- \/ Yoast SEO plugin. -->","yoast_head_json":{"title":"CTP \u201cK\u0131br\u0131s\u2019ta \u00c7\u00f6z\u00fcm Ekseninde Ekonomi Paneli\u201d d\u00fczenledi -","robots":{"index":"index","follow":"follow","max-snippet":"max-snippet:-1","max-image-preview":"max-image-preview:large","max-video-preview":"max-video-preview:-1"},"canonical":"https:\/\/kibrisdakik.com\/?p=64896","og_locale":"tr_TR","og_type":"article","og_title":"CTP \u201cK\u0131br\u0131s\u2019ta \u00c7\u00f6z\u00fcm Ekseninde Ekonomi Paneli\u201d d\u00fczenledi -","og_description":"Cumhuriyet\u00e7i T\u00fcrk Partisi (CTP) taraf\u0131ndan \u201cK\u0131br\u0131s\u2019ta \u00c7\u00f6z\u00fcm Ekseninde Ekonomi\u201d ba\u015fl\u0131kl\u0131 panel d\u00fczenlendi. Partiden yap\u0131lan a\u00e7\u0131klamaya g\u00f6re KT\u00d6S Konferans Salonu\u2019nda d\u00fcn yap\u0131lan panelde, Mustafa Besim, \u0130zge Ar\u0131sal, Berkan Tokar, \u0130pek Borman ve Mertkan Hamit konu\u015fmac\u0131 olarak yer ald\u0131. Panele, CTP Genel Sekreteri As\u0131m Akansoy, baz\u0131 MYK \u00dcyeleri, milletvekilleri ve belediye ba\u015fkanlar\u0131 kat\u0131ld\u0131. Panelde, K\u0131br\u0131s\u2019taki \u00e7\u00f6z\u00fcm aray\u0131\u015flar\u0131n\u0131n","og_url":"https:\/\/kibrisdakik.com\/?p=64896","article_published_time":"2024-09-26T18:34:17+00:00","og_image":[{"width":2560,"height":1707,"url":"https:\/\/kibrisdakik.com\/wp-content\/uploads\/2024\/09\/ctp-ekonomi-paneli-3-scaled-740x420.jpg","type":"image\/jpeg"}],"author":"admin","twitter_card":"summary_large_image","twitter_misc":{"Yazan:":"admin","Tahmini okuma s\u00fcresi":"4 dakika"},"schema":{"@context":"https:\/\/schema.org","@graph":[{"@type":"Article","@id":"https:\/\/kibrisdakik.com\/?p=64896#article","isPartOf":{"@id":"https:\/\/kibrisdakik.com\/?p=64896"},"author":{"name":"admin","@id":"https:\/\/kibrisdakik.com\/#\/schema\/person\/9cd9d437bbb44f72b73ba127e06d8e79"},"headline":"CTP \u201cK\u0131br\u0131s\u2019ta \u00c7\u00f6z\u00fcm Ekseninde Ekonomi Paneli\u201d d\u00fczenledi","datePublished":"2024-09-26T18:34:17+00:00","mainEntityOfPage":{"@id":"https:\/\/kibrisdakik.com\/?p=64896"},"wordCount":888,"commentCount":0,"image":{"@id":"https:\/\/kibrisdakik.com\/?p=64896#primaryimage"},"thumbnailUrl":"https:\/\/kibrisdakik.com\/wp-content\/uploads\/2024\/09\/ctp-ekonomi-paneli-3-scaled-740x420.jpg","articleSection":["K\u0131br\u0131s"],"inLanguage":"tr","potentialAction":[{"@type":"CommentAction","name":"Comment","target":["https:\/\/kibrisdakik.com\/?p=64896#respond"]}]},{"@type":"WebPage","@id":"https:\/\/kibrisdakik.com\/?p=64896","url":"https:\/\/kibrisdakik.com\/?p=64896","name":"CTP \u201cK\u0131br\u0131s\u2019ta \u00c7\u00f6z\u00fcm Ekseninde Ekonomi Paneli\u201d d\u00fczenledi -","isPartOf":{"@id":"https:\/\/kibrisdakik.com\/#website"},"primaryImageOfPage":{"@id":"https:\/\/kibrisdakik.com\/?p=64896#primaryimage"},"image":{"@id":"https:\/\/kibrisdakik.com\/?p=64896#primaryimage"},"thumbnailUrl":"https:\/\/kibrisdakik.com\/wp-content\/uploads\/2024\/09\/ctp-ekonomi-paneli-3-scaled-740x420.jpg","datePublished":"2024-09-26T18:34:17+00:00","author":{"@id":"https:\/\/kibrisdakik.com\/#\/schema\/person\/9cd9d437bbb44f72b73ba127e06d8e79"},"breadcrumb":{"@id":"https:\/\/kibrisdakik.com\/?p=64896#breadcrumb"},"inLanguage":"tr","potentialAction":[{"@type":"ReadAction","target":["https:\/\/kibrisdakik.com\/?p=64896"]}]},{"@type":"ImageObject","inLanguage":"tr","@id":"https:\/\/kibrisdakik.com\/?p=64896#primaryimage","url":"https:\/\/kibrisdakik.com\/wp-content\/uploads\/2024\/09\/ctp-ekonomi-paneli-3-scaled-740x420.jpg","contentUrl":"https:\/\/kibrisdakik.com\/wp-content\/uploads\/2024\/09\/ctp-ekonomi-paneli-3-scaled-740x420.jpg","width":2560,"height":1707},{"@type":"BreadcrumbList","@id":"https:\/\/kibrisdakik.com\/?p=64896#breadcrumb","itemListElement":[{"@type":"ListItem","position":1,"name":"Home","item":"https:\/\/kibrisdakik.com\/"},{"@type":"ListItem","position":2,"name":"CTP \u201cK\u0131br\u0131s\u2019ta \u00c7\u00f6z\u00fcm Ekseninde Ekonomi Paneli\u201d d\u00fczenledi"}]},{"@type":"WebSite","@id":"https:\/\/kibrisdakik.com\/#website","url":"https:\/\/kibrisdakik.com\/","name":"","description":"Tam vaktinde haber","potentialAction":[{"@type":"SearchAction","target":{"@type":"EntryPoint","urlTemplate":"https:\/\/kibrisdakik.com\/?s={search_term_string}"},"query-input":{"@type":"PropertyValueSpecification","valueRequired":true,"valueName":"search_term_string"}}],"inLanguage":"tr"},{"@type":"Person","@id":"https:\/\/kibrisdakik.com\/#\/schema\/person\/9cd9d437bbb44f72b73ba127e06d8e79","name":"admin","image":{"@type":"ImageObject","inLanguage":"tr","@id":"https:\/\/secure.gravatar.com\/avatar\/ccc17943b9d660506c869530f897617f7cb1c21a4bf30023f252596d83e1f007?s=96&d=mm&r=g","url":"https:\/\/secure.gravatar.com\/avatar\/ccc17943b9d660506c869530f897617f7cb1c21a4bf30023f252596d83e1f007?s=96&d=mm&r=g","contentUrl":"https:\/\/secure.gravatar.com\/avatar\/ccc17943b9d660506c869530f897617f7cb1c21a4bf30023f252596d83e1f007?s=96&d=mm&r=g","caption":"admin"},"sameAs":["https:\/\/kibrisdakik.com"],"url":"https:\/\/kibrisdakik.com\/?author=1"}]}},"_links":{"self":[{"href":"https:\/\/kibrisdakik.com\/index.php?rest_route=\/wp\/v2\/posts\/64896","targetHints":{"allow":["GET"]}}],"collection":[{"href":"https:\/\/kibrisdakik.com\/index.php?rest_route=\/wp\/v2\/posts"}],"about":[{"href":"https:\/\/kibrisdakik.com\/index.php?rest_route=\/wp\/v2\/types\/post"}],"author":[{"embeddable":true,"href":"https:\/\/kibrisdakik.com\/index.php?rest_route=\/wp\/v2\/users\/1"}],"replies":[{"embeddable":true,"href":"https:\/\/kibrisdakik.com\/index.php?rest_route=%2Fwp%2Fv2%2Fcomments&post=64896"}],"version-history":[{"count":0,"href":"https:\/\/kibrisdakik.com\/index.php?rest_route=\/wp\/v2\/posts\/64896\/revisions"}],"wp:featuredmedia":[{"embeddable":true,"href":"https:\/\/kibrisdakik.com\/index.php?rest_route=\/wp\/v2\/media\/64897"}],"wp:attachment":[{"href":"https:\/\/kibrisdakik.com\/index.php?rest_route=%2Fwp%2Fv2%2Fmedia&parent=64896"}],"wp:term":[{"taxonomy":"category","embeddable":true,"href":"https:\/\/kibrisdakik.com\/index.php?rest_route=%2Fwp%2Fv2%2Fcategories&post=64896"},{"taxonomy":"post_tag","embeddable":true,"href":"https:\/\/kibrisdakik.com\/index.php?rest_route=%2Fwp%2Fv2%2Ftags&post=64896"}],"curies":[{"name":"wp","href":"https:\/\/api.w.org\/{rel}","templated":true}]}}