{"id":6490,"date":"2023-05-08T12:13:05","date_gmt":"2023-05-08T12:13:05","guid":{"rendered":"https:\/\/kibrisdakik.com\/index.php\/2023\/05\/08\/ogrenciler-trafik-guvenligi-talebiyle-cumhurbaskanligi-ve-meclise-yurudu\/"},"modified":"2023-05-08T12:13:05","modified_gmt":"2023-05-08T12:13:05","slug":"ogrenciler-trafik-guvenligi-talebiyle-cumhurbaskanligi-ve-meclise-yurudu","status":"publish","type":"post","link":"https:\/\/kibrisdakik.com\/?p=6490","title":{"rendered":"\u00d6\u011frenciler, trafik g\u00fcvenli\u011fi talebiyle, Cumhurba\u015fkanl\u0131\u011f\u0131 ve Meclis\u2019e y\u00fcr\u00fcd\u00fc"},"content":{"rendered":"<p><\/p>\n<div>\n<div class=\"mariselle-image-container center\">\n                <img width=\"1654\" height=\"936\" class=\"lazy-image\" alt=\"\" decoding=\"async\" loading=\"lazy\" sizes=\"auto, (max-width: 1654px) 100vw, 1654px\" src=\"https:\/\/brtk.net\/wp-content\/uploads\/2023\/05\/08\/trafikfarkindalikdasda.jpg?ver=7aa871bbb530d968692c2c69ab05230e\" srcset=\"https:\/\/brtk.net\/wp-content\/uploads\/2023\/05\/08\/trafikfarkindalikdasda.jpg?ver=7aa871bbb530d968692c2c69ab05230e 1654w, https:\/\/brtk.net\/wp-content\/uploads\/2023\/05\/08\/trafikfarkindalikdasda-300x170.jpg?ver=7aa871bbb530d968692c2c69ab05230e 300w, https:\/\/brtk.net\/wp-content\/uploads\/2023\/05\/08\/trafikfarkindalikdasda-1024x579.jpg?ver=5d874c488eb4fd2080c1d3ed859c0176 1024w, https:\/\/brtk.net\/wp-content\/uploads\/2023\/05\/08\/trafikfarkindalikdasda-768x435.jpg?ver=5d874c488eb4fd2080c1d3ed859c0176 768w, https:\/\/brtk.net\/wp-content\/uploads\/2023\/05\/08\/trafikfarkindalikdasda-1536x869.jpg?ver=5d874c488eb4fd2080c1d3ed859c0176 1536w\"\/>                            <\/div>\n<p> Trafik Kazalar\u0131n\u0131 \u00d6nleme Derne\u011fi (TK\u00d6D), 2023 y\u0131l\u0131 Trafik Haftas\u0131 etkinlikleri \u00e7er\u00e7evesinde \u015eht. Tuncer \u0130lkokulu \u00f6\u011frencilerinin kat\u0131l\u0131m\u0131yla \u201cTrafikte \u00d6ncelik: G\u00fcvenlik\u201d temal\u0131 y\u00fcr\u00fcy\u00fc\u015f d\u00fczenledi.<\/p>\n<p>Kortejde \u00e7ocuklar, \u201cAlkoll\u00fc s\u00fcr\u00fcc\u00fc sevmiyoruz\u201d, \u201c\u00c7ocuklar\u0131n yeri arka koltuktur\u201d, \u201cTrafikte yaralanmak istemiyoruz\u201d, \u201cAlkol ve s\u00fcrate yenilmeyin\u201d yaz\u0131l\u0131 pankartlar ta\u015f\u0131d\u0131.<\/p>\n<p>Okuldan ba\u015flayan kortejde \u00f6nce Cumhurba\u015fkanl\u0131\u011f\u0131 sonra Meclis ziyaret edildi, konu\u015fmalar yap\u0131ld\u0131.<\/p>\n<p>\u2013<a href=\"https:\/\/brtk.net\/\"\/><a href=\"https:\/\/brtk.net\/\"\/><a href=\"https:\/\/brtk.net\/\"\/><a href=\"https:\/\/brtk.net\/\"\/><a href=\"https:\/\/brtk.net\/\"\/><a href=\"https:\/\/brtk.net\/\">Tatar<\/a>: \u201cEhliyet alan o ehliyeti hak etmeli\u201d<\/p>\n<p>Cumhurba\u015fkan\u0131 <a href=\"https:\/\/brtk.net\/\" target=\"_blank\" rel=\"noopener\">Ersin <\/a><a href=\"https:\/\/brtk.net\/\"\/><a href=\"https:\/\/brtk.net\/\"\/><a href=\"https:\/\/brtk.net\/\"\/><a href=\"https:\/\/brtk.net\/\"\/><a href=\"https:\/\/brtk.net\/\"\/><a href=\"https:\/\/brtk.net\/\">Tatar<\/a>, \u00f6\u011frencilere hitaben yapt\u0131\u011f\u0131 konu\u015fmada, trafikte artan ara\u00e7 say\u0131s\u0131na i\u015faret ederek s\u00fcr\u00fcc\u00fcleri daha dikkatli olmalar\u0131 i\u00e7in uyard\u0131.<\/p>\n<p><a href=\"https:\/\/brtk.net\/\"\/><a href=\"https:\/\/brtk.net\/\"\/><a href=\"https:\/\/brtk.net\/\"\/><a href=\"https:\/\/brtk.net\/\"\/><a href=\"https:\/\/brtk.net\/\"\/><a href=\"https:\/\/brtk.net\/\">Tatar<\/a>, trafikte k\u00fc\u00e7\u00fck bir hatan\u0131n insan hayat\u0131na mal olabilece\u011fine i\u015faret etti. TK\u00d6D\u2019nin trafikle ilgili \u00e7al\u0131\u015fmalar\u0131n\u0131n \u00f6nemli oldu\u011funu kaydeden <a href=\"https:\/\/brtk.net\/\"\/><a href=\"https:\/\/brtk.net\/\"\/><a href=\"https:\/\/brtk.net\/\"\/><a href=\"https:\/\/brtk.net\/\"\/><a href=\"https:\/\/brtk.net\/\"\/><a href=\"https:\/\/brtk.net\/\">Tatar<\/a>, trafik g\u00fcvenli\u011fi konusunda \u00e7ocuk ya\u015fta e\u011fitimin \u00f6nemli oldu\u011funu vurgulad\u0131.<\/p>\n<p>Konu\u015fmas\u0131nda ehliyet m\u00fcfetti\u015flerine de seslenen <a href=\"https:\/\/brtk.net\/\"\/><a href=\"https:\/\/brtk.net\/\"\/><a href=\"https:\/\/brtk.net\/\"\/><a href=\"https:\/\/brtk.net\/\"\/><a href=\"https:\/\/brtk.net\/\"\/><a href=\"https:\/\/brtk.net\/\">Tatar<\/a>, \u201cEhliyet alan o ehliyeti hak etmeli\u201d dedi. Cumhurba\u015fkan\u0131 <a href=\"https:\/\/brtk.net\/\"\/><a href=\"https:\/\/brtk.net\/\"\/><a href=\"https:\/\/brtk.net\/\"\/><a href=\"https:\/\/brtk.net\/\"\/><a href=\"https:\/\/brtk.net\/\"\/><a href=\"https:\/\/brtk.net\/\">Tatar<\/a> ayr\u0131ca yurt d\u0131\u015f\u0131ndan gelenlerin ehliyetlerinin <a href=\"https:\/\/brtk.net\/\">KKTC<\/a>\u2019deki ge\u00e7erlili\u011fi konusunun da \u00f6zenle ele al\u0131nmas\u0131 gerekti\u011fini anlatarak, yollar\u0131 ve kurallar\u0131 bilmeyen bir s\u00fcr\u00fcc\u00fcn\u00fcn ciddi tehdit olu\u015fturabilece\u011fine i\u015faret etti.<\/p>\n<p>Trafikte denetimin \u00f6nemine de dikkat \u00e7eken <a href=\"https:\/\/brtk.net\/\"\/><a href=\"https:\/\/brtk.net\/\"\/><a href=\"https:\/\/brtk.net\/\"\/><a href=\"https:\/\/brtk.net\/\"\/><a href=\"https:\/\/brtk.net\/\"\/><a href=\"https:\/\/brtk.net\/\">Tatar<\/a>, alkoll\u00fc s\u00fcr\u00fc\u015f ve cep telefonu kullan\u0131m\u0131na m\u00fcsamaha g\u00f6sterilmemesi gerekti\u011fini vurgulad\u0131.<\/p>\n<p>-Tehdit: \u201cTrafikteki can kay\u0131plar\u0131 ailelere b\u00fcy\u00fck ac\u0131lar ya\u015fat\u0131yor\u201d<\/p>\n<p>\u015eht. Tuncer \u0130lkokulu M\u00fcd\u00fcr\u00fc H\u00fcseyin Tehdit ise d\u00fczenledikleri kortejde ama\u00e7lar\u0131n\u0131n trafik kurallar\u0131na uyulmas\u0131 konusunda fark\u0131ndal\u0131k yaratmak oldu\u011funu kaydetti.<\/p>\n<p>Trafik kazalar\u0131 nedeniyle ya\u015fanan can kay\u0131plar\u0131n\u0131n ailelerin b\u00fcy\u00fck ac\u0131lar ya\u015famas\u0131na yol a\u00e7t\u0131\u011f\u0131n\u0131 vurgulayan Tehdit, trafik kurallar\u0131na uyulmas\u0131n\u0131 istedi.<\/p>\n<p>Konu\u015fmas\u0131nda \u00f6\u011frencilere de seslenen Tehdit, \u00e7ocuklardan kald\u0131r\u0131mda y\u00fcr\u00fcmelerini, yolda oyun oynamamalar\u0131n\u0131, ara\u00e7ta kemer takmalar\u0131n\u0131, ailelerini trafik kurallar\u0131na uymalar\u0131 i\u00e7in uyarmalar\u0131n\u0131 istedi.  <\/p>\n<p>-Avc\u0131: \u201cDevletten beklentimiz \u00e7ocuklar\u0131n can g\u00fcvenli\u011fi\u201d<\/p>\n<p>TK\u00d6D Ba\u015fkan\u0131 Mehmet Zeki Avc\u0131, \u00fclkede bir\u00e7ok sorun olsa da, trafik ve yol g\u00fcvenli\u011finin en \u00f6nemli sorunlardan oldu\u011funu kaydetti.<\/p>\n<p>Devletten beklentilerinin, \u00e7ocuklar i\u00e7in iyi bir gelecek, \u00e7ocuklar\u0131n can g\u00fcvenli\u011finin sa\u011flanmas\u0131 ve ailelerin par\u00e7alanmamas\u0131 oldu\u011funu ifade eden Avc\u0131, bu y\u00f6nde \u00e7al\u0131\u015fmalar\u0131n s\u00fcrmesini istediklerini kaydetti.<\/p>\n<p>-Kortej daha sonra Meclis\u2019e y\u00fcr\u00fcd\u00fc<\/p>\n<p>Cumhurba\u015fkanl\u0131\u011f\u0131ndan sonra kortej Cumhuriyet Meclisi\u2019ne y\u00fcr\u00fcd\u00fc.<\/p>\n<p>-T\u00f6re: \u201cB\u00fcy\u00fcklerinizi trafik kurallar\u0131na uymalar\u0131 do\u011frultusunda uyar\u0131n\u201d<\/p>\n<p>Meclis Ba\u015fkan\u0131 Zorlu T\u00f6re, Meclis bah\u00e7esinde \u00e7ocuklara seslendi. Alkoll\u00fc ara\u00e7 kullananlar\u0131n sadece kendi hayatlar\u0131n\u0131 de\u011fil, ba\u015fkalar\u0131n\u0131n hayatlar\u0131n\u0131 da tehlikeye att\u0131\u011f\u0131na dikkat \u00e7eken T\u00f6re, alkoll\u00fc ara\u00e7 ve s\u00fcratin yaratabilece\u011fi sonu\u00e7lara i\u015faret etti.<\/p>\n<p>Gerekli yasalar\u0131 yaparak trafik su\u00e7lular\u0131na gerekli cezalar\u0131 vermenin \u00f6nemli oldu\u011funu vurgulayan T\u00f6re, yol altyap\u0131s\u0131n\u0131n da iyile\u015ftirilmesi gerekti\u011fini s\u00f6yledi.<\/p>\n<p>Ehliyet verilirken de daha ciddi davran\u0131lmas\u0131 gerekti\u011fini ifade eden Meclis Ba\u015fkan\u0131 T\u00f6re, \u00e7ocuklar\u0131, b\u00fcy\u00fcklerini trafik kurallar\u0131na uymalar\u0131 do\u011frultusunda uyarmalar\u0131n\u0131 istedi.<\/p>\n<p>-Ar\u0131kl\u0131: \u201cCezalar trafik g\u00fcvenli\u011fini sa\u011flamak ad\u0131na \u00f6nemli\u201d<\/p>\n<p>Bay\u0131nd\u0131rl\u0131k ve Ula\u015ft\u0131rma Bakan\u0131 Erhan Ar\u0131kl\u0131 ise TK\u00d6D\u2019yi y\u0131llard\u0131r \u00f6nemli projelere imza att\u0131\u011f\u0131 i\u00e7in kutlad\u0131. Trafik kazalar\u0131n\u0131 \u00f6nleme meselesinin \u00f6ncelikle bir k\u00fclt\u00fcr meselesi oldu\u011funu dile getiren Ar\u0131kl\u0131, trafikteki durumun giderek daha vahim bir hal ald\u0131\u011f\u0131n\u0131 kaydetti.<\/p>\n<p>Ar\u0131kl\u0131, \u00e7ocuklardan ebeveynlerini ve b\u00fcy\u00fcklerini ara\u00e7 s\u00fcrerken trafik kurallar\u0131na uymalar\u0131 konusunda uyarmalar\u0131n\u0131 istedi.<\/p>\n<p>\u0130nternet teknolojisiyle \u00e7ok yak\u0131nda ak\u0131ll\u0131 kav\u015faklar ve s\u00fcrat tahdidini daha iyi takip edebilecekleri sistemlerin de hayata ge\u00e7ece\u011fini belirten Ar\u0131kl\u0131, cezalar\u0131n da trafik g\u00fcvenli\u011fini sa\u011flamak ad\u0131na \u00f6nemli oldu\u011funu kaydetti.<\/p>\n<p>-Tehdit: \u201cSon 50 y\u0131lda trafikte ya\u015fanan can kay\u0131plar\u0131 milli m\u00fccadele y\u0131llar\u0131nda ya\u015fanan kay\u0131plardan fazla\u201d<\/p>\n<p>\u015eht. Tuncer \u0130lkokulu M\u00fcd\u00fcr\u00fc H\u00fcseyin Tehdit de son 50 y\u0131lda trafikte ya\u015fanan can kay\u0131plar\u0131n\u0131n milli m\u00fccadele y\u0131llar\u0131nda ya\u015fanan kay\u0131plardan fazla oldu\u011funu s\u00f6yledi.<\/p>\n<p>K\u0131br\u0131s T\u00fcrk toplumunun bu ac\u0131lar\u0131 ya\u015famas\u0131 kar\u015f\u0131s\u0131nda duydu\u011fu \u00fcz\u00fcnt\u00fcy\u00fc ifade eden Tehdit, trafikte can kay\u0131plar\u0131n\u0131n \u00f6n\u00fcne ge\u00e7mek i\u00e7in gerekenlerin yap\u0131lmas\u0131n\u0131 istedi.<\/p>\n<p>-Avc\u0131: \u201cYola \u00e7\u0131kt\u0131\u011f\u0131m\u0131zda eve sa\u011f salim d\u00f6nece\u011fimizden emin olmak istiyoruz\u201d<\/p>\n<p>TK\u00d6D Ba\u015fkan\u0131 Mehmet Zeki Avc\u0131 Meclis\u2019te yapt\u0131\u011f\u0131 konu\u015fmada ise, devletin g\u00f6revinin \u00fclkede ya\u015fayanlar\u0131n can ve mal g\u00fcvenli\u011fini sa\u011flamak oldu\u011funu kaydetti.<\/p>\n<p>\u201cYola \u00e7\u0131kt\u0131\u011f\u0131m\u0131zda eve sa\u011f salim d\u00f6nece\u011fimizden emin olmak istiyoruz\u201d diyen Avc\u0131, yollarda ya\u015fanan can kay\u0131plar\u0131n\u0131n aileleri ve t\u00fcm toplumu yasa bo\u011fdu\u011funu anlatt\u0131.<\/p>\n<p>Trafikle ilgili yasalar\u0131n zaman\u0131nda ge\u00e7irilmesi ve uygulanmas\u0131n\u0131n \u00f6nemine i\u015faret eden Avc\u0131, sadece yasalar\u0131n da trafik g\u00fcvenli\u011fini sa\u011flamaya yetmeyece\u011fini vurgulad\u0131, e\u011fitim ve altyap\u0131 konular\u0131nda da ad\u0131mlar at\u0131lmas\u0131 gerekti\u011fini dile getirdi.<\/p>\n<\/p><\/div>\n<p><script async\n                    defer\n                    crossorigin=\"anonymous\"\n                    src=\"https:\/\/connect.facebook.net\/tr_TR\/sdk.js#xfbml=1&#038;version=v3.3\"\n            ><\/script><\/p>\n","protected":false},"excerpt":{"rendered":"<p>Trafik Kazalar\u0131n\u0131 \u00d6nleme Derne\u011fi (TK\u00d6D), 2023 y\u0131l\u0131 Trafik Haftas\u0131 etkinlikleri \u00e7er\u00e7evesinde \u015eht. Tuncer \u0130lkokulu \u00f6\u011frencilerinin kat\u0131l\u0131m\u0131yla \u201cTrafikte \u00d6ncelik: G\u00fcvenlik\u201d temal\u0131 y\u00fcr\u00fcy\u00fc\u015f d\u00fczenledi. Kortejde \u00e7ocuklar, \u201cAlkoll\u00fc s\u00fcr\u00fcc\u00fc sevmiyoruz\u201d, \u201c\u00c7ocuklar\u0131n yeri arka koltuktur\u201d, \u201cTrafikte yaralanmak istemiyoruz\u201d, \u201cAlkol ve s\u00fcrate yenilmeyin\u201d yaz\u0131l\u0131 pankartlar ta\u015f\u0131d\u0131. Okuldan ba\u015flayan kortejde \u00f6nce Cumhurba\u015fkanl\u0131\u011f\u0131 sonra Meclis ziyaret edildi, konu\u015fmalar yap\u0131ld\u0131. \u2013Tatar: \u201cEhliyet alan<\/p>\n","protected":false},"author":1,"featured_media":6491,"comment_status":"open","ping_status":"open","sticky":false,"template":"","format":"standard","meta":{"footnotes":""},"categories":[1],"tags":[],"class_list":["post-6490","post","type-post","status-publish","format-standard","has-post-thumbnail","hentry","category-gundem"],"yoast_head":"<!-- This site is optimized with the Yoast SEO plugin v27.5 - https:\/\/yoast.com\/product\/yoast-seo-wordpress\/ -->\n<title>\u00d6\u011frenciler, trafik g\u00fcvenli\u011fi talebiyle, Cumhurba\u015fkanl\u0131\u011f\u0131 ve Meclis\u2019e y\u00fcr\u00fcd\u00fc -<\/title>\n<meta name=\"robots\" content=\"index, follow, max-snippet:-1, max-image-preview:large, max-video-preview:-1\" \/>\n<link rel=\"canonical\" href=\"https:\/\/kibrisdakik.com\/?p=6490\" \/>\n<meta property=\"og:locale\" content=\"tr_TR\" \/>\n<meta property=\"og:type\" content=\"article\" \/>\n<meta property=\"og:title\" content=\"\u00d6\u011frenciler, trafik g\u00fcvenli\u011fi talebiyle, Cumhurba\u015fkanl\u0131\u011f\u0131 ve Meclis\u2019e y\u00fcr\u00fcd\u00fc -\" \/>\n<meta property=\"og:description\" content=\"Trafik Kazalar\u0131n\u0131 \u00d6nleme Derne\u011fi (TK\u00d6D), 2023 y\u0131l\u0131 Trafik Haftas\u0131 etkinlikleri \u00e7er\u00e7evesinde \u015eht. Tuncer \u0130lkokulu \u00f6\u011frencilerinin kat\u0131l\u0131m\u0131yla \u201cTrafikte \u00d6ncelik: G\u00fcvenlik\u201d temal\u0131 y\u00fcr\u00fcy\u00fc\u015f d\u00fczenledi. Kortejde \u00e7ocuklar, \u201cAlkoll\u00fc s\u00fcr\u00fcc\u00fc sevmiyoruz\u201d, \u201c\u00c7ocuklar\u0131n yeri arka koltuktur\u201d, \u201cTrafikte yaralanmak istemiyoruz\u201d, \u201cAlkol ve s\u00fcrate yenilmeyin\u201d yaz\u0131l\u0131 pankartlar ta\u015f\u0131d\u0131. Okuldan ba\u015flayan kortejde \u00f6nce Cumhurba\u015fkanl\u0131\u011f\u0131 sonra Meclis ziyaret edildi, konu\u015fmalar yap\u0131ld\u0131. \u2013Tatar: \u201cEhliyet alan\" \/>\n<meta property=\"og:url\" content=\"https:\/\/kibrisdakik.com\/?p=6490\" \/>\n<meta property=\"article:published_time\" content=\"2023-05-08T12:13:05+00:00\" \/>\n<meta property=\"og:image\" content=\"https:\/\/kibrisdakik.com\/wp-content\/uploads\/2023\/05\/trafikfarkindalikdasda-740x420.jpg\" \/>\n\t<meta property=\"og:image:width\" content=\"1654\" \/>\n\t<meta property=\"og:image:height\" content=\"936\" \/>\n\t<meta property=\"og:image:type\" content=\"image\/jpeg\" \/>\n<meta name=\"author\" content=\"admin\" \/>\n<meta name=\"twitter:card\" content=\"summary_large_image\" \/>\n<meta name=\"twitter:label1\" content=\"Yazan:\" \/>\n\t<meta name=\"twitter:data1\" content=\"admin\" \/>\n\t<meta name=\"twitter:label2\" content=\"Tahmini okuma s\u00fcresi\" \/>\n\t<meta name=\"twitter:data2\" content=\"4 dakika\" \/>\n<script type=\"application\/ld+json\" class=\"yoast-schema-graph\">{\"@context\":\"https:\\\/\\\/schema.org\",\"@graph\":[{\"@type\":\"Article\",\"@id\":\"https:\\\/\\\/kibrisdakik.com\\\/?p=6490#article\",\"isPartOf\":{\"@id\":\"https:\\\/\\\/kibrisdakik.com\\\/?p=6490\"},\"author\":{\"name\":\"admin\",\"@id\":\"https:\\\/\\\/kibrisdakik.com\\\/#\\\/schema\\\/person\\\/9cd9d437bbb44f72b73ba127e06d8e79\"},\"headline\":\"\u00d6\u011frenciler, trafik g\u00fcvenli\u011fi talebiyle, Cumhurba\u015fkanl\u0131\u011f\u0131 ve Meclis\u2019e y\u00fcr\u00fcd\u00fc\",\"datePublished\":\"2023-05-08T12:13:05+00:00\",\"mainEntityOfPage\":{\"@id\":\"https:\\\/\\\/kibrisdakik.com\\\/?p=6490\"},\"wordCount\":904,\"commentCount\":0,\"image\":{\"@id\":\"https:\\\/\\\/kibrisdakik.com\\\/?p=6490#primaryimage\"},\"thumbnailUrl\":\"https:\\\/\\\/kibrisdakik.com\\\/wp-content\\\/uploads\\\/2023\\\/05\\\/trafikfarkindalikdasda-740x420.jpg\",\"articleSection\":[\"G\u00fcndem\"],\"inLanguage\":\"tr\",\"potentialAction\":[{\"@type\":\"CommentAction\",\"name\":\"Comment\",\"target\":[\"https:\\\/\\\/kibrisdakik.com\\\/?p=6490#respond\"]}]},{\"@type\":\"WebPage\",\"@id\":\"https:\\\/\\\/kibrisdakik.com\\\/?p=6490\",\"url\":\"https:\\\/\\\/kibrisdakik.com\\\/?p=6490\",\"name\":\"\u00d6\u011frenciler, trafik g\u00fcvenli\u011fi talebiyle, Cumhurba\u015fkanl\u0131\u011f\u0131 ve Meclis\u2019e y\u00fcr\u00fcd\u00fc -\",\"isPartOf\":{\"@id\":\"https:\\\/\\\/kibrisdakik.com\\\/#website\"},\"primaryImageOfPage\":{\"@id\":\"https:\\\/\\\/kibrisdakik.com\\\/?p=6490#primaryimage\"},\"image\":{\"@id\":\"https:\\\/\\\/kibrisdakik.com\\\/?p=6490#primaryimage\"},\"thumbnailUrl\":\"https:\\\/\\\/kibrisdakik.com\\\/wp-content\\\/uploads\\\/2023\\\/05\\\/trafikfarkindalikdasda-740x420.jpg\",\"datePublished\":\"2023-05-08T12:13:05+00:00\",\"author\":{\"@id\":\"https:\\\/\\\/kibrisdakik.com\\\/#\\\/schema\\\/person\\\/9cd9d437bbb44f72b73ba127e06d8e79\"},\"breadcrumb\":{\"@id\":\"https:\\\/\\\/kibrisdakik.com\\\/?p=6490#breadcrumb\"},\"inLanguage\":\"tr\",\"potentialAction\":[{\"@type\":\"ReadAction\",\"target\":[\"https:\\\/\\\/kibrisdakik.com\\\/?p=6490\"]}]},{\"@type\":\"ImageObject\",\"inLanguage\":\"tr\",\"@id\":\"https:\\\/\\\/kibrisdakik.com\\\/?p=6490#primaryimage\",\"url\":\"https:\\\/\\\/kibrisdakik.com\\\/wp-content\\\/uploads\\\/2023\\\/05\\\/trafikfarkindalikdasda-740x420.jpg\",\"contentUrl\":\"https:\\\/\\\/kibrisdakik.com\\\/wp-content\\\/uploads\\\/2023\\\/05\\\/trafikfarkindalikdasda-740x420.jpg\",\"width\":1654,\"height\":936},{\"@type\":\"BreadcrumbList\",\"@id\":\"https:\\\/\\\/kibrisdakik.com\\\/?p=6490#breadcrumb\",\"itemListElement\":[{\"@type\":\"ListItem\",\"position\":1,\"name\":\"Home\",\"item\":\"https:\\\/\\\/kibrisdakik.com\\\/\"},{\"@type\":\"ListItem\",\"position\":2,\"name\":\"\u00d6\u011frenciler, trafik g\u00fcvenli\u011fi talebiyle, Cumhurba\u015fkanl\u0131\u011f\u0131 ve Meclis\u2019e y\u00fcr\u00fcd\u00fc\"}]},{\"@type\":\"WebSite\",\"@id\":\"https:\\\/\\\/kibrisdakik.com\\\/#website\",\"url\":\"https:\\\/\\\/kibrisdakik.com\\\/\",\"name\":\"\",\"description\":\"Tam vaktinde haber\",\"potentialAction\":[{\"@type\":\"SearchAction\",\"target\":{\"@type\":\"EntryPoint\",\"urlTemplate\":\"https:\\\/\\\/kibrisdakik.com\\\/?s={search_term_string}\"},\"query-input\":{\"@type\":\"PropertyValueSpecification\",\"valueRequired\":true,\"valueName\":\"search_term_string\"}}],\"inLanguage\":\"tr\"},{\"@type\":\"Person\",\"@id\":\"https:\\\/\\\/kibrisdakik.com\\\/#\\\/schema\\\/person\\\/9cd9d437bbb44f72b73ba127e06d8e79\",\"name\":\"admin\",\"image\":{\"@type\":\"ImageObject\",\"inLanguage\":\"tr\",\"@id\":\"https:\\\/\\\/secure.gravatar.com\\\/avatar\\\/ccc17943b9d660506c869530f897617f7cb1c21a4bf30023f252596d83e1f007?s=96&d=mm&r=g\",\"url\":\"https:\\\/\\\/secure.gravatar.com\\\/avatar\\\/ccc17943b9d660506c869530f897617f7cb1c21a4bf30023f252596d83e1f007?s=96&d=mm&r=g\",\"contentUrl\":\"https:\\\/\\\/secure.gravatar.com\\\/avatar\\\/ccc17943b9d660506c869530f897617f7cb1c21a4bf30023f252596d83e1f007?s=96&d=mm&r=g\",\"caption\":\"admin\"},\"sameAs\":[\"https:\\\/\\\/kibrisdakik.com\"],\"url\":\"https:\\\/\\\/kibrisdakik.com\\\/?author=1\"}]}<\/script>\n<!-- \/ Yoast SEO plugin. -->","yoast_head_json":{"title":"\u00d6\u011frenciler, trafik g\u00fcvenli\u011fi talebiyle, Cumhurba\u015fkanl\u0131\u011f\u0131 ve Meclis\u2019e y\u00fcr\u00fcd\u00fc -","robots":{"index":"index","follow":"follow","max-snippet":"max-snippet:-1","max-image-preview":"max-image-preview:large","max-video-preview":"max-video-preview:-1"},"canonical":"https:\/\/kibrisdakik.com\/?p=6490","og_locale":"tr_TR","og_type":"article","og_title":"\u00d6\u011frenciler, trafik g\u00fcvenli\u011fi talebiyle, Cumhurba\u015fkanl\u0131\u011f\u0131 ve Meclis\u2019e y\u00fcr\u00fcd\u00fc -","og_description":"Trafik Kazalar\u0131n\u0131 \u00d6nleme Derne\u011fi (TK\u00d6D), 2023 y\u0131l\u0131 Trafik Haftas\u0131 etkinlikleri \u00e7er\u00e7evesinde \u015eht. Tuncer \u0130lkokulu \u00f6\u011frencilerinin kat\u0131l\u0131m\u0131yla \u201cTrafikte \u00d6ncelik: G\u00fcvenlik\u201d temal\u0131 y\u00fcr\u00fcy\u00fc\u015f d\u00fczenledi. Kortejde \u00e7ocuklar, \u201cAlkoll\u00fc s\u00fcr\u00fcc\u00fc sevmiyoruz\u201d, \u201c\u00c7ocuklar\u0131n yeri arka koltuktur\u201d, \u201cTrafikte yaralanmak istemiyoruz\u201d, \u201cAlkol ve s\u00fcrate yenilmeyin\u201d yaz\u0131l\u0131 pankartlar ta\u015f\u0131d\u0131. Okuldan ba\u015flayan kortejde \u00f6nce Cumhurba\u015fkanl\u0131\u011f\u0131 sonra Meclis ziyaret edildi, konu\u015fmalar yap\u0131ld\u0131. \u2013Tatar: \u201cEhliyet alan","og_url":"https:\/\/kibrisdakik.com\/?p=6490","article_published_time":"2023-05-08T12:13:05+00:00","og_image":[{"width":1654,"height":936,"url":"https:\/\/kibrisdakik.com\/wp-content\/uploads\/2023\/05\/trafikfarkindalikdasda-740x420.jpg","type":"image\/jpeg"}],"author":"admin","twitter_card":"summary_large_image","twitter_misc":{"Yazan:":"admin","Tahmini okuma s\u00fcresi":"4 dakika"},"schema":{"@context":"https:\/\/schema.org","@graph":[{"@type":"Article","@id":"https:\/\/kibrisdakik.com\/?p=6490#article","isPartOf":{"@id":"https:\/\/kibrisdakik.com\/?p=6490"},"author":{"name":"admin","@id":"https:\/\/kibrisdakik.com\/#\/schema\/person\/9cd9d437bbb44f72b73ba127e06d8e79"},"headline":"\u00d6\u011frenciler, trafik g\u00fcvenli\u011fi talebiyle, Cumhurba\u015fkanl\u0131\u011f\u0131 ve Meclis\u2019e y\u00fcr\u00fcd\u00fc","datePublished":"2023-05-08T12:13:05+00:00","mainEntityOfPage":{"@id":"https:\/\/kibrisdakik.com\/?p=6490"},"wordCount":904,"commentCount":0,"image":{"@id":"https:\/\/kibrisdakik.com\/?p=6490#primaryimage"},"thumbnailUrl":"https:\/\/kibrisdakik.com\/wp-content\/uploads\/2023\/05\/trafikfarkindalikdasda-740x420.jpg","articleSection":["G\u00fcndem"],"inLanguage":"tr","potentialAction":[{"@type":"CommentAction","name":"Comment","target":["https:\/\/kibrisdakik.com\/?p=6490#respond"]}]},{"@type":"WebPage","@id":"https:\/\/kibrisdakik.com\/?p=6490","url":"https:\/\/kibrisdakik.com\/?p=6490","name":"\u00d6\u011frenciler, trafik g\u00fcvenli\u011fi talebiyle, Cumhurba\u015fkanl\u0131\u011f\u0131 ve Meclis\u2019e y\u00fcr\u00fcd\u00fc -","isPartOf":{"@id":"https:\/\/kibrisdakik.com\/#website"},"primaryImageOfPage":{"@id":"https:\/\/kibrisdakik.com\/?p=6490#primaryimage"},"image":{"@id":"https:\/\/kibrisdakik.com\/?p=6490#primaryimage"},"thumbnailUrl":"https:\/\/kibrisdakik.com\/wp-content\/uploads\/2023\/05\/trafikfarkindalikdasda-740x420.jpg","datePublished":"2023-05-08T12:13:05+00:00","author":{"@id":"https:\/\/kibrisdakik.com\/#\/schema\/person\/9cd9d437bbb44f72b73ba127e06d8e79"},"breadcrumb":{"@id":"https:\/\/kibrisdakik.com\/?p=6490#breadcrumb"},"inLanguage":"tr","potentialAction":[{"@type":"ReadAction","target":["https:\/\/kibrisdakik.com\/?p=6490"]}]},{"@type":"ImageObject","inLanguage":"tr","@id":"https:\/\/kibrisdakik.com\/?p=6490#primaryimage","url":"https:\/\/kibrisdakik.com\/wp-content\/uploads\/2023\/05\/trafikfarkindalikdasda-740x420.jpg","contentUrl":"https:\/\/kibrisdakik.com\/wp-content\/uploads\/2023\/05\/trafikfarkindalikdasda-740x420.jpg","width":1654,"height":936},{"@type":"BreadcrumbList","@id":"https:\/\/kibrisdakik.com\/?p=6490#breadcrumb","itemListElement":[{"@type":"ListItem","position":1,"name":"Home","item":"https:\/\/kibrisdakik.com\/"},{"@type":"ListItem","position":2,"name":"\u00d6\u011frenciler, trafik g\u00fcvenli\u011fi talebiyle, Cumhurba\u015fkanl\u0131\u011f\u0131 ve Meclis\u2019e y\u00fcr\u00fcd\u00fc"}]},{"@type":"WebSite","@id":"https:\/\/kibrisdakik.com\/#website","url":"https:\/\/kibrisdakik.com\/","name":"","description":"Tam vaktinde haber","potentialAction":[{"@type":"SearchAction","target":{"@type":"EntryPoint","urlTemplate":"https:\/\/kibrisdakik.com\/?s={search_term_string}"},"query-input":{"@type":"PropertyValueSpecification","valueRequired":true,"valueName":"search_term_string"}}],"inLanguage":"tr"},{"@type":"Person","@id":"https:\/\/kibrisdakik.com\/#\/schema\/person\/9cd9d437bbb44f72b73ba127e06d8e79","name":"admin","image":{"@type":"ImageObject","inLanguage":"tr","@id":"https:\/\/secure.gravatar.com\/avatar\/ccc17943b9d660506c869530f897617f7cb1c21a4bf30023f252596d83e1f007?s=96&d=mm&r=g","url":"https:\/\/secure.gravatar.com\/avatar\/ccc17943b9d660506c869530f897617f7cb1c21a4bf30023f252596d83e1f007?s=96&d=mm&r=g","contentUrl":"https:\/\/secure.gravatar.com\/avatar\/ccc17943b9d660506c869530f897617f7cb1c21a4bf30023f252596d83e1f007?s=96&d=mm&r=g","caption":"admin"},"sameAs":["https:\/\/kibrisdakik.com"],"url":"https:\/\/kibrisdakik.com\/?author=1"}]}},"_links":{"self":[{"href":"https:\/\/kibrisdakik.com\/index.php?rest_route=\/wp\/v2\/posts\/6490","targetHints":{"allow":["GET"]}}],"collection":[{"href":"https:\/\/kibrisdakik.com\/index.php?rest_route=\/wp\/v2\/posts"}],"about":[{"href":"https:\/\/kibrisdakik.com\/index.php?rest_route=\/wp\/v2\/types\/post"}],"author":[{"embeddable":true,"href":"https:\/\/kibrisdakik.com\/index.php?rest_route=\/wp\/v2\/users\/1"}],"replies":[{"embeddable":true,"href":"https:\/\/kibrisdakik.com\/index.php?rest_route=%2Fwp%2Fv2%2Fcomments&post=6490"}],"version-history":[{"count":0,"href":"https:\/\/kibrisdakik.com\/index.php?rest_route=\/wp\/v2\/posts\/6490\/revisions"}],"wp:featuredmedia":[{"embeddable":true,"href":"https:\/\/kibrisdakik.com\/index.php?rest_route=\/wp\/v2\/media\/6491"}],"wp:attachment":[{"href":"https:\/\/kibrisdakik.com\/index.php?rest_route=%2Fwp%2Fv2%2Fmedia&parent=6490"}],"wp:term":[{"taxonomy":"category","embeddable":true,"href":"https:\/\/kibrisdakik.com\/index.php?rest_route=%2Fwp%2Fv2%2Fcategories&post=6490"},{"taxonomy":"post_tag","embeddable":true,"href":"https:\/\/kibrisdakik.com\/index.php?rest_route=%2Fwp%2Fv2%2Ftags&post=6490"}],"curies":[{"name":"wp","href":"https:\/\/api.w.org\/{rel}","templated":true}]}}