{"id":64948,"date":"2024-09-27T11:14:03","date_gmt":"2024-09-27T08:14:03","guid":{"rendered":"https:\/\/kibrisdakik.com\/index.php\/2024\/09\/27\/bahar-esintileri-sanat-dernegi-korosu-turkiyede-konser-verecek\/"},"modified":"2024-09-27T11:14:03","modified_gmt":"2024-09-27T08:14:03","slug":"bahar-esintileri-sanat-dernegi-korosu-turkiyede-konser-verecek","status":"publish","type":"post","link":"https:\/\/kibrisdakik.com\/?p=64948","title":{"rendered":"Bahar Esintileri Sanat Derne\u011fi Korosu, T\u00fcrkiye\u2019de konser verecek"},"content":{"rendered":"<p> <br \/>\n<\/p>\n<div>\n<div class=\"mariselle-image-container center\">\n                <img loading=\"lazy\" decoding=\"async\" width=\"620\" height=\"350\" class=\"lazy-image\" alt=\"\" sizes=\"auto, (max-width: 620px) 100vw, 620px\" src=\"https:\/\/brtk.net\/wp-content\/uploads\/2024\/09\/27\/Bahar-Esintileri-Sanat-Dernegi-Korosu-Turkiyede-konser-verecek.jpg?ver=74ba995d3b31d4baae1c40e432a3a3c5\" srcset=\"https:\/\/brtk.net\/wp-content\/uploads\/2024\/09\/27\/Bahar-Esintileri-Sanat-Dernegi-Korosu-Turkiyede-konser-verecek.jpg?ver=74ba995d3b31d4baae1c40e432a3a3c5 620w, https:\/\/brtk.net\/wp-content\/uploads\/2024\/09\/27\/Bahar-Esintileri-Sanat-Dernegi-Korosu-Turkiyede-konser-verecek-300x169.jpg?ver=74ba995d3b31d4baae1c40e432a3a3c5 300w\"\/>                            <\/div>\n<p> Bahar Esintileri Sanat Derne\u011fi Korosu, T\u00fcrkiye\u2019de, \u00c7orlu Tekirda\u011f\u2019da \u201cG\u00f6n\u00fclden G\u00f6n\u00fcle Karde\u015flik \u015eark\u0131lar\u0131\u201d konseriyle sahne alacak.<\/p>\n<p>\u015eef Bahar G\u00f6khan \u00f6nderli\u011findeki Bahar Esintileri Sanat Derne\u011fi Korosundan verilen bilgiye g\u00f6re, 19 Ekim\u2019de ger\u00e7ekle\u015fecek konserde, \u201c\u00dc\u00e7 Devlet Bir Millet\u201d ruhunu g\u00fc\u00e7lendirmeye y\u00f6nelik \u00fc\u00e7 \u00fclkenin \u015fark\u0131lar\u0131 s\u00f6ylenecek.<\/p>\n<p>Konser, T\u00fcrk M\u00fczi\u011fi Federasyonu T\u00dcMFED ba\u015fkan\u0131 Hasan Kaya \u2018n\u0131n \u00f6nderli\u011finde \u00c7orlu Sanat Merkezi M\u00fczik Derne\u011fi, Asel Sanat Merkezi M\u00fczik Derne\u011fi, Azerbaycan Tekam\u00fcl ve \u0130ntegrasiyon Uluslararas\u0131 Toplum Kurulu\u015fu, Azerbaycan Garaba\u011f Ansambl Orkestras\u0131 ve TC K\u00fclt\u00fcr ve Turizm Bakanl\u0131\u011f\u0131 \u2018n\u0131n kat\u0131l\u0131m\u0131yla ger\u00e7ekle\u015fecek.<\/p>\n<p>Bahar Esintileri Korosu, ayr\u0131ca 7 Ekim \u2018de Girne Amfi Tiyatroda Kanser Hastalar\u0131na Yard\u0131m Derne\u011fi yarar\u0131na sanat\u00e7\u0131 Hakan Aysev\u2019in konuk olaca\u011f\u0131 konserin \u00e7al\u0131\u015fmalar\u0131na da devam ediyor.<\/p>\n<\/p><\/div>\n<p><script async\n                    defer\n                    crossorigin=\"anonymous\"\n                    src=\"https:\/\/connect.facebook.net\/tr_TR\/sdk.js#xfbml=1&#038;version=v3.3\"\n            ><\/script><br \/>\n<br \/><br \/>\n<br \/><a href=\"https:\/\/brtk.net\/bahar-esintileri-sanat-dernegi-korosu-turkiyede-konser-verecek\/\">kpostasi <\/a><\/p>\n","protected":false},"excerpt":{"rendered":"<p>Bahar Esintileri Sanat Derne\u011fi Korosu, T\u00fcrkiye\u2019de, \u00c7orlu Tekirda\u011f\u2019da \u201cG\u00f6n\u00fclden G\u00f6n\u00fcle Karde\u015flik \u015eark\u0131lar\u0131\u201d konseriyle sahne alacak. \u015eef Bahar G\u00f6khan \u00f6nderli\u011findeki Bahar Esintileri Sanat Derne\u011fi Korosundan verilen bilgiye g\u00f6re, 19 Ekim\u2019de ger\u00e7ekle\u015fecek konserde, \u201c\u00dc\u00e7 Devlet Bir Millet\u201d ruhunu g\u00fc\u00e7lendirmeye y\u00f6nelik \u00fc\u00e7 \u00fclkenin \u015fark\u0131lar\u0131 s\u00f6ylenecek. Konser, T\u00fcrk M\u00fczi\u011fi Federasyonu T\u00dcMFED ba\u015fkan\u0131 Hasan Kaya \u2018n\u0131n \u00f6nderli\u011finde \u00c7orlu Sanat Merkezi<\/p>\n","protected":false},"author":1,"featured_media":64949,"comment_status":"open","ping_status":"open","sticky":false,"template":"","format":"standard","meta":{"footnotes":""},"categories":[1,81],"tags":[],"class_list":["post-64948","post","type-post","status-publish","format-standard","has-post-thumbnail","hentry","category-gundem","category-kibris"],"yoast_head":"<!-- This site is optimized with the Yoast SEO plugin v27.4 - https:\/\/yoast.com\/product\/yoast-seo-wordpress\/ -->\n<title>Bahar Esintileri Sanat Derne\u011fi Korosu, T\u00fcrkiye\u2019de konser verecek -<\/title>\n<meta name=\"robots\" content=\"index, follow, max-snippet:-1, max-image-preview:large, max-video-preview:-1\" \/>\n<link rel=\"canonical\" href=\"https:\/\/kibrisdakik.com\/?p=64948\" \/>\n<meta property=\"og:locale\" content=\"tr_TR\" \/>\n<meta property=\"og:type\" content=\"article\" \/>\n<meta property=\"og:title\" content=\"Bahar Esintileri Sanat Derne\u011fi Korosu, T\u00fcrkiye\u2019de konser verecek -\" \/>\n<meta property=\"og:description\" content=\"Bahar Esintileri Sanat Derne\u011fi Korosu, T\u00fcrkiye\u2019de, \u00c7orlu Tekirda\u011f\u2019da \u201cG\u00f6n\u00fclden G\u00f6n\u00fcle Karde\u015flik \u015eark\u0131lar\u0131\u201d konseriyle sahne alacak. \u015eef Bahar G\u00f6khan \u00f6nderli\u011findeki Bahar Esintileri Sanat Derne\u011fi Korosundan verilen bilgiye g\u00f6re, 19 Ekim\u2019de ger\u00e7ekle\u015fecek konserde, \u201c\u00dc\u00e7 Devlet Bir Millet\u201d ruhunu g\u00fc\u00e7lendirmeye y\u00f6nelik \u00fc\u00e7 \u00fclkenin \u015fark\u0131lar\u0131 s\u00f6ylenecek. Konser, T\u00fcrk M\u00fczi\u011fi Federasyonu T\u00dcMFED ba\u015fkan\u0131 Hasan Kaya \u2018n\u0131n \u00f6nderli\u011finde \u00c7orlu Sanat Merkezi\" \/>\n<meta property=\"og:url\" content=\"https:\/\/kibrisdakik.com\/?p=64948\" \/>\n<meta property=\"article:published_time\" content=\"2024-09-27T08:14:03+00:00\" \/>\n<meta property=\"og:image\" content=\"https:\/\/kibrisdakik.com\/wp-content\/uploads\/2024\/09\/Bahar-Esintileri-Sanat-Dernegi-Korosu-Turkiyede-konser-verecek.jpg\" \/>\n\t<meta property=\"og:image:width\" content=\"620\" \/>\n\t<meta property=\"og:image:height\" content=\"350\" \/>\n\t<meta property=\"og:image:type\" content=\"image\/jpeg\" \/>\n<meta name=\"author\" content=\"admin\" \/>\n<meta name=\"twitter:card\" content=\"summary_large_image\" \/>\n<meta name=\"twitter:label1\" content=\"Yazan:\" \/>\n\t<meta name=\"twitter:data1\" content=\"admin\" \/>\n\t<meta name=\"twitter:label2\" content=\"Tahmini okuma s\u00fcresi\" \/>\n\t<meta name=\"twitter:data2\" content=\"1 dakika\" \/>\n<script type=\"application\/ld+json\" class=\"yoast-schema-graph\">{\"@context\":\"https:\\\/\\\/schema.org\",\"@graph\":[{\"@type\":\"Article\",\"@id\":\"https:\\\/\\\/kibrisdakik.com\\\/?p=64948#article\",\"isPartOf\":{\"@id\":\"https:\\\/\\\/kibrisdakik.com\\\/?p=64948\"},\"author\":{\"name\":\"admin\",\"@id\":\"https:\\\/\\\/kibrisdakik.com\\\/#\\\/schema\\\/person\\\/9cd9d437bbb44f72b73ba127e06d8e79\"},\"headline\":\"Bahar Esintileri Sanat Derne\u011fi Korosu, T\u00fcrkiye\u2019de konser verecek\",\"datePublished\":\"2024-09-27T08:14:03+00:00\",\"mainEntityOfPage\":{\"@id\":\"https:\\\/\\\/kibrisdakik.com\\\/?p=64948\"},\"wordCount\":167,\"commentCount\":0,\"image\":{\"@id\":\"https:\\\/\\\/kibrisdakik.com\\\/?p=64948#primaryimage\"},\"thumbnailUrl\":\"https:\\\/\\\/kibrisdakik.com\\\/wp-content\\\/uploads\\\/2024\\\/09\\\/Bahar-Esintileri-Sanat-Dernegi-Korosu-Turkiyede-konser-verecek.jpg\",\"articleSection\":[\"G\u00fcndem\",\"K\u0131br\u0131s\"],\"inLanguage\":\"tr\",\"potentialAction\":[{\"@type\":\"CommentAction\",\"name\":\"Comment\",\"target\":[\"https:\\\/\\\/kibrisdakik.com\\\/?p=64948#respond\"]}]},{\"@type\":\"WebPage\",\"@id\":\"https:\\\/\\\/kibrisdakik.com\\\/?p=64948\",\"url\":\"https:\\\/\\\/kibrisdakik.com\\\/?p=64948\",\"name\":\"Bahar Esintileri Sanat Derne\u011fi Korosu, T\u00fcrkiye\u2019de konser verecek -\",\"isPartOf\":{\"@id\":\"https:\\\/\\\/kibrisdakik.com\\\/#website\"},\"primaryImageOfPage\":{\"@id\":\"https:\\\/\\\/kibrisdakik.com\\\/?p=64948#primaryimage\"},\"image\":{\"@id\":\"https:\\\/\\\/kibrisdakik.com\\\/?p=64948#primaryimage\"},\"thumbnailUrl\":\"https:\\\/\\\/kibrisdakik.com\\\/wp-content\\\/uploads\\\/2024\\\/09\\\/Bahar-Esintileri-Sanat-Dernegi-Korosu-Turkiyede-konser-verecek.jpg\",\"datePublished\":\"2024-09-27T08:14:03+00:00\",\"author\":{\"@id\":\"https:\\\/\\\/kibrisdakik.com\\\/#\\\/schema\\\/person\\\/9cd9d437bbb44f72b73ba127e06d8e79\"},\"breadcrumb\":{\"@id\":\"https:\\\/\\\/kibrisdakik.com\\\/?p=64948#breadcrumb\"},\"inLanguage\":\"tr\",\"potentialAction\":[{\"@type\":\"ReadAction\",\"target\":[\"https:\\\/\\\/kibrisdakik.com\\\/?p=64948\"]}]},{\"@type\":\"ImageObject\",\"inLanguage\":\"tr\",\"@id\":\"https:\\\/\\\/kibrisdakik.com\\\/?p=64948#primaryimage\",\"url\":\"https:\\\/\\\/kibrisdakik.com\\\/wp-content\\\/uploads\\\/2024\\\/09\\\/Bahar-Esintileri-Sanat-Dernegi-Korosu-Turkiyede-konser-verecek.jpg\",\"contentUrl\":\"https:\\\/\\\/kibrisdakik.com\\\/wp-content\\\/uploads\\\/2024\\\/09\\\/Bahar-Esintileri-Sanat-Dernegi-Korosu-Turkiyede-konser-verecek.jpg\",\"width\":620,\"height\":350},{\"@type\":\"BreadcrumbList\",\"@id\":\"https:\\\/\\\/kibrisdakik.com\\\/?p=64948#breadcrumb\",\"itemListElement\":[{\"@type\":\"ListItem\",\"position\":1,\"name\":\"Home\",\"item\":\"https:\\\/\\\/kibrisdakik.com\\\/\"},{\"@type\":\"ListItem\",\"position\":2,\"name\":\"Bahar Esintileri Sanat Derne\u011fi Korosu, T\u00fcrkiye\u2019de konser verecek\"}]},{\"@type\":\"WebSite\",\"@id\":\"https:\\\/\\\/kibrisdakik.com\\\/#website\",\"url\":\"https:\\\/\\\/kibrisdakik.com\\\/\",\"name\":\"\",\"description\":\"Tam vaktinde haber\",\"potentialAction\":[{\"@type\":\"SearchAction\",\"target\":{\"@type\":\"EntryPoint\",\"urlTemplate\":\"https:\\\/\\\/kibrisdakik.com\\\/?s={search_term_string}\"},\"query-input\":{\"@type\":\"PropertyValueSpecification\",\"valueRequired\":true,\"valueName\":\"search_term_string\"}}],\"inLanguage\":\"tr\"},{\"@type\":\"Person\",\"@id\":\"https:\\\/\\\/kibrisdakik.com\\\/#\\\/schema\\\/person\\\/9cd9d437bbb44f72b73ba127e06d8e79\",\"name\":\"admin\",\"image\":{\"@type\":\"ImageObject\",\"inLanguage\":\"tr\",\"@id\":\"https:\\\/\\\/secure.gravatar.com\\\/avatar\\\/ccc17943b9d660506c869530f897617f7cb1c21a4bf30023f252596d83e1f007?s=96&d=mm&r=g\",\"url\":\"https:\\\/\\\/secure.gravatar.com\\\/avatar\\\/ccc17943b9d660506c869530f897617f7cb1c21a4bf30023f252596d83e1f007?s=96&d=mm&r=g\",\"contentUrl\":\"https:\\\/\\\/secure.gravatar.com\\\/avatar\\\/ccc17943b9d660506c869530f897617f7cb1c21a4bf30023f252596d83e1f007?s=96&d=mm&r=g\",\"caption\":\"admin\"},\"sameAs\":[\"https:\\\/\\\/kibrisdakik.com\"],\"url\":\"https:\\\/\\\/kibrisdakik.com\\\/?author=1\"}]}<\/script>\n<!-- \/ Yoast SEO plugin. -->","yoast_head_json":{"title":"Bahar Esintileri Sanat Derne\u011fi Korosu, T\u00fcrkiye\u2019de konser verecek -","robots":{"index":"index","follow":"follow","max-snippet":"max-snippet:-1","max-image-preview":"max-image-preview:large","max-video-preview":"max-video-preview:-1"},"canonical":"https:\/\/kibrisdakik.com\/?p=64948","og_locale":"tr_TR","og_type":"article","og_title":"Bahar Esintileri Sanat Derne\u011fi Korosu, T\u00fcrkiye\u2019de konser verecek -","og_description":"Bahar Esintileri Sanat Derne\u011fi Korosu, T\u00fcrkiye\u2019de, \u00c7orlu Tekirda\u011f\u2019da \u201cG\u00f6n\u00fclden G\u00f6n\u00fcle Karde\u015flik \u015eark\u0131lar\u0131\u201d konseriyle sahne alacak. \u015eef Bahar G\u00f6khan \u00f6nderli\u011findeki Bahar Esintileri Sanat Derne\u011fi Korosundan verilen bilgiye g\u00f6re, 19 Ekim\u2019de ger\u00e7ekle\u015fecek konserde, \u201c\u00dc\u00e7 Devlet Bir Millet\u201d ruhunu g\u00fc\u00e7lendirmeye y\u00f6nelik \u00fc\u00e7 \u00fclkenin \u015fark\u0131lar\u0131 s\u00f6ylenecek. Konser, T\u00fcrk M\u00fczi\u011fi Federasyonu T\u00dcMFED ba\u015fkan\u0131 Hasan Kaya \u2018n\u0131n \u00f6nderli\u011finde \u00c7orlu Sanat Merkezi","og_url":"https:\/\/kibrisdakik.com\/?p=64948","article_published_time":"2024-09-27T08:14:03+00:00","og_image":[{"width":620,"height":350,"url":"https:\/\/kibrisdakik.com\/wp-content\/uploads\/2024\/09\/Bahar-Esintileri-Sanat-Dernegi-Korosu-Turkiyede-konser-verecek.jpg","type":"image\/jpeg"}],"author":"admin","twitter_card":"summary_large_image","twitter_misc":{"Yazan:":"admin","Tahmini okuma s\u00fcresi":"1 dakika"},"schema":{"@context":"https:\/\/schema.org","@graph":[{"@type":"Article","@id":"https:\/\/kibrisdakik.com\/?p=64948#article","isPartOf":{"@id":"https:\/\/kibrisdakik.com\/?p=64948"},"author":{"name":"admin","@id":"https:\/\/kibrisdakik.com\/#\/schema\/person\/9cd9d437bbb44f72b73ba127e06d8e79"},"headline":"Bahar Esintileri Sanat Derne\u011fi Korosu, T\u00fcrkiye\u2019de konser verecek","datePublished":"2024-09-27T08:14:03+00:00","mainEntityOfPage":{"@id":"https:\/\/kibrisdakik.com\/?p=64948"},"wordCount":167,"commentCount":0,"image":{"@id":"https:\/\/kibrisdakik.com\/?p=64948#primaryimage"},"thumbnailUrl":"https:\/\/kibrisdakik.com\/wp-content\/uploads\/2024\/09\/Bahar-Esintileri-Sanat-Dernegi-Korosu-Turkiyede-konser-verecek.jpg","articleSection":["G\u00fcndem","K\u0131br\u0131s"],"inLanguage":"tr","potentialAction":[{"@type":"CommentAction","name":"Comment","target":["https:\/\/kibrisdakik.com\/?p=64948#respond"]}]},{"@type":"WebPage","@id":"https:\/\/kibrisdakik.com\/?p=64948","url":"https:\/\/kibrisdakik.com\/?p=64948","name":"Bahar Esintileri Sanat Derne\u011fi Korosu, T\u00fcrkiye\u2019de konser verecek -","isPartOf":{"@id":"https:\/\/kibrisdakik.com\/#website"},"primaryImageOfPage":{"@id":"https:\/\/kibrisdakik.com\/?p=64948#primaryimage"},"image":{"@id":"https:\/\/kibrisdakik.com\/?p=64948#primaryimage"},"thumbnailUrl":"https:\/\/kibrisdakik.com\/wp-content\/uploads\/2024\/09\/Bahar-Esintileri-Sanat-Dernegi-Korosu-Turkiyede-konser-verecek.jpg","datePublished":"2024-09-27T08:14:03+00:00","author":{"@id":"https:\/\/kibrisdakik.com\/#\/schema\/person\/9cd9d437bbb44f72b73ba127e06d8e79"},"breadcrumb":{"@id":"https:\/\/kibrisdakik.com\/?p=64948#breadcrumb"},"inLanguage":"tr","potentialAction":[{"@type":"ReadAction","target":["https:\/\/kibrisdakik.com\/?p=64948"]}]},{"@type":"ImageObject","inLanguage":"tr","@id":"https:\/\/kibrisdakik.com\/?p=64948#primaryimage","url":"https:\/\/kibrisdakik.com\/wp-content\/uploads\/2024\/09\/Bahar-Esintileri-Sanat-Dernegi-Korosu-Turkiyede-konser-verecek.jpg","contentUrl":"https:\/\/kibrisdakik.com\/wp-content\/uploads\/2024\/09\/Bahar-Esintileri-Sanat-Dernegi-Korosu-Turkiyede-konser-verecek.jpg","width":620,"height":350},{"@type":"BreadcrumbList","@id":"https:\/\/kibrisdakik.com\/?p=64948#breadcrumb","itemListElement":[{"@type":"ListItem","position":1,"name":"Home","item":"https:\/\/kibrisdakik.com\/"},{"@type":"ListItem","position":2,"name":"Bahar Esintileri Sanat Derne\u011fi Korosu, T\u00fcrkiye\u2019de konser verecek"}]},{"@type":"WebSite","@id":"https:\/\/kibrisdakik.com\/#website","url":"https:\/\/kibrisdakik.com\/","name":"","description":"Tam vaktinde haber","potentialAction":[{"@type":"SearchAction","target":{"@type":"EntryPoint","urlTemplate":"https:\/\/kibrisdakik.com\/?s={search_term_string}"},"query-input":{"@type":"PropertyValueSpecification","valueRequired":true,"valueName":"search_term_string"}}],"inLanguage":"tr"},{"@type":"Person","@id":"https:\/\/kibrisdakik.com\/#\/schema\/person\/9cd9d437bbb44f72b73ba127e06d8e79","name":"admin","image":{"@type":"ImageObject","inLanguage":"tr","@id":"https:\/\/secure.gravatar.com\/avatar\/ccc17943b9d660506c869530f897617f7cb1c21a4bf30023f252596d83e1f007?s=96&d=mm&r=g","url":"https:\/\/secure.gravatar.com\/avatar\/ccc17943b9d660506c869530f897617f7cb1c21a4bf30023f252596d83e1f007?s=96&d=mm&r=g","contentUrl":"https:\/\/secure.gravatar.com\/avatar\/ccc17943b9d660506c869530f897617f7cb1c21a4bf30023f252596d83e1f007?s=96&d=mm&r=g","caption":"admin"},"sameAs":["https:\/\/kibrisdakik.com"],"url":"https:\/\/kibrisdakik.com\/?author=1"}]}},"_links":{"self":[{"href":"https:\/\/kibrisdakik.com\/index.php?rest_route=\/wp\/v2\/posts\/64948","targetHints":{"allow":["GET"]}}],"collection":[{"href":"https:\/\/kibrisdakik.com\/index.php?rest_route=\/wp\/v2\/posts"}],"about":[{"href":"https:\/\/kibrisdakik.com\/index.php?rest_route=\/wp\/v2\/types\/post"}],"author":[{"embeddable":true,"href":"https:\/\/kibrisdakik.com\/index.php?rest_route=\/wp\/v2\/users\/1"}],"replies":[{"embeddable":true,"href":"https:\/\/kibrisdakik.com\/index.php?rest_route=%2Fwp%2Fv2%2Fcomments&post=64948"}],"version-history":[{"count":0,"href":"https:\/\/kibrisdakik.com\/index.php?rest_route=\/wp\/v2\/posts\/64948\/revisions"}],"wp:featuredmedia":[{"embeddable":true,"href":"https:\/\/kibrisdakik.com\/index.php?rest_route=\/wp\/v2\/media\/64949"}],"wp:attachment":[{"href":"https:\/\/kibrisdakik.com\/index.php?rest_route=%2Fwp%2Fv2%2Fmedia&parent=64948"}],"wp:term":[{"taxonomy":"category","embeddable":true,"href":"https:\/\/kibrisdakik.com\/index.php?rest_route=%2Fwp%2Fv2%2Fcategories&post=64948"},{"taxonomy":"post_tag","embeddable":true,"href":"https:\/\/kibrisdakik.com\/index.php?rest_route=%2Fwp%2Fv2%2Ftags&post=64948"}],"curies":[{"name":"wp","href":"https:\/\/api.w.org\/{rel}","templated":true}]}}