{"id":64951,"date":"2024-09-27T11:27:47","date_gmt":"2024-09-27T08:27:47","guid":{"rendered":"https:\/\/kibrisdakik.com\/index.php\/2024\/09\/27\/ali-kismirin-davasi-25-ekime-ertelendi\/"},"modified":"2024-09-27T11:27:47","modified_gmt":"2024-09-27T08:27:47","slug":"ali-kismirin-davasi-25-ekime-ertelendi","status":"publish","type":"post","link":"https:\/\/kibrisdakik.com\/?p=64951","title":{"rendered":"Ali Ki\u015fmir\u2019in davas\u0131 25 Ekim\u2019e ertelendi"},"content":{"rendered":"<div>\n<div class=\"mariselle-image-container center\">\n                                            <\/div>\n<p>Yazd\u0131\u011f\u0131 bir k\u00f6\u015fe yaz\u0131s\u0131 nedeniyle adli tatil ard\u0131ndan bug\u00fcn yeniden mahkemeye \u00e7\u0131kar\u0131lan Bas\u0131n Emek\u00e7ileri Sendikas\u0131 (Bas\u0131n-Sen) Ba\u015fkan\u0131, gazeteci Ali Ki\u015fmir\u2019in davas\u0131 25 Ekim\u2019e ertelendi. <\/p>\n<p> Lefko\u015fa Kaza Mahkemesi\u2019nde g\u00f6r\u00fc\u015f\u00fclen davada, Ki\u015fmir\u2019i, K\u0131br\u0131s T\u00fcrk Barolar Birli\u011fi Ba\u015fkan\u0131 Hasan Esenda\u011fl\u0131 ve Avukat Cansu N. Nazl\u0131 temsil etti.<\/p>\n<p>Ki\u015fmir\u2019in avukat\u0131 Hasan Esenda\u011fl\u0131, davan\u0131n g\u00f6r\u00fc\u015f\u00fclmesi ard\u0131ndan mahkemeler \u00f6n\u00fcnde a\u00e7\u0131klama yapt\u0131.<\/p>\n<p>Ge\u00e7en adli y\u0131lda Savc\u0131l\u0131\u011f\u0131n davay\u0131 geri \u00e7ekmeyece\u011fi ve \u0131srarc\u0131 olaca\u011f\u0131, davan\u0131n ilk tahkikat\u0131n\u0131n duru\u015fma ve tan\u0131k dinleme suretiyle yap\u0131laca\u011f\u0131 konusunun netle\u015fti\u011fini ifade eden Esenda\u011fl\u0131, bug\u00fcn itibariyle davan\u0131n 25 Ekim\u2019e ertelendi\u011fini s\u00f6yledi.<\/p>\n<p>Esenda\u011fl\u0131, tan\u0131klar\u0131n programlar\u0131n\u0131n yap\u0131lmas\u0131, mahkemeye ne kadar i\u015f y\u00fck\u00fc yarataca\u011f\u0131n\u0131n hesaplanmas\u0131 ve bu anlamda duru\u015fma takvimi verilebilmesi amac\u0131yla davan\u0131n 25 Ekim\u2019e ertelendi\u011fini dile getirdi.<\/p>\n<p>Ceza mahkemelerinin olduk\u00e7a yo\u011fun bir i\u015f y\u00fck\u00fcyle \u00e7al\u0131\u015ft\u0131\u011f\u0131n\u0131 kaydeden Esenda\u011fl\u0131, \u201cUmut ederiz ki, bu yo\u011funlu\u011fun i\u00e7erisinde uygun bir takvimde duru\u015fmam\u0131z a\u00e7\u0131lacak ve k\u0131sa bir s\u00fcrede neticeye var\u0131lacak.\u201d diye konu\u015ftu.<\/p>\n<p>TAK<\/p>\n<\/p><\/div>\n<p><script async\n                    defer\n                    crossorigin=\"anonymous\"\n                    src=\"https:\/\/connect.facebook.net\/tr_TR\/sdk.js#xfbml=1&#038;version=v3.3\"\n            ><\/script><\/p>\n","protected":false},"excerpt":{"rendered":"<p>Yazd\u0131\u011f\u0131 bir k\u00f6\u015fe yaz\u0131s\u0131 nedeniyle adli tatil ard\u0131ndan bug\u00fcn yeniden mahkemeye \u00e7\u0131kar\u0131lan Bas\u0131n Emek\u00e7ileri Sendikas\u0131 (Bas\u0131n-Sen) Ba\u015fkan\u0131, gazeteci Ali Ki\u015fmir\u2019in davas\u0131 25 Ekim\u2019e ertelendi. Lefko\u015fa Kaza Mahkemesi\u2019nde g\u00f6r\u00fc\u015f\u00fclen davada, Ki\u015fmir\u2019i, K\u0131br\u0131s T\u00fcrk Barolar Birli\u011fi Ba\u015fkan\u0131 Hasan Esenda\u011fl\u0131 ve Avukat Cansu N. Nazl\u0131 temsil etti. Ki\u015fmir\u2019in avukat\u0131 Hasan Esenda\u011fl\u0131, davan\u0131n g\u00f6r\u00fc\u015f\u00fclmesi ard\u0131ndan mahkemeler \u00f6n\u00fcnde a\u00e7\u0131klama yapt\u0131.<\/p>\n","protected":false},"author":1,"featured_media":64952,"comment_status":"open","ping_status":"open","sticky":false,"template":"","format":"standard","meta":{"footnotes":""},"categories":[81],"tags":[],"class_list":["post-64951","post","type-post","status-publish","format-standard","has-post-thumbnail","hentry","category-kibris"],"yoast_head":"<!-- This site is optimized with the Yoast SEO plugin v27.5 - https:\/\/yoast.com\/product\/yoast-seo-wordpress\/ -->\n<title>Ali Ki\u015fmir\u2019in davas\u0131 25 Ekim\u2019e ertelendi -<\/title>\n<meta name=\"robots\" content=\"index, follow, max-snippet:-1, max-image-preview:large, max-video-preview:-1\" \/>\n<link rel=\"canonical\" href=\"https:\/\/kibrisdakik.com\/?p=64951\" \/>\n<meta property=\"og:locale\" content=\"tr_TR\" \/>\n<meta property=\"og:type\" content=\"article\" \/>\n<meta property=\"og:title\" content=\"Ali Ki\u015fmir\u2019in davas\u0131 25 Ekim\u2019e ertelendi -\" \/>\n<meta property=\"og:description\" content=\"Yazd\u0131\u011f\u0131 bir k\u00f6\u015fe yaz\u0131s\u0131 nedeniyle adli tatil ard\u0131ndan bug\u00fcn yeniden mahkemeye \u00e7\u0131kar\u0131lan Bas\u0131n Emek\u00e7ileri Sendikas\u0131 (Bas\u0131n-Sen) Ba\u015fkan\u0131, gazeteci Ali Ki\u015fmir\u2019in davas\u0131 25 Ekim\u2019e ertelendi. Lefko\u015fa Kaza Mahkemesi\u2019nde g\u00f6r\u00fc\u015f\u00fclen davada, Ki\u015fmir\u2019i, K\u0131br\u0131s T\u00fcrk Barolar Birli\u011fi Ba\u015fkan\u0131 Hasan Esenda\u011fl\u0131 ve Avukat Cansu N. Nazl\u0131 temsil etti. Ki\u015fmir\u2019in avukat\u0131 Hasan Esenda\u011fl\u0131, davan\u0131n g\u00f6r\u00fc\u015f\u00fclmesi ard\u0131ndan mahkemeler \u00f6n\u00fcnde a\u00e7\u0131klama yapt\u0131.\" \/>\n<meta property=\"og:url\" content=\"https:\/\/kibrisdakik.com\/?p=64951\" \/>\n<meta property=\"article:published_time\" content=\"2024-09-27T08:27:47+00:00\" \/>\n<meta property=\"og:image\" content=\"https:\/\/kibrisdakik.com\/wp-content\/uploads\/2024\/09\/afaas-740x420.jpg\" \/>\n\t<meta property=\"og:image:width\" content=\"883\" \/>\n\t<meta property=\"og:image:height\" content=\"433\" \/>\n\t<meta property=\"og:image:type\" content=\"image\/jpeg\" \/>\n<meta name=\"author\" content=\"admin\" \/>\n<meta name=\"twitter:card\" content=\"summary_large_image\" \/>\n<meta name=\"twitter:label1\" content=\"Yazan:\" \/>\n\t<meta name=\"twitter:data1\" content=\"admin\" \/>\n\t<meta name=\"twitter:label2\" content=\"Tahmini okuma s\u00fcresi\" \/>\n\t<meta name=\"twitter:data2\" content=\"1 dakika\" \/>\n<script type=\"application\/ld+json\" class=\"yoast-schema-graph\">{\"@context\":\"https:\\\/\\\/schema.org\",\"@graph\":[{\"@type\":\"Article\",\"@id\":\"https:\\\/\\\/kibrisdakik.com\\\/?p=64951#article\",\"isPartOf\":{\"@id\":\"https:\\\/\\\/kibrisdakik.com\\\/?p=64951\"},\"author\":{\"name\":\"admin\",\"@id\":\"https:\\\/\\\/kibrisdakik.com\\\/#\\\/schema\\\/person\\\/9cd9d437bbb44f72b73ba127e06d8e79\"},\"headline\":\"Ali Ki\u015fmir\u2019in davas\u0131 25 Ekim\u2019e ertelendi\",\"datePublished\":\"2024-09-27T08:27:47+00:00\",\"mainEntityOfPage\":{\"@id\":\"https:\\\/\\\/kibrisdakik.com\\\/?p=64951\"},\"wordCount\":228,\"commentCount\":0,\"image\":{\"@id\":\"https:\\\/\\\/kibrisdakik.com\\\/?p=64951#primaryimage\"},\"thumbnailUrl\":\"https:\\\/\\\/kibrisdakik.com\\\/wp-content\\\/uploads\\\/2024\\\/09\\\/afaas-740x420.jpg\",\"articleSection\":[\"K\u0131br\u0131s\"],\"inLanguage\":\"tr\",\"potentialAction\":[{\"@type\":\"CommentAction\",\"name\":\"Comment\",\"target\":[\"https:\\\/\\\/kibrisdakik.com\\\/?p=64951#respond\"]}]},{\"@type\":\"WebPage\",\"@id\":\"https:\\\/\\\/kibrisdakik.com\\\/?p=64951\",\"url\":\"https:\\\/\\\/kibrisdakik.com\\\/?p=64951\",\"name\":\"Ali Ki\u015fmir\u2019in davas\u0131 25 Ekim\u2019e ertelendi -\",\"isPartOf\":{\"@id\":\"https:\\\/\\\/kibrisdakik.com\\\/#website\"},\"primaryImageOfPage\":{\"@id\":\"https:\\\/\\\/kibrisdakik.com\\\/?p=64951#primaryimage\"},\"image\":{\"@id\":\"https:\\\/\\\/kibrisdakik.com\\\/?p=64951#primaryimage\"},\"thumbnailUrl\":\"https:\\\/\\\/kibrisdakik.com\\\/wp-content\\\/uploads\\\/2024\\\/09\\\/afaas-740x420.jpg\",\"datePublished\":\"2024-09-27T08:27:47+00:00\",\"author\":{\"@id\":\"https:\\\/\\\/kibrisdakik.com\\\/#\\\/schema\\\/person\\\/9cd9d437bbb44f72b73ba127e06d8e79\"},\"breadcrumb\":{\"@id\":\"https:\\\/\\\/kibrisdakik.com\\\/?p=64951#breadcrumb\"},\"inLanguage\":\"tr\",\"potentialAction\":[{\"@type\":\"ReadAction\",\"target\":[\"https:\\\/\\\/kibrisdakik.com\\\/?p=64951\"]}]},{\"@type\":\"ImageObject\",\"inLanguage\":\"tr\",\"@id\":\"https:\\\/\\\/kibrisdakik.com\\\/?p=64951#primaryimage\",\"url\":\"https:\\\/\\\/kibrisdakik.com\\\/wp-content\\\/uploads\\\/2024\\\/09\\\/afaas-740x420.jpg\",\"contentUrl\":\"https:\\\/\\\/kibrisdakik.com\\\/wp-content\\\/uploads\\\/2024\\\/09\\\/afaas-740x420.jpg\",\"width\":883,\"height\":433},{\"@type\":\"BreadcrumbList\",\"@id\":\"https:\\\/\\\/kibrisdakik.com\\\/?p=64951#breadcrumb\",\"itemListElement\":[{\"@type\":\"ListItem\",\"position\":1,\"name\":\"Home\",\"item\":\"https:\\\/\\\/kibrisdakik.com\\\/\"},{\"@type\":\"ListItem\",\"position\":2,\"name\":\"Ali Ki\u015fmir\u2019in davas\u0131 25 Ekim\u2019e ertelendi\"}]},{\"@type\":\"WebSite\",\"@id\":\"https:\\\/\\\/kibrisdakik.com\\\/#website\",\"url\":\"https:\\\/\\\/kibrisdakik.com\\\/\",\"name\":\"\",\"description\":\"Tam vaktinde haber\",\"potentialAction\":[{\"@type\":\"SearchAction\",\"target\":{\"@type\":\"EntryPoint\",\"urlTemplate\":\"https:\\\/\\\/kibrisdakik.com\\\/?s={search_term_string}\"},\"query-input\":{\"@type\":\"PropertyValueSpecification\",\"valueRequired\":true,\"valueName\":\"search_term_string\"}}],\"inLanguage\":\"tr\"},{\"@type\":\"Person\",\"@id\":\"https:\\\/\\\/kibrisdakik.com\\\/#\\\/schema\\\/person\\\/9cd9d437bbb44f72b73ba127e06d8e79\",\"name\":\"admin\",\"image\":{\"@type\":\"ImageObject\",\"inLanguage\":\"tr\",\"@id\":\"https:\\\/\\\/secure.gravatar.com\\\/avatar\\\/ccc17943b9d660506c869530f897617f7cb1c21a4bf30023f252596d83e1f007?s=96&d=mm&r=g\",\"url\":\"https:\\\/\\\/secure.gravatar.com\\\/avatar\\\/ccc17943b9d660506c869530f897617f7cb1c21a4bf30023f252596d83e1f007?s=96&d=mm&r=g\",\"contentUrl\":\"https:\\\/\\\/secure.gravatar.com\\\/avatar\\\/ccc17943b9d660506c869530f897617f7cb1c21a4bf30023f252596d83e1f007?s=96&d=mm&r=g\",\"caption\":\"admin\"},\"sameAs\":[\"https:\\\/\\\/kibrisdakik.com\"],\"url\":\"https:\\\/\\\/kibrisdakik.com\\\/?author=1\"}]}<\/script>\n<!-- \/ Yoast SEO plugin. -->","yoast_head_json":{"title":"Ali Ki\u015fmir\u2019in davas\u0131 25 Ekim\u2019e ertelendi -","robots":{"index":"index","follow":"follow","max-snippet":"max-snippet:-1","max-image-preview":"max-image-preview:large","max-video-preview":"max-video-preview:-1"},"canonical":"https:\/\/kibrisdakik.com\/?p=64951","og_locale":"tr_TR","og_type":"article","og_title":"Ali Ki\u015fmir\u2019in davas\u0131 25 Ekim\u2019e ertelendi -","og_description":"Yazd\u0131\u011f\u0131 bir k\u00f6\u015fe yaz\u0131s\u0131 nedeniyle adli tatil ard\u0131ndan bug\u00fcn yeniden mahkemeye \u00e7\u0131kar\u0131lan Bas\u0131n Emek\u00e7ileri Sendikas\u0131 (Bas\u0131n-Sen) Ba\u015fkan\u0131, gazeteci Ali Ki\u015fmir\u2019in davas\u0131 25 Ekim\u2019e ertelendi. Lefko\u015fa Kaza Mahkemesi\u2019nde g\u00f6r\u00fc\u015f\u00fclen davada, Ki\u015fmir\u2019i, K\u0131br\u0131s T\u00fcrk Barolar Birli\u011fi Ba\u015fkan\u0131 Hasan Esenda\u011fl\u0131 ve Avukat Cansu N. Nazl\u0131 temsil etti. Ki\u015fmir\u2019in avukat\u0131 Hasan Esenda\u011fl\u0131, davan\u0131n g\u00f6r\u00fc\u015f\u00fclmesi ard\u0131ndan mahkemeler \u00f6n\u00fcnde a\u00e7\u0131klama yapt\u0131.","og_url":"https:\/\/kibrisdakik.com\/?p=64951","article_published_time":"2024-09-27T08:27:47+00:00","og_image":[{"width":883,"height":433,"url":"https:\/\/kibrisdakik.com\/wp-content\/uploads\/2024\/09\/afaas-740x420.jpg","type":"image\/jpeg"}],"author":"admin","twitter_card":"summary_large_image","twitter_misc":{"Yazan:":"admin","Tahmini okuma s\u00fcresi":"1 dakika"},"schema":{"@context":"https:\/\/schema.org","@graph":[{"@type":"Article","@id":"https:\/\/kibrisdakik.com\/?p=64951#article","isPartOf":{"@id":"https:\/\/kibrisdakik.com\/?p=64951"},"author":{"name":"admin","@id":"https:\/\/kibrisdakik.com\/#\/schema\/person\/9cd9d437bbb44f72b73ba127e06d8e79"},"headline":"Ali Ki\u015fmir\u2019in davas\u0131 25 Ekim\u2019e ertelendi","datePublished":"2024-09-27T08:27:47+00:00","mainEntityOfPage":{"@id":"https:\/\/kibrisdakik.com\/?p=64951"},"wordCount":228,"commentCount":0,"image":{"@id":"https:\/\/kibrisdakik.com\/?p=64951#primaryimage"},"thumbnailUrl":"https:\/\/kibrisdakik.com\/wp-content\/uploads\/2024\/09\/afaas-740x420.jpg","articleSection":["K\u0131br\u0131s"],"inLanguage":"tr","potentialAction":[{"@type":"CommentAction","name":"Comment","target":["https:\/\/kibrisdakik.com\/?p=64951#respond"]}]},{"@type":"WebPage","@id":"https:\/\/kibrisdakik.com\/?p=64951","url":"https:\/\/kibrisdakik.com\/?p=64951","name":"Ali Ki\u015fmir\u2019in davas\u0131 25 Ekim\u2019e ertelendi -","isPartOf":{"@id":"https:\/\/kibrisdakik.com\/#website"},"primaryImageOfPage":{"@id":"https:\/\/kibrisdakik.com\/?p=64951#primaryimage"},"image":{"@id":"https:\/\/kibrisdakik.com\/?p=64951#primaryimage"},"thumbnailUrl":"https:\/\/kibrisdakik.com\/wp-content\/uploads\/2024\/09\/afaas-740x420.jpg","datePublished":"2024-09-27T08:27:47+00:00","author":{"@id":"https:\/\/kibrisdakik.com\/#\/schema\/person\/9cd9d437bbb44f72b73ba127e06d8e79"},"breadcrumb":{"@id":"https:\/\/kibrisdakik.com\/?p=64951#breadcrumb"},"inLanguage":"tr","potentialAction":[{"@type":"ReadAction","target":["https:\/\/kibrisdakik.com\/?p=64951"]}]},{"@type":"ImageObject","inLanguage":"tr","@id":"https:\/\/kibrisdakik.com\/?p=64951#primaryimage","url":"https:\/\/kibrisdakik.com\/wp-content\/uploads\/2024\/09\/afaas-740x420.jpg","contentUrl":"https:\/\/kibrisdakik.com\/wp-content\/uploads\/2024\/09\/afaas-740x420.jpg","width":883,"height":433},{"@type":"BreadcrumbList","@id":"https:\/\/kibrisdakik.com\/?p=64951#breadcrumb","itemListElement":[{"@type":"ListItem","position":1,"name":"Home","item":"https:\/\/kibrisdakik.com\/"},{"@type":"ListItem","position":2,"name":"Ali Ki\u015fmir\u2019in davas\u0131 25 Ekim\u2019e ertelendi"}]},{"@type":"WebSite","@id":"https:\/\/kibrisdakik.com\/#website","url":"https:\/\/kibrisdakik.com\/","name":"","description":"Tam vaktinde haber","potentialAction":[{"@type":"SearchAction","target":{"@type":"EntryPoint","urlTemplate":"https:\/\/kibrisdakik.com\/?s={search_term_string}"},"query-input":{"@type":"PropertyValueSpecification","valueRequired":true,"valueName":"search_term_string"}}],"inLanguage":"tr"},{"@type":"Person","@id":"https:\/\/kibrisdakik.com\/#\/schema\/person\/9cd9d437bbb44f72b73ba127e06d8e79","name":"admin","image":{"@type":"ImageObject","inLanguage":"tr","@id":"https:\/\/secure.gravatar.com\/avatar\/ccc17943b9d660506c869530f897617f7cb1c21a4bf30023f252596d83e1f007?s=96&d=mm&r=g","url":"https:\/\/secure.gravatar.com\/avatar\/ccc17943b9d660506c869530f897617f7cb1c21a4bf30023f252596d83e1f007?s=96&d=mm&r=g","contentUrl":"https:\/\/secure.gravatar.com\/avatar\/ccc17943b9d660506c869530f897617f7cb1c21a4bf30023f252596d83e1f007?s=96&d=mm&r=g","caption":"admin"},"sameAs":["https:\/\/kibrisdakik.com"],"url":"https:\/\/kibrisdakik.com\/?author=1"}]}},"_links":{"self":[{"href":"https:\/\/kibrisdakik.com\/index.php?rest_route=\/wp\/v2\/posts\/64951","targetHints":{"allow":["GET"]}}],"collection":[{"href":"https:\/\/kibrisdakik.com\/index.php?rest_route=\/wp\/v2\/posts"}],"about":[{"href":"https:\/\/kibrisdakik.com\/index.php?rest_route=\/wp\/v2\/types\/post"}],"author":[{"embeddable":true,"href":"https:\/\/kibrisdakik.com\/index.php?rest_route=\/wp\/v2\/users\/1"}],"replies":[{"embeddable":true,"href":"https:\/\/kibrisdakik.com\/index.php?rest_route=%2Fwp%2Fv2%2Fcomments&post=64951"}],"version-history":[{"count":0,"href":"https:\/\/kibrisdakik.com\/index.php?rest_route=\/wp\/v2\/posts\/64951\/revisions"}],"wp:featuredmedia":[{"embeddable":true,"href":"https:\/\/kibrisdakik.com\/index.php?rest_route=\/wp\/v2\/media\/64952"}],"wp:attachment":[{"href":"https:\/\/kibrisdakik.com\/index.php?rest_route=%2Fwp%2Fv2%2Fmedia&parent=64951"}],"wp:term":[{"taxonomy":"category","embeddable":true,"href":"https:\/\/kibrisdakik.com\/index.php?rest_route=%2Fwp%2Fv2%2Fcategories&post=64951"},{"taxonomy":"post_tag","embeddable":true,"href":"https:\/\/kibrisdakik.com\/index.php?rest_route=%2Fwp%2Fv2%2Ftags&post=64951"}],"curies":[{"name":"wp","href":"https:\/\/api.w.org\/{rel}","templated":true}]}}