{"id":64991,"date":"2024-09-27T18:03:12","date_gmt":"2024-09-27T15:03:12","guid":{"rendered":"https:\/\/kibrisdakik.com\/index.php\/2024\/09\/27\/hasipoglu-keske-ana-muhalefet-de-egemenligimiz-ve-guvenligimiz-konusunda-ayni-hassasiyeti-gosterebilseydi\/"},"modified":"2024-09-27T18:03:12","modified_gmt":"2024-09-27T15:03:12","slug":"hasipoglu-keske-ana-muhalefet-de-egemenligimiz-ve-guvenligimiz-konusunda-ayni-hassasiyeti-gosterebilseydi","status":"publish","type":"post","link":"https:\/\/kibrisdakik.com\/?p=64991","title":{"rendered":"Hasipo\u011flu: \u201cKe\u015fke ana muhalefet de, egemenli\u011fimiz ve g\u00fcvenli\u011fimiz konusunda ayn\u0131 hassasiyeti g\u00f6sterebilseydi\u201d"},"content":{"rendered":"<div>\n<div class=\"mariselle-image-container center\">\n                                            <\/div>\n<p>Ulusal Birlik Partisi (UBP) Genel Sekreteri O\u011fuzhan Hasipo\u011flu, \u201cKe\u015fke \u00fclkemizdeki ana muhalefet de, T\u00fcrkiye\u2019deki ana muhalefet gibi egemenli\u011fimiz ve g\u00fcvenli\u011fimiz konusunda ayn\u0131 hassasiyeti g\u00f6sterebilseydi\u201d dedi.<\/p>\n<p>AKEL Genel Sekreteri Stefanos Stefanu\u2019nun, Sosyalist Enternasyonal Toplant\u0131s\u0131nda, 1974 Mutlu Bar\u0131\u015f Harekat\u0131na y\u00f6nelik ifadelerini k\u0131nayan Hasipo\u011flu, iki devletli \u00e7\u00f6z\u00fcm politikas\u0131na sahip \u00e7\u0131k\u0131lmas\u0131 gerekti\u011fini kaydetti.<\/p>\n<p><strong>-Hasipo\u011flu\u2019ndan Stefanu\u2019ya k\u0131nama<\/strong><\/p>\n<p>Hasipo\u011flu yapt\u0131\u011f\u0131 yaz\u0131l\u0131 a\u00e7\u0131klamada, New York\u2019ta d\u00fczenlenen Sosyalist Enternasyonal Toplant\u0131s\u0131nda, AKEL Genel Sekreteri Stefanu\u2019nun, T\u00fcrkiye\u2019yi i\u015fgalci olarak su\u00e7lamas\u0131yla, Rum hakimiyet\u00e7i anlay\u0131\u015f\u0131n ger\u00e7ekleri sapt\u0131rma yetene\u011finin, bir kez daha d\u00fcnya kamuoyunun g\u00f6z\u00fc \u00f6n\u00fcnde sergilendi\u011fini belirtti.<\/p>\n<p>AKEL Genel Sekreterinin, K\u0131br\u0131s T\u00fcrk\u00fc\u2019ne oldu\u011fu gibi Rumlara da bar\u0131\u015f ve huzuru getiren 1974 Mutlu Bar\u0131\u015f Harekat\u0131\u2019na y\u00f6nelik ifadelerini k\u0131nayan Hasipo\u011flu, Stefanu\u2019nun Ana Muhalefet CTP\u2019nin de haz\u0131r bulundu\u011fu toplant\u0131da sarf etti\u011fi s\u00f6zlere, T\u00fcrkiye Ana Muhalefet Partisi CHP Genel Ba\u015fkan\u0131 \u00d6zg\u00fcr \u00d6zel\u2019in yan\u0131t vermesinin, hem d\u00fc\u015f\u00fcnd\u00fcr\u00fcc\u00fc hem de sevindirici bir hareket oldu\u011funu kaydetti.<\/p>\n<p><strong>-\u201cEgemen e\u015fitli\u011fimizi ve uluslararas\u0131 e\u015fit stat\u00fcm\u00fcz\u00fc ana muhalefetin bizlerle birlikte uluslararas\u0131 toplumdan talep edememesine anlam veremiyoruz\u201d<\/strong><\/p>\n<p>\u201cK\u0131br\u0131s milli davas\u0131nda, T\u00fcrkiye tek ses olabiliyor iken, Rum taraf\u0131 kendi g\u00f6r\u00fc\u015fleri do\u011frultusunda oy birli\u011fi ile \u2018tek alternatif federasyon\u2019 diyebiliyor iken, KKTC\u2019de egemen e\u015fitli\u011fimizi ve uluslararas\u0131 e\u015fit stat\u00fcm\u00fcz\u00fc ana muhalefetin bizlerle birlikte uluslararas\u0131 toplumdan talep edememesine anlam veremiyoruz\u201d diyen Hasipo\u011flu, \u015f\u00f6yle devam etti:<\/p>\n<p>\u201cSay\u0131n Cumhurba\u015fkan\u0131\u2019n\u0131 uluslararas\u0131 temas yapmamakla su\u00e7layan muhalefet bilmelidir ki, gerek Avrupa\u2019n\u0131n \u00fcst d\u00fczey diplomatlar\u0131 ve siyasileri ile gerekse T\u00fcrk Devletleri Te\u015fkilat\u0131\u2019n\u0131n (TDT) en \u00fcst d\u00fczeyi ile g\u00f6r\u00fc\u015fmeler ger\u00e7ekle\u015fmi\u015ftir, Azerbaycan ve K\u0131rg\u0131zistan Cumhurba\u015fkanlar\u0131 ile g\u00f6r\u00fc\u015f\u00fcp, TDT\u2019nin Ba\u015fkanlar d\u00fczeyindeki toplant\u0131lar\u0131na kat\u0131lm\u0131\u015ft\u0131r.<\/p>\n<p>Azerbaycan Cumhurba\u015fkan\u0131, \u2018KKTC bayra\u011f\u0131 her zaman \u00fclkemizde dalgalanacakt\u0131r\u2019 demi\u015ftir. Bu a\u00e7\u0131klamay\u0131 dahi takdir eden tek bir a\u00e7\u0131klama CTP\u2019den gelmemi\u015ftir. Maalesef bizi ayr\u0131l\u0131k\u00e7\u0131 olarak tan\u0131ml\u0131yorlar. Egemenli\u011fimizin kabul\u00fcne dahi tahamm\u00fcl edemiyorlar. Bunca ya\u015fad\u0131klar\u0131 hayal k\u0131r\u0131klar\u0131na ra\u011fmen CTP, maalesef AKEL ile i\u015f birli\u011fi i\u00e7erisinde federasyonu tek alternatif \u00e7\u00f6z\u00fcm modeli olarak g\u00f6rmeye devam ediyor.\u201d<\/p>\n<p>-\u201c\u00c7aresizlik \u00fczerine bir siyaset anlay\u0131\u015f\u0131n\u0131 asla kabul etmiyoruz\u201d<\/p>\n<p>Bu durumun G\u00fcney K\u0131br\u0131s Rum Y\u00f6netimi\u2019ne b\u00fcy\u00fck bir rahatl\u0131k verdi\u011fini, onlara konfor alan\u0131 yaratt\u0131\u011f\u0131n\u0131, \u201cK\u0131br\u0131sl\u0131 T\u00fcrklerin benimle anla\u015fmaktan ba\u015fka \u00e7aresi yoktur\u201d anlay\u0131\u015f\u0131n\u0131 onlarda hakim k\u0131ld\u0131\u011f\u0131n\u0131 belirten O\u011fuzhan Hasipo\u011flu, \u015funlar\u0131 kaydetti:<\/p>\n<p>\u201c\u00c7aresizlik \u00fczerine bir siyaset anlay\u0131\u015f\u0131n\u0131 asla kabul etmiyoruz. \u00c7are vard\u0131r, bu da kendi kendimizi y\u00f6netme irademize sahip \u00e7\u0131karak, iki devletli \u00e7\u00f6z\u00fcm politikas\u0131na sahip \u00e7\u0131kmakt\u0131r.\u201d<\/p>\n<p>K\u0131br\u0131s konusunda uzla\u015fmaz taraf\u0131n Rum liderli\u011fi oldu\u011fu bilinmesine ra\u011fmen kar\u015f\u0131 taraf su\u00e7lanaca\u011f\u0131na, KKTC\u2019nin TDT\u2019ye \u00fcye olmas\u0131n\u0131n dahi sahiplenilmedi\u011fini ifade eden UBP Genel Sekreteri Hasipo\u011flu, \u201cBizi ayr\u0131l\u0131k\u00e7\u0131 politika izlemekle su\u00e7luyorlar\u201d dedi.<br \/><strong><br \/>-\u201cRum liderli\u011finin, garantiler konusunda ba\u015fka bir tutum sergilemesine de zaten imkan yok\u201d<\/strong><\/p>\n<p>Rum liderli\u011finin, Crans Montana\u2019da \u0131srarla T\u00fcrkiye\u2019nin etkin ve fiili garant\u00f6rl\u00fc\u011f\u00fcn\u00fcn devam\u0131na kar\u015f\u0131 \u00e7\u0131kt\u0131\u011f\u0131n\u0131 ve bunu \u2018bug\u00fcnk\u00fc garanti sisteminin devam edemeyece\u011fi\u2019 vurgusu ile Guterres\u2019in \u00e7er\u00e7eve belgesine de koydurdu\u011funu, \u201cs\u0131f\u0131r asker, s\u0131f\u0131r garanti\u201d talebinden asla geri ad\u0131m atmayaca\u011f\u0131n\u0131 vurgulayan Hasipo\u011flu, \u015fu ifadeleri kulland\u0131:<\/p>\n<p>\u201cRum liderli\u011finin, garantiler konusunda ba\u015fka bir tutum sergilemesine de zaten imkan yoktur. \u00c7\u00fcnk\u00fc 2010 y\u0131l\u0131nda Rum Meclisi\u2019nde ald\u0131klar\u0131 kararda, a\u00e7\u0131k\u00e7a garantilerin devam\u0131n\u0131 i\u00e7eren herhangi bir anla\u015fmaya \u2018evet\u2019 denilmeyece\u011finin a\u00e7\u0131k\u00e7a vurgulam\u0131\u015ft\u0131rlar.<\/p>\n<p>Bu karara kar\u015f\u0131 bizim Meclisimizin de ayn\u0131 g\u00fcnlerde oy birli\u011fi ile ald\u0131\u011f\u0131 bir kararda, T\u00fcrkiye\u2019nin etkin ve fiili garantisinin devam\u0131n\u0131n bizim i\u00e7in k\u0131rm\u0131z\u0131\u00e7izgi oldu\u011funun alt\u0131 \u00e7izilmi\u015ftir.\u201d<\/p>\n<p><strong>\u2013CTP\u2019ye soru<\/strong><\/p>\n<p>\u201cCTP, Rumlar\u0131n bu konulardaki tutumlar\u0131nda, bizim beklentilerimiz do\u011frultusunda en k\u00fc\u00e7\u00fck bir de\u011fi\u015fiklik g\u00f6r\u00fcyor mu ki, bizi Rumlarla masaya oturmamakla su\u00e7luyor?\u201d sorusunu soran UBP Genel Sekreteri Hasipo\u011flu, \u201cKe\u015fke \u00fclkemizdeki ana muhalefet de, T\u00fcrkiye\u2019deki ana muhalefet gibi egemenli\u011fimiz ve g\u00fcvenli\u011fimiz konusunda ayn\u0131 hassasiyeti g\u00f6sterebilseydi\u201d dedi.<\/p>\n<\/p><\/div>\n<p><script async\n                    defer\n                    crossorigin=\"anonymous\"\n                    src=\"https:\/\/connect.facebook.net\/tr_TR\/sdk.js#xfbml=1&#038;version=v3.3\"\n            ><\/script><\/p>\n","protected":false},"excerpt":{"rendered":"<p>Ulusal Birlik Partisi (UBP) Genel Sekreteri O\u011fuzhan Hasipo\u011flu, \u201cKe\u015fke \u00fclkemizdeki ana muhalefet de, T\u00fcrkiye\u2019deki ana muhalefet gibi egemenli\u011fimiz ve g\u00fcvenli\u011fimiz konusunda ayn\u0131 hassasiyeti g\u00f6sterebilseydi\u201d dedi. AKEL Genel Sekreteri Stefanos Stefanu\u2019nun, Sosyalist Enternasyonal Toplant\u0131s\u0131nda, 1974 Mutlu Bar\u0131\u015f Harekat\u0131na y\u00f6nelik ifadelerini k\u0131nayan Hasipo\u011flu, iki devletli \u00e7\u00f6z\u00fcm politikas\u0131na sahip \u00e7\u0131k\u0131lmas\u0131 gerekti\u011fini kaydetti. -Hasipo\u011flu\u2019ndan Stefanu\u2019ya k\u0131nama Hasipo\u011flu yapt\u0131\u011f\u0131 yaz\u0131l\u0131<\/p>\n","protected":false},"author":1,"featured_media":52810,"comment_status":"open","ping_status":"open","sticky":false,"template":"","format":"standard","meta":{"footnotes":""},"categories":[81],"tags":[],"class_list":["post-64991","post","type-post","status-publish","format-standard","has-post-thumbnail","hentry","category-kibris"],"yoast_head":"<!-- This site is optimized with the Yoast SEO plugin v27.4 - https:\/\/yoast.com\/product\/yoast-seo-wordpress\/ -->\n<title>Hasipo\u011flu: \u201cKe\u015fke ana muhalefet de, egemenli\u011fimiz ve g\u00fcvenli\u011fimiz konusunda ayn\u0131 hassasiyeti g\u00f6sterebilseydi\u201d -<\/title>\n<meta name=\"robots\" content=\"index, follow, max-snippet:-1, max-image-preview:large, max-video-preview:-1\" \/>\n<link rel=\"canonical\" href=\"https:\/\/kibrisdakik.com\/?p=64991\" \/>\n<meta property=\"og:locale\" content=\"tr_TR\" \/>\n<meta property=\"og:type\" content=\"article\" \/>\n<meta property=\"og:title\" content=\"Hasipo\u011flu: \u201cKe\u015fke ana muhalefet de, egemenli\u011fimiz ve g\u00fcvenli\u011fimiz konusunda ayn\u0131 hassasiyeti g\u00f6sterebilseydi\u201d -\" \/>\n<meta property=\"og:description\" content=\"Ulusal Birlik Partisi (UBP) Genel Sekreteri O\u011fuzhan Hasipo\u011flu, \u201cKe\u015fke \u00fclkemizdeki ana muhalefet de, T\u00fcrkiye\u2019deki ana muhalefet gibi egemenli\u011fimiz ve g\u00fcvenli\u011fimiz konusunda ayn\u0131 hassasiyeti g\u00f6sterebilseydi\u201d dedi. AKEL Genel Sekreteri Stefanos Stefanu\u2019nun, Sosyalist Enternasyonal Toplant\u0131s\u0131nda, 1974 Mutlu Bar\u0131\u015f Harekat\u0131na y\u00f6nelik ifadelerini k\u0131nayan Hasipo\u011flu, iki devletli \u00e7\u00f6z\u00fcm politikas\u0131na sahip \u00e7\u0131k\u0131lmas\u0131 gerekti\u011fini kaydetti. -Hasipo\u011flu\u2019ndan Stefanu\u2019ya k\u0131nama Hasipo\u011flu yapt\u0131\u011f\u0131 yaz\u0131l\u0131\" \/>\n<meta property=\"og:url\" content=\"https:\/\/kibrisdakik.com\/?p=64991\" \/>\n<meta property=\"article:published_time\" content=\"2024-09-27T15:03:12+00:00\" \/>\n<meta property=\"og:image\" content=\"https:\/\/kibrisdakik.com\/wp-content\/uploads\/2024\/08\/hasipoglu131-740x420.jpg\" \/>\n\t<meta property=\"og:image:width\" content=\"1280\" \/>\n\t<meta property=\"og:image:height\" content=\"720\" \/>\n\t<meta property=\"og:image:type\" content=\"image\/jpeg\" \/>\n<meta name=\"author\" content=\"admin\" \/>\n<meta name=\"twitter:card\" content=\"summary_large_image\" \/>\n<meta name=\"twitter:label1\" content=\"Yazan:\" \/>\n\t<meta name=\"twitter:data1\" content=\"admin\" \/>\n\t<meta name=\"twitter:label2\" content=\"Tahmini okuma s\u00fcresi\" \/>\n\t<meta name=\"twitter:data2\" content=\"4 dakika\" \/>\n<script type=\"application\/ld+json\" class=\"yoast-schema-graph\">{\"@context\":\"https:\\\/\\\/schema.org\",\"@graph\":[{\"@type\":\"Article\",\"@id\":\"https:\\\/\\\/kibrisdakik.com\\\/?p=64991#article\",\"isPartOf\":{\"@id\":\"https:\\\/\\\/kibrisdakik.com\\\/?p=64991\"},\"author\":{\"name\":\"admin\",\"@id\":\"https:\\\/\\\/kibrisdakik.com\\\/#\\\/schema\\\/person\\\/9cd9d437bbb44f72b73ba127e06d8e79\"},\"headline\":\"Hasipo\u011flu: \u201cKe\u015fke ana muhalefet de, egemenli\u011fimiz ve g\u00fcvenli\u011fimiz konusunda ayn\u0131 hassasiyeti g\u00f6sterebilseydi\u201d\",\"datePublished\":\"2024-09-27T15:03:12+00:00\",\"mainEntityOfPage\":{\"@id\":\"https:\\\/\\\/kibrisdakik.com\\\/?p=64991\"},\"wordCount\":808,\"commentCount\":0,\"image\":{\"@id\":\"https:\\\/\\\/kibrisdakik.com\\\/?p=64991#primaryimage\"},\"thumbnailUrl\":\"https:\\\/\\\/kibrisdakik.com\\\/wp-content\\\/uploads\\\/2024\\\/08\\\/hasipoglu131-740x420.jpg\",\"articleSection\":[\"K\u0131br\u0131s\"],\"inLanguage\":\"tr\",\"potentialAction\":[{\"@type\":\"CommentAction\",\"name\":\"Comment\",\"target\":[\"https:\\\/\\\/kibrisdakik.com\\\/?p=64991#respond\"]}]},{\"@type\":\"WebPage\",\"@id\":\"https:\\\/\\\/kibrisdakik.com\\\/?p=64991\",\"url\":\"https:\\\/\\\/kibrisdakik.com\\\/?p=64991\",\"name\":\"Hasipo\u011flu: \u201cKe\u015fke ana muhalefet de, egemenli\u011fimiz ve g\u00fcvenli\u011fimiz konusunda ayn\u0131 hassasiyeti g\u00f6sterebilseydi\u201d -\",\"isPartOf\":{\"@id\":\"https:\\\/\\\/kibrisdakik.com\\\/#website\"},\"primaryImageOfPage\":{\"@id\":\"https:\\\/\\\/kibrisdakik.com\\\/?p=64991#primaryimage\"},\"image\":{\"@id\":\"https:\\\/\\\/kibrisdakik.com\\\/?p=64991#primaryimage\"},\"thumbnailUrl\":\"https:\\\/\\\/kibrisdakik.com\\\/wp-content\\\/uploads\\\/2024\\\/08\\\/hasipoglu131-740x420.jpg\",\"datePublished\":\"2024-09-27T15:03:12+00:00\",\"author\":{\"@id\":\"https:\\\/\\\/kibrisdakik.com\\\/#\\\/schema\\\/person\\\/9cd9d437bbb44f72b73ba127e06d8e79\"},\"breadcrumb\":{\"@id\":\"https:\\\/\\\/kibrisdakik.com\\\/?p=64991#breadcrumb\"},\"inLanguage\":\"tr\",\"potentialAction\":[{\"@type\":\"ReadAction\",\"target\":[\"https:\\\/\\\/kibrisdakik.com\\\/?p=64991\"]}]},{\"@type\":\"ImageObject\",\"inLanguage\":\"tr\",\"@id\":\"https:\\\/\\\/kibrisdakik.com\\\/?p=64991#primaryimage\",\"url\":\"https:\\\/\\\/kibrisdakik.com\\\/wp-content\\\/uploads\\\/2024\\\/08\\\/hasipoglu131-740x420.jpg\",\"contentUrl\":\"https:\\\/\\\/kibrisdakik.com\\\/wp-content\\\/uploads\\\/2024\\\/08\\\/hasipoglu131-740x420.jpg\",\"width\":1280,\"height\":720},{\"@type\":\"BreadcrumbList\",\"@id\":\"https:\\\/\\\/kibrisdakik.com\\\/?p=64991#breadcrumb\",\"itemListElement\":[{\"@type\":\"ListItem\",\"position\":1,\"name\":\"Home\",\"item\":\"https:\\\/\\\/kibrisdakik.com\\\/\"},{\"@type\":\"ListItem\",\"position\":2,\"name\":\"Hasipo\u011flu: \u201cKe\u015fke ana muhalefet de, egemenli\u011fimiz ve g\u00fcvenli\u011fimiz konusunda ayn\u0131 hassasiyeti g\u00f6sterebilseydi\u201d\"}]},{\"@type\":\"WebSite\",\"@id\":\"https:\\\/\\\/kibrisdakik.com\\\/#website\",\"url\":\"https:\\\/\\\/kibrisdakik.com\\\/\",\"name\":\"\",\"description\":\"Tam vaktinde haber\",\"potentialAction\":[{\"@type\":\"SearchAction\",\"target\":{\"@type\":\"EntryPoint\",\"urlTemplate\":\"https:\\\/\\\/kibrisdakik.com\\\/?s={search_term_string}\"},\"query-input\":{\"@type\":\"PropertyValueSpecification\",\"valueRequired\":true,\"valueName\":\"search_term_string\"}}],\"inLanguage\":\"tr\"},{\"@type\":\"Person\",\"@id\":\"https:\\\/\\\/kibrisdakik.com\\\/#\\\/schema\\\/person\\\/9cd9d437bbb44f72b73ba127e06d8e79\",\"name\":\"admin\",\"image\":{\"@type\":\"ImageObject\",\"inLanguage\":\"tr\",\"@id\":\"https:\\\/\\\/secure.gravatar.com\\\/avatar\\\/ccc17943b9d660506c869530f897617f7cb1c21a4bf30023f252596d83e1f007?s=96&d=mm&r=g\",\"url\":\"https:\\\/\\\/secure.gravatar.com\\\/avatar\\\/ccc17943b9d660506c869530f897617f7cb1c21a4bf30023f252596d83e1f007?s=96&d=mm&r=g\",\"contentUrl\":\"https:\\\/\\\/secure.gravatar.com\\\/avatar\\\/ccc17943b9d660506c869530f897617f7cb1c21a4bf30023f252596d83e1f007?s=96&d=mm&r=g\",\"caption\":\"admin\"},\"sameAs\":[\"https:\\\/\\\/kibrisdakik.com\"],\"url\":\"https:\\\/\\\/kibrisdakik.com\\\/?author=1\"}]}<\/script>\n<!-- \/ Yoast SEO plugin. -->","yoast_head_json":{"title":"Hasipo\u011flu: \u201cKe\u015fke ana muhalefet de, egemenli\u011fimiz ve g\u00fcvenli\u011fimiz konusunda ayn\u0131 hassasiyeti g\u00f6sterebilseydi\u201d -","robots":{"index":"index","follow":"follow","max-snippet":"max-snippet:-1","max-image-preview":"max-image-preview:large","max-video-preview":"max-video-preview:-1"},"canonical":"https:\/\/kibrisdakik.com\/?p=64991","og_locale":"tr_TR","og_type":"article","og_title":"Hasipo\u011flu: \u201cKe\u015fke ana muhalefet de, egemenli\u011fimiz ve g\u00fcvenli\u011fimiz konusunda ayn\u0131 hassasiyeti g\u00f6sterebilseydi\u201d -","og_description":"Ulusal Birlik Partisi (UBP) Genel Sekreteri O\u011fuzhan Hasipo\u011flu, \u201cKe\u015fke \u00fclkemizdeki ana muhalefet de, T\u00fcrkiye\u2019deki ana muhalefet gibi egemenli\u011fimiz ve g\u00fcvenli\u011fimiz konusunda ayn\u0131 hassasiyeti g\u00f6sterebilseydi\u201d dedi. AKEL Genel Sekreteri Stefanos Stefanu\u2019nun, Sosyalist Enternasyonal Toplant\u0131s\u0131nda, 1974 Mutlu Bar\u0131\u015f Harekat\u0131na y\u00f6nelik ifadelerini k\u0131nayan Hasipo\u011flu, iki devletli \u00e7\u00f6z\u00fcm politikas\u0131na sahip \u00e7\u0131k\u0131lmas\u0131 gerekti\u011fini kaydetti. -Hasipo\u011flu\u2019ndan Stefanu\u2019ya k\u0131nama Hasipo\u011flu yapt\u0131\u011f\u0131 yaz\u0131l\u0131","og_url":"https:\/\/kibrisdakik.com\/?p=64991","article_published_time":"2024-09-27T15:03:12+00:00","og_image":[{"width":1280,"height":720,"url":"https:\/\/kibrisdakik.com\/wp-content\/uploads\/2024\/08\/hasipoglu131-740x420.jpg","type":"image\/jpeg"}],"author":"admin","twitter_card":"summary_large_image","twitter_misc":{"Yazan:":"admin","Tahmini okuma s\u00fcresi":"4 dakika"},"schema":{"@context":"https:\/\/schema.org","@graph":[{"@type":"Article","@id":"https:\/\/kibrisdakik.com\/?p=64991#article","isPartOf":{"@id":"https:\/\/kibrisdakik.com\/?p=64991"},"author":{"name":"admin","@id":"https:\/\/kibrisdakik.com\/#\/schema\/person\/9cd9d437bbb44f72b73ba127e06d8e79"},"headline":"Hasipo\u011flu: \u201cKe\u015fke ana muhalefet de, egemenli\u011fimiz ve g\u00fcvenli\u011fimiz konusunda ayn\u0131 hassasiyeti g\u00f6sterebilseydi\u201d","datePublished":"2024-09-27T15:03:12+00:00","mainEntityOfPage":{"@id":"https:\/\/kibrisdakik.com\/?p=64991"},"wordCount":808,"commentCount":0,"image":{"@id":"https:\/\/kibrisdakik.com\/?p=64991#primaryimage"},"thumbnailUrl":"https:\/\/kibrisdakik.com\/wp-content\/uploads\/2024\/08\/hasipoglu131-740x420.jpg","articleSection":["K\u0131br\u0131s"],"inLanguage":"tr","potentialAction":[{"@type":"CommentAction","name":"Comment","target":["https:\/\/kibrisdakik.com\/?p=64991#respond"]}]},{"@type":"WebPage","@id":"https:\/\/kibrisdakik.com\/?p=64991","url":"https:\/\/kibrisdakik.com\/?p=64991","name":"Hasipo\u011flu: \u201cKe\u015fke ana muhalefet de, egemenli\u011fimiz ve g\u00fcvenli\u011fimiz konusunda ayn\u0131 hassasiyeti g\u00f6sterebilseydi\u201d -","isPartOf":{"@id":"https:\/\/kibrisdakik.com\/#website"},"primaryImageOfPage":{"@id":"https:\/\/kibrisdakik.com\/?p=64991#primaryimage"},"image":{"@id":"https:\/\/kibrisdakik.com\/?p=64991#primaryimage"},"thumbnailUrl":"https:\/\/kibrisdakik.com\/wp-content\/uploads\/2024\/08\/hasipoglu131-740x420.jpg","datePublished":"2024-09-27T15:03:12+00:00","author":{"@id":"https:\/\/kibrisdakik.com\/#\/schema\/person\/9cd9d437bbb44f72b73ba127e06d8e79"},"breadcrumb":{"@id":"https:\/\/kibrisdakik.com\/?p=64991#breadcrumb"},"inLanguage":"tr","potentialAction":[{"@type":"ReadAction","target":["https:\/\/kibrisdakik.com\/?p=64991"]}]},{"@type":"ImageObject","inLanguage":"tr","@id":"https:\/\/kibrisdakik.com\/?p=64991#primaryimage","url":"https:\/\/kibrisdakik.com\/wp-content\/uploads\/2024\/08\/hasipoglu131-740x420.jpg","contentUrl":"https:\/\/kibrisdakik.com\/wp-content\/uploads\/2024\/08\/hasipoglu131-740x420.jpg","width":1280,"height":720},{"@type":"BreadcrumbList","@id":"https:\/\/kibrisdakik.com\/?p=64991#breadcrumb","itemListElement":[{"@type":"ListItem","position":1,"name":"Home","item":"https:\/\/kibrisdakik.com\/"},{"@type":"ListItem","position":2,"name":"Hasipo\u011flu: \u201cKe\u015fke ana muhalefet de, egemenli\u011fimiz ve g\u00fcvenli\u011fimiz konusunda ayn\u0131 hassasiyeti g\u00f6sterebilseydi\u201d"}]},{"@type":"WebSite","@id":"https:\/\/kibrisdakik.com\/#website","url":"https:\/\/kibrisdakik.com\/","name":"","description":"Tam vaktinde haber","potentialAction":[{"@type":"SearchAction","target":{"@type":"EntryPoint","urlTemplate":"https:\/\/kibrisdakik.com\/?s={search_term_string}"},"query-input":{"@type":"PropertyValueSpecification","valueRequired":true,"valueName":"search_term_string"}}],"inLanguage":"tr"},{"@type":"Person","@id":"https:\/\/kibrisdakik.com\/#\/schema\/person\/9cd9d437bbb44f72b73ba127e06d8e79","name":"admin","image":{"@type":"ImageObject","inLanguage":"tr","@id":"https:\/\/secure.gravatar.com\/avatar\/ccc17943b9d660506c869530f897617f7cb1c21a4bf30023f252596d83e1f007?s=96&d=mm&r=g","url":"https:\/\/secure.gravatar.com\/avatar\/ccc17943b9d660506c869530f897617f7cb1c21a4bf30023f252596d83e1f007?s=96&d=mm&r=g","contentUrl":"https:\/\/secure.gravatar.com\/avatar\/ccc17943b9d660506c869530f897617f7cb1c21a4bf30023f252596d83e1f007?s=96&d=mm&r=g","caption":"admin"},"sameAs":["https:\/\/kibrisdakik.com"],"url":"https:\/\/kibrisdakik.com\/?author=1"}]}},"_links":{"self":[{"href":"https:\/\/kibrisdakik.com\/index.php?rest_route=\/wp\/v2\/posts\/64991","targetHints":{"allow":["GET"]}}],"collection":[{"href":"https:\/\/kibrisdakik.com\/index.php?rest_route=\/wp\/v2\/posts"}],"about":[{"href":"https:\/\/kibrisdakik.com\/index.php?rest_route=\/wp\/v2\/types\/post"}],"author":[{"embeddable":true,"href":"https:\/\/kibrisdakik.com\/index.php?rest_route=\/wp\/v2\/users\/1"}],"replies":[{"embeddable":true,"href":"https:\/\/kibrisdakik.com\/index.php?rest_route=%2Fwp%2Fv2%2Fcomments&post=64991"}],"version-history":[{"count":0,"href":"https:\/\/kibrisdakik.com\/index.php?rest_route=\/wp\/v2\/posts\/64991\/revisions"}],"wp:featuredmedia":[{"embeddable":true,"href":"https:\/\/kibrisdakik.com\/index.php?rest_route=\/wp\/v2\/media\/52810"}],"wp:attachment":[{"href":"https:\/\/kibrisdakik.com\/index.php?rest_route=%2Fwp%2Fv2%2Fmedia&parent=64991"}],"wp:term":[{"taxonomy":"category","embeddable":true,"href":"https:\/\/kibrisdakik.com\/index.php?rest_route=%2Fwp%2Fv2%2Fcategories&post=64991"},{"taxonomy":"post_tag","embeddable":true,"href":"https:\/\/kibrisdakik.com\/index.php?rest_route=%2Fwp%2Fv2%2Ftags&post=64991"}],"curies":[{"name":"wp","href":"https:\/\/api.w.org\/{rel}","templated":true}]}}