{"id":6503,"date":"2023-05-08T15:16:21","date_gmt":"2023-05-08T15:16:21","guid":{"rendered":"https:\/\/kibrisdakik.com\/index.php\/2023\/05\/08\/sagliktaki-4-meslek-orgutu-siddet-yasasi-talebiyle-meclis-onunde-eylem-yapti\/"},"modified":"2023-05-08T15:16:21","modified_gmt":"2023-05-08T15:16:21","slug":"sagliktaki-4-meslek-orgutu-siddet-yasasi-talebiyle-meclis-onunde-eylem-yapti","status":"publish","type":"post","link":"https:\/\/kibrisdakik.com\/?p=6503","title":{"rendered":"Sa\u011fl\u0131ktaki 4 meslek \u00f6rg\u00fct\u00fc \u015fiddet yasas\u0131 talebiyle Meclis \u00f6n\u00fcnde eylem yapt\u0131"},"content":{"rendered":"<p><\/p>\n<div>\n<div class=\"mariselle-image-container center\">\n                <img width=\"1024\" height=\"684\" class=\"lazy-image\" alt=\"\" decoding=\"async\" loading=\"lazy\" sizes=\"auto, (max-width: 1024px) 100vw, 1024px\" src=\"https:\/\/brtk.net\/wp-content\/uploads\/2023\/05\/08\/saglik-calisanlari-meclis-eylem-1-so-1024x684.jpg?ver=1a46a8fd64ffdea4e5f6a36239b80758\" srcset=\"https:\/\/brtk.net\/wp-content\/uploads\/2023\/05\/08\/saglik-calisanlari-meclis-eylem-1-so-1024x684.jpg?ver=db477f9ded793507bbbeb07c6406727d 1024w, https:\/\/brtk.net\/wp-content\/uploads\/2023\/05\/08\/saglik-calisanlari-meclis-eylem-1-so-300x200.jpg?ver=78a6a0c4eb393c5b6e323f5ded7ad342 300w, https:\/\/brtk.net\/wp-content\/uploads\/2023\/05\/08\/saglik-calisanlari-meclis-eylem-1-so-768x513.jpg?ver=99fc5a9997e37bd13c7a8248a4bad86d 768w, https:\/\/brtk.net\/wp-content\/uploads\/2023\/05\/08\/saglik-calisanlari-meclis-eylem-1-so-1536x1025.jpg?ver=4c09302681704fd612d9639942b2fa2d 1536w, https:\/\/brtk.net\/wp-content\/uploads\/2023\/05\/08\/saglik-calisanlari-meclis-eylem-1-so-2048x1367.jpg?ver=8b3ac8b15d73aae9ab84ddee7711f9b4 2048w\"\/>                            <\/div>\n<p>Sa\u011fl\u0131kta \u00f6rg\u00fctl\u00fc 4 meslek \u00f6rg\u00fct\u00fc K\u0131br\u0131s T\u00fcrk Tabipleri Birli\u011fi, K\u0131br\u0131s T\u00fcrk Hekimler Sendikas\u0131 (T\u0131p-\u0130\u015f), K\u0131br\u0131s T\u00fcrk Hem\u015fireler ve Ebeler Sendikas\u0131 (KTHES) ile K\u0131br\u0131s T\u00fcrk Hem\u015fireler ve Ebeler Birli\u011fi, Gazima\u011fusa\u2019da bir doktorun b\u0131\u00e7akl\u0131 sald\u0131r\u0131ya u\u011framas\u0131n\u0131 protesto i\u00e7in bug\u00fcn grev ve eylem yapt\u0131.<\/p>\n<p>\u015eiddeti engelleyici yasal d\u00fczenlemenin hemen hayata ge\u00e7irilmesi istenen eylemde, talepler kar\u015f\u0131lanmazsa t\u00fcm kamu sa\u011fl\u0131k merkezlerinde s\u00fcresiz genel greve gidilece\u011fi uyar\u0131s\u0131 yap\u0131ld\u0131.<\/p>\n<p>Eylem s\u0131ras\u0131nda \u00f6rg\u00fctlerin Ba\u015fbakan ve Sa\u011fl\u0131k Bakan\u0131yla g\u00f6r\u00fc\u015fmesinden \u2018\u015fiddeti \u00f6nleyici yasal d\u00fczenleme i\u00e7in \u00e7ar\u015famba g\u00fcn\u00fc Sa\u011fl\u0131k Bakanl\u0131\u011f\u0131nda toplant\u0131 yap\u0131lmas\u0131 ve yasama y\u0131l\u0131 tatilinden \u00f6nce  yasan\u0131n Meclis\u2019ten ge\u00e7mesi\u2019 y\u00f6n\u00fcnde uzla\u015f\u0131 sa\u011flanmas\u0131n\u0131n ard\u0131ndan bug\u00fcnk\u00fc eylem sona erdi.<\/p>\n<div class=\"mariselle-image-container center\">\n                <img width=\"1024\" height=\"684\" class=\"lazy-image\" alt=\"\" decoding=\"async\" loading=\"lazy\" sizes=\"auto, (max-width: 1024px) 100vw, 1024px\" src=\"https:\/\/brtk.net\/wp-content\/uploads\/2023\/05\/08\/saglik-calisanlari-meclis-eylem-5-so-1024x684.jpg?ver=08d58745116a915afb8e49ca7aa0e268\" srcset=\"https:\/\/brtk.net\/wp-content\/uploads\/2023\/05\/08\/saglik-calisanlari-meclis-eylem-5-so-1024x684.jpg?ver=9a6f8a95cb236111805297eda73e3d52 1024w, https:\/\/brtk.net\/wp-content\/uploads\/2023\/05\/08\/saglik-calisanlari-meclis-eylem-5-so-300x200.jpg?ver=08d58745116a915afb8e49ca7aa0e268 300w, https:\/\/brtk.net\/wp-content\/uploads\/2023\/05\/08\/saglik-calisanlari-meclis-eylem-5-so-768x513.jpg?ver=66facdd70c80528d629223b51103bdff 768w, https:\/\/brtk.net\/wp-content\/uploads\/2023\/05\/08\/saglik-calisanlari-meclis-eylem-5-so-1536x1025.jpg?ver=ebe1934c89b93d8e39d8d1c6c0f32545 1536w, https:\/\/brtk.net\/wp-content\/uploads\/2023\/05\/08\/saglik-calisanlari-meclis-eylem-5-so-2048x1367.jpg?ver=1602cb577e500ff4683fdd33a485ebe4 2048w\"\/>                            <\/div>\n<p>-Grev ve meclis \u00f6n\u00fcnde eylem<\/p>\n<p>T\u0131p-\u0130\u015f ile Hem\u015fireler ve Ebeler Sendikas\u0131 eylem \u00e7er\u00e7evesinde \u00fclke genelindeki t\u00fcm hastane, sa\u011fl\u0131k oca\u011f\u0131 ve sa\u011fl\u0131k merkezlerinde baz\u0131 servisler hari\u00e7 09.00-13.00 saatleri aras\u0131nda grev uygulad\u0131. Sa\u011fl\u0131kta \u00f6rg\u00fctl\u00fc K\u0131br\u0131s T\u00fcrk Amme Memurlar\u0131 Sendikas\u0131 (KTAMS) ve K\u0131br\u0131s T\u00fcrk Kamu G\u00f6revlileri Sendikas\u0131 (KAMUSEN) da greve giderek, iki sendikaya destek belirtti.<\/p>\n<p>Sa\u011fl\u0131k Bakanl\u0131\u011f\u0131 \u00f6n\u00fcnde toplanarak, Meclis \u00f6n\u00fcne y\u00fcr\u00fcyen eylemcilere, K\u0131br\u0131s T\u00fcrk Eczac\u0131lar Birli\u011fi\u2019nin yan\u0131 s\u0131ra baz\u0131 sendika ve sivil toplum \u00f6rg\u00fct\u00fc temsilcileri de kat\u0131larak, destek verdi.<\/p>\n<p>\u201c\u015eiddet Varsa Hizmet Yok\u201d ve \u201cProtokollerle Sa\u011fl\u0131\u011f\u0131 Teslim Etmeyece\u011fiz\u201d yaz\u0131l\u0131 pankartlar a\u00e7an eylemciler, \u201cSa\u011fl\u0131kta G\u00fcvenlik Hakk\u0131 Hem Hastan\u0131n, Hem Sa\u011fl\u0131k \u00c7al\u0131\u015fan\u0131n\u0131n Hakk\u0131d\u0131r\u201d, \u201c\u015eiddetin Mazereti Olamaz\u201d, \u201cSa\u011fl\u0131kta \u015eiddet Hasta Haklar\u0131 \u0130le Ba\u011fda\u015ft\u0131r\u0131lamaz\u201d, \u201cSa\u011fl\u0131kta \u015eiddet Yasas\u0131 \u015eimdi\u201d, \u201c\u015eiddeti Normalle\u015ftirme\u201d, \u201c\u00d6ld\u00fcr\u00fclmek \u0130stemiyoruz\u201d, \u201cBug\u00fcn Bizi Yar\u0131n Sizi\u201d, \u201cS\u0131radaki Kim?\u201d, \u201cBu B\u0131\u00e7ak Hepimize Vuruldu\u201d yaz\u0131l\u0131 d\u00f6vizler de ta\u015f\u0131d\u0131.<\/p>\n<p>Eylemciler, \u201c\u015eiddete Kar\u015f\u0131 Omuz Omuza\u201d, \u201c\u015eiddet Varsa Hizmet Yok\u201d, \u201cSa\u011fl\u0131kta \u015eiddet \u0130stemiyoruz\u201d, \u201c\u015eiddet Yasas\u0131 Hemen \u015eimdi\u201d, \u201cSusma Sustuk\u00e7a S\u0131ra Sana Gelecek\u201d, \u201cBirlik M\u00fccadele, Dayan\u0131\u015fma\u201d ve \u201cKurbanlar Burada, Failler Nerede?\u201d sloganlar\u0131 da att\u0131.<\/p>\n<p>Eylemciler Meclis \u00f6n\u00fcne geldi\u011finde T\u0131p-\u0130\u015f Ba\u015fkan\u0131 \u015e\u00fckr\u00fc Onba\u015f\u0131, hekim ve hukuk\u00e7u vekillere \u00e7a\u011fr\u0131 yaparak, sa\u011fl\u0131kta \u015fiddeti \u00f6nlemeye y\u00f6nelik  yasal d\u00fczenleme i\u00e7in s\u00f6z verilmesini istedi.<\/p>\n<div class=\"mariselle-image-container center\">\n                <img width=\"1024\" height=\"684\" class=\"lazy-image\" alt=\"\" decoding=\"async\" loading=\"lazy\" sizes=\"auto, (max-width: 1024px) 100vw, 1024px\" src=\"https:\/\/brtk.net\/wp-content\/uploads\/2023\/05\/08\/saglik-calisanlari-meclis-eylem-8-so-1024x684.jpg?ver=bb875f397bcae6f58587458345794c95\" srcset=\"https:\/\/brtk.net\/wp-content\/uploads\/2023\/05\/08\/saglik-calisanlari-meclis-eylem-8-so-1024x684.jpg?ver=6c02516a15b0597db74f08d399f6fc47 1024w, https:\/\/brtk.net\/wp-content\/uploads\/2023\/05\/08\/saglik-calisanlari-meclis-eylem-8-so-300x200.jpg?ver=799316838ec504ea923b4aa73cc43232 300w, https:\/\/brtk.net\/wp-content\/uploads\/2023\/05\/08\/saglik-calisanlari-meclis-eylem-8-so-768x513.jpg?ver=6c02516a15b0597db74f08d399f6fc47 768w, https:\/\/brtk.net\/wp-content\/uploads\/2023\/05\/08\/saglik-calisanlari-meclis-eylem-8-so-1536x1025.jpg?ver=5cd58e131464828bb6ad069a14f32f17 1536w, https:\/\/brtk.net\/wp-content\/uploads\/2023\/05\/08\/saglik-calisanlari-meclis-eylem-8-so-2048x1367.jpg?ver=f3e71323515ecbd8727c2b8ac8034728 2048w\"\/>                            <\/div>\n<p>Bu s\u0131rada, \u201cSa\u011fl\u0131k Emek\u00e7ileri Burada, Hekim Milletvekilleri Nerede\u201d, \u201cVekiller Buraya\u201d, \u201cHekim Vekiller D\u0131\u015far\u0131 \u00c7\u0131ks\u0131n\u201d sloganlar\u0131 at\u0131ld\u0131.<\/p>\n<p>-\u00d6zg\u00f6\u00e7men: \u201cO b\u0131\u00e7ak hepimize sokuldu\u201d<\/p>\n<p>K\u0131br\u0131s T\u00fcrk Hem\u015fireler ve Ebeler Birli\u011fi Ba\u015fkan\u0131 Ali \u00d6zg\u00f6\u00e7men, Meclis \u00f6n\u00fcnde yapt\u0131\u011f\u0131 a\u00e7\u0131klamada, k\u0131zg\u0131n, k\u0131rg\u0131n, \u00f6fkeli ve mutsuz olduklar\u0131n\u0131 belirterek, \u201cBizim hastanede olmam\u0131z gerekirken burada ne i\u015fimiz var? \u0130\u00e7imizden biri \u00f6ld\u00fcr\u00fclmesin diye, i\u00e7imizden birinin cenazesine gitmeyelim diye sesimizi duyurmaya geldik\u201d dedi.<\/p>\n<p>Birka\u00e7 hafta \u00f6nce Mehmet\u00e7ik Sa\u011fl\u0131k Oca\u011f\u0131 \u00e7al\u0131\u015fan\u0131 iki meslekta\u015f\u0131n\u0131n darp edildi\u011fini hat\u0131rlatan \u00d6zg\u00f6\u00e7men, \u201cBu i\u015fin bir \u00fcst\u00fc vahim zarar olur, \u00f6l\u00fcm olur dedik. Oldu mu? Oldu\u201d diye konu\u015ftu.<\/p>\n<p>Doktor Sadrettin Tu\u011fcu\u2019nun b\u0131\u00e7akland\u0131\u011f\u0131n\u0131 ve hastanede yatt\u0131\u011f\u0131n\u0131 dile getiren \u00d6zg\u00f6\u00e7men, e\u011fer buras\u0131 demokratik bir \u00fclkeyse, sa\u011fl\u0131k \u00e7al\u0131\u015fanlar\u0131n\u0131n yasalarla korunmas\u0131 gerekti\u011fini kaydetti.<\/p>\n<p>\u201cO b\u0131\u00e7ak hepimize sokuldu\u201d diyen \u00d6zg\u00f6\u00e7men, \u201cTalep basit ve anla\u015f\u0131l\u0131r. Sa\u011fl\u0131k \u00e7al\u0131\u015fanlar\u0131na y\u00f6nelik \u015fiddete kar\u015f\u0131 cayd\u0131r\u0131c\u0131 cezalar hemen \u015fimdi\u201d \u00e7a\u011fr\u0131s\u0131 yapt\u0131. \u00d6zg\u00f6\u00e7men, Sa\u011fl\u0131k Bakanl\u0131\u011f\u0131 ve h\u00fck\u00fcmeti, g\u00fcvenli hastane ortam\u0131 i\u00e7in g\u00f6reve davet etti.<\/p>\n<p>-\u00d6zant: \u201c\u00dclkede \u015fiddet vahim bir durum haline geldi\u201d<\/p>\n<p>K\u0131br\u0131s T\u00fcrk Tabipleri Birli\u011fi Ba\u015fkan\u0131 Ahmet \u00d6zant da, \u00fclkedeki \u015fiddet ortam\u0131n\u0131n k\u00f6r\u00fcklenmesinin, sa\u011fl\u0131kta da \u015fiddet ortam\u0131n\u0131 do\u011furdu\u011funu ifade ederek, \u201c\u00dclkede \u015fiddet vahim bir durum haline gelmi\u015ftir\u201d dedi.<\/p>\n<p>Sa\u011fl\u0131kla, \u015fiddetin yan yana gelemeyece\u011fini belirten \u00d6zant, \u015fiddetin, mazereti, gerek\u00e7esi veya hakl\u0131 hi\u00e7bir yan\u0131 olamayaca\u011f\u0131n\u0131 vurgulad\u0131. Sa\u011fl\u0131kta \u015fiddetle m\u00fccadele etmek i\u00e7in Sa\u011fl\u0131k Bakanl\u0131\u011f\u0131\u2019n\u0131n bir an \u00f6nce harekete ge\u00e7mesi gerekti\u011fini kaydeden \u00d6zant, sa\u011fl\u0131kta \u015fiddetin sadece sa\u011fl\u0131k \u00e7al\u0131\u015fanlar\u0131n\u0131 ilgilendiren bir konu olmad\u0131\u011f\u0131n\u0131, hastalar\u0131n da sa\u011fl\u0131k hizmetine eri\u015fimini engelleyici oldu\u011funu s\u00f6yledi. \u00d6zant, \u015fiddet uygulanan ortamda hastalar\u0131n sa\u011fl\u0131\u011f\u0131n\u0131n tehlikeye girdi\u011fini belirtti.<\/p>\n<p>\u201cY\u00f6netenleri, toplumsal \u015fiddetin \u00f6n\u00fcne ge\u00e7mek i\u00e7in ivedi harekete\u201d \u00e7a\u011f\u0131ran \u00d6zant, \u201cAcilen gerekli \u00f6nlemler al\u0131nmal\u0131, gerekli d\u00fczenlemeler yap\u0131lmal\u0131d\u0131r\u201d dedi.<\/p>\n<p><a href=\"https:\/\/brtk.net\/\"\/><a href=\"https:\/\/brtk.net\/\">KKTC<\/a> h\u00fck\u00fcmeti ile TC h\u00fck\u00fcmeti aras\u0131nda sa\u011fl\u0131k ve t\u0131p bilimleri alanlar\u0131nda i\u015f birli\u011fine dair anla\u015fma imzaland\u0131\u011f\u0131na de\u011finen Ahmet \u00d6zant, anla\u015fman\u0131n i\u00e7eri\u011finin hi\u00e7bir \u00f6rg\u00fctle payla\u015f\u0131lmad\u0131\u011f\u0131n\u0131, g\u00f6r\u00fc\u015f veya \u00f6neri al\u0131nmad\u0131\u011f\u0131n\u0131 s\u00f6yledi.<\/p>\n<p>\u00d6zant, protokolle ilgili endi\u015felerine de\u011finerek, bunlar\u0131; \u00fclkenin sa\u011fl\u0131k sistemini yurtd\u0131\u015f\u0131na ba\u011f\u0131ml\u0131 hale getirece\u011fi, hastanelerin, y\u00f6netim, yat\u0131r\u0131m, i\u015fleyi\u015f modellerinin \u00f6zel-kamu ortakl\u0131\u011f\u0131na d\u00f6n\u00fc\u015ft\u00fcr\u00fclece\u011fi, veri g\u00fcvenli\u011fi tehdidi, mevzuat d\u00fczenlemeleri ile organ, doku, h\u00fccre naklinde suiistimale varacak uygulamalar ve modern t\u0131p d\u0131\u015f\u0131ndaki uygulamalar\u0131n yasalla\u015fmas\u0131 olarak s\u0131ralad\u0131.<\/p>\n<p>Ahmet \u00d6zant ayr\u0131ca, protokolde ismi ge\u00e7en Uluslararas\u0131 Sa\u011fl\u0131k Hizmetleri Anonim \u015eirketi (USHA\u015e) adl\u0131 \u015firketin \u00fclkedeki hastalar\u0131 sa\u011fl\u0131k turisti olarak g\u00f6t\u00fcrmesi endi\u015fesini de dile getirdi. TC ve <a href=\"https:\/\/brtk.net\/\"\/><a href=\"https:\/\/brtk.net\/\">KKTC<\/a> uyruklu pratisyen hekimlerin mecburi hizmet y\u00fck\u00fcml\u00fcl\u00fc\u011f\u00fcn\u00fc, <a href=\"https:\/\/brtk.net\/\"\/><a href=\"https:\/\/brtk.net\/\">KKTC<\/a>\u2019de uygulanmas\u0131n\u0131n kapsam\u0131 dar tutuldu\u011fu ve t\u00fcm \u00e7ift uyruklular\u0131 kapsamad\u0131\u011f\u0131ndan e\u015fitlik ortam\u0131 sa\u011flanamayaca\u011f\u0131n\u0131 kaydeden \u00d6zant, yar\u0131 zamanl\u0131 T\u00fcrkiye hastanelerine uzmanl\u0131k e\u011fitimi i\u00e7in giden hekimlerin \u00f6zl\u00fck haklar\u0131n\u0131n sa\u011flanmas\u0131ylae ilgili hi\u00e7bir d\u00fczenleme yap\u0131lmayacak olmas\u0131ndan da endi\u015feli olduklar\u0131n\u0131 belirtti.<\/p>\n<p>-\u00d6zg\u00f6\u00e7men: \u201c\u00d6ld\u00fcr\u00fclmek istemiyoruz\u201d<\/p>\n<p>K\u0131br\u0131s T\u00fcrk Hem\u015fireler ve Ebeler Sendikas\u0131 Ba\u015fkan\u0131 \u0130brahim \u00d6zg\u00f6\u00e7men de, sa\u011fl\u0131kta \u015fiddete \u201chay\u0131r\u201d demek i\u00e7in Meclis \u00f6n\u00fcne geldiklerini belirterek, uzun bir s\u00fcredir \u00fclkede hem\u015fire ve hekimlere \u015fiddet uyguland\u0131\u011f\u0131n\u0131 s\u00f6yledi. Meclis\u2019in y\u0131llard\u0131r bu \u015fiddetin \u00f6n\u00fcne ge\u00e7mek i\u00e7in yasa yapmad\u0131\u011f\u0131n\u0131 ifade eden \u00d6zg\u00f6\u00e7men, \u201cBiz g\u00f6revimizin ba\u015f\u0131nda umudun emek\u00e7ileri olarak \u00f6ld\u00fcr\u00fclmek istemiyoruz. \u015eiddete maruz kalmak istemiyoruz. O y\u00fczden sa\u011fl\u0131k yasas\u0131 hemen \u015fimdi diyoruz\u201d \u015feklinde konu\u015ftu.<\/p>\n<p>Sa\u011fl\u0131kta \u015fiddet istemediklerini, hayat kurtarmak i\u00e7in yeminli olduklar\u0131n\u0131 vurgulayan \u0130brahim \u00d6zg\u00f6\u00e7men, hekim vekillere d\u0131\u015far\u0131 \u00e7\u0131kmas\u0131 i\u00e7in \u00e7a\u011fr\u0131 yapt\u0131.<\/p>\n<p>\u00d6zg\u00f6\u00e7men, darpla ba\u015flay\u0131p, b\u0131\u00e7aklamayla devam eden \u015fiddetten zarar g\u00f6rmemeleri i\u00e7in sa\u011fl\u0131k \u00e7al\u0131\u015fanlar\u0131na y\u00f6nelik \u015fiddete kar\u015f\u0131 cayd\u0131r\u0131c\u0131 cezalar \u00f6ng\u00f6recek yasan\u0131n hemen g\u00fcndeme al\u0131nmas\u0131 gerekti\u011fini kaydetti.<\/p>\n<p>-Onba\u015f\u0131: \u201c\u015eiddeti art\u0131ran unsurlardan birisi de cezas\u0131zl\u0131k k\u00fclt\u00fcr\u00fc\u201d<\/p>\n<p>T\u0131p-\u0130\u015f Ba\u015fkan\u0131 \u015e\u00fckr\u00fc Onba\u015f\u0131 da, \u201cSa\u011fl\u0131kta \u015fiddet can\u0131m\u0131z\u0131 yakmaya devam ediyor. K\u0131zg\u0131n\u0131z, \u00fczg\u00fcn\u00fcz. Bu b\u0131\u00e7ak hepimize sapland\u0131\u201d diyerek, konu\u015fmas\u0131na ba\u015flad\u0131.<\/p>\n<p>\u201c\u00dclkede gelmi\u015f ge\u00e7mi\u015f t\u00fcm h\u00fck\u00fcmetlerin vatanda\u015flar i\u00e7in ula\u015f\u0131labilir, \u00e7a\u011fda\u015f, e\u015fit bir sa\u011fl\u0131k hizmeti sunmay\u0131 ba\u015faramad\u0131\u011f\u0131n\u0131\u201d savunan Onba\u015f\u0131, sistemin getirdi\u011fi sorunlar\u0131 sadece hizmeti alan hastalar\u0131n de\u011fil, hizmeti sunan sa\u011fl\u0131k \u00e7al\u0131\u015fanlar\u0131n\u0131n da ya\u015fad\u0131\u011f\u0131n\u0131 s\u00f6yledi.<\/p>\n<p>Hastanelerdeki \u00e7e\u015fitli eksiklikler nedeniyle ma\u011fduriyet ya\u015fayan hasta ve hasta yak\u0131nlar\u0131n\u0131n tepkilerini kar\u015f\u0131lar\u0131ndaki sa\u011fl\u0131k \u00e7al\u0131\u015fanlar\u0131na g\u00f6sterdi\u011fini ifade eden Onba\u015f\u0131, \u201cBu tepki tehdit, k\u00fcf\u00fcr veya fiziksel \u015fiddete varan boyutlarda olabilmektedir. Bir kez daha hat\u0131rlatmak isteriz ki kamu sa\u011fl\u0131k merkezlerindeki eksikliklerin sorumlusu sa\u011fl\u0131k \u00e7al\u0131\u015fanlar\u0131 de\u011fil bizzat Sa\u011fl\u0131k Bakanl\u0131\u011f\u0131n\u0131n kendisidir\u201d diye konu\u015ftu.<\/p>\n<p>Y\u0131llardan beridir sa\u011fl\u0131k sistemindeki her t\u00fcrl\u00fc aksakl\u0131\u011f\u0131n sorumlusu olarak sa\u011fl\u0131k \u00e7al\u0131\u015fanlar\u0131n\u0131n g\u00f6sterilmesinin, artan \u015fiddet olaylar\u0131n\u0131n bir sebebi oldu\u011funu dile getiren Onba\u015f\u0131, \u201c\u015eiddeti art\u0131ran unsurlardan birisi de cezas\u0131zl\u0131k k\u00fclt\u00fcr\u00fcd\u00fcr. \u015eiddeti uygulayan ki\u015filer cezaland\u0131r\u0131lmayacaklar\u0131 ya da \u00f6nemli bir yapt\u0131r\u0131mla kar\u015f\u0131la\u015fmayacaklar\u0131 d\u00fc\u015f\u00fcncesiyle hareket etmektedir\u201d dedi.<\/p>\n<p>Sa\u011fl\u0131kta \u015fiddeti \u00f6nlemek ad\u0131na yap\u0131lmas\u0131 gerekenleri; toplumun e\u011fitimi, \u015fiddetin ho\u015f g\u00f6r\u00fclmemesi, \u015fiddetin su\u00e7 say\u0131lmas\u0131 ve cayd\u0131r\u0131c\u0131 cezalar\u0131 \u00f6ng\u00f6ren yasal d\u00fczenlemelerin yap\u0131lmas\u0131 olarak s\u0131ralayan Onba\u015f\u0131, kamu sa\u011fl\u0131k merkezlerindeki g\u00fcvenlik g\u00f6revlilerinin say\u0131 ve yetkilerinin art\u0131r\u0131lmas\u0131n\u0131n, 7\/24 polis korumas\u0131n\u0131n sa\u011flanmas\u0131n\u0131n \u015fiddetin \u00f6nlenmesinde \u00f6nem arz etti\u011fini kaydetti. \u015e\u00fckr\u00fc Onba\u015f\u0131, sa\u011fl\u0131k \u00e7al\u0131\u015fanlar\u0131n\u0131n kendilerini g\u00fcvende hissettikleri bir ortamda hasta haklar\u0131n\u0131n da en iyi \u015fekilde korunaca\u011f\u0131n\u0131 belirtti.<\/p>\n<p>-\u201cT\u00fcm kamu sa\u011fl\u0131k merkezlerine 7\/24 polis g\u00fcvenli\u011fi ve korumas\u0131 sa\u011flanmal\u0131\u201d<\/p>\n<p>\u201c\u00dclkedeki hi\u00e7bir payda\u015fla isti\u015fare etmeden TC Sa\u011fl\u0131k Bakanl\u0131\u011f\u0131 ile sa\u011fl\u0131kta i\u015f birli\u011fi protokol\u00fc imzalayan Sa\u011fl\u0131k Bakanl\u0131\u011f\u0131n\u0131, protokol\u00fc tekrar g\u00f6zden ge\u00e7irmeye\u201d davet eden Onba\u015f\u0131, sendika olarak taleplerini \u015f\u00f6yle s\u0131ralad\u0131:<\/p>\n<p>\u201c-Kamu sa\u011fl\u0131k merkezlerindeki g\u00fcvenlik g\u00f6revlisi say\u0131s\u0131n\u0131n art\u0131r\u0131lmas\u0131 ve Lefko\u015fa Devlet Hastanesi yerle\u015fkesindeki t\u00fcm binalarda ayr\u0131 ayr\u0131 7\/24 esas\u0131nda g\u00fcvenlik g\u00f6revlisi g\u00f6revlendirilmesi.<\/p>\n<p>-T\u00fcm kamu sa\u011fl\u0131k merkezlerine 7\/24 polis g\u00fcvenli\u011fi ve korumas\u0131 sa\u011flanmas\u0131<\/p>\n<p>-Sa\u011fl\u0131kta \u015fiddeti su\u00e7 sayacak ve cayd\u0131r\u0131c\u0131 cezalar\u0131n verilmesini sa\u011flayacak yasan\u0131n en k\u0131sa s\u00fcrede hayata ge\u00e7irilmesi.\u201d<\/p>\n<p>Taleplerinin t\u00fcm\u00fc kar\u015f\u0131lanana kadar eylemlilik s\u00fcrecinde kalacaklar\u0131n\u0131 kaydeden T\u0131p-\u0130\u015f Ba\u015fkan\u0131 Onba\u015f\u0131, bug\u00fcn bir uzla\u015f\u0131 sa\u011flanmamas\u0131 halinde 15 May\u0131s Pazartesi g\u00fcn\u00fcnden itibaren s\u00fcresiz genel greve gidecekleri uyar\u0131s\u0131nda bulundu.<\/p>\n<p>Ard\u0131ndan Evrensel Hasta Haklar\u0131 Derne\u011fi Ba\u015fkan\u0131 Ay\u015fe Zeki, Barolar Birli\u011fi ad\u0131na Avukat Asl\u0131 Murat, Diyetisyenler Birli\u011fi Ba\u015fkan\u0131 Hidayet A\u011f\u00f6ren ve KTAMS Ba\u015fkan\u0131 G\u00fcven Bengihan da s\u00f6z alarak, sa\u011fl\u0131kta \u015fiddetin kabul edilebilir olmad\u0131\u011f\u0131n\u0131 vurgulad\u0131 ve gereken d\u00fczenlemelerin yap\u0131lmas\u0131n\u0131 talep etti.<\/p>\n<p>\u2013<a href=\"https:\/\/brtk.net\/\"\/><a href=\"https:\/\/brtk.net\/\"\/><a href=\"https:\/\/brtk.net\/\"\/><a href=\"https:\/\/brtk.net\/\"\/><a href=\"https:\/\/brtk.net\/\">CTP<\/a>\u2019den eylemcilere destek.. <\/p>\n<p>Ana Muhalefet <a href=\"https:\/\/brtk.net\/\"\/><a href=\"https:\/\/brtk.net\/\"\/><a href=\"https:\/\/brtk.net\/\"\/><a href=\"https:\/\/brtk.net\/\"\/><a href=\"https:\/\/brtk.net\/\">CTP<\/a> Genel Ba\u015fkan\u0131 Tufan Erh\u00fcrman ve <a href=\"https:\/\/brtk.net\/\"\/><a href=\"https:\/\/brtk.net\/\"\/><a href=\"https:\/\/brtk.net\/\"\/><a href=\"https:\/\/brtk.net\/\"\/><a href=\"https:\/\/brtk.net\/\">CTP<\/a>\u2019li vekiller de, Meclis \u00f6n\u00fcne gelerek, eylemcileri selamlad\u0131 ve destek belirtti.<\/p>\n<p><a href=\"https:\/\/brtk.net\/\"\/><a href=\"https:\/\/brtk.net\/\"\/><a href=\"https:\/\/brtk.net\/\"\/><a href=\"https:\/\/brtk.net\/\"\/><a href=\"https:\/\/brtk.net\/\">CTP<\/a> Genel Ba\u015fkan\u0131 Tufan Erh\u00fcrman konu\u015fmas\u0131nda, sa\u011fl\u0131k \u00e7al\u0131\u015fanlar\u0131na y\u00f6nelik \u015fiddetin sadece sa\u011fl\u0131k \u00e7al\u0131\u015fanlar\u0131na de\u011fil topluma, toplumsal varl\u0131\u011fa y\u00f6nelik \u015fiddet oldu\u011funu belirterek, \u201c\u015eiddetin her t\u00fcrl\u00fcs\u00fc medeniyet kayb\u0131d\u0131r ve b\u00f6yle bir \u015fiddet olay\u0131yla kar\u015f\u0131 kar\u015f\u0131ya kalmak K\u0131br\u0131s T\u00fcrk halk\u0131 a\u00e7\u0131s\u0131ndan utan\u00e7 vesilesidir\u201d diye konu\u015ftu.<\/p>\n<p>Tabipler Birli\u011fi gibi kamu kurumu niteli\u011findeki meslek kurulu\u015flar\u0131 ve sa\u011fl\u0131k \u00e7al\u0131\u015fanlar\u0131n\u0131n, y\u00f6netsel s\u00fcre\u00e7lerin s\u00fcrekli olarak d\u0131\u015f\u0131nda b\u0131rak\u0131ld\u0131\u011f\u0131n\u0131 dile getiren Tufan Erh\u00fcrman, \u201c\u015eiddet ortam\u0131 gittik\u00e7e bu \u00fclkeye daha da hakim hale gelmektedir\u201d dedi.<\/p>\n<p>Her ikisi konusunda da ortak m\u00fccadele verme ihtiyac\u0131 oldu\u011funu ifade eden Erh\u00fcrman, \u201cSadece sa\u011fl\u0131k \u00e7al\u0131\u015fanlar\u0131 i\u00e7in de\u011fil, K\u0131br\u0131s T\u00fcrk halk\u0131n\u0131n uygar bir halk olarak gelece\u011fe ula\u015fmas\u0131 i\u00e7in\u2026\u201d ifadelerini kulland\u0131.<\/p>\n<p>\u201cTepkiniz, tepkimizdir. Endi\u015feleriniz, endi\u015felerimizdir. \u00dcz\u00fcnt\u00fcn\u00fcz, \u00fcz\u00fcnt\u00fcm\u00fczd\u00fcr\u201d diyen <a href=\"https:\/\/brtk.net\/\"\/><a href=\"https:\/\/brtk.net\/\"\/><a href=\"https:\/\/brtk.net\/\"\/><a href=\"https:\/\/brtk.net\/\"\/><a href=\"https:\/\/brtk.net\/\">CTP<\/a> Genel Ba\u015fkan\u0131 Erh\u00fcrman, b\u0131\u00e7aklanan Doktor Sadrettin Tu\u011fcu\u2019ya acil \u015fifalar diledi ve sa\u011fl\u0131k \u00e7al\u0131\u015fanlar\u0131na \u015fiddete kar\u015f\u0131 haz\u0131rlanacak herhangi bir mevzuat konusunda <a href=\"https:\/\/brtk.net\/\"\/><a href=\"https:\/\/brtk.net\/\"\/><a href=\"https:\/\/brtk.net\/\"\/><a href=\"https:\/\/brtk.net\/\"\/><a href=\"https:\/\/brtk.net\/\">CTP<\/a> olarak sa\u011fl\u0131k \u00f6rg\u00fctleri \u00f6nc\u00fcl\u00fc\u011f\u00fcnde \u00e7al\u0131\u015fmaya haz\u0131r olduklar\u0131n\u0131 dile getirdi.<\/p>\n<p>Daha sonra eylemciler Meclis bah\u00e7e kap\u0131s\u0131n\u0131 tekmeleyerek, \u201ch\u00fck\u00fcmet buraya\u201d sloganlar\u0131 att\u0131. Bu s\u0131rada <a href=\"https:\/\/brtk.net\/\">UBP<\/a> Milletvekili ve Grup Ba\u015fkan Vekili Hakan Din\u00e7y\u00fcrek, eylemcilerin yan\u0131na geldi ve Ba\u015fbakan \u00dcnal \u00dcstel\u2019in g\u00f6r\u00fc\u015fme davetini iletti.<\/p>\n<p>-Ba\u015fbakan \u00dcstel ile g\u00f6r\u00fc\u015fme<\/p>\n<p>Davet \u00fczerine T\u0131p-\u0130\u015f Ba\u015fkan\u0131 \u015e\u00fckr\u00fc Onba\u015f\u0131, Hem\u015fireler ve Ebeler Sendikas\u0131 Ba\u015fkan\u0131 \u0130brahim \u00d6zg\u00f6\u00e7men, KTAMS Ba\u015fkan\u0131 G\u00fcven Bengihan, KAMUSEN Ba\u015fkan\u0131 Metin Atan, K\u0131br\u0131s T\u00fcrk Tabipleri Birli\u011fi Ba\u015fkan\u0131 Ahmet \u00d6zant, Hem\u015fireler ve Ebeler Birli\u011fi Ba\u015fkan\u0131 Ali \u00d6zg\u00f6\u00e7men ve Tabipler Odas\u0131 Ba\u015fkan\u0131 \u00d6mer Ta\u015farg\u00f6l\u2019den olu\u015fan 7 ki\u015filik grup Ba\u015fbakan \u00dcstel ile g\u00f6r\u00fc\u015fmek \u00fczere Meclis\u2019e girdi.<\/p>\n<p>G\u00f6r\u00fc\u015fmenin ard\u0131ndan T\u0131p-\u0130\u015f Ba\u015fkan\u0131 Onba\u015f\u0131 ve Sa\u011fl\u0131k Bakan\u0131 \u0130zlem G\u00fcr\u00e7a\u011f Altu\u011fra, Meclis \u00f6n\u00fcnde bas\u0131na a\u00e7\u0131klama yapt\u0131.<\/p>\n<p>-Onba\u015f\u0131: \u201cSa\u011fl\u0131kta \u015fiddet yasas\u0131 i\u00e7in s\u00f6z verildi\u201d<\/p>\n<p>T\u0131p-\u0130\u015f Ba\u015fkan\u0131 Onba\u015f\u0131, Ba\u015fbakan \u00dcstel nezdinde, Sa\u011fl\u0131k Bakan\u0131 ve hekim vekillerin kat\u0131l\u0131m\u0131yla g\u00f6r\u00fc\u015fme yapt\u0131klar\u0131n\u0131 ifade ederek, sa\u011fl\u0131kta \u015fiddeti su\u00e7 sayacak ve cayd\u0131r\u0131c\u0131 cezalar\u0131n verilmesini sa\u011flayacak yasal d\u00fczenleme \u00e7al\u0131\u015fmalar\u0131n\u0131n ba\u015flat\u0131lmas\u0131 ad\u0131na \u00c7ar\u015famba g\u00fcn\u00fc bakanl\u0131kta masaya \u00e7a\u011fr\u0131ld\u0131klar\u0131n\u0131 kaydetti.<\/p>\n<p>Barolar Birli\u011fi\u2019nin de \u00e7al\u0131\u015fmaya davet edildi\u011fini dile getiren Onba\u015f\u0131, \u00e7ar\u015famba g\u00fcn\u00fc ba\u015flanacak yasa \u00e7al\u0131\u015fmas\u0131n\u0131n 25 Haziran\u2019a kadar, yasama y\u0131l\u0131 tatile girmeden \u00f6nce haz\u0131rlan\u0131p, Meclis Genel Kuruluna getirilece\u011fi s\u00f6z\u00fcn\u00fcn kendilerine verildi\u011fini belirtti.<\/p>\n<p>-Altu\u011fra: \u201cVar olan yasalar\u0131 g\u00fc\u00e7lendirmek ad\u0131na t\u00fcm payda\u015flar olarak \u00e7ar\u015famba g\u00fcn\u00fc toplant\u0131 yapaca\u011f\u0131z\u201d<\/p>\n<p>Sa\u011fl\u0131k Bakan\u0131 \u0130zlem G\u00fcr\u00e7a\u011f Altu\u011fra da konu\u015fmas\u0131nda, \u00fczerlerine d\u00fc\u015fen g\u00f6rev ve sorumlulu\u011fu yerine getirmek i\u00e7in harekete ge\u00e7tiklerini ve var olan yasalar\u0131 g\u00fc\u00e7lendirmek ad\u0131na t\u00fcm payda\u015flarla \u00e7ar\u015famba g\u00fcn\u00fc toplant\u0131 yapacaklar\u0131n\u0131 s\u00f6yledi.<\/p>\n<p>Altu\u011fra, \u201c\u015eiddetin her t\u00fcrl\u00fcs\u00fcne kar\u015f\u0131y\u0131z. Hi\u00e7bir canl\u0131ya herhangi bir zarar\u0131n gelmesini desteklemiyoruz. Bu \u015fekilde yap\u0131lan hareketleri de k\u0131n\u0131yoruz\u201d diye konu\u015ftu.<\/p>\n<p>Yasal zeminde bu t\u00fcr \u015fiddete kar\u015f\u0131 uygulanacak yasal yapt\u0131r\u0131m ve d\u00fczenlemeler ne ise, en cayd\u0131r\u0131c\u0131s\u0131 ne ise onu yerine getireceklerini dile getiren Bakan Altu\u011fra, yasama y\u0131l\u0131 bitmeden yasa tasar\u0131s\u0131n\u0131 haz\u0131rlay\u0131p, Genel Kurul\u2019a getirip, ivedilikle y\u00fcr\u00fcrl\u00fc\u011fe girmesi i\u00e7in tek y\u00fcrek olarak emek vereceklerini ifade etti. Bakan Altu\u011fra, her t\u00fcrl\u00fc \u015fiddeti k\u0131nad\u0131klar\u0131n\u0131 yineledi.<\/p>\n<p>Ard\u0131ndan Meclis \u00f6n\u00fcndeki eylem sona erdi.<\/p>\n<\/p><\/div>\n<p><script async\n                    defer\n                    crossorigin=\"anonymous\"\n                    src=\"https:\/\/connect.facebook.net\/tr_TR\/sdk.js#xfbml=1&#038;version=v3.3\"\n            ><\/script><\/p>\n","protected":false},"excerpt":{"rendered":"<p>Sa\u011fl\u0131kta \u00f6rg\u00fctl\u00fc 4 meslek \u00f6rg\u00fct\u00fc K\u0131br\u0131s T\u00fcrk Tabipleri Birli\u011fi, K\u0131br\u0131s T\u00fcrk Hekimler Sendikas\u0131 (T\u0131p-\u0130\u015f), K\u0131br\u0131s T\u00fcrk Hem\u015fireler ve Ebeler Sendikas\u0131 (KTHES) ile K\u0131br\u0131s T\u00fcrk Hem\u015fireler ve Ebeler Birli\u011fi, Gazima\u011fusa\u2019da bir doktorun b\u0131\u00e7akl\u0131 sald\u0131r\u0131ya u\u011framas\u0131n\u0131 protesto i\u00e7in bug\u00fcn grev ve eylem yapt\u0131. \u015eiddeti engelleyici yasal d\u00fczenlemenin hemen hayata ge\u00e7irilmesi istenen eylemde, talepler kar\u015f\u0131lanmazsa t\u00fcm kamu sa\u011fl\u0131k<\/p>\n","protected":false},"author":1,"featured_media":6504,"comment_status":"open","ping_status":"open","sticky":false,"template":"","format":"standard","meta":{"footnotes":""},"categories":[1],"tags":[],"class_list":["post-6503","post","type-post","status-publish","format-standard","has-post-thumbnail","hentry","category-gundem"],"yoast_head":"<!-- This site is optimized with the Yoast SEO plugin v27.5 - https:\/\/yoast.com\/product\/yoast-seo-wordpress\/ -->\n<title>Sa\u011fl\u0131ktaki 4 meslek \u00f6rg\u00fct\u00fc \u015fiddet yasas\u0131 talebiyle Meclis \u00f6n\u00fcnde eylem yapt\u0131 -<\/title>\n<meta name=\"robots\" content=\"index, follow, max-snippet:-1, max-image-preview:large, max-video-preview:-1\" \/>\n<link rel=\"canonical\" href=\"https:\/\/kibrisdakik.com\/?p=6503\" \/>\n<meta property=\"og:locale\" content=\"tr_TR\" \/>\n<meta property=\"og:type\" content=\"article\" \/>\n<meta property=\"og:title\" content=\"Sa\u011fl\u0131ktaki 4 meslek \u00f6rg\u00fct\u00fc \u015fiddet yasas\u0131 talebiyle Meclis \u00f6n\u00fcnde eylem yapt\u0131 -\" \/>\n<meta property=\"og:description\" content=\"Sa\u011fl\u0131kta \u00f6rg\u00fctl\u00fc 4 meslek \u00f6rg\u00fct\u00fc K\u0131br\u0131s T\u00fcrk Tabipleri Birli\u011fi, K\u0131br\u0131s T\u00fcrk Hekimler Sendikas\u0131 (T\u0131p-\u0130\u015f), K\u0131br\u0131s T\u00fcrk Hem\u015fireler ve Ebeler Sendikas\u0131 (KTHES) ile K\u0131br\u0131s T\u00fcrk Hem\u015fireler ve Ebeler Birli\u011fi, Gazima\u011fusa\u2019da bir doktorun b\u0131\u00e7akl\u0131 sald\u0131r\u0131ya u\u011framas\u0131n\u0131 protesto i\u00e7in bug\u00fcn grev ve eylem yapt\u0131. \u015eiddeti engelleyici yasal d\u00fczenlemenin hemen hayata ge\u00e7irilmesi istenen eylemde, talepler kar\u015f\u0131lanmazsa t\u00fcm kamu sa\u011fl\u0131k\" \/>\n<meta property=\"og:url\" content=\"https:\/\/kibrisdakik.com\/?p=6503\" \/>\n<meta property=\"article:published_time\" content=\"2023-05-08T15:16:21+00:00\" \/>\n<meta property=\"og:image\" content=\"https:\/\/kibrisdakik.com\/wp-content\/uploads\/2023\/05\/saglik-calisanlari-meclis-eylem-1-so-scaled-740x420.jpg\" \/>\n\t<meta property=\"og:image:width\" content=\"2560\" \/>\n\t<meta property=\"og:image:height\" content=\"1709\" \/>\n\t<meta property=\"og:image:type\" content=\"image\/jpeg\" \/>\n<meta name=\"author\" content=\"admin\" \/>\n<meta name=\"twitter:card\" content=\"summary_large_image\" \/>\n<meta name=\"twitter:label1\" content=\"Yazan:\" \/>\n\t<meta name=\"twitter:data1\" content=\"admin\" \/>\n\t<meta name=\"twitter:label2\" content=\"Tahmini okuma s\u00fcresi\" \/>\n\t<meta name=\"twitter:data2\" content=\"13 dakika\" \/>\n<script type=\"application\/ld+json\" class=\"yoast-schema-graph\">{\"@context\":\"https:\\\/\\\/schema.org\",\"@graph\":[{\"@type\":\"Article\",\"@id\":\"https:\\\/\\\/kibrisdakik.com\\\/?p=6503#article\",\"isPartOf\":{\"@id\":\"https:\\\/\\\/kibrisdakik.com\\\/?p=6503\"},\"author\":{\"name\":\"admin\",\"@id\":\"https:\\\/\\\/kibrisdakik.com\\\/#\\\/schema\\\/person\\\/9cd9d437bbb44f72b73ba127e06d8e79\"},\"headline\":\"Sa\u011fl\u0131ktaki 4 meslek \u00f6rg\u00fct\u00fc \u015fiddet yasas\u0131 talebiyle Meclis \u00f6n\u00fcnde eylem yapt\u0131\",\"datePublished\":\"2023-05-08T15:16:21+00:00\",\"mainEntityOfPage\":{\"@id\":\"https:\\\/\\\/kibrisdakik.com\\\/?p=6503\"},\"wordCount\":2547,\"commentCount\":0,\"image\":{\"@id\":\"https:\\\/\\\/kibrisdakik.com\\\/?p=6503#primaryimage\"},\"thumbnailUrl\":\"https:\\\/\\\/kibrisdakik.com\\\/wp-content\\\/uploads\\\/2023\\\/05\\\/saglik-calisanlari-meclis-eylem-1-so-scaled-740x420.jpg\",\"articleSection\":[\"G\u00fcndem\"],\"inLanguage\":\"tr\",\"potentialAction\":[{\"@type\":\"CommentAction\",\"name\":\"Comment\",\"target\":[\"https:\\\/\\\/kibrisdakik.com\\\/?p=6503#respond\"]}]},{\"@type\":\"WebPage\",\"@id\":\"https:\\\/\\\/kibrisdakik.com\\\/?p=6503\",\"url\":\"https:\\\/\\\/kibrisdakik.com\\\/?p=6503\",\"name\":\"Sa\u011fl\u0131ktaki 4 meslek \u00f6rg\u00fct\u00fc \u015fiddet yasas\u0131 talebiyle Meclis \u00f6n\u00fcnde eylem yapt\u0131 -\",\"isPartOf\":{\"@id\":\"https:\\\/\\\/kibrisdakik.com\\\/#website\"},\"primaryImageOfPage\":{\"@id\":\"https:\\\/\\\/kibrisdakik.com\\\/?p=6503#primaryimage\"},\"image\":{\"@id\":\"https:\\\/\\\/kibrisdakik.com\\\/?p=6503#primaryimage\"},\"thumbnailUrl\":\"https:\\\/\\\/kibrisdakik.com\\\/wp-content\\\/uploads\\\/2023\\\/05\\\/saglik-calisanlari-meclis-eylem-1-so-scaled-740x420.jpg\",\"datePublished\":\"2023-05-08T15:16:21+00:00\",\"author\":{\"@id\":\"https:\\\/\\\/kibrisdakik.com\\\/#\\\/schema\\\/person\\\/9cd9d437bbb44f72b73ba127e06d8e79\"},\"breadcrumb\":{\"@id\":\"https:\\\/\\\/kibrisdakik.com\\\/?p=6503#breadcrumb\"},\"inLanguage\":\"tr\",\"potentialAction\":[{\"@type\":\"ReadAction\",\"target\":[\"https:\\\/\\\/kibrisdakik.com\\\/?p=6503\"]}]},{\"@type\":\"ImageObject\",\"inLanguage\":\"tr\",\"@id\":\"https:\\\/\\\/kibrisdakik.com\\\/?p=6503#primaryimage\",\"url\":\"https:\\\/\\\/kibrisdakik.com\\\/wp-content\\\/uploads\\\/2023\\\/05\\\/saglik-calisanlari-meclis-eylem-1-so-scaled-740x420.jpg\",\"contentUrl\":\"https:\\\/\\\/kibrisdakik.com\\\/wp-content\\\/uploads\\\/2023\\\/05\\\/saglik-calisanlari-meclis-eylem-1-so-scaled-740x420.jpg\",\"width\":2560,\"height\":1709},{\"@type\":\"BreadcrumbList\",\"@id\":\"https:\\\/\\\/kibrisdakik.com\\\/?p=6503#breadcrumb\",\"itemListElement\":[{\"@type\":\"ListItem\",\"position\":1,\"name\":\"Home\",\"item\":\"https:\\\/\\\/kibrisdakik.com\\\/\"},{\"@type\":\"ListItem\",\"position\":2,\"name\":\"Sa\u011fl\u0131ktaki 4 meslek \u00f6rg\u00fct\u00fc \u015fiddet yasas\u0131 talebiyle Meclis \u00f6n\u00fcnde eylem yapt\u0131\"}]},{\"@type\":\"WebSite\",\"@id\":\"https:\\\/\\\/kibrisdakik.com\\\/#website\",\"url\":\"https:\\\/\\\/kibrisdakik.com\\\/\",\"name\":\"\",\"description\":\"Tam vaktinde haber\",\"potentialAction\":[{\"@type\":\"SearchAction\",\"target\":{\"@type\":\"EntryPoint\",\"urlTemplate\":\"https:\\\/\\\/kibrisdakik.com\\\/?s={search_term_string}\"},\"query-input\":{\"@type\":\"PropertyValueSpecification\",\"valueRequired\":true,\"valueName\":\"search_term_string\"}}],\"inLanguage\":\"tr\"},{\"@type\":\"Person\",\"@id\":\"https:\\\/\\\/kibrisdakik.com\\\/#\\\/schema\\\/person\\\/9cd9d437bbb44f72b73ba127e06d8e79\",\"name\":\"admin\",\"image\":{\"@type\":\"ImageObject\",\"inLanguage\":\"tr\",\"@id\":\"https:\\\/\\\/secure.gravatar.com\\\/avatar\\\/ccc17943b9d660506c869530f897617f7cb1c21a4bf30023f252596d83e1f007?s=96&d=mm&r=g\",\"url\":\"https:\\\/\\\/secure.gravatar.com\\\/avatar\\\/ccc17943b9d660506c869530f897617f7cb1c21a4bf30023f252596d83e1f007?s=96&d=mm&r=g\",\"contentUrl\":\"https:\\\/\\\/secure.gravatar.com\\\/avatar\\\/ccc17943b9d660506c869530f897617f7cb1c21a4bf30023f252596d83e1f007?s=96&d=mm&r=g\",\"caption\":\"admin\"},\"sameAs\":[\"https:\\\/\\\/kibrisdakik.com\"],\"url\":\"https:\\\/\\\/kibrisdakik.com\\\/?author=1\"}]}<\/script>\n<!-- \/ Yoast SEO plugin. -->","yoast_head_json":{"title":"Sa\u011fl\u0131ktaki 4 meslek \u00f6rg\u00fct\u00fc \u015fiddet yasas\u0131 talebiyle Meclis \u00f6n\u00fcnde eylem yapt\u0131 -","robots":{"index":"index","follow":"follow","max-snippet":"max-snippet:-1","max-image-preview":"max-image-preview:large","max-video-preview":"max-video-preview:-1"},"canonical":"https:\/\/kibrisdakik.com\/?p=6503","og_locale":"tr_TR","og_type":"article","og_title":"Sa\u011fl\u0131ktaki 4 meslek \u00f6rg\u00fct\u00fc \u015fiddet yasas\u0131 talebiyle Meclis \u00f6n\u00fcnde eylem yapt\u0131 -","og_description":"Sa\u011fl\u0131kta \u00f6rg\u00fctl\u00fc 4 meslek \u00f6rg\u00fct\u00fc K\u0131br\u0131s T\u00fcrk Tabipleri Birli\u011fi, K\u0131br\u0131s T\u00fcrk Hekimler Sendikas\u0131 (T\u0131p-\u0130\u015f), K\u0131br\u0131s T\u00fcrk Hem\u015fireler ve Ebeler Sendikas\u0131 (KTHES) ile K\u0131br\u0131s T\u00fcrk Hem\u015fireler ve Ebeler Birli\u011fi, Gazima\u011fusa\u2019da bir doktorun b\u0131\u00e7akl\u0131 sald\u0131r\u0131ya u\u011framas\u0131n\u0131 protesto i\u00e7in bug\u00fcn grev ve eylem yapt\u0131. \u015eiddeti engelleyici yasal d\u00fczenlemenin hemen hayata ge\u00e7irilmesi istenen eylemde, talepler kar\u015f\u0131lanmazsa t\u00fcm kamu sa\u011fl\u0131k","og_url":"https:\/\/kibrisdakik.com\/?p=6503","article_published_time":"2023-05-08T15:16:21+00:00","og_image":[{"width":2560,"height":1709,"url":"https:\/\/kibrisdakik.com\/wp-content\/uploads\/2023\/05\/saglik-calisanlari-meclis-eylem-1-so-scaled-740x420.jpg","type":"image\/jpeg"}],"author":"admin","twitter_card":"summary_large_image","twitter_misc":{"Yazan:":"admin","Tahmini okuma s\u00fcresi":"13 dakika"},"schema":{"@context":"https:\/\/schema.org","@graph":[{"@type":"Article","@id":"https:\/\/kibrisdakik.com\/?p=6503#article","isPartOf":{"@id":"https:\/\/kibrisdakik.com\/?p=6503"},"author":{"name":"admin","@id":"https:\/\/kibrisdakik.com\/#\/schema\/person\/9cd9d437bbb44f72b73ba127e06d8e79"},"headline":"Sa\u011fl\u0131ktaki 4 meslek \u00f6rg\u00fct\u00fc \u015fiddet yasas\u0131 talebiyle Meclis \u00f6n\u00fcnde eylem yapt\u0131","datePublished":"2023-05-08T15:16:21+00:00","mainEntityOfPage":{"@id":"https:\/\/kibrisdakik.com\/?p=6503"},"wordCount":2547,"commentCount":0,"image":{"@id":"https:\/\/kibrisdakik.com\/?p=6503#primaryimage"},"thumbnailUrl":"https:\/\/kibrisdakik.com\/wp-content\/uploads\/2023\/05\/saglik-calisanlari-meclis-eylem-1-so-scaled-740x420.jpg","articleSection":["G\u00fcndem"],"inLanguage":"tr","potentialAction":[{"@type":"CommentAction","name":"Comment","target":["https:\/\/kibrisdakik.com\/?p=6503#respond"]}]},{"@type":"WebPage","@id":"https:\/\/kibrisdakik.com\/?p=6503","url":"https:\/\/kibrisdakik.com\/?p=6503","name":"Sa\u011fl\u0131ktaki 4 meslek \u00f6rg\u00fct\u00fc \u015fiddet yasas\u0131 talebiyle Meclis \u00f6n\u00fcnde eylem yapt\u0131 -","isPartOf":{"@id":"https:\/\/kibrisdakik.com\/#website"},"primaryImageOfPage":{"@id":"https:\/\/kibrisdakik.com\/?p=6503#primaryimage"},"image":{"@id":"https:\/\/kibrisdakik.com\/?p=6503#primaryimage"},"thumbnailUrl":"https:\/\/kibrisdakik.com\/wp-content\/uploads\/2023\/05\/saglik-calisanlari-meclis-eylem-1-so-scaled-740x420.jpg","datePublished":"2023-05-08T15:16:21+00:00","author":{"@id":"https:\/\/kibrisdakik.com\/#\/schema\/person\/9cd9d437bbb44f72b73ba127e06d8e79"},"breadcrumb":{"@id":"https:\/\/kibrisdakik.com\/?p=6503#breadcrumb"},"inLanguage":"tr","potentialAction":[{"@type":"ReadAction","target":["https:\/\/kibrisdakik.com\/?p=6503"]}]},{"@type":"ImageObject","inLanguage":"tr","@id":"https:\/\/kibrisdakik.com\/?p=6503#primaryimage","url":"https:\/\/kibrisdakik.com\/wp-content\/uploads\/2023\/05\/saglik-calisanlari-meclis-eylem-1-so-scaled-740x420.jpg","contentUrl":"https:\/\/kibrisdakik.com\/wp-content\/uploads\/2023\/05\/saglik-calisanlari-meclis-eylem-1-so-scaled-740x420.jpg","width":2560,"height":1709},{"@type":"BreadcrumbList","@id":"https:\/\/kibrisdakik.com\/?p=6503#breadcrumb","itemListElement":[{"@type":"ListItem","position":1,"name":"Home","item":"https:\/\/kibrisdakik.com\/"},{"@type":"ListItem","position":2,"name":"Sa\u011fl\u0131ktaki 4 meslek \u00f6rg\u00fct\u00fc \u015fiddet yasas\u0131 talebiyle Meclis \u00f6n\u00fcnde eylem yapt\u0131"}]},{"@type":"WebSite","@id":"https:\/\/kibrisdakik.com\/#website","url":"https:\/\/kibrisdakik.com\/","name":"","description":"Tam vaktinde haber","potentialAction":[{"@type":"SearchAction","target":{"@type":"EntryPoint","urlTemplate":"https:\/\/kibrisdakik.com\/?s={search_term_string}"},"query-input":{"@type":"PropertyValueSpecification","valueRequired":true,"valueName":"search_term_string"}}],"inLanguage":"tr"},{"@type":"Person","@id":"https:\/\/kibrisdakik.com\/#\/schema\/person\/9cd9d437bbb44f72b73ba127e06d8e79","name":"admin","image":{"@type":"ImageObject","inLanguage":"tr","@id":"https:\/\/secure.gravatar.com\/avatar\/ccc17943b9d660506c869530f897617f7cb1c21a4bf30023f252596d83e1f007?s=96&d=mm&r=g","url":"https:\/\/secure.gravatar.com\/avatar\/ccc17943b9d660506c869530f897617f7cb1c21a4bf30023f252596d83e1f007?s=96&d=mm&r=g","contentUrl":"https:\/\/secure.gravatar.com\/avatar\/ccc17943b9d660506c869530f897617f7cb1c21a4bf30023f252596d83e1f007?s=96&d=mm&r=g","caption":"admin"},"sameAs":["https:\/\/kibrisdakik.com"],"url":"https:\/\/kibrisdakik.com\/?author=1"}]}},"_links":{"self":[{"href":"https:\/\/kibrisdakik.com\/index.php?rest_route=\/wp\/v2\/posts\/6503","targetHints":{"allow":["GET"]}}],"collection":[{"href":"https:\/\/kibrisdakik.com\/index.php?rest_route=\/wp\/v2\/posts"}],"about":[{"href":"https:\/\/kibrisdakik.com\/index.php?rest_route=\/wp\/v2\/types\/post"}],"author":[{"embeddable":true,"href":"https:\/\/kibrisdakik.com\/index.php?rest_route=\/wp\/v2\/users\/1"}],"replies":[{"embeddable":true,"href":"https:\/\/kibrisdakik.com\/index.php?rest_route=%2Fwp%2Fv2%2Fcomments&post=6503"}],"version-history":[{"count":0,"href":"https:\/\/kibrisdakik.com\/index.php?rest_route=\/wp\/v2\/posts\/6503\/revisions"}],"wp:featuredmedia":[{"embeddable":true,"href":"https:\/\/kibrisdakik.com\/index.php?rest_route=\/wp\/v2\/media\/6504"}],"wp:attachment":[{"href":"https:\/\/kibrisdakik.com\/index.php?rest_route=%2Fwp%2Fv2%2Fmedia&parent=6503"}],"wp:term":[{"taxonomy":"category","embeddable":true,"href":"https:\/\/kibrisdakik.com\/index.php?rest_route=%2Fwp%2Fv2%2Fcategories&post=6503"},{"taxonomy":"post_tag","embeddable":true,"href":"https:\/\/kibrisdakik.com\/index.php?rest_route=%2Fwp%2Fv2%2Ftags&post=6503"}],"curies":[{"name":"wp","href":"https:\/\/api.w.org\/{rel}","templated":true}]}}