{"id":65091,"date":"2024-09-28T13:46:48","date_gmt":"2024-09-28T10:46:48","guid":{"rendered":"https:\/\/kibrisdakik.com\/index.php\/2024\/09\/28\/ertugruloglu-iit-disisleri-bakanlari-yillik-koordinasyon-toplantisinda-konusma-yapti\/"},"modified":"2024-09-28T13:46:48","modified_gmt":"2024-09-28T10:46:48","slug":"ertugruloglu-iit-disisleri-bakanlari-yillik-koordinasyon-toplantisinda-konusma-yapti","status":"publish","type":"post","link":"https:\/\/kibrisdakik.com\/?p=65091","title":{"rendered":"Ertu\u011frulo\u011flu, \u0130\u0130T D\u0131\u015fi\u015fleri Bakanlar\u0131 Y\u0131ll\u0131k Koordinasyon toplant\u0131s\u0131nda konu\u015fma yapt\u0131"},"content":{"rendered":"<div>\n<div class=\"mariselle-image-container none\">\n                                            <\/div>\n<p style=\"font-weight: 300;\">D\u0131\u015fi\u015fleri Bakan\u0131 Tahsin Ertu\u011frulo\u011flu, New York\u2019ta ger\u00e7ekle\u015ftirilen 79. Birle\u015fmi\u015f Milletler (BM) Genel Kurul toplant\u0131lar\u0131 marj\u0131nda d\u00fczenlenen \u0130slam \u0130\u015fbirli\u011fi Te\u015fkilat\u0131 (\u0130\u0130T) D\u0131\u015fi\u015fleri Bakanlar\u0131 Y\u0131ll\u0131k Koordinasyon toplant\u0131s\u0131na kat\u0131ld\u0131 ve bir konu\u015fma yapt\u0131.<\/p>\n<p style=\"font-weight: 300;\">D\u0131\u015fi\u015fleri Bakanl\u0131\u011f\u0131\u2019ndan yap\u0131lan a\u00e7\u0131klamaya g\u00f6re, \u0130slam \u0130\u015fbirli\u011fi Te\u015fkilat\u0131 Genel Sekreteri Hissein Brahim Taha\u2019ya K\u0131br\u0131s T\u00fcrk halk\u0131na verdi\u011fi destek ve i\u015f birli\u011finden dolay\u0131 \u015f\u00fckranlar\u0131n\u0131 sunan Ertu\u011frulo\u011flu, M\u00fcsl\u00fcman d\u00fcnyas\u0131n\u0131n bir\u00e7ok yerinde devam eden sava\u015flara ve ter\u00f6r sald\u0131r\u0131lar\u0131na dikkat \u00e7ekti. Bakan Ertu\u011frulo\u011flu, 1963-74 y\u0131llar\u0131 aras\u0131nda K\u0131br\u0131s\u2019ta K\u0131br\u0131sl\u0131 T\u00fcrklerin ya\u015fad\u0131\u011f\u0131 ac\u0131larla Filistinli karde\u015flerimizin bug\u00fcn benzer ac\u0131lar ya\u015fad\u0131\u011f\u0131n\u0131 ve bu nedenle Filistin\u2019deki M\u00fcsl\u00fcmanlar\u0131n hissettiklerinin Kuzey K\u0131br\u0131s T\u00fcrk Cumhuriyeti\u2019nde y\u00fcrekten hissedildi\u011fini belirtti.<\/p>\n<p style=\"font-weight: 300;\">Konu\u015fmas\u0131nda K\u0131br\u0131s meselesine de de\u011finen Bakan Ertu\u011frulo\u011flu, Birle\u015fmi\u015f Milletler himayesinde uzun y\u0131llard\u0131r yap\u0131lan sonu\u00e7suz m\u00fczakerelerin ard\u0131ndan K\u0131br\u0131s T\u00fcrk taraf\u0131n\u0131n 2021 y\u0131l\u0131nda yeni bir \u00e7\u00f6z\u00fcm \u00f6nerisi ortaya koydu\u011funun alt\u0131n\u0131 \u00e7izdi. Ertu\u011frulo\u011flu devamla, adada s\u00fcrd\u00fcr\u00fclebilir bir anla\u015fmaya varman\u0131n tek yolunun, bug\u00fcn adada iki devletin varl\u0131\u011f\u0131 ve bu iki devletin egemen e\u015fitli\u011fe ve e\u015fit uluslararas\u0131 stat\u00fcye sahip oldu\u011fu ger\u00e7e\u011finin kabul edilmesinden ge\u00e7ti\u011fini vurgulad\u0131.<\/p>\n<p style=\"font-weight: 300;\">T\u00fcrkiye Cumhuriyeti Cumhurba\u015fkan\u0131 Say\u0131n Recep Tayyip Erdo\u011fan\u2019\u0131n BM Genel Kurulu\u2019nun 79. oturumu vesilesiyle yapt\u0131\u011f\u0131 ve uluslararas\u0131 toplumu Kuzey K\u0131br\u0131s T\u00fcrk Cumhuriyeti\u2019nin ba\u011f\u0131ms\u0131zl\u0131\u011f\u0131n\u0131 tan\u0131maya y\u00f6nelik davetini yineledi\u011fi konu\u015fmas\u0131na dikkat \u00e7eken Bakan Ertu\u011frulo\u011flu, Cumhurba\u015fkan\u0131 Erdo\u011fan\u2019a K\u0131br\u0131s T\u00fcrk halk\u0131na verdi\u011fi paha bi\u00e7ilmez destek i\u00e7in en i\u00e7ten \u015f\u00fckranlar\u0131n\u0131 sundu. Bakan Ertu\u011frulo\u011flu ayr\u0131ca \u0130\u0130T Sekretaryas\u0131na ve \u00fcye devletlere, K\u0131br\u0131s T\u00fcrk davas\u0131yla dayan\u0131\u015fma g\u00f6sterdikleri i\u00e7in te\u015fekk\u00fcr etti.<\/p>\n<\/p><\/div>\n<p><script async\n                    defer\n                    crossorigin=\"anonymous\"\n                    src=\"https:\/\/connect.facebook.net\/tr_TR\/sdk.js#xfbml=1&#038;version=v3.3\"\n            ><\/script><\/p>\n","protected":false},"excerpt":{"rendered":"<p>D\u0131\u015fi\u015fleri Bakan\u0131 Tahsin Ertu\u011frulo\u011flu, New York\u2019ta ger\u00e7ekle\u015ftirilen 79. Birle\u015fmi\u015f Milletler (BM) Genel Kurul toplant\u0131lar\u0131 marj\u0131nda d\u00fczenlenen \u0130slam \u0130\u015fbirli\u011fi Te\u015fkilat\u0131 (\u0130\u0130T) D\u0131\u015fi\u015fleri Bakanlar\u0131 Y\u0131ll\u0131k Koordinasyon toplant\u0131s\u0131na kat\u0131ld\u0131 ve bir konu\u015fma yapt\u0131. D\u0131\u015fi\u015fleri Bakanl\u0131\u011f\u0131\u2019ndan yap\u0131lan a\u00e7\u0131klamaya g\u00f6re, \u0130slam \u0130\u015fbirli\u011fi Te\u015fkilat\u0131 Genel Sekreteri Hissein Brahim Taha\u2019ya K\u0131br\u0131s T\u00fcrk halk\u0131na verdi\u011fi destek ve i\u015f birli\u011finden dolay\u0131 \u015f\u00fckranlar\u0131n\u0131 sunan Ertu\u011frulo\u011flu,<\/p>\n","protected":false},"author":1,"featured_media":65092,"comment_status":"open","ping_status":"open","sticky":false,"template":"","format":"standard","meta":{"footnotes":""},"categories":[81],"tags":[],"class_list":["post-65091","post","type-post","status-publish","format-standard","has-post-thumbnail","hentry","category-kibris"],"yoast_head":"<!-- This site is optimized with the Yoast SEO plugin v27.4 - https:\/\/yoast.com\/product\/yoast-seo-wordpress\/ -->\n<title>Ertu\u011frulo\u011flu, \u0130\u0130T D\u0131\u015fi\u015fleri Bakanlar\u0131 Y\u0131ll\u0131k Koordinasyon toplant\u0131s\u0131nda konu\u015fma yapt\u0131 -<\/title>\n<meta name=\"robots\" content=\"index, follow, max-snippet:-1, max-image-preview:large, max-video-preview:-1\" \/>\n<link rel=\"canonical\" href=\"https:\/\/kibrisdakik.com\/?p=65091\" \/>\n<meta property=\"og:locale\" content=\"tr_TR\" \/>\n<meta property=\"og:type\" content=\"article\" \/>\n<meta property=\"og:title\" content=\"Ertu\u011frulo\u011flu, \u0130\u0130T D\u0131\u015fi\u015fleri Bakanlar\u0131 Y\u0131ll\u0131k Koordinasyon toplant\u0131s\u0131nda konu\u015fma yapt\u0131 -\" \/>\n<meta property=\"og:description\" content=\"D\u0131\u015fi\u015fleri Bakan\u0131 Tahsin Ertu\u011frulo\u011flu, New York\u2019ta ger\u00e7ekle\u015ftirilen 79. Birle\u015fmi\u015f Milletler (BM) Genel Kurul toplant\u0131lar\u0131 marj\u0131nda d\u00fczenlenen \u0130slam \u0130\u015fbirli\u011fi Te\u015fkilat\u0131 (\u0130\u0130T) D\u0131\u015fi\u015fleri Bakanlar\u0131 Y\u0131ll\u0131k Koordinasyon toplant\u0131s\u0131na kat\u0131ld\u0131 ve bir konu\u015fma yapt\u0131. D\u0131\u015fi\u015fleri Bakanl\u0131\u011f\u0131\u2019ndan yap\u0131lan a\u00e7\u0131klamaya g\u00f6re, \u0130slam \u0130\u015fbirli\u011fi Te\u015fkilat\u0131 Genel Sekreteri Hissein Brahim Taha\u2019ya K\u0131br\u0131s T\u00fcrk halk\u0131na verdi\u011fi destek ve i\u015f birli\u011finden dolay\u0131 \u015f\u00fckranlar\u0131n\u0131 sunan Ertu\u011frulo\u011flu,\" \/>\n<meta property=\"og:url\" content=\"https:\/\/kibrisdakik.com\/?p=65091\" \/>\n<meta property=\"article:published_time\" content=\"2024-09-28T10:46:48+00:00\" \/>\n<meta property=\"og:image\" content=\"https:\/\/kibrisdakik.com\/wp-content\/uploads\/2024\/09\/ertugruloglu-konusma-1--740x420.jpg\" \/>\n\t<meta property=\"og:image:width\" content=\"1053\" \/>\n\t<meta property=\"og:image:height\" content=\"744\" \/>\n\t<meta property=\"og:image:type\" content=\"image\/jpeg\" \/>\n<meta name=\"author\" content=\"admin\" \/>\n<meta name=\"twitter:card\" content=\"summary_large_image\" \/>\n<meta name=\"twitter:label1\" content=\"Yazan:\" \/>\n\t<meta name=\"twitter:data1\" content=\"admin\" \/>\n\t<meta name=\"twitter:label2\" content=\"Tahmini okuma s\u00fcresi\" \/>\n\t<meta name=\"twitter:data2\" content=\"2 dakika\" \/>\n<script type=\"application\/ld+json\" class=\"yoast-schema-graph\">{\"@context\":\"https:\\\/\\\/schema.org\",\"@graph\":[{\"@type\":\"Article\",\"@id\":\"https:\\\/\\\/kibrisdakik.com\\\/?p=65091#article\",\"isPartOf\":{\"@id\":\"https:\\\/\\\/kibrisdakik.com\\\/?p=65091\"},\"author\":{\"name\":\"admin\",\"@id\":\"https:\\\/\\\/kibrisdakik.com\\\/#\\\/schema\\\/person\\\/9cd9d437bbb44f72b73ba127e06d8e79\"},\"headline\":\"Ertu\u011frulo\u011flu, \u0130\u0130T D\u0131\u015fi\u015fleri Bakanlar\u0131 Y\u0131ll\u0131k Koordinasyon toplant\u0131s\u0131nda konu\u015fma yapt\u0131\",\"datePublished\":\"2024-09-28T10:46:48+00:00\",\"mainEntityOfPage\":{\"@id\":\"https:\\\/\\\/kibrisdakik.com\\\/?p=65091\"},\"wordCount\":395,\"commentCount\":0,\"image\":{\"@id\":\"https:\\\/\\\/kibrisdakik.com\\\/?p=65091#primaryimage\"},\"thumbnailUrl\":\"https:\\\/\\\/kibrisdakik.com\\\/wp-content\\\/uploads\\\/2024\\\/09\\\/ertugruloglu-konusma-1--740x420.jpg\",\"articleSection\":[\"K\u0131br\u0131s\"],\"inLanguage\":\"tr\",\"potentialAction\":[{\"@type\":\"CommentAction\",\"name\":\"Comment\",\"target\":[\"https:\\\/\\\/kibrisdakik.com\\\/?p=65091#respond\"]}]},{\"@type\":\"WebPage\",\"@id\":\"https:\\\/\\\/kibrisdakik.com\\\/?p=65091\",\"url\":\"https:\\\/\\\/kibrisdakik.com\\\/?p=65091\",\"name\":\"Ertu\u011frulo\u011flu, \u0130\u0130T D\u0131\u015fi\u015fleri Bakanlar\u0131 Y\u0131ll\u0131k Koordinasyon toplant\u0131s\u0131nda konu\u015fma yapt\u0131 -\",\"isPartOf\":{\"@id\":\"https:\\\/\\\/kibrisdakik.com\\\/#website\"},\"primaryImageOfPage\":{\"@id\":\"https:\\\/\\\/kibrisdakik.com\\\/?p=65091#primaryimage\"},\"image\":{\"@id\":\"https:\\\/\\\/kibrisdakik.com\\\/?p=65091#primaryimage\"},\"thumbnailUrl\":\"https:\\\/\\\/kibrisdakik.com\\\/wp-content\\\/uploads\\\/2024\\\/09\\\/ertugruloglu-konusma-1--740x420.jpg\",\"datePublished\":\"2024-09-28T10:46:48+00:00\",\"author\":{\"@id\":\"https:\\\/\\\/kibrisdakik.com\\\/#\\\/schema\\\/person\\\/9cd9d437bbb44f72b73ba127e06d8e79\"},\"breadcrumb\":{\"@id\":\"https:\\\/\\\/kibrisdakik.com\\\/?p=65091#breadcrumb\"},\"inLanguage\":\"tr\",\"potentialAction\":[{\"@type\":\"ReadAction\",\"target\":[\"https:\\\/\\\/kibrisdakik.com\\\/?p=65091\"]}]},{\"@type\":\"ImageObject\",\"inLanguage\":\"tr\",\"@id\":\"https:\\\/\\\/kibrisdakik.com\\\/?p=65091#primaryimage\",\"url\":\"https:\\\/\\\/kibrisdakik.com\\\/wp-content\\\/uploads\\\/2024\\\/09\\\/ertugruloglu-konusma-1--740x420.jpg\",\"contentUrl\":\"https:\\\/\\\/kibrisdakik.com\\\/wp-content\\\/uploads\\\/2024\\\/09\\\/ertugruloglu-konusma-1--740x420.jpg\",\"width\":1053,\"height\":744},{\"@type\":\"BreadcrumbList\",\"@id\":\"https:\\\/\\\/kibrisdakik.com\\\/?p=65091#breadcrumb\",\"itemListElement\":[{\"@type\":\"ListItem\",\"position\":1,\"name\":\"Home\",\"item\":\"https:\\\/\\\/kibrisdakik.com\\\/\"},{\"@type\":\"ListItem\",\"position\":2,\"name\":\"Ertu\u011frulo\u011flu, \u0130\u0130T D\u0131\u015fi\u015fleri Bakanlar\u0131 Y\u0131ll\u0131k Koordinasyon toplant\u0131s\u0131nda konu\u015fma yapt\u0131\"}]},{\"@type\":\"WebSite\",\"@id\":\"https:\\\/\\\/kibrisdakik.com\\\/#website\",\"url\":\"https:\\\/\\\/kibrisdakik.com\\\/\",\"name\":\"\",\"description\":\"Tam vaktinde haber\",\"potentialAction\":[{\"@type\":\"SearchAction\",\"target\":{\"@type\":\"EntryPoint\",\"urlTemplate\":\"https:\\\/\\\/kibrisdakik.com\\\/?s={search_term_string}\"},\"query-input\":{\"@type\":\"PropertyValueSpecification\",\"valueRequired\":true,\"valueName\":\"search_term_string\"}}],\"inLanguage\":\"tr\"},{\"@type\":\"Person\",\"@id\":\"https:\\\/\\\/kibrisdakik.com\\\/#\\\/schema\\\/person\\\/9cd9d437bbb44f72b73ba127e06d8e79\",\"name\":\"admin\",\"image\":{\"@type\":\"ImageObject\",\"inLanguage\":\"tr\",\"@id\":\"https:\\\/\\\/secure.gravatar.com\\\/avatar\\\/ccc17943b9d660506c869530f897617f7cb1c21a4bf30023f252596d83e1f007?s=96&d=mm&r=g\",\"url\":\"https:\\\/\\\/secure.gravatar.com\\\/avatar\\\/ccc17943b9d660506c869530f897617f7cb1c21a4bf30023f252596d83e1f007?s=96&d=mm&r=g\",\"contentUrl\":\"https:\\\/\\\/secure.gravatar.com\\\/avatar\\\/ccc17943b9d660506c869530f897617f7cb1c21a4bf30023f252596d83e1f007?s=96&d=mm&r=g\",\"caption\":\"admin\"},\"sameAs\":[\"https:\\\/\\\/kibrisdakik.com\"],\"url\":\"https:\\\/\\\/kibrisdakik.com\\\/?author=1\"}]}<\/script>\n<!-- \/ Yoast SEO plugin. -->","yoast_head_json":{"title":"Ertu\u011frulo\u011flu, \u0130\u0130T D\u0131\u015fi\u015fleri Bakanlar\u0131 Y\u0131ll\u0131k Koordinasyon toplant\u0131s\u0131nda konu\u015fma yapt\u0131 -","robots":{"index":"index","follow":"follow","max-snippet":"max-snippet:-1","max-image-preview":"max-image-preview:large","max-video-preview":"max-video-preview:-1"},"canonical":"https:\/\/kibrisdakik.com\/?p=65091","og_locale":"tr_TR","og_type":"article","og_title":"Ertu\u011frulo\u011flu, \u0130\u0130T D\u0131\u015fi\u015fleri Bakanlar\u0131 Y\u0131ll\u0131k Koordinasyon toplant\u0131s\u0131nda konu\u015fma yapt\u0131 -","og_description":"D\u0131\u015fi\u015fleri Bakan\u0131 Tahsin Ertu\u011frulo\u011flu, New York\u2019ta ger\u00e7ekle\u015ftirilen 79. Birle\u015fmi\u015f Milletler (BM) Genel Kurul toplant\u0131lar\u0131 marj\u0131nda d\u00fczenlenen \u0130slam \u0130\u015fbirli\u011fi Te\u015fkilat\u0131 (\u0130\u0130T) D\u0131\u015fi\u015fleri Bakanlar\u0131 Y\u0131ll\u0131k Koordinasyon toplant\u0131s\u0131na kat\u0131ld\u0131 ve bir konu\u015fma yapt\u0131. D\u0131\u015fi\u015fleri Bakanl\u0131\u011f\u0131\u2019ndan yap\u0131lan a\u00e7\u0131klamaya g\u00f6re, \u0130slam \u0130\u015fbirli\u011fi Te\u015fkilat\u0131 Genel Sekreteri Hissein Brahim Taha\u2019ya K\u0131br\u0131s T\u00fcrk halk\u0131na verdi\u011fi destek ve i\u015f birli\u011finden dolay\u0131 \u015f\u00fckranlar\u0131n\u0131 sunan Ertu\u011frulo\u011flu,","og_url":"https:\/\/kibrisdakik.com\/?p=65091","article_published_time":"2024-09-28T10:46:48+00:00","og_image":[{"width":1053,"height":744,"url":"https:\/\/kibrisdakik.com\/wp-content\/uploads\/2024\/09\/ertugruloglu-konusma-1--740x420.jpg","type":"image\/jpeg"}],"author":"admin","twitter_card":"summary_large_image","twitter_misc":{"Yazan:":"admin","Tahmini okuma s\u00fcresi":"2 dakika"},"schema":{"@context":"https:\/\/schema.org","@graph":[{"@type":"Article","@id":"https:\/\/kibrisdakik.com\/?p=65091#article","isPartOf":{"@id":"https:\/\/kibrisdakik.com\/?p=65091"},"author":{"name":"admin","@id":"https:\/\/kibrisdakik.com\/#\/schema\/person\/9cd9d437bbb44f72b73ba127e06d8e79"},"headline":"Ertu\u011frulo\u011flu, \u0130\u0130T D\u0131\u015fi\u015fleri Bakanlar\u0131 Y\u0131ll\u0131k Koordinasyon toplant\u0131s\u0131nda konu\u015fma yapt\u0131","datePublished":"2024-09-28T10:46:48+00:00","mainEntityOfPage":{"@id":"https:\/\/kibrisdakik.com\/?p=65091"},"wordCount":395,"commentCount":0,"image":{"@id":"https:\/\/kibrisdakik.com\/?p=65091#primaryimage"},"thumbnailUrl":"https:\/\/kibrisdakik.com\/wp-content\/uploads\/2024\/09\/ertugruloglu-konusma-1--740x420.jpg","articleSection":["K\u0131br\u0131s"],"inLanguage":"tr","potentialAction":[{"@type":"CommentAction","name":"Comment","target":["https:\/\/kibrisdakik.com\/?p=65091#respond"]}]},{"@type":"WebPage","@id":"https:\/\/kibrisdakik.com\/?p=65091","url":"https:\/\/kibrisdakik.com\/?p=65091","name":"Ertu\u011frulo\u011flu, \u0130\u0130T D\u0131\u015fi\u015fleri Bakanlar\u0131 Y\u0131ll\u0131k Koordinasyon toplant\u0131s\u0131nda konu\u015fma yapt\u0131 -","isPartOf":{"@id":"https:\/\/kibrisdakik.com\/#website"},"primaryImageOfPage":{"@id":"https:\/\/kibrisdakik.com\/?p=65091#primaryimage"},"image":{"@id":"https:\/\/kibrisdakik.com\/?p=65091#primaryimage"},"thumbnailUrl":"https:\/\/kibrisdakik.com\/wp-content\/uploads\/2024\/09\/ertugruloglu-konusma-1--740x420.jpg","datePublished":"2024-09-28T10:46:48+00:00","author":{"@id":"https:\/\/kibrisdakik.com\/#\/schema\/person\/9cd9d437bbb44f72b73ba127e06d8e79"},"breadcrumb":{"@id":"https:\/\/kibrisdakik.com\/?p=65091#breadcrumb"},"inLanguage":"tr","potentialAction":[{"@type":"ReadAction","target":["https:\/\/kibrisdakik.com\/?p=65091"]}]},{"@type":"ImageObject","inLanguage":"tr","@id":"https:\/\/kibrisdakik.com\/?p=65091#primaryimage","url":"https:\/\/kibrisdakik.com\/wp-content\/uploads\/2024\/09\/ertugruloglu-konusma-1--740x420.jpg","contentUrl":"https:\/\/kibrisdakik.com\/wp-content\/uploads\/2024\/09\/ertugruloglu-konusma-1--740x420.jpg","width":1053,"height":744},{"@type":"BreadcrumbList","@id":"https:\/\/kibrisdakik.com\/?p=65091#breadcrumb","itemListElement":[{"@type":"ListItem","position":1,"name":"Home","item":"https:\/\/kibrisdakik.com\/"},{"@type":"ListItem","position":2,"name":"Ertu\u011frulo\u011flu, \u0130\u0130T D\u0131\u015fi\u015fleri Bakanlar\u0131 Y\u0131ll\u0131k Koordinasyon toplant\u0131s\u0131nda konu\u015fma yapt\u0131"}]},{"@type":"WebSite","@id":"https:\/\/kibrisdakik.com\/#website","url":"https:\/\/kibrisdakik.com\/","name":"","description":"Tam vaktinde haber","potentialAction":[{"@type":"SearchAction","target":{"@type":"EntryPoint","urlTemplate":"https:\/\/kibrisdakik.com\/?s={search_term_string}"},"query-input":{"@type":"PropertyValueSpecification","valueRequired":true,"valueName":"search_term_string"}}],"inLanguage":"tr"},{"@type":"Person","@id":"https:\/\/kibrisdakik.com\/#\/schema\/person\/9cd9d437bbb44f72b73ba127e06d8e79","name":"admin","image":{"@type":"ImageObject","inLanguage":"tr","@id":"https:\/\/secure.gravatar.com\/avatar\/ccc17943b9d660506c869530f897617f7cb1c21a4bf30023f252596d83e1f007?s=96&d=mm&r=g","url":"https:\/\/secure.gravatar.com\/avatar\/ccc17943b9d660506c869530f897617f7cb1c21a4bf30023f252596d83e1f007?s=96&d=mm&r=g","contentUrl":"https:\/\/secure.gravatar.com\/avatar\/ccc17943b9d660506c869530f897617f7cb1c21a4bf30023f252596d83e1f007?s=96&d=mm&r=g","caption":"admin"},"sameAs":["https:\/\/kibrisdakik.com"],"url":"https:\/\/kibrisdakik.com\/?author=1"}]}},"_links":{"self":[{"href":"https:\/\/kibrisdakik.com\/index.php?rest_route=\/wp\/v2\/posts\/65091","targetHints":{"allow":["GET"]}}],"collection":[{"href":"https:\/\/kibrisdakik.com\/index.php?rest_route=\/wp\/v2\/posts"}],"about":[{"href":"https:\/\/kibrisdakik.com\/index.php?rest_route=\/wp\/v2\/types\/post"}],"author":[{"embeddable":true,"href":"https:\/\/kibrisdakik.com\/index.php?rest_route=\/wp\/v2\/users\/1"}],"replies":[{"embeddable":true,"href":"https:\/\/kibrisdakik.com\/index.php?rest_route=%2Fwp%2Fv2%2Fcomments&post=65091"}],"version-history":[{"count":0,"href":"https:\/\/kibrisdakik.com\/index.php?rest_route=\/wp\/v2\/posts\/65091\/revisions"}],"wp:featuredmedia":[{"embeddable":true,"href":"https:\/\/kibrisdakik.com\/index.php?rest_route=\/wp\/v2\/media\/65092"}],"wp:attachment":[{"href":"https:\/\/kibrisdakik.com\/index.php?rest_route=%2Fwp%2Fv2%2Fmedia&parent=65091"}],"wp:term":[{"taxonomy":"category","embeddable":true,"href":"https:\/\/kibrisdakik.com\/index.php?rest_route=%2Fwp%2Fv2%2Fcategories&post=65091"},{"taxonomy":"post_tag","embeddable":true,"href":"https:\/\/kibrisdakik.com\/index.php?rest_route=%2Fwp%2Fv2%2Ftags&post=65091"}],"curies":[{"name":"wp","href":"https:\/\/api.w.org\/{rel}","templated":true}]}}