{"id":6511,"date":"2023-05-08T17:17:58","date_gmt":"2023-05-08T17:17:58","guid":{"rendered":"https:\/\/kibrisdakik.com\/index.php\/2023\/05\/08\/hado-tasucu-girne-seferine-basladi\/"},"modified":"2023-05-08T17:17:58","modified_gmt":"2023-05-08T17:17:58","slug":"hado-tasucu-girne-seferine-basladi","status":"publish","type":"post","link":"https:\/\/kibrisdakik.com\/?p=6511","title":{"rendered":"HADO, Ta\u015fucu-Girne seferine ba\u015flad\u0131"},"content":{"rendered":"<p><\/p>\n<div>\n<div class=\"mariselle-image-container center\">\n                <img width=\"710\" height=\"370\" class=\"lazy-image\" alt=\"\" decoding=\"async\" loading=\"lazy\" sizes=\"auto, (max-width: 710px) 100vw, 710px\" src=\"https:\/\/brtk.net\/wp-content\/uploads\/2023\/05\/08\/hado.webp?ver=5e3b7cba8ea4d736f8294c4fab374089\" srcset=\"https:\/\/brtk.net\/wp-content\/uploads\/2023\/05\/08\/hado.webp?ver=5e3b7cba8ea4d736f8294c4fab374089 710w, https:\/\/brtk.net\/wp-content\/uploads\/2023\/05\/08\/hado-300x156.webp?ver=bda287105dedd129a43969e414ac2398 300w\"\/>                            <\/div>\n<p> Hatay B\u00fcy\u00fck\u015fehir Belediyesi Deniz Otob\u00fcsleri \u0130\u015fletmesi\u2019nin (HADO), Ta\u015fucu \u2013 Girne kar\u015f\u0131l\u0131kl\u0131 deniz otob\u00fcs\u00fc seferleri ba\u015flad\u0131.<\/p>\n<p>HADO taraf\u0131ndan Girne\u2019ye ger\u00e7ekle\u015fen ilk seferde, Hatay B\u00fcy\u00fck\u015fehir Belediye Ba\u015fkan Vekili Adnan \u00d6zkaya ve beraberindeki heyet yer ald\u0131. Konuk heyeti Girne Turizm Liman\u0131\u2019nda Girne Belediye Ba\u015fkan\u0131 Murat \u015eenkul ve belediye y\u00f6neticileri kar\u015f\u0131lad\u0131.<\/p>\n<p>\u0130lk seferine ge\u00e7ti\u011fimiz y\u0131l may\u0131s ay\u0131nda ba\u015flayan HADO, hava \u015fartlar\u0131 nedeniyle seferlerine ara vermi\u015fti. Yeniden ba\u015flayan Hatay B\u00fcy\u00fck\u015fehir Belediyesi Deniz Otob\u00fcsleri \u0130\u015fletmesi (HADO) seferleri, Girne\u2019den sal\u0131, per\u015fembe ve pazar g\u00fcnleri; Ta\u015fucu\u2019ndan pazartesi, \u00e7ar\u015famba ve cuma g\u00fcnleri yap\u0131lacak. 2022 yaz sezonunda Hatay\u2019dan <a href=\"https:\/\/brtk.net\/\">KKTC<\/a>\u2019ye deniz ula\u015f\u0131m\u0131 ba\u015flatan HADO, 6 \u015eubat depreminde Hatay Liman\u0131\u2019n\u0131n zarar g\u00f6rmesi nedeniyle yaz sezonunda Girne-Ta\u015fucu hatt\u0131nda hizmet verecek<\/p>\n<\/p><\/div>\n<p><script async\n                    defer\n                    crossorigin=\"anonymous\"\n                    src=\"https:\/\/connect.facebook.net\/tr_TR\/sdk.js#xfbml=1&#038;version=v3.3\"\n            ><\/script><\/p>\n","protected":false},"excerpt":{"rendered":"<p>Hatay B\u00fcy\u00fck\u015fehir Belediyesi Deniz Otob\u00fcsleri \u0130\u015fletmesi\u2019nin (HADO), Ta\u015fucu \u2013 Girne kar\u015f\u0131l\u0131kl\u0131 deniz otob\u00fcs\u00fc seferleri ba\u015flad\u0131. HADO taraf\u0131ndan Girne\u2019ye ger\u00e7ekle\u015fen ilk seferde, Hatay B\u00fcy\u00fck\u015fehir Belediye Ba\u015fkan Vekili Adnan \u00d6zkaya ve beraberindeki heyet yer ald\u0131. Konuk heyeti Girne Turizm Liman\u0131\u2019nda Girne Belediye Ba\u015fkan\u0131 Murat \u015eenkul ve belediye y\u00f6neticileri kar\u015f\u0131lad\u0131. \u0130lk seferine ge\u00e7ti\u011fimiz y\u0131l may\u0131s ay\u0131nda ba\u015flayan HADO,<\/p>\n","protected":false},"author":1,"featured_media":6512,"comment_status":"open","ping_status":"open","sticky":false,"template":"","format":"standard","meta":{"footnotes":""},"categories":[1],"tags":[],"class_list":["post-6511","post","type-post","status-publish","format-standard","has-post-thumbnail","hentry","category-gundem"],"yoast_head":"<!-- This site is optimized with the Yoast SEO plugin v27.4 - https:\/\/yoast.com\/product\/yoast-seo-wordpress\/ -->\n<title>HADO, Ta\u015fucu-Girne seferine ba\u015flad\u0131 -<\/title>\n<meta name=\"robots\" content=\"index, follow, max-snippet:-1, max-image-preview:large, max-video-preview:-1\" \/>\n<link rel=\"canonical\" href=\"https:\/\/kibrisdakik.com\/?p=6511\" \/>\n<meta property=\"og:locale\" content=\"tr_TR\" \/>\n<meta property=\"og:type\" content=\"article\" \/>\n<meta property=\"og:title\" content=\"HADO, Ta\u015fucu-Girne seferine ba\u015flad\u0131 -\" \/>\n<meta property=\"og:description\" content=\"Hatay B\u00fcy\u00fck\u015fehir Belediyesi Deniz Otob\u00fcsleri \u0130\u015fletmesi\u2019nin (HADO), Ta\u015fucu \u2013 Girne kar\u015f\u0131l\u0131kl\u0131 deniz otob\u00fcs\u00fc seferleri ba\u015flad\u0131. HADO taraf\u0131ndan Girne\u2019ye ger\u00e7ekle\u015fen ilk seferde, Hatay B\u00fcy\u00fck\u015fehir Belediye Ba\u015fkan Vekili Adnan \u00d6zkaya ve beraberindeki heyet yer ald\u0131. Konuk heyeti Girne Turizm Liman\u0131\u2019nda Girne Belediye Ba\u015fkan\u0131 Murat \u015eenkul ve belediye y\u00f6neticileri kar\u015f\u0131lad\u0131. \u0130lk seferine ge\u00e7ti\u011fimiz y\u0131l may\u0131s ay\u0131nda ba\u015flayan HADO,\" \/>\n<meta property=\"og:url\" content=\"https:\/\/kibrisdakik.com\/?p=6511\" \/>\n<meta property=\"article:published_time\" content=\"2023-05-08T17:17:58+00:00\" \/>\n<meta property=\"og:image\" content=\"https:\/\/kibrisdakik.com\/wp-content\/uploads\/2023\/05\/hado.webp.webp\" \/>\n\t<meta property=\"og:image:width\" content=\"710\" \/>\n\t<meta property=\"og:image:height\" content=\"370\" \/>\n\t<meta property=\"og:image:type\" content=\"image\/webp\" \/>\n<meta name=\"author\" content=\"admin\" \/>\n<meta name=\"twitter:card\" content=\"summary_large_image\" \/>\n<meta name=\"twitter:label1\" content=\"Yazan:\" \/>\n\t<meta name=\"twitter:data1\" content=\"admin\" \/>\n\t<meta name=\"twitter:label2\" content=\"Tahmini okuma s\u00fcresi\" \/>\n\t<meta name=\"twitter:data2\" content=\"1 dakika\" \/>\n<script type=\"application\/ld+json\" class=\"yoast-schema-graph\">{\"@context\":\"https:\\\/\\\/schema.org\",\"@graph\":[{\"@type\":\"Article\",\"@id\":\"https:\\\/\\\/kibrisdakik.com\\\/?p=6511#article\",\"isPartOf\":{\"@id\":\"https:\\\/\\\/kibrisdakik.com\\\/?p=6511\"},\"author\":{\"name\":\"admin\",\"@id\":\"https:\\\/\\\/kibrisdakik.com\\\/#\\\/schema\\\/person\\\/9cd9d437bbb44f72b73ba127e06d8e79\"},\"headline\":\"HADO, Ta\u015fucu-Girne seferine ba\u015flad\u0131\",\"datePublished\":\"2023-05-08T17:17:58+00:00\",\"mainEntityOfPage\":{\"@id\":\"https:\\\/\\\/kibrisdakik.com\\\/?p=6511\"},\"wordCount\":161,\"commentCount\":0,\"image\":{\"@id\":\"https:\\\/\\\/kibrisdakik.com\\\/?p=6511#primaryimage\"},\"thumbnailUrl\":\"https:\\\/\\\/kibrisdakik.com\\\/wp-content\\\/uploads\\\/2023\\\/05\\\/hado.webp.webp\",\"articleSection\":[\"G\u00fcndem\"],\"inLanguage\":\"tr\",\"potentialAction\":[{\"@type\":\"CommentAction\",\"name\":\"Comment\",\"target\":[\"https:\\\/\\\/kibrisdakik.com\\\/?p=6511#respond\"]}]},{\"@type\":\"WebPage\",\"@id\":\"https:\\\/\\\/kibrisdakik.com\\\/?p=6511\",\"url\":\"https:\\\/\\\/kibrisdakik.com\\\/?p=6511\",\"name\":\"HADO, Ta\u015fucu-Girne seferine ba\u015flad\u0131 -\",\"isPartOf\":{\"@id\":\"https:\\\/\\\/kibrisdakik.com\\\/#website\"},\"primaryImageOfPage\":{\"@id\":\"https:\\\/\\\/kibrisdakik.com\\\/?p=6511#primaryimage\"},\"image\":{\"@id\":\"https:\\\/\\\/kibrisdakik.com\\\/?p=6511#primaryimage\"},\"thumbnailUrl\":\"https:\\\/\\\/kibrisdakik.com\\\/wp-content\\\/uploads\\\/2023\\\/05\\\/hado.webp.webp\",\"datePublished\":\"2023-05-08T17:17:58+00:00\",\"author\":{\"@id\":\"https:\\\/\\\/kibrisdakik.com\\\/#\\\/schema\\\/person\\\/9cd9d437bbb44f72b73ba127e06d8e79\"},\"breadcrumb\":{\"@id\":\"https:\\\/\\\/kibrisdakik.com\\\/?p=6511#breadcrumb\"},\"inLanguage\":\"tr\",\"potentialAction\":[{\"@type\":\"ReadAction\",\"target\":[\"https:\\\/\\\/kibrisdakik.com\\\/?p=6511\"]}]},{\"@type\":\"ImageObject\",\"inLanguage\":\"tr\",\"@id\":\"https:\\\/\\\/kibrisdakik.com\\\/?p=6511#primaryimage\",\"url\":\"https:\\\/\\\/kibrisdakik.com\\\/wp-content\\\/uploads\\\/2023\\\/05\\\/hado.webp.webp\",\"contentUrl\":\"https:\\\/\\\/kibrisdakik.com\\\/wp-content\\\/uploads\\\/2023\\\/05\\\/hado.webp.webp\",\"width\":710,\"height\":370},{\"@type\":\"BreadcrumbList\",\"@id\":\"https:\\\/\\\/kibrisdakik.com\\\/?p=6511#breadcrumb\",\"itemListElement\":[{\"@type\":\"ListItem\",\"position\":1,\"name\":\"Home\",\"item\":\"https:\\\/\\\/kibrisdakik.com\\\/\"},{\"@type\":\"ListItem\",\"position\":2,\"name\":\"HADO, Ta\u015fucu-Girne seferine ba\u015flad\u0131\"}]},{\"@type\":\"WebSite\",\"@id\":\"https:\\\/\\\/kibrisdakik.com\\\/#website\",\"url\":\"https:\\\/\\\/kibrisdakik.com\\\/\",\"name\":\"\",\"description\":\"Tam vaktinde haber\",\"potentialAction\":[{\"@type\":\"SearchAction\",\"target\":{\"@type\":\"EntryPoint\",\"urlTemplate\":\"https:\\\/\\\/kibrisdakik.com\\\/?s={search_term_string}\"},\"query-input\":{\"@type\":\"PropertyValueSpecification\",\"valueRequired\":true,\"valueName\":\"search_term_string\"}}],\"inLanguage\":\"tr\"},{\"@type\":\"Person\",\"@id\":\"https:\\\/\\\/kibrisdakik.com\\\/#\\\/schema\\\/person\\\/9cd9d437bbb44f72b73ba127e06d8e79\",\"name\":\"admin\",\"image\":{\"@type\":\"ImageObject\",\"inLanguage\":\"tr\",\"@id\":\"https:\\\/\\\/secure.gravatar.com\\\/avatar\\\/ccc17943b9d660506c869530f897617f7cb1c21a4bf30023f252596d83e1f007?s=96&d=mm&r=g\",\"url\":\"https:\\\/\\\/secure.gravatar.com\\\/avatar\\\/ccc17943b9d660506c869530f897617f7cb1c21a4bf30023f252596d83e1f007?s=96&d=mm&r=g\",\"contentUrl\":\"https:\\\/\\\/secure.gravatar.com\\\/avatar\\\/ccc17943b9d660506c869530f897617f7cb1c21a4bf30023f252596d83e1f007?s=96&d=mm&r=g\",\"caption\":\"admin\"},\"sameAs\":[\"https:\\\/\\\/kibrisdakik.com\"],\"url\":\"https:\\\/\\\/kibrisdakik.com\\\/?author=1\"}]}<\/script>\n<!-- \/ Yoast SEO plugin. -->","yoast_head_json":{"title":"HADO, Ta\u015fucu-Girne seferine ba\u015flad\u0131 -","robots":{"index":"index","follow":"follow","max-snippet":"max-snippet:-1","max-image-preview":"max-image-preview:large","max-video-preview":"max-video-preview:-1"},"canonical":"https:\/\/kibrisdakik.com\/?p=6511","og_locale":"tr_TR","og_type":"article","og_title":"HADO, Ta\u015fucu-Girne seferine ba\u015flad\u0131 -","og_description":"Hatay B\u00fcy\u00fck\u015fehir Belediyesi Deniz Otob\u00fcsleri \u0130\u015fletmesi\u2019nin (HADO), Ta\u015fucu \u2013 Girne kar\u015f\u0131l\u0131kl\u0131 deniz otob\u00fcs\u00fc seferleri ba\u015flad\u0131. HADO taraf\u0131ndan Girne\u2019ye ger\u00e7ekle\u015fen ilk seferde, Hatay B\u00fcy\u00fck\u015fehir Belediye Ba\u015fkan Vekili Adnan \u00d6zkaya ve beraberindeki heyet yer ald\u0131. Konuk heyeti Girne Turizm Liman\u0131\u2019nda Girne Belediye Ba\u015fkan\u0131 Murat \u015eenkul ve belediye y\u00f6neticileri kar\u015f\u0131lad\u0131. \u0130lk seferine ge\u00e7ti\u011fimiz y\u0131l may\u0131s ay\u0131nda ba\u015flayan HADO,","og_url":"https:\/\/kibrisdakik.com\/?p=6511","article_published_time":"2023-05-08T17:17:58+00:00","og_image":[{"width":710,"height":370,"url":"https:\/\/kibrisdakik.com\/wp-content\/uploads\/2023\/05\/hado.webp.webp","type":"image\/webp"}],"author":"admin","twitter_card":"summary_large_image","twitter_misc":{"Yazan:":"admin","Tahmini okuma s\u00fcresi":"1 dakika"},"schema":{"@context":"https:\/\/schema.org","@graph":[{"@type":"Article","@id":"https:\/\/kibrisdakik.com\/?p=6511#article","isPartOf":{"@id":"https:\/\/kibrisdakik.com\/?p=6511"},"author":{"name":"admin","@id":"https:\/\/kibrisdakik.com\/#\/schema\/person\/9cd9d437bbb44f72b73ba127e06d8e79"},"headline":"HADO, Ta\u015fucu-Girne seferine ba\u015flad\u0131","datePublished":"2023-05-08T17:17:58+00:00","mainEntityOfPage":{"@id":"https:\/\/kibrisdakik.com\/?p=6511"},"wordCount":161,"commentCount":0,"image":{"@id":"https:\/\/kibrisdakik.com\/?p=6511#primaryimage"},"thumbnailUrl":"https:\/\/kibrisdakik.com\/wp-content\/uploads\/2023\/05\/hado.webp.webp","articleSection":["G\u00fcndem"],"inLanguage":"tr","potentialAction":[{"@type":"CommentAction","name":"Comment","target":["https:\/\/kibrisdakik.com\/?p=6511#respond"]}]},{"@type":"WebPage","@id":"https:\/\/kibrisdakik.com\/?p=6511","url":"https:\/\/kibrisdakik.com\/?p=6511","name":"HADO, Ta\u015fucu-Girne seferine ba\u015flad\u0131 -","isPartOf":{"@id":"https:\/\/kibrisdakik.com\/#website"},"primaryImageOfPage":{"@id":"https:\/\/kibrisdakik.com\/?p=6511#primaryimage"},"image":{"@id":"https:\/\/kibrisdakik.com\/?p=6511#primaryimage"},"thumbnailUrl":"https:\/\/kibrisdakik.com\/wp-content\/uploads\/2023\/05\/hado.webp.webp","datePublished":"2023-05-08T17:17:58+00:00","author":{"@id":"https:\/\/kibrisdakik.com\/#\/schema\/person\/9cd9d437bbb44f72b73ba127e06d8e79"},"breadcrumb":{"@id":"https:\/\/kibrisdakik.com\/?p=6511#breadcrumb"},"inLanguage":"tr","potentialAction":[{"@type":"ReadAction","target":["https:\/\/kibrisdakik.com\/?p=6511"]}]},{"@type":"ImageObject","inLanguage":"tr","@id":"https:\/\/kibrisdakik.com\/?p=6511#primaryimage","url":"https:\/\/kibrisdakik.com\/wp-content\/uploads\/2023\/05\/hado.webp.webp","contentUrl":"https:\/\/kibrisdakik.com\/wp-content\/uploads\/2023\/05\/hado.webp.webp","width":710,"height":370},{"@type":"BreadcrumbList","@id":"https:\/\/kibrisdakik.com\/?p=6511#breadcrumb","itemListElement":[{"@type":"ListItem","position":1,"name":"Home","item":"https:\/\/kibrisdakik.com\/"},{"@type":"ListItem","position":2,"name":"HADO, Ta\u015fucu-Girne seferine ba\u015flad\u0131"}]},{"@type":"WebSite","@id":"https:\/\/kibrisdakik.com\/#website","url":"https:\/\/kibrisdakik.com\/","name":"","description":"Tam vaktinde haber","potentialAction":[{"@type":"SearchAction","target":{"@type":"EntryPoint","urlTemplate":"https:\/\/kibrisdakik.com\/?s={search_term_string}"},"query-input":{"@type":"PropertyValueSpecification","valueRequired":true,"valueName":"search_term_string"}}],"inLanguage":"tr"},{"@type":"Person","@id":"https:\/\/kibrisdakik.com\/#\/schema\/person\/9cd9d437bbb44f72b73ba127e06d8e79","name":"admin","image":{"@type":"ImageObject","inLanguage":"tr","@id":"https:\/\/secure.gravatar.com\/avatar\/ccc17943b9d660506c869530f897617f7cb1c21a4bf30023f252596d83e1f007?s=96&d=mm&r=g","url":"https:\/\/secure.gravatar.com\/avatar\/ccc17943b9d660506c869530f897617f7cb1c21a4bf30023f252596d83e1f007?s=96&d=mm&r=g","contentUrl":"https:\/\/secure.gravatar.com\/avatar\/ccc17943b9d660506c869530f897617f7cb1c21a4bf30023f252596d83e1f007?s=96&d=mm&r=g","caption":"admin"},"sameAs":["https:\/\/kibrisdakik.com"],"url":"https:\/\/kibrisdakik.com\/?author=1"}]}},"_links":{"self":[{"href":"https:\/\/kibrisdakik.com\/index.php?rest_route=\/wp\/v2\/posts\/6511","targetHints":{"allow":["GET"]}}],"collection":[{"href":"https:\/\/kibrisdakik.com\/index.php?rest_route=\/wp\/v2\/posts"}],"about":[{"href":"https:\/\/kibrisdakik.com\/index.php?rest_route=\/wp\/v2\/types\/post"}],"author":[{"embeddable":true,"href":"https:\/\/kibrisdakik.com\/index.php?rest_route=\/wp\/v2\/users\/1"}],"replies":[{"embeddable":true,"href":"https:\/\/kibrisdakik.com\/index.php?rest_route=%2Fwp%2Fv2%2Fcomments&post=6511"}],"version-history":[{"count":0,"href":"https:\/\/kibrisdakik.com\/index.php?rest_route=\/wp\/v2\/posts\/6511\/revisions"}],"wp:featuredmedia":[{"embeddable":true,"href":"https:\/\/kibrisdakik.com\/index.php?rest_route=\/wp\/v2\/media\/6512"}],"wp:attachment":[{"href":"https:\/\/kibrisdakik.com\/index.php?rest_route=%2Fwp%2Fv2%2Fmedia&parent=6511"}],"wp:term":[{"taxonomy":"category","embeddable":true,"href":"https:\/\/kibrisdakik.com\/index.php?rest_route=%2Fwp%2Fv2%2Fcategories&post=6511"},{"taxonomy":"post_tag","embeddable":true,"href":"https:\/\/kibrisdakik.com\/index.php?rest_route=%2Fwp%2Fv2%2Ftags&post=6511"}],"curies":[{"name":"wp","href":"https:\/\/api.w.org\/{rel}","templated":true}]}}