{"id":6519,"date":"2023-05-08T21:22:59","date_gmt":"2023-05-08T21:22:59","guid":{"rendered":"https:\/\/kibrisdakik.com\/index.php\/2023\/05\/08\/meclis-genel-kurulu-devam-ediyor\/"},"modified":"2023-05-08T21:22:59","modified_gmt":"2023-05-08T21:22:59","slug":"meclis-genel-kurulu-devam-ediyor","status":"publish","type":"post","link":"https:\/\/kibrisdakik.com\/?p=6519","title":{"rendered":"Meclis Genel Kurulu devam ediyor"},"content":{"rendered":"<p><\/p>\n<div>\n<div class=\"mariselle-image-container center\">\n                <img width=\"1800\" height=\"1200\" class=\"lazy-image\" alt=\"\" decoding=\"async\" loading=\"lazy\" sizes=\"auto, (max-width: 1800px) 100vw, 1800px\" src=\"https:\/\/brtk.net\/wp-content\/uploads\/2023\/05\/08\/meclis-2-36.jpg?ver=9bea76647c6df0566fc263d83d317858\" srcset=\"https:\/\/brtk.net\/wp-content\/uploads\/2023\/05\/08\/meclis-2-36.jpg?ver=9bea76647c6df0566fc263d83d317858 1800w, https:\/\/brtk.net\/wp-content\/uploads\/2023\/05\/08\/meclis-2-36-300x200.jpg?ver=9bea76647c6df0566fc263d83d317858 300w, https:\/\/brtk.net\/wp-content\/uploads\/2023\/05\/08\/meclis-2-36-1024x683.jpg?ver=9bea76647c6df0566fc263d83d317858 1024w, https:\/\/brtk.net\/wp-content\/uploads\/2023\/05\/08\/meclis-2-36-768x512.jpg?ver=f0cfe6e444a0119edd9b8518ac1a9526 768w, https:\/\/brtk.net\/wp-content\/uploads\/2023\/05\/08\/meclis-2-36-1536x1024.jpg?ver=f0cfe6e444a0119edd9b8518ac1a9526 1536w\"\/>                            <\/div>\n<p>\nCumhuriyet Meclisi Genel Kurulu, Kuzey K\u0131br\u0131s T\u00fcrk Cumhuriyeti H\u00fck\u00fcmeti ile T\u00fcrkiye Cumhuriyeti H\u00fck\u00fcmeti Aras\u0131nda Sa\u011fl\u0131k ve T\u0131p Bilimleri Alanlar\u0131nda \u0130\u015f Birli\u011fine Dair Anla\u015fma (Onay) Yasa Tasar\u0131s\u0131\u2019n\u0131 ele almaya devam ediyor.<\/p>\n<p>-Birinci<\/p>\n<p>Konu hakk\u0131nda s\u00f6z alan <a href=\"https:\/\/brtk.net\/\"\/><a href=\"https:\/\/brtk.net\/\"\/><a href=\"https:\/\/brtk.net\/\"\/><a href=\"https:\/\/brtk.net\/\"\/><a href=\"https:\/\/brtk.net\/\"\/><a href=\"https:\/\/brtk.net\/\">CTP<\/a> Milletvekili Ceyhun Birinici, hafta sonu sald\u0131r\u0131ya u\u011frayan doktor Sadrettin Tu\u011fcu\u2019ya ge\u00e7mi\u015f olsun dileklerinde bulunarak, hekim ve sa\u011fl\u0131k \u00e7al\u0131\u015fanlar\u0131n\u0131n kar\u015f\u0131 kar\u015f\u0131ya kald\u0131\u011f\u0131 sorunlar konusunda defalarca uyar\u0131lar yap\u0131lmas\u0131na ra\u011fmen, konuya \u00e7\u00f6z\u00fcm bulunmas\u0131 konusunda \u00e7ok ge\u00e7 kal\u0131nd\u0131\u011f\u0131n\u0131 kaydetti.<\/p>\n<p>T\u00fcrkiye ile protokollerin de\u011fi\u015fik de\u011fi\u015fik alanlarda g\u00fcndeme gelmesini ele\u015ftiren Birinci, i\u00e7eri\u011fi a\u00e7\u0131klanmayan protokollerin meclisin g\u00fcndemine de \u00e7ok ge\u00e7 geldi\u011fini, sa\u011fl\u0131kla ilgili protokol\u00fcn de 2022\u2019de imzaland\u0131\u011f\u0131n\u0131 ancak, meclisin g\u00fcndemine \u015fimdi getirildi\u011fini s\u00f6yledi.<\/p>\n<p>Bu protokollerin imzalanmadan \u00f6nce ilgili payda\u015flarla ele al\u0131nmamas\u0131n\u0131 de ele\u015ftiren Birinci, protokol\u00fcn i\u00e7eri\u011fine de\u011findi.<\/p>\n<p>Birinci, protokolde yer alan maddelerin altlar\u0131n\u0131n doldurulmad\u0131\u011f\u0131n\u0131, bunun \u00e7ok tehlikeli oldu\u011funu, sa\u011fl\u0131kta bir devaml\u0131l\u0131k olmas\u0131 gerekti\u011fini, dolay\u0131s\u0131yla alt\u0131 doldurulmayan maddelerin bakan de\u011fi\u015fikli\u011fi halinde \u00e7ok ciddi sorunlara yol a\u00e7abilece\u011fine i\u015faret etti. Birinci, protokol\u00fcn i\u00e7erdi\u011fi tek olumlu maddenin, \u00e7ift uyruklular\u0131n hastanede mecburi hizmetini yapabilmesi oldu\u011funu, ancak bu maddenin de eksik b\u0131rak\u0131ld\u0131\u011f\u0131n\u0131 kaydetti.<\/p>\n<p>Birinci, kamu hastanelerinin bir \u015firkete ba\u011flanmas\u0131 gibi bir durum oldu\u011funu bunun \u00e7ok tehlikeli oldu\u011funu s\u00f6yledi. Birinci, bu protokol\u00fcn meclisten ge\u00e7memesi gerekti\u011fini ifade etti.    <\/p>\n<p>-Rogers<\/p>\n<p>Ba\u011f\u0131ms\u0131z Milletvekili Jale Refik Rogers da, hafta sonu ya\u015fanan doktora y\u00f6nelik \u015fiddet olay\u0131n\u0131 k\u0131nayarak, ge\u00e7mi\u015f olsun dile\u011finde bulundu.<\/p>\n<p>H\u00fck\u00fcmetlerin sadece k\u0131namak i\u00e7in de\u011fil, asl\u0131nda de\u011fi\u015fimi ba\u015farmak i\u00e7in g\u00f6rev yapt\u0131klar\u0131n\u0131 ifade eden Rogers, her g\u00fcn daha g\u00f6r\u00fcn\u00fcr olan \u015fiddet olaylar\u0131 i\u00e7in h\u00fck\u00fcmetin hi\u00e7bir \u015fey yapmad\u0131\u011f\u0131n\u0131 savundu.<\/p>\n<p>H\u00fck\u00fcmetin sosyal politikalardan \u00e7ok uzak oldu\u011funu kaydeden Rogers, k\u0131namak yerine art\u0131k bir ad\u0131m at\u0131ld\u0131\u011f\u0131n\u0131 g\u00f6rmek istediklerini s\u00f6yledi.<\/p>\n<p>Protokol\u00fcn \u00f6nce iyi bir ama\u00e7 i\u00e7in imzaland\u0131\u011f\u0131 bilgisini ald\u0131klar\u0131n\u0131 ancak son dakikaya kadar protokol\u00fc g\u00f6rme \u015fanslar\u0131 olmad\u0131\u011f\u0131n\u0131 kaydeden Rogers, yang\u0131ndan mal ka\u00e7\u0131r\u0131r gibi bir protokol imzalanmaya \u00e7al\u0131\u015f\u0131ld\u0131\u011f\u0131n\u0131 belirtti. Rogers, protokolde ucu a\u00e7\u0131k, alt\u0131 doldurulmayan bir \u00e7ok madde bulundu\u011funu, bunun \u00e7ok tehlikeli oldu\u011funu kaydetti.<\/p>\n<p>Protokol\u00fcn baz\u0131 maddelerine de de\u011finen Rogers, protokolde yer alan \u00f6zel bir \u015firketten hizmet al\u0131nmas\u0131 konusunu ele\u015ftirdi. Rogers, geleneksel ve tamamlay\u0131c\u0131 t\u0131p konusunda \u201cne yap\u0131lmamas\u0131n\u0131 d\u00fczenleyen\u201d bir madde olmas\u0131n\u0131 \u00fcmit etti\u011fini belirtti.<\/p>\n<p>Protokol\u00fcn T\u00fcrkiye kanad\u0131n\u0131n baz\u0131 y\u00fck\u00fcml\u00fcl\u00fcklerini bir \u00f6zel \u015firkete devredebilir ibaresinin \u00e7ok ucu a\u00e7\u0131k oldu\u011funu, bunun da \u00e7ok ciddi tehlikeler i\u00e7erdi\u011fine i\u015faret eden Rogers, sa\u011fl\u0131k alan\u0131nda \u00e7ok ciddi \u00e7al\u0131\u015fmalar yap\u0131lmas\u0131 gerekti\u011fini s\u00f6yledi.<\/p>\n<p>Rogers, sa\u011fl\u0131k sistemin y\u00f6netilebilmesi konusunda samimiyse h\u00fck\u00fcmetin bir komite kurarak, yasalar\u0131n ge\u00e7irilmesi ve yap\u0131lacaklar\u0131n h\u0131zl\u0131ca yap\u0131labilmesinin \u00f6n\u00fcn\u00fc a\u00e7mas\u0131 gerekti\u011fini kaydetti.<\/p>\n<p>-\u0130ncirli<\/p>\n<p><a href=\"https:\/\/brtk.net\/\"\/><a href=\"https:\/\/brtk.net\/\"\/><a href=\"https:\/\/brtk.net\/\"\/><a href=\"https:\/\/brtk.net\/\"\/><a href=\"https:\/\/brtk.net\/\"\/><a href=\"https:\/\/brtk.net\/\">CTP<\/a> Milletvekili S\u0131la Usar \u0130ncirli de, g\u00f6r\u00fc\u015f\u00fclen yasan\u0131n  \u00f6nemine i\u015faret ederek, bu s\u00f6zle\u015fmenin sak\u0131ncalar\u0131n\u0131 ve mahsurlu maddeler bulundu\u011funu anlatmaya \u00e7al\u0131\u015ft\u0131klar\u0131n\u0131 kaydetti.<\/p>\n<p>Sa\u011fl\u0131k sisteminin kendi ayaklar\u0131 \u00fczerinde durmas\u0131 i\u00e7in \u00e7ok \u00e7al\u0131\u015f\u0131ld\u0131\u011f\u0131na i\u015faret eden \u0130ncirli, \u015fu an baz\u0131 konularda ciddi eksiklikler ve hekim eksiklikleri olsa da bunlar\u0131n sebeplerinin ara\u015ft\u0131r\u0131larak, planlamalar\u0131n yap\u0131lmas\u0131 gerekti\u011fini belirtti.<\/p>\n<p>Hekim ithal etmeye y\u00f6nelik bir s\u00f6zle\u015fmeye izinleri olmad\u0131\u011f\u0131n\u0131, hekim eksikli\u011finin hekim ithal edilerek giderilemeyece\u011fini vurgulayan \u0130ncirli, bunun Anayasa\u2019ya da ayk\u0131r\u0131 oldu\u011funu ve sa\u011fl\u0131\u011f\u0131n bir \u00f6zel \u015firkete devredilemeyece\u011fini savundu.<\/p>\n<p>Protokol\u00fcn \u00f6zel bir \u015firketle de\u011fil, bir devletle yap\u0131labilece\u011fini ifade eden \u0130ncirli, bu protokol\u00fcn K\u0131br\u0131s T\u00fcrk Tabipleri Birli\u011fi Yasas\u0131\u2019na da ayk\u0131r\u0131 oldu\u011funu vurgulad\u0131.<\/p>\n<p>\u0130htiya\u00e7lar do\u011frultusunda bir protokol haz\u0131rlanmas\u0131n\u0131n en do\u011frusu oldu\u011funa de\u011finen \u0130ncirli, geleneksel ve tamamlay\u0131c\u0131 t\u0131p konusunda da ele\u015ftirilerde bulundu.<\/p>\n<p>\u201cBizim \u00fclkemizde kan\u0131ta dayal\u0131 t\u0131pla hizmetlerimizi s\u00fcrd\u00fcr\u00fcr\u00fcz\u201d diyen \u0130ncirli, bunun \u00e7ok mahsurlu bir konu oldu\u011funu kaydetti.<\/p>\n<p>\u00dclkenin veri toplama konusundaki s\u0131k\u0131nt\u0131lar\u0131n\u0131 kendi \u00e7\u00f6zmesi gerekti\u011fine de\u011finen \u0130ncirli, ad\u0131 ge\u00e7en yasas\u0131n\u0131n Ki\u015fisel Verilerin Korunmas\u0131 Yasas\u0131\u2019yla da uyumsuzlu\u011fu oldu\u011funu savundu.<\/p>\n<p>\u201cKendi mevzuat\u0131m\u0131z\u0131n hilaf\u0131na yap\u0131lan her i\u015f d\u00f6n\u00fcp bizi zora sokar\u201d diyen \u0130ncirli, as\u0131l ihtiyac\u0131n, t\u0131p e\u011fitimiyle ilgili i\u015fbirli\u011fi oldu\u011funu s\u00f6yledi.<\/p>\n<p>\u201cBu \u00fclkede aile hekimli\u011fi yoktur. Olmayan bir m\u00fcessesenin protokol i\u00e7inde ne i\u015fi var\u201d diyen \u0130ncirli, T\u00fcrkiye\u2019ye her giden bakan\u0131n koltu\u011funun alt\u0131na bir s\u00f6zle\u015fme al\u0131p geldi\u011fini savunarak, durumu ele\u015ftirdi.<\/p>\n<p>\u0130ncirli, yasaya onay vermelerinin m\u00fcmk\u00fcn olmad\u0131\u011f\u0131n\u0131 vurgulad\u0131.<\/p>\n<p>-Solyal\u0131<\/p>\n<p><a href=\"https:\/\/brtk.net\/\"\/><a href=\"https:\/\/brtk.net\/\"\/><a href=\"https:\/\/brtk.net\/\"\/><a href=\"https:\/\/brtk.net\/\"\/><a href=\"https:\/\/brtk.net\/\"\/><a href=\"https:\/\/brtk.net\/\">CTP<\/a> Milletvekili \u00dcr\u00fcn Solyal\u0131 da, \u00f6zellikle son g\u00fcnlerde sa\u011fl\u0131k \u00e7al\u0131\u015fanlar\u0131n\u0131n u\u011frad\u0131\u011f\u0131 \u015fiddet olaylar\u0131n\u0131 asla kabul etmeyeceklerini s\u00f6yledi. Solyal\u0131, ayn\u0131 sald\u0131rgan taraf\u0131ndan bir avukata sald\u0131r\u0131lmas\u0131n\u0131 da k\u0131nad\u0131.<\/p>\n<p>Muhalefetin protokol\u00fc ele\u015ftirmesi s\u0131ras\u0131nda h\u00fck\u00fcmetin Meclis\u2019te olmamas\u0131n\u0131n nedenin ne oldu\u011funu soran Solyal\u0131, protokolle ilgili her \u015feyin yanl\u0131\u015f ba\u015flay\u0131p, sonland\u0131r\u0131ld\u0131\u011f\u0131n\u0131 kaydetti.<\/p>\n<p>\u0130lgili payda\u015flarla protokol\u00fcn payla\u015f\u0131lmamas\u0131n\u0131 ele\u015ftiren Solayl\u0131, sa\u011fl\u0131k \u00e7al\u0131\u015fanlar\u0131n\u0131 temsil eden b\u00fct\u00fcn \u00f6rg\u00fctlerin kar\u015f\u0131 a\u00e7\u0131klama yapmas\u0131n\u0131n dikkate al\u0131nmas\u0131 gerekti\u011fini d\u00fc\u015f\u00fcnd\u00fcklerini s\u00f6yledi. Solyal\u0131, h\u00fck\u00fcmetin bunu \u00f6nemsemesi gerekti\u011fini belirtti.<\/p>\n<p>Protokolde ucu buca\u011f\u0131 olmayan baz\u0131 yetkilerin bir \u00f6zel \u015firkete (USA\u015e) devredildi\u011fini, egemenli\u011fin direkt devri anlam\u0131na gelebilecek bir yetkinin bu \u00f6zel \u015firkete verildi\u011fini s\u00f6yleyen Solayl\u0131, bunun tehlikelerine dikkat \u00e7ekti.  <\/p>\n<p>\u201cDevlete, neden bir arac\u0131 \u015firkete ihtiyac\u0131 oldu\u011funu soruyoruz\u201d diyen Solyal\u0131, s\u00f6zle\u015fmelerin, yasalar\u0131n \u00fczerinde metinler oldu\u011funu s\u00f6yledi. S\u00f6zle\u015fmelerin Anaysa Mahkemesi\u2019ne ba\u015fvuruyu engelleyen durumlar oldu\u011funa i\u015faret eden Solyal\u0131, b\u00f6ylesine \u00f6nemli bir metnin \u00e7ok sorgulanmadan nas\u0131l imzaland\u0131\u011f\u0131n\u0131 \u00f6\u011frenmek istediklerini belirtti.<\/p>\n<p>-Derya<\/p>\n<p><a href=\"https:\/\/brtk.net\/\"\/><a href=\"https:\/\/brtk.net\/\"\/><a href=\"https:\/\/brtk.net\/\"\/><a href=\"https:\/\/brtk.net\/\"\/><a href=\"https:\/\/brtk.net\/\"\/><a href=\"https:\/\/brtk.net\/\">CTP<\/a> Milletvekili Do\u011fu\u015f Derya da, bundan 3 sene \u00f6nce ya\u015fanan pandemiye de\u011finerek, pandemiyle birlikte sa\u011fl\u0131k alan\u0131nda \u00f6zelle\u015fme ve \u015firketle\u015fmenin s\u0131k\u0131nt\u0131lar\u0131n\u0131n birebir g\u00f6r\u00fcld\u00fc\u011f\u00fcn\u00fc anlatt\u0131.<\/p>\n<p>Derya, T\u00fcrkiye\u2019de bir s\u00fcredir kamunun vermesi gereken hizmetlerin sa\u011fl\u0131k \u015firketleri taraf\u0131ndan verilemeye ba\u015fland\u0131\u011f\u0131n\u0131, devletin kendisinin \u015firketle\u015fti\u011fini ve temel hak olan sa\u011fl\u0131\u011f\u0131n sat\u0131n al\u0131nan bir metaya d\u00f6n\u00fc\u015ft\u00fcr\u00fcld\u00fc\u011f\u00fcn\u00fc belirtti. <\/p>\n<p>Protokollerle birlikte \u00fclkede de bunun yap\u0131lmaya \u00e7al\u0131\u015f\u0131ld\u0131\u011f\u0131n\u0131 kaydeden Derya, iki devlet aras\u0131nda olmas\u0131 gereken anla\u015fmalara \u00f6zel \u015firketlerin kar\u0131\u015ft\u0131r\u0131lmas\u0131n\u0131 ele\u015ftirerek, USA\u015e\u2019\u0131n faaliyetlerine de\u011findi.<\/p>\n<p>T\u00fcrkiye\u2019de hekimlerin \u00e7ok d\u00fc\u015f\u00fck \u00fccretlere, \u00e7ok k\u00f6t\u00fc \u015fartlarda \u00e7al\u0131\u015ft\u0131r\u0131ld\u0131\u011f\u0131n\u0131, can g\u00fcveli\u011fi olmad\u0131\u011f\u0131n\u0131 anlatan Derya, \u201cNas\u0131l bunlara imza at\u0131yorsunuz, ne oluyor da bunlara raz\u0131 oluyorsunuz\u201d diye sordu.<\/p>\n<p>\u00dclkelerin \u00e7e\u015fitli verilerinin protokollerle devredildi\u011fini savunan Derya, ki\u015fisel verilerin korunmas\u0131n\u0131n en temel insan haklar\u0131ndan biri oldu\u011funu ve bunun nas\u0131l olur da ba\u015fkas\u0131na verilebilece\u011fini sordu.<\/p>\n<p>Bir ba\u015fka \u00fclkeyle organ nakli konusunda anla\u015fma yapma konusunun nerden \u00e7\u0131kt\u0131\u011f\u0131n\u0131 da \u00f6\u011frenmek istedi\u011fini ifade eden Derya, \u201cBirka\u00e7 tane \u015firketin a\u011fz\u0131na verilmi\u015f durumdad\u0131r bu \u00fclkedeki insanlar\u0131n en temel insan haklar\u0131\u201d dedi. \u201cZarar\u0131n neresinden d\u00f6n\u00fclse kard\u0131r\u201d diyen Derya, bunun d\u00fczeltilmesini istedi.<\/p>\n<p>-\u015eahali<\/p>\n<p><a href=\"https:\/\/brtk.net\/\"\/><a href=\"https:\/\/brtk.net\/\"\/><a href=\"https:\/\/brtk.net\/\"\/><a href=\"https:\/\/brtk.net\/\"\/><a href=\"https:\/\/brtk.net\/\"\/><a href=\"https:\/\/brtk.net\/\">CTP<\/a> Milletvekili Erkut \u015eahali, talihsiz bir sald\u0131r\u0131ya maruz kalan Doktor Sadrettin Tu\u011fcu\u2019ya ge\u00e7mi\u015f olsun dileklerinde bulundu.<\/p>\n<p>Meclis \u00f6n\u00fcnde eylem yapan sa\u011fl\u0131k \u00e7al\u0131\u015fanlar\u0131n\u0131n mesaj\u0131 olan \u201cBug\u00fcn bizi, yar\u0131n sizi\u201d d\u00f6vizini k\u00fcrs\u00fcye koyarak konu\u015fan \u015eahali, Thallasaemia hastalar\u0131n\u0131n en \u00f6nemli ihtiyac\u0131 olan kan ba\u011f\u0131\u015f\u0131 konusunda vatanda\u015flar\u0131n duyarl\u0131 davranmas\u0131n\u0131 istedi.<\/p>\n<p>Bug\u00fcn tart\u0131\u015f\u0131lan protokole <a href=\"https:\/\/brtk.net\/\"\/><a href=\"https:\/\/brtk.net\/\">KKTC<\/a> taraf\u0131ndan en k\u00fc\u00e7\u00fck bir katk\u0131 konmad\u0131\u011f\u0131na inan\u00e7 belirten \u015eahali, protokol\u00fcn do\u011frudan cebe s\u0131k\u0131\u015ft\u0131r\u0131lm\u0131\u015f bir anla\u015fma oldu\u011funu savundu.<\/p>\n<p>\u0130\u00e7erdi\u011fi baz\u0131 unsurlar\u0131n \u00fclkede olmamas\u0131n\u0131n bu inanc\u0131n\u0131 do\u011frulad\u0131\u011f\u0131n\u0131 ifade eden \u015eahali, \u00fclkede aile hekimli\u011fi olmamas\u0131n\u0131n bunlardan biri oldu\u011funu s\u00f6yledi.  <\/p>\n<p>\u015eahali, kat\u0131l\u0131mc\u0131l\u0131\u011fa kapal\u0131 ve i\u00e7eri\u011fi bilinmeden imzalanan bu ve buna bezer anla\u015fmalar\u0131n \u00e7ok oldu\u011funa i\u015faret ederek, ele\u015ftirdi.<\/p>\n<p><a href=\"https:\/\/brtk.net\/\"\/><a href=\"https:\/\/brtk.net\/\">KKTC<\/a>\u2019nin bir devlet oldu\u011funu ve K\u0131br\u0131s\u2019\u0131n kuzeyinde kurulu bir yap\u0131 oldu\u011funun unutuldu\u011fu her durumun \u00fclkede s\u0131k\u0131nt\u0131 yaratt\u0131\u011f\u0131na dikkat \u00e7eken \u015eahali, USA\u015e\u2019la <a href=\"https:\/\/brtk.net\/\"\/><a href=\"https:\/\/brtk.net\/\">KKTC<\/a> devletinin muhatap k\u0131l\u0131nmas\u0131n\u0131 da ele\u015ftirerek, bu konunun ak\u0131l al\u0131r y\u00f6n\u00fc bulunmad\u0131\u011f\u0131n\u0131 kaydetti.<\/p>\n<p>Sa\u011fl\u0131k yat\u0131r\u0131mlar\u0131 konusunun izaha muhta\u00e7 oldu\u011funa i\u015faret eden \u015eahali, \u201cH\u00fck\u00fcmetin en b\u00fcy\u00fck \u00e7eli\u015fkisinin kamu t\u00fczel meslek kurulu\u015flar\u0131n\u0131n ne anlama geldi\u011fini anlamamas\u0131d\u0131r\u201d dedi.<\/p>\n<p>\u00dclkeye hekim getirilmesi ve \u00e7al\u0131\u015ft\u0131r\u0131lmas\u0131n\u0131n ancak K\u0131br\u0131s T\u00fcrk Tabipleri Birli\u011fi\u2019nin izniyle m\u00fcmk\u00fcn olabilece\u011fini an\u0131msatan \u015eahali, bunun g\u00f6rmezden gelindi\u011fini s\u00f6yledi.<\/p>\n<p>\u015eahali, bu anla\u015fman\u0131n imzac\u0131lar\u0131n\u0131n haberi olmadan imzalanan anla\u015fmalardan biri oldu\u011funun kan\u0131t\u0131 oldu\u011funu savunarak, b\u00f6yle bir anla\u015fman\u0131n Meclis\u2019e bir daha getirilmemesini temenni etti.<\/p>\n<p>-\u00d6zdenefe<\/p>\n<p><a href=\"https:\/\/brtk.net\/\"\/><a href=\"https:\/\/brtk.net\/\"\/><a href=\"https:\/\/brtk.net\/\"\/><a href=\"https:\/\/brtk.net\/\"\/><a href=\"https:\/\/brtk.net\/\"\/><a href=\"https:\/\/brtk.net\/\">CTP<\/a> Milletvekili Fazilet \u00d6zdenefe de, sald\u0131r\u0131 olay\u0131yla ilgili \u00fcz\u00fcnt\u00fclerini dile getirerek, Dr. Sadrettin Tu\u011fcu\u2019ya ge\u00e7mi\u015f olsun dileklerinde bulundu.<\/p>\n<p>Ya\u015fanan olay akabinde Polis Genel M\u00fcd\u00fcrl\u00fc\u011f\u00fc\u2019n\u00fcn konuyla ilgili a\u00e7\u0131klamas\u0131n\u0131 da ele\u015ftiren \u00d6zdenefe, polisin mevzuatta ne gibi eksiklik oldu\u011funu kamuoyuna a\u00e7\u0131klamas\u0131 gerekti\u011fini sordu.<\/p>\n<p>Doktora sald\u0131ran \u015fahs\u0131n olay \u00f6ncesinde bir avukata da sald\u0131rd\u0131\u011f\u0131n\u0131 an\u0131msatan \u00d6zdenefe, \u201c\u0130lgili ki\u015fi ilk g\u00fcnden g\u00f6z alt\u0131na al\u0131nm\u0131\u015f olsayd\u0131, ikinci sald\u0131r\u0131 ya\u015fanmayacakt\u0131\u201d dedi. \u00d6zdenefe, \u00fclkenin kurumlar\u0131n\u0131n \u00e7al\u0131\u015ft\u0131r\u0131lamad\u0131\u011f\u0131n\u0131 s\u00f6yledi.<\/p>\n<p>Devlet ve y\u00fcce Meclis denilen yap\u0131n\u0131n \u015fekilsel ve i\u00e7i bo\u015f bir yap\u0131ya getirilmeye \u00e7al\u0131\u015f\u0131ld\u0131\u011f\u0131n\u0131 s\u00f6yleyen \u00d6zdenefe, buna izin verilemeyece\u011fini kaydetti.<\/p>\n<p>Ki\u015fisel Verilerin Korunmas\u0131 Yasas\u0131 konusuna da de\u011finen \u00d6zdenefe, sa\u011fl\u0131kla ilgili protokolde oldu\u011fu gibi bir \u00e7ok konuda da ki\u015fisel verilerin nas\u0131l korunaca\u011f\u0131na y\u00f6nelik \u00f6nlemler al\u0131nmamas\u0131n\u0131 ele\u015ftirdi.<\/p>\n<p>USA\u015e konusuna da de\u011finen \u00d6zdenefe, Anayasa\u2019yla devlete verilmi\u015f bir \u00f6dev olan sa\u011fl\u0131k konusunda, ticari faaliyet i\u00e7in kurulmu\u015f bir \u015firketle muhatap olunmas\u0131n\u0131n kabul edilebilir olmad\u0131\u011f\u0131n\u0131 vurgulad\u0131.<\/p>\n<p>Sa\u011fl\u0131k konusundaki hekimlerin korunabilece\u011fi di\u011fer yasal d\u00fczenlemelerin Meclise getirilmesi halinde <a href=\"https:\/\/brtk.net\/\"\/><a href=\"https:\/\/brtk.net\/\"\/><a href=\"https:\/\/brtk.net\/\"\/><a href=\"https:\/\/brtk.net\/\"\/><a href=\"https:\/\/brtk.net\/\"\/><a href=\"https:\/\/brtk.net\/\">CTP<\/a>\u2019nin bunlara destek verece\u011fini ifade eden \u00d6zdenefe, g\u00f6r\u00fc\u015f\u00fclen yasa konusundaki uyar\u0131lara ra\u011fmen oylanaca\u011f\u0131n\u0131 ancak bir ek protokol yap\u0131lmas\u0131n\u0131n d\u00fc\u015f\u00fcn\u00fclebilece\u011fini kaydetti.<\/p>\n<p>TAK<\/p>\n<\/p><\/div>\n<p><script async\n                    defer\n                    crossorigin=\"anonymous\"\n                    src=\"https:\/\/connect.facebook.net\/tr_TR\/sdk.js#xfbml=1&#038;version=v3.3\"\n            ><\/script><\/p>\n","protected":false},"excerpt":{"rendered":"<p>Cumhuriyet Meclisi Genel Kurulu, Kuzey K\u0131br\u0131s T\u00fcrk Cumhuriyeti H\u00fck\u00fcmeti ile T\u00fcrkiye Cumhuriyeti H\u00fck\u00fcmeti Aras\u0131nda Sa\u011fl\u0131k ve T\u0131p Bilimleri Alanlar\u0131nda \u0130\u015f Birli\u011fine Dair Anla\u015fma (Onay) Yasa Tasar\u0131s\u0131\u2019n\u0131 ele almaya devam ediyor. -Birinci Konu hakk\u0131nda s\u00f6z alan CTP Milletvekili Ceyhun Birinici, hafta sonu sald\u0131r\u0131ya u\u011frayan doktor Sadrettin Tu\u011fcu\u2019ya ge\u00e7mi\u015f olsun dileklerinde bulunarak, hekim ve sa\u011fl\u0131k \u00e7al\u0131\u015fanlar\u0131n\u0131n kar\u015f\u0131<\/p>\n","protected":false},"author":1,"featured_media":6520,"comment_status":"open","ping_status":"open","sticky":false,"template":"","format":"standard","meta":{"footnotes":""},"categories":[1],"tags":[],"class_list":["post-6519","post","type-post","status-publish","format-standard","has-post-thumbnail","hentry","category-gundem"],"yoast_head":"<!-- This site is optimized with the Yoast SEO plugin v27.4 - https:\/\/yoast.com\/product\/yoast-seo-wordpress\/ -->\n<title>Meclis Genel Kurulu devam ediyor -<\/title>\n<meta name=\"robots\" content=\"index, follow, max-snippet:-1, max-image-preview:large, max-video-preview:-1\" \/>\n<link rel=\"canonical\" href=\"https:\/\/kibrisdakik.com\/?p=6519\" \/>\n<meta property=\"og:locale\" content=\"tr_TR\" \/>\n<meta property=\"og:type\" content=\"article\" \/>\n<meta property=\"og:title\" content=\"Meclis Genel Kurulu devam ediyor -\" \/>\n<meta property=\"og:description\" content=\"Cumhuriyet Meclisi Genel Kurulu, Kuzey K\u0131br\u0131s T\u00fcrk Cumhuriyeti H\u00fck\u00fcmeti ile T\u00fcrkiye Cumhuriyeti H\u00fck\u00fcmeti Aras\u0131nda Sa\u011fl\u0131k ve T\u0131p Bilimleri Alanlar\u0131nda \u0130\u015f Birli\u011fine Dair Anla\u015fma (Onay) Yasa Tasar\u0131s\u0131\u2019n\u0131 ele almaya devam ediyor. -Birinci Konu hakk\u0131nda s\u00f6z alan CTP Milletvekili Ceyhun Birinici, hafta sonu sald\u0131r\u0131ya u\u011frayan doktor Sadrettin Tu\u011fcu\u2019ya ge\u00e7mi\u015f olsun dileklerinde bulunarak, hekim ve sa\u011fl\u0131k \u00e7al\u0131\u015fanlar\u0131n\u0131n kar\u015f\u0131\" \/>\n<meta property=\"og:url\" content=\"https:\/\/kibrisdakik.com\/?p=6519\" \/>\n<meta property=\"article:published_time\" content=\"2023-05-08T21:22:59+00:00\" \/>\n<meta property=\"og:image\" content=\"https:\/\/kibrisdakik.com\/wp-content\/uploads\/2023\/05\/meclis-2-36-740x420.jpg\" \/>\n\t<meta property=\"og:image:width\" content=\"1800\" \/>\n\t<meta property=\"og:image:height\" content=\"1200\" \/>\n\t<meta property=\"og:image:type\" content=\"image\/jpeg\" \/>\n<meta name=\"author\" content=\"admin\" \/>\n<meta name=\"twitter:card\" content=\"summary_large_image\" \/>\n<meta name=\"twitter:label1\" content=\"Yazan:\" \/>\n\t<meta name=\"twitter:data1\" content=\"admin\" \/>\n\t<meta name=\"twitter:label2\" content=\"Tahmini okuma s\u00fcresi\" \/>\n\t<meta name=\"twitter:data2\" content=\"10 dakika\" \/>\n<script type=\"application\/ld+json\" class=\"yoast-schema-graph\">{\"@context\":\"https:\\\/\\\/schema.org\",\"@graph\":[{\"@type\":\"Article\",\"@id\":\"https:\\\/\\\/kibrisdakik.com\\\/?p=6519#article\",\"isPartOf\":{\"@id\":\"https:\\\/\\\/kibrisdakik.com\\\/?p=6519\"},\"author\":{\"name\":\"admin\",\"@id\":\"https:\\\/\\\/kibrisdakik.com\\\/#\\\/schema\\\/person\\\/9cd9d437bbb44f72b73ba127e06d8e79\"},\"headline\":\"Meclis Genel Kurulu devam ediyor\",\"datePublished\":\"2023-05-08T21:22:59+00:00\",\"mainEntityOfPage\":{\"@id\":\"https:\\\/\\\/kibrisdakik.com\\\/?p=6519\"},\"wordCount\":1943,\"commentCount\":0,\"image\":{\"@id\":\"https:\\\/\\\/kibrisdakik.com\\\/?p=6519#primaryimage\"},\"thumbnailUrl\":\"https:\\\/\\\/kibrisdakik.com\\\/wp-content\\\/uploads\\\/2023\\\/05\\\/meclis-2-36-740x420.jpg\",\"articleSection\":[\"G\u00fcndem\"],\"inLanguage\":\"tr\",\"potentialAction\":[{\"@type\":\"CommentAction\",\"name\":\"Comment\",\"target\":[\"https:\\\/\\\/kibrisdakik.com\\\/?p=6519#respond\"]}]},{\"@type\":\"WebPage\",\"@id\":\"https:\\\/\\\/kibrisdakik.com\\\/?p=6519\",\"url\":\"https:\\\/\\\/kibrisdakik.com\\\/?p=6519\",\"name\":\"Meclis Genel Kurulu devam ediyor -\",\"isPartOf\":{\"@id\":\"https:\\\/\\\/kibrisdakik.com\\\/#website\"},\"primaryImageOfPage\":{\"@id\":\"https:\\\/\\\/kibrisdakik.com\\\/?p=6519#primaryimage\"},\"image\":{\"@id\":\"https:\\\/\\\/kibrisdakik.com\\\/?p=6519#primaryimage\"},\"thumbnailUrl\":\"https:\\\/\\\/kibrisdakik.com\\\/wp-content\\\/uploads\\\/2023\\\/05\\\/meclis-2-36-740x420.jpg\",\"datePublished\":\"2023-05-08T21:22:59+00:00\",\"author\":{\"@id\":\"https:\\\/\\\/kibrisdakik.com\\\/#\\\/schema\\\/person\\\/9cd9d437bbb44f72b73ba127e06d8e79\"},\"breadcrumb\":{\"@id\":\"https:\\\/\\\/kibrisdakik.com\\\/?p=6519#breadcrumb\"},\"inLanguage\":\"tr\",\"potentialAction\":[{\"@type\":\"ReadAction\",\"target\":[\"https:\\\/\\\/kibrisdakik.com\\\/?p=6519\"]}]},{\"@type\":\"ImageObject\",\"inLanguage\":\"tr\",\"@id\":\"https:\\\/\\\/kibrisdakik.com\\\/?p=6519#primaryimage\",\"url\":\"https:\\\/\\\/kibrisdakik.com\\\/wp-content\\\/uploads\\\/2023\\\/05\\\/meclis-2-36-740x420.jpg\",\"contentUrl\":\"https:\\\/\\\/kibrisdakik.com\\\/wp-content\\\/uploads\\\/2023\\\/05\\\/meclis-2-36-740x420.jpg\",\"width\":1800,\"height\":1200},{\"@type\":\"BreadcrumbList\",\"@id\":\"https:\\\/\\\/kibrisdakik.com\\\/?p=6519#breadcrumb\",\"itemListElement\":[{\"@type\":\"ListItem\",\"position\":1,\"name\":\"Home\",\"item\":\"https:\\\/\\\/kibrisdakik.com\\\/\"},{\"@type\":\"ListItem\",\"position\":2,\"name\":\"Meclis Genel Kurulu devam ediyor\"}]},{\"@type\":\"WebSite\",\"@id\":\"https:\\\/\\\/kibrisdakik.com\\\/#website\",\"url\":\"https:\\\/\\\/kibrisdakik.com\\\/\",\"name\":\"\",\"description\":\"Tam vaktinde haber\",\"potentialAction\":[{\"@type\":\"SearchAction\",\"target\":{\"@type\":\"EntryPoint\",\"urlTemplate\":\"https:\\\/\\\/kibrisdakik.com\\\/?s={search_term_string}\"},\"query-input\":{\"@type\":\"PropertyValueSpecification\",\"valueRequired\":true,\"valueName\":\"search_term_string\"}}],\"inLanguage\":\"tr\"},{\"@type\":\"Person\",\"@id\":\"https:\\\/\\\/kibrisdakik.com\\\/#\\\/schema\\\/person\\\/9cd9d437bbb44f72b73ba127e06d8e79\",\"name\":\"admin\",\"image\":{\"@type\":\"ImageObject\",\"inLanguage\":\"tr\",\"@id\":\"https:\\\/\\\/secure.gravatar.com\\\/avatar\\\/ccc17943b9d660506c869530f897617f7cb1c21a4bf30023f252596d83e1f007?s=96&d=mm&r=g\",\"url\":\"https:\\\/\\\/secure.gravatar.com\\\/avatar\\\/ccc17943b9d660506c869530f897617f7cb1c21a4bf30023f252596d83e1f007?s=96&d=mm&r=g\",\"contentUrl\":\"https:\\\/\\\/secure.gravatar.com\\\/avatar\\\/ccc17943b9d660506c869530f897617f7cb1c21a4bf30023f252596d83e1f007?s=96&d=mm&r=g\",\"caption\":\"admin\"},\"sameAs\":[\"https:\\\/\\\/kibrisdakik.com\"],\"url\":\"https:\\\/\\\/kibrisdakik.com\\\/?author=1\"}]}<\/script>\n<!-- \/ Yoast SEO plugin. -->","yoast_head_json":{"title":"Meclis Genel Kurulu devam ediyor -","robots":{"index":"index","follow":"follow","max-snippet":"max-snippet:-1","max-image-preview":"max-image-preview:large","max-video-preview":"max-video-preview:-1"},"canonical":"https:\/\/kibrisdakik.com\/?p=6519","og_locale":"tr_TR","og_type":"article","og_title":"Meclis Genel Kurulu devam ediyor -","og_description":"Cumhuriyet Meclisi Genel Kurulu, Kuzey K\u0131br\u0131s T\u00fcrk Cumhuriyeti H\u00fck\u00fcmeti ile T\u00fcrkiye Cumhuriyeti H\u00fck\u00fcmeti Aras\u0131nda Sa\u011fl\u0131k ve T\u0131p Bilimleri Alanlar\u0131nda \u0130\u015f Birli\u011fine Dair Anla\u015fma (Onay) Yasa Tasar\u0131s\u0131\u2019n\u0131 ele almaya devam ediyor. -Birinci Konu hakk\u0131nda s\u00f6z alan CTP Milletvekili Ceyhun Birinici, hafta sonu sald\u0131r\u0131ya u\u011frayan doktor Sadrettin Tu\u011fcu\u2019ya ge\u00e7mi\u015f olsun dileklerinde bulunarak, hekim ve sa\u011fl\u0131k \u00e7al\u0131\u015fanlar\u0131n\u0131n kar\u015f\u0131","og_url":"https:\/\/kibrisdakik.com\/?p=6519","article_published_time":"2023-05-08T21:22:59+00:00","og_image":[{"width":1800,"height":1200,"url":"https:\/\/kibrisdakik.com\/wp-content\/uploads\/2023\/05\/meclis-2-36-740x420.jpg","type":"image\/jpeg"}],"author":"admin","twitter_card":"summary_large_image","twitter_misc":{"Yazan:":"admin","Tahmini okuma s\u00fcresi":"10 dakika"},"schema":{"@context":"https:\/\/schema.org","@graph":[{"@type":"Article","@id":"https:\/\/kibrisdakik.com\/?p=6519#article","isPartOf":{"@id":"https:\/\/kibrisdakik.com\/?p=6519"},"author":{"name":"admin","@id":"https:\/\/kibrisdakik.com\/#\/schema\/person\/9cd9d437bbb44f72b73ba127e06d8e79"},"headline":"Meclis Genel Kurulu devam ediyor","datePublished":"2023-05-08T21:22:59+00:00","mainEntityOfPage":{"@id":"https:\/\/kibrisdakik.com\/?p=6519"},"wordCount":1943,"commentCount":0,"image":{"@id":"https:\/\/kibrisdakik.com\/?p=6519#primaryimage"},"thumbnailUrl":"https:\/\/kibrisdakik.com\/wp-content\/uploads\/2023\/05\/meclis-2-36-740x420.jpg","articleSection":["G\u00fcndem"],"inLanguage":"tr","potentialAction":[{"@type":"CommentAction","name":"Comment","target":["https:\/\/kibrisdakik.com\/?p=6519#respond"]}]},{"@type":"WebPage","@id":"https:\/\/kibrisdakik.com\/?p=6519","url":"https:\/\/kibrisdakik.com\/?p=6519","name":"Meclis Genel Kurulu devam ediyor -","isPartOf":{"@id":"https:\/\/kibrisdakik.com\/#website"},"primaryImageOfPage":{"@id":"https:\/\/kibrisdakik.com\/?p=6519#primaryimage"},"image":{"@id":"https:\/\/kibrisdakik.com\/?p=6519#primaryimage"},"thumbnailUrl":"https:\/\/kibrisdakik.com\/wp-content\/uploads\/2023\/05\/meclis-2-36-740x420.jpg","datePublished":"2023-05-08T21:22:59+00:00","author":{"@id":"https:\/\/kibrisdakik.com\/#\/schema\/person\/9cd9d437bbb44f72b73ba127e06d8e79"},"breadcrumb":{"@id":"https:\/\/kibrisdakik.com\/?p=6519#breadcrumb"},"inLanguage":"tr","potentialAction":[{"@type":"ReadAction","target":["https:\/\/kibrisdakik.com\/?p=6519"]}]},{"@type":"ImageObject","inLanguage":"tr","@id":"https:\/\/kibrisdakik.com\/?p=6519#primaryimage","url":"https:\/\/kibrisdakik.com\/wp-content\/uploads\/2023\/05\/meclis-2-36-740x420.jpg","contentUrl":"https:\/\/kibrisdakik.com\/wp-content\/uploads\/2023\/05\/meclis-2-36-740x420.jpg","width":1800,"height":1200},{"@type":"BreadcrumbList","@id":"https:\/\/kibrisdakik.com\/?p=6519#breadcrumb","itemListElement":[{"@type":"ListItem","position":1,"name":"Home","item":"https:\/\/kibrisdakik.com\/"},{"@type":"ListItem","position":2,"name":"Meclis Genel Kurulu devam ediyor"}]},{"@type":"WebSite","@id":"https:\/\/kibrisdakik.com\/#website","url":"https:\/\/kibrisdakik.com\/","name":"","description":"Tam vaktinde haber","potentialAction":[{"@type":"SearchAction","target":{"@type":"EntryPoint","urlTemplate":"https:\/\/kibrisdakik.com\/?s={search_term_string}"},"query-input":{"@type":"PropertyValueSpecification","valueRequired":true,"valueName":"search_term_string"}}],"inLanguage":"tr"},{"@type":"Person","@id":"https:\/\/kibrisdakik.com\/#\/schema\/person\/9cd9d437bbb44f72b73ba127e06d8e79","name":"admin","image":{"@type":"ImageObject","inLanguage":"tr","@id":"https:\/\/secure.gravatar.com\/avatar\/ccc17943b9d660506c869530f897617f7cb1c21a4bf30023f252596d83e1f007?s=96&d=mm&r=g","url":"https:\/\/secure.gravatar.com\/avatar\/ccc17943b9d660506c869530f897617f7cb1c21a4bf30023f252596d83e1f007?s=96&d=mm&r=g","contentUrl":"https:\/\/secure.gravatar.com\/avatar\/ccc17943b9d660506c869530f897617f7cb1c21a4bf30023f252596d83e1f007?s=96&d=mm&r=g","caption":"admin"},"sameAs":["https:\/\/kibrisdakik.com"],"url":"https:\/\/kibrisdakik.com\/?author=1"}]}},"_links":{"self":[{"href":"https:\/\/kibrisdakik.com\/index.php?rest_route=\/wp\/v2\/posts\/6519","targetHints":{"allow":["GET"]}}],"collection":[{"href":"https:\/\/kibrisdakik.com\/index.php?rest_route=\/wp\/v2\/posts"}],"about":[{"href":"https:\/\/kibrisdakik.com\/index.php?rest_route=\/wp\/v2\/types\/post"}],"author":[{"embeddable":true,"href":"https:\/\/kibrisdakik.com\/index.php?rest_route=\/wp\/v2\/users\/1"}],"replies":[{"embeddable":true,"href":"https:\/\/kibrisdakik.com\/index.php?rest_route=%2Fwp%2Fv2%2Fcomments&post=6519"}],"version-history":[{"count":0,"href":"https:\/\/kibrisdakik.com\/index.php?rest_route=\/wp\/v2\/posts\/6519\/revisions"}],"wp:featuredmedia":[{"embeddable":true,"href":"https:\/\/kibrisdakik.com\/index.php?rest_route=\/wp\/v2\/media\/6520"}],"wp:attachment":[{"href":"https:\/\/kibrisdakik.com\/index.php?rest_route=%2Fwp%2Fv2%2Fmedia&parent=6519"}],"wp:term":[{"taxonomy":"category","embeddable":true,"href":"https:\/\/kibrisdakik.com\/index.php?rest_route=%2Fwp%2Fv2%2Fcategories&post=6519"},{"taxonomy":"post_tag","embeddable":true,"href":"https:\/\/kibrisdakik.com\/index.php?rest_route=%2Fwp%2Fv2%2Ftags&post=6519"}],"curies":[{"name":"wp","href":"https:\/\/api.w.org\/{rel}","templated":true}]}}