{"id":65232,"date":"2024-09-29T20:03:08","date_gmt":"2024-09-29T17:03:08","guid":{"rendered":"https:\/\/kibrisdakik.com\/index.php\/2024\/09\/29\/acarkan-icin-mecliste-toren-duzenlenecek\/"},"modified":"2024-09-29T20:03:08","modified_gmt":"2024-09-29T17:03:08","slug":"acarkan-icin-mecliste-toren-duzenlenecek","status":"publish","type":"post","link":"https:\/\/kibrisdakik.com\/?p=65232","title":{"rendered":"Acarkan i\u00e7in Meclis\u2019te t\u00f6ren d\u00fczenlenecek"},"content":{"rendered":"<div>\n<div class=\"mariselle-image-container center\">\n                                            <\/div>\n<p>Hayat\u0131n\u0131 kaybeden eski Cumhuriyet Meclisi Ba\u015fkan\u0131  Ayhan Halit Acarkan yar\u0131n son yolculu\u011funa u\u011furlanacak.<\/p>\n<p>Acarkan i\u00e7in saat 14.00\u2019de Meclis bah\u00e7esinde t\u00f6ren d\u00fczenlenecek.<\/p>\n<p>Cumhuriyet Meclisi\u2019nden verilen bilgiye g\u00f6re Acarkan, saat 16.00\u2019da Girne Nurettin Ersin Pa\u015fa Camiinde k\u0131l\u0131nacak ikindi namaz\u0131na m\u00fcteakip Karao\u011flano\u011flu Mezarl\u0131\u011f\u0131\u2019nda son yolculu\u011funa u\u011furlanacak.<\/p>\n<\/p><\/div>\n<p><script async\n                    defer\n                    crossorigin=\"anonymous\"\n                    src=\"https:\/\/connect.facebook.net\/tr_TR\/sdk.js#xfbml=1&#038;version=v3.3\"\n            ><\/script><\/p>\n","protected":false},"excerpt":{"rendered":"<p>Hayat\u0131n\u0131 kaybeden eski Cumhuriyet Meclisi Ba\u015fkan\u0131 Ayhan Halit Acarkan yar\u0131n son yolculu\u011funa u\u011furlanacak. Acarkan i\u00e7in saat 14.00\u2019de Meclis bah\u00e7esinde t\u00f6ren d\u00fczenlenecek. Cumhuriyet Meclisi\u2019nden verilen bilgiye g\u00f6re Acarkan, saat 16.00\u2019da Girne Nurettin Ersin Pa\u015fa Camiinde k\u0131l\u0131nacak ikindi namaz\u0131na m\u00fcteakip Karao\u011flano\u011flu Mezarl\u0131\u011f\u0131\u2019nda son yolculu\u011funa u\u011furlanacak.<\/p>\n","protected":false},"author":1,"featured_media":65233,"comment_status":"open","ping_status":"open","sticky":false,"template":"","format":"standard","meta":{"footnotes":""},"categories":[81],"tags":[],"class_list":["post-65232","post","type-post","status-publish","format-standard","has-post-thumbnail","hentry","category-kibris"],"yoast_head":"<!-- This site is optimized with the Yoast SEO plugin v27.5 - https:\/\/yoast.com\/product\/yoast-seo-wordpress\/ -->\n<title>Acarkan i\u00e7in Meclis\u2019te t\u00f6ren d\u00fczenlenecek -<\/title>\n<meta name=\"robots\" content=\"index, follow, max-snippet:-1, max-image-preview:large, max-video-preview:-1\" \/>\n<link rel=\"canonical\" href=\"https:\/\/kibrisdakik.com\/?p=65232\" \/>\n<meta property=\"og:locale\" content=\"tr_TR\" \/>\n<meta property=\"og:type\" content=\"article\" \/>\n<meta property=\"og:title\" content=\"Acarkan i\u00e7in Meclis\u2019te t\u00f6ren d\u00fczenlenecek -\" \/>\n<meta property=\"og:description\" content=\"Hayat\u0131n\u0131 kaybeden eski Cumhuriyet Meclisi Ba\u015fkan\u0131 Ayhan Halit Acarkan yar\u0131n son yolculu\u011funa u\u011furlanacak. Acarkan i\u00e7in saat 14.00\u2019de Meclis bah\u00e7esinde t\u00f6ren d\u00fczenlenecek. Cumhuriyet Meclisi\u2019nden verilen bilgiye g\u00f6re Acarkan, saat 16.00\u2019da Girne Nurettin Ersin Pa\u015fa Camiinde k\u0131l\u0131nacak ikindi namaz\u0131na m\u00fcteakip Karao\u011flano\u011flu Mezarl\u0131\u011f\u0131\u2019nda son yolculu\u011funa u\u011furlanacak.\" \/>\n<meta property=\"og:url\" content=\"https:\/\/kibrisdakik.com\/?p=65232\" \/>\n<meta property=\"article:published_time\" content=\"2024-09-29T17:03:08+00:00\" \/>\n<meta property=\"og:image\" content=\"https:\/\/kibrisdakik.com\/wp-content\/uploads\/2024\/09\/kj-yusuf-43-740x420.png\" \/>\n\t<meta property=\"og:image:width\" content=\"1280\" \/>\n\t<meta property=\"og:image:height\" content=\"720\" \/>\n\t<meta property=\"og:image:type\" content=\"image\/png\" \/>\n<meta name=\"author\" content=\"admin\" \/>\n<meta name=\"twitter:card\" content=\"summary_large_image\" \/>\n<meta name=\"twitter:label1\" content=\"Yazan:\" \/>\n\t<meta name=\"twitter:data1\" content=\"admin\" \/>\n<script type=\"application\/ld+json\" class=\"yoast-schema-graph\">{\"@context\":\"https:\\\/\\\/schema.org\",\"@graph\":[{\"@type\":\"Article\",\"@id\":\"https:\\\/\\\/kibrisdakik.com\\\/?p=65232#article\",\"isPartOf\":{\"@id\":\"https:\\\/\\\/kibrisdakik.com\\\/?p=65232\"},\"author\":{\"name\":\"admin\",\"@id\":\"https:\\\/\\\/kibrisdakik.com\\\/#\\\/schema\\\/person\\\/9cd9d437bbb44f72b73ba127e06d8e79\"},\"headline\":\"Acarkan i\u00e7in Meclis\u2019te t\u00f6ren d\u00fczenlenecek\",\"datePublished\":\"2024-09-29T17:03:08+00:00\",\"mainEntityOfPage\":{\"@id\":\"https:\\\/\\\/kibrisdakik.com\\\/?p=65232\"},\"wordCount\":73,\"commentCount\":0,\"image\":{\"@id\":\"https:\\\/\\\/kibrisdakik.com\\\/?p=65232#primaryimage\"},\"thumbnailUrl\":\"https:\\\/\\\/kibrisdakik.com\\\/wp-content\\\/uploads\\\/2024\\\/09\\\/kj-yusuf-43-740x420.png\",\"articleSection\":[\"K\u0131br\u0131s\"],\"inLanguage\":\"tr\",\"potentialAction\":[{\"@type\":\"CommentAction\",\"name\":\"Comment\",\"target\":[\"https:\\\/\\\/kibrisdakik.com\\\/?p=65232#respond\"]}]},{\"@type\":\"WebPage\",\"@id\":\"https:\\\/\\\/kibrisdakik.com\\\/?p=65232\",\"url\":\"https:\\\/\\\/kibrisdakik.com\\\/?p=65232\",\"name\":\"Acarkan i\u00e7in Meclis\u2019te t\u00f6ren d\u00fczenlenecek -\",\"isPartOf\":{\"@id\":\"https:\\\/\\\/kibrisdakik.com\\\/#website\"},\"primaryImageOfPage\":{\"@id\":\"https:\\\/\\\/kibrisdakik.com\\\/?p=65232#primaryimage\"},\"image\":{\"@id\":\"https:\\\/\\\/kibrisdakik.com\\\/?p=65232#primaryimage\"},\"thumbnailUrl\":\"https:\\\/\\\/kibrisdakik.com\\\/wp-content\\\/uploads\\\/2024\\\/09\\\/kj-yusuf-43-740x420.png\",\"datePublished\":\"2024-09-29T17:03:08+00:00\",\"author\":{\"@id\":\"https:\\\/\\\/kibrisdakik.com\\\/#\\\/schema\\\/person\\\/9cd9d437bbb44f72b73ba127e06d8e79\"},\"breadcrumb\":{\"@id\":\"https:\\\/\\\/kibrisdakik.com\\\/?p=65232#breadcrumb\"},\"inLanguage\":\"tr\",\"potentialAction\":[{\"@type\":\"ReadAction\",\"target\":[\"https:\\\/\\\/kibrisdakik.com\\\/?p=65232\"]}]},{\"@type\":\"ImageObject\",\"inLanguage\":\"tr\",\"@id\":\"https:\\\/\\\/kibrisdakik.com\\\/?p=65232#primaryimage\",\"url\":\"https:\\\/\\\/kibrisdakik.com\\\/wp-content\\\/uploads\\\/2024\\\/09\\\/kj-yusuf-43-740x420.png\",\"contentUrl\":\"https:\\\/\\\/kibrisdakik.com\\\/wp-content\\\/uploads\\\/2024\\\/09\\\/kj-yusuf-43-740x420.png\",\"width\":1280,\"height\":720},{\"@type\":\"BreadcrumbList\",\"@id\":\"https:\\\/\\\/kibrisdakik.com\\\/?p=65232#breadcrumb\",\"itemListElement\":[{\"@type\":\"ListItem\",\"position\":1,\"name\":\"Home\",\"item\":\"https:\\\/\\\/kibrisdakik.com\\\/\"},{\"@type\":\"ListItem\",\"position\":2,\"name\":\"Acarkan i\u00e7in Meclis\u2019te t\u00f6ren d\u00fczenlenecek\"}]},{\"@type\":\"WebSite\",\"@id\":\"https:\\\/\\\/kibrisdakik.com\\\/#website\",\"url\":\"https:\\\/\\\/kibrisdakik.com\\\/\",\"name\":\"\",\"description\":\"Tam vaktinde haber\",\"potentialAction\":[{\"@type\":\"SearchAction\",\"target\":{\"@type\":\"EntryPoint\",\"urlTemplate\":\"https:\\\/\\\/kibrisdakik.com\\\/?s={search_term_string}\"},\"query-input\":{\"@type\":\"PropertyValueSpecification\",\"valueRequired\":true,\"valueName\":\"search_term_string\"}}],\"inLanguage\":\"tr\"},{\"@type\":\"Person\",\"@id\":\"https:\\\/\\\/kibrisdakik.com\\\/#\\\/schema\\\/person\\\/9cd9d437bbb44f72b73ba127e06d8e79\",\"name\":\"admin\",\"image\":{\"@type\":\"ImageObject\",\"inLanguage\":\"tr\",\"@id\":\"https:\\\/\\\/secure.gravatar.com\\\/avatar\\\/ccc17943b9d660506c869530f897617f7cb1c21a4bf30023f252596d83e1f007?s=96&d=mm&r=g\",\"url\":\"https:\\\/\\\/secure.gravatar.com\\\/avatar\\\/ccc17943b9d660506c869530f897617f7cb1c21a4bf30023f252596d83e1f007?s=96&d=mm&r=g\",\"contentUrl\":\"https:\\\/\\\/secure.gravatar.com\\\/avatar\\\/ccc17943b9d660506c869530f897617f7cb1c21a4bf30023f252596d83e1f007?s=96&d=mm&r=g\",\"caption\":\"admin\"},\"sameAs\":[\"https:\\\/\\\/kibrisdakik.com\"],\"url\":\"https:\\\/\\\/kibrisdakik.com\\\/?author=1\"}]}<\/script>\n<!-- \/ Yoast SEO plugin. -->","yoast_head_json":{"title":"Acarkan i\u00e7in Meclis\u2019te t\u00f6ren d\u00fczenlenecek -","robots":{"index":"index","follow":"follow","max-snippet":"max-snippet:-1","max-image-preview":"max-image-preview:large","max-video-preview":"max-video-preview:-1"},"canonical":"https:\/\/kibrisdakik.com\/?p=65232","og_locale":"tr_TR","og_type":"article","og_title":"Acarkan i\u00e7in Meclis\u2019te t\u00f6ren d\u00fczenlenecek -","og_description":"Hayat\u0131n\u0131 kaybeden eski Cumhuriyet Meclisi Ba\u015fkan\u0131 Ayhan Halit Acarkan yar\u0131n son yolculu\u011funa u\u011furlanacak. Acarkan i\u00e7in saat 14.00\u2019de Meclis bah\u00e7esinde t\u00f6ren d\u00fczenlenecek. Cumhuriyet Meclisi\u2019nden verilen bilgiye g\u00f6re Acarkan, saat 16.00\u2019da Girne Nurettin Ersin Pa\u015fa Camiinde k\u0131l\u0131nacak ikindi namaz\u0131na m\u00fcteakip Karao\u011flano\u011flu Mezarl\u0131\u011f\u0131\u2019nda son yolculu\u011funa u\u011furlanacak.","og_url":"https:\/\/kibrisdakik.com\/?p=65232","article_published_time":"2024-09-29T17:03:08+00:00","og_image":[{"width":1280,"height":720,"url":"https:\/\/kibrisdakik.com\/wp-content\/uploads\/2024\/09\/kj-yusuf-43-740x420.png","type":"image\/png"}],"author":"admin","twitter_card":"summary_large_image","twitter_misc":{"Yazan:":"admin"},"schema":{"@context":"https:\/\/schema.org","@graph":[{"@type":"Article","@id":"https:\/\/kibrisdakik.com\/?p=65232#article","isPartOf":{"@id":"https:\/\/kibrisdakik.com\/?p=65232"},"author":{"name":"admin","@id":"https:\/\/kibrisdakik.com\/#\/schema\/person\/9cd9d437bbb44f72b73ba127e06d8e79"},"headline":"Acarkan i\u00e7in Meclis\u2019te t\u00f6ren d\u00fczenlenecek","datePublished":"2024-09-29T17:03:08+00:00","mainEntityOfPage":{"@id":"https:\/\/kibrisdakik.com\/?p=65232"},"wordCount":73,"commentCount":0,"image":{"@id":"https:\/\/kibrisdakik.com\/?p=65232#primaryimage"},"thumbnailUrl":"https:\/\/kibrisdakik.com\/wp-content\/uploads\/2024\/09\/kj-yusuf-43-740x420.png","articleSection":["K\u0131br\u0131s"],"inLanguage":"tr","potentialAction":[{"@type":"CommentAction","name":"Comment","target":["https:\/\/kibrisdakik.com\/?p=65232#respond"]}]},{"@type":"WebPage","@id":"https:\/\/kibrisdakik.com\/?p=65232","url":"https:\/\/kibrisdakik.com\/?p=65232","name":"Acarkan i\u00e7in Meclis\u2019te t\u00f6ren d\u00fczenlenecek -","isPartOf":{"@id":"https:\/\/kibrisdakik.com\/#website"},"primaryImageOfPage":{"@id":"https:\/\/kibrisdakik.com\/?p=65232#primaryimage"},"image":{"@id":"https:\/\/kibrisdakik.com\/?p=65232#primaryimage"},"thumbnailUrl":"https:\/\/kibrisdakik.com\/wp-content\/uploads\/2024\/09\/kj-yusuf-43-740x420.png","datePublished":"2024-09-29T17:03:08+00:00","author":{"@id":"https:\/\/kibrisdakik.com\/#\/schema\/person\/9cd9d437bbb44f72b73ba127e06d8e79"},"breadcrumb":{"@id":"https:\/\/kibrisdakik.com\/?p=65232#breadcrumb"},"inLanguage":"tr","potentialAction":[{"@type":"ReadAction","target":["https:\/\/kibrisdakik.com\/?p=65232"]}]},{"@type":"ImageObject","inLanguage":"tr","@id":"https:\/\/kibrisdakik.com\/?p=65232#primaryimage","url":"https:\/\/kibrisdakik.com\/wp-content\/uploads\/2024\/09\/kj-yusuf-43-740x420.png","contentUrl":"https:\/\/kibrisdakik.com\/wp-content\/uploads\/2024\/09\/kj-yusuf-43-740x420.png","width":1280,"height":720},{"@type":"BreadcrumbList","@id":"https:\/\/kibrisdakik.com\/?p=65232#breadcrumb","itemListElement":[{"@type":"ListItem","position":1,"name":"Home","item":"https:\/\/kibrisdakik.com\/"},{"@type":"ListItem","position":2,"name":"Acarkan i\u00e7in Meclis\u2019te t\u00f6ren d\u00fczenlenecek"}]},{"@type":"WebSite","@id":"https:\/\/kibrisdakik.com\/#website","url":"https:\/\/kibrisdakik.com\/","name":"","description":"Tam vaktinde haber","potentialAction":[{"@type":"SearchAction","target":{"@type":"EntryPoint","urlTemplate":"https:\/\/kibrisdakik.com\/?s={search_term_string}"},"query-input":{"@type":"PropertyValueSpecification","valueRequired":true,"valueName":"search_term_string"}}],"inLanguage":"tr"},{"@type":"Person","@id":"https:\/\/kibrisdakik.com\/#\/schema\/person\/9cd9d437bbb44f72b73ba127e06d8e79","name":"admin","image":{"@type":"ImageObject","inLanguage":"tr","@id":"https:\/\/secure.gravatar.com\/avatar\/ccc17943b9d660506c869530f897617f7cb1c21a4bf30023f252596d83e1f007?s=96&d=mm&r=g","url":"https:\/\/secure.gravatar.com\/avatar\/ccc17943b9d660506c869530f897617f7cb1c21a4bf30023f252596d83e1f007?s=96&d=mm&r=g","contentUrl":"https:\/\/secure.gravatar.com\/avatar\/ccc17943b9d660506c869530f897617f7cb1c21a4bf30023f252596d83e1f007?s=96&d=mm&r=g","caption":"admin"},"sameAs":["https:\/\/kibrisdakik.com"],"url":"https:\/\/kibrisdakik.com\/?author=1"}]}},"_links":{"self":[{"href":"https:\/\/kibrisdakik.com\/index.php?rest_route=\/wp\/v2\/posts\/65232","targetHints":{"allow":["GET"]}}],"collection":[{"href":"https:\/\/kibrisdakik.com\/index.php?rest_route=\/wp\/v2\/posts"}],"about":[{"href":"https:\/\/kibrisdakik.com\/index.php?rest_route=\/wp\/v2\/types\/post"}],"author":[{"embeddable":true,"href":"https:\/\/kibrisdakik.com\/index.php?rest_route=\/wp\/v2\/users\/1"}],"replies":[{"embeddable":true,"href":"https:\/\/kibrisdakik.com\/index.php?rest_route=%2Fwp%2Fv2%2Fcomments&post=65232"}],"version-history":[{"count":0,"href":"https:\/\/kibrisdakik.com\/index.php?rest_route=\/wp\/v2\/posts\/65232\/revisions"}],"wp:featuredmedia":[{"embeddable":true,"href":"https:\/\/kibrisdakik.com\/index.php?rest_route=\/wp\/v2\/media\/65233"}],"wp:attachment":[{"href":"https:\/\/kibrisdakik.com\/index.php?rest_route=%2Fwp%2Fv2%2Fmedia&parent=65232"}],"wp:term":[{"taxonomy":"category","embeddable":true,"href":"https:\/\/kibrisdakik.com\/index.php?rest_route=%2Fwp%2Fv2%2Fcategories&post=65232"},{"taxonomy":"post_tag","embeddable":true,"href":"https:\/\/kibrisdakik.com\/index.php?rest_route=%2Fwp%2Fv2%2Ftags&post=65232"}],"curies":[{"name":"wp","href":"https:\/\/api.w.org\/{rel}","templated":true}]}}