{"id":65291,"date":"2024-09-30T11:21:07","date_gmt":"2024-09-30T08:21:07","guid":{"rendered":"https:\/\/kibrisdakik.com\/index.php\/2024\/09\/30\/bakan-cavustan-bassagligi-mesaji-acarkanin-ulkemize-ve-halkimiza-sundugu-degerli-hizmetler-her-daim-hatirlanacak\/"},"modified":"2024-09-30T11:21:07","modified_gmt":"2024-09-30T08:21:07","slug":"bakan-cavustan-bassagligi-mesaji-acarkanin-ulkemize-ve-halkimiza-sundugu-degerli-hizmetler-her-daim-hatirlanacak","status":"publish","type":"post","link":"https:\/\/kibrisdakik.com\/?p=65291","title":{"rendered":"Bakan \u00c7avu\u015f\u2019tan ba\u015fsa\u011fl\u0131\u011f\u0131 mesaj\u0131: \u201cAcarkan\u2019\u0131n \u00fclkemize ve halk\u0131m\u0131za sundu\u011fu de\u011ferli hizmetler her daim hat\u0131rlanacak\u201d"},"content":{"rendered":"<div>\n<div class=\"mariselle-image-container center\">\n                                            <\/div>\n<p> Tar\u0131m ve Do\u011fal Kaynaklar Bakan\u0131 H\u00fcseyin \u00c7avu\u015f, eski Meclis Ba\u015fkan\u0131 Ayhan Halit Acarkan\u2019\u0131n, \u00fclkeye ve halka sundu\u011fu hizmetlerin her daim hat\u0131rlanaca\u011f\u0131n\u0131 belirtti.<\/p>\n<p>Bakan \u00c7avu\u015f yay\u0131mlad\u0131\u011f\u0131 ba\u015fsa\u011fl\u0131\u011f\u0131 mesaj\u0131nda, Acarkan\u2019\u0131n vefat\u0131n\u0131 derin bir \u00fcz\u00fcnt\u00fcyle \u00f6\u011frendi\u011fini kaydederek, \u00fclkeye ve halka sundu\u011fu hizmetlerin her daim hat\u0131rlanaca\u011f\u0131n\u0131 belirtti. \u00c7avu\u015f, Acarkan\u2019a Allah\u2019tan rahmet, ailesine, yak\u0131nlar\u0131na ve t\u00fcm sevenlerine sab\u0131r ve ba\u015fsa\u011fl\u0131\u011f\u0131 diledi.<\/p>\n<p>Acarkan\u2019\u0131n b\u0131rakt\u0131\u011f\u0131 izlerin, kendilerine ilham vermeye devam edece\u011fini ve hat\u0131ras\u0131n\u0131n daima ya\u015fayaca\u011f\u0131n\u0131 vurgulayan \u00c7avu\u015f, \u201cBu zor g\u00fcnlerinde ailesinin ve yak\u0131nlar\u0131n\u0131n ac\u0131s\u0131n\u0131 en derin duygular\u0131m\u0131zla payla\u015f\u0131yoruz. Mek\u00e2n\u0131 cennet olsun\u201d dedi.<\/p>\n<\/p><\/div>\n<p><script async\n                    defer\n                    crossorigin=\"anonymous\"\n                    src=\"https:\/\/connect.facebook.net\/tr_TR\/sdk.js#xfbml=1&#038;version=v3.3\"\n            ><\/script><\/p>\n","protected":false},"excerpt":{"rendered":"<p>Tar\u0131m ve Do\u011fal Kaynaklar Bakan\u0131 H\u00fcseyin \u00c7avu\u015f, eski Meclis Ba\u015fkan\u0131 Ayhan Halit Acarkan\u2019\u0131n, \u00fclkeye ve halka sundu\u011fu hizmetlerin her daim hat\u0131rlanaca\u011f\u0131n\u0131 belirtti. Bakan \u00c7avu\u015f yay\u0131mlad\u0131\u011f\u0131 ba\u015fsa\u011fl\u0131\u011f\u0131 mesaj\u0131nda, Acarkan\u2019\u0131n vefat\u0131n\u0131 derin bir \u00fcz\u00fcnt\u00fcyle \u00f6\u011frendi\u011fini kaydederek, \u00fclkeye ve halka sundu\u011fu hizmetlerin her daim hat\u0131rlanaca\u011f\u0131n\u0131 belirtti. \u00c7avu\u015f, Acarkan\u2019a Allah\u2019tan rahmet, ailesine, yak\u0131nlar\u0131na ve t\u00fcm sevenlerine sab\u0131r ve ba\u015fsa\u011fl\u0131\u011f\u0131<\/p>\n","protected":false},"author":1,"featured_media":61911,"comment_status":"open","ping_status":"open","sticky":false,"template":"","format":"standard","meta":{"footnotes":""},"categories":[81],"tags":[],"class_list":["post-65291","post","type-post","status-publish","format-standard","has-post-thumbnail","hentry","category-kibris"],"yoast_head":"<!-- This site is optimized with the Yoast SEO plugin v27.5 - https:\/\/yoast.com\/product\/yoast-seo-wordpress\/ -->\n<title>Bakan \u00c7avu\u015f\u2019tan ba\u015fsa\u011fl\u0131\u011f\u0131 mesaj\u0131: \u201cAcarkan\u2019\u0131n \u00fclkemize ve halk\u0131m\u0131za sundu\u011fu de\u011ferli hizmetler her daim hat\u0131rlanacak\u201d -<\/title>\n<meta name=\"robots\" content=\"index, follow, max-snippet:-1, max-image-preview:large, max-video-preview:-1\" \/>\n<link rel=\"canonical\" href=\"https:\/\/kibrisdakik.com\/?p=65291\" \/>\n<meta property=\"og:locale\" content=\"tr_TR\" \/>\n<meta property=\"og:type\" content=\"article\" \/>\n<meta property=\"og:title\" content=\"Bakan \u00c7avu\u015f\u2019tan ba\u015fsa\u011fl\u0131\u011f\u0131 mesaj\u0131: \u201cAcarkan\u2019\u0131n \u00fclkemize ve halk\u0131m\u0131za sundu\u011fu de\u011ferli hizmetler her daim hat\u0131rlanacak\u201d -\" \/>\n<meta property=\"og:description\" content=\"Tar\u0131m ve Do\u011fal Kaynaklar Bakan\u0131 H\u00fcseyin \u00c7avu\u015f, eski Meclis Ba\u015fkan\u0131 Ayhan Halit Acarkan\u2019\u0131n, \u00fclkeye ve halka sundu\u011fu hizmetlerin her daim hat\u0131rlanaca\u011f\u0131n\u0131 belirtti. Bakan \u00c7avu\u015f yay\u0131mlad\u0131\u011f\u0131 ba\u015fsa\u011fl\u0131\u011f\u0131 mesaj\u0131nda, Acarkan\u2019\u0131n vefat\u0131n\u0131 derin bir \u00fcz\u00fcnt\u00fcyle \u00f6\u011frendi\u011fini kaydederek, \u00fclkeye ve halka sundu\u011fu hizmetlerin her daim hat\u0131rlanaca\u011f\u0131n\u0131 belirtti. \u00c7avu\u015f, Acarkan\u2019a Allah\u2019tan rahmet, ailesine, yak\u0131nlar\u0131na ve t\u00fcm sevenlerine sab\u0131r ve ba\u015fsa\u011fl\u0131\u011f\u0131\" \/>\n<meta property=\"og:url\" content=\"https:\/\/kibrisdakik.com\/?p=65291\" \/>\n<meta property=\"article:published_time\" content=\"2024-09-30T08:21:07+00:00\" \/>\n<meta property=\"og:image\" content=\"https:\/\/kibrisdakik.com\/wp-content\/uploads\/2024\/09\/huseyin-cavus-14-740x420.jpeg\" \/>\n\t<meta property=\"og:image:width\" content=\"1024\" \/>\n\t<meta property=\"og:image:height\" content=\"680\" \/>\n\t<meta property=\"og:image:type\" content=\"image\/jpeg\" \/>\n<meta name=\"author\" content=\"admin\" \/>\n<meta name=\"twitter:card\" content=\"summary_large_image\" \/>\n<meta name=\"twitter:label1\" content=\"Yazan:\" \/>\n\t<meta name=\"twitter:data1\" content=\"admin\" \/>\n\t<meta name=\"twitter:label2\" content=\"Tahmini okuma s\u00fcresi\" \/>\n\t<meta name=\"twitter:data2\" content=\"1 dakika\" \/>\n<script type=\"application\/ld+json\" class=\"yoast-schema-graph\">{\"@context\":\"https:\\\/\\\/schema.org\",\"@graph\":[{\"@type\":\"Article\",\"@id\":\"https:\\\/\\\/kibrisdakik.com\\\/?p=65291#article\",\"isPartOf\":{\"@id\":\"https:\\\/\\\/kibrisdakik.com\\\/?p=65291\"},\"author\":{\"name\":\"admin\",\"@id\":\"https:\\\/\\\/kibrisdakik.com\\\/#\\\/schema\\\/person\\\/9cd9d437bbb44f72b73ba127e06d8e79\"},\"headline\":\"Bakan \u00c7avu\u015f\u2019tan ba\u015fsa\u011fl\u0131\u011f\u0131 mesaj\u0131: \u201cAcarkan\u2019\u0131n \u00fclkemize ve halk\u0131m\u0131za sundu\u011fu de\u011ferli hizmetler her daim hat\u0131rlanacak\u201d\",\"datePublished\":\"2024-09-30T08:21:07+00:00\",\"mainEntityOfPage\":{\"@id\":\"https:\\\/\\\/kibrisdakik.com\\\/?p=65291\"},\"wordCount\":154,\"commentCount\":0,\"image\":{\"@id\":\"https:\\\/\\\/kibrisdakik.com\\\/?p=65291#primaryimage\"},\"thumbnailUrl\":\"https:\\\/\\\/kibrisdakik.com\\\/wp-content\\\/uploads\\\/2024\\\/09\\\/huseyin-cavus-14-740x420.jpeg\",\"articleSection\":[\"K\u0131br\u0131s\"],\"inLanguage\":\"tr\",\"potentialAction\":[{\"@type\":\"CommentAction\",\"name\":\"Comment\",\"target\":[\"https:\\\/\\\/kibrisdakik.com\\\/?p=65291#respond\"]}]},{\"@type\":\"WebPage\",\"@id\":\"https:\\\/\\\/kibrisdakik.com\\\/?p=65291\",\"url\":\"https:\\\/\\\/kibrisdakik.com\\\/?p=65291\",\"name\":\"Bakan \u00c7avu\u015f\u2019tan ba\u015fsa\u011fl\u0131\u011f\u0131 mesaj\u0131: \u201cAcarkan\u2019\u0131n \u00fclkemize ve halk\u0131m\u0131za sundu\u011fu de\u011ferli hizmetler her daim hat\u0131rlanacak\u201d -\",\"isPartOf\":{\"@id\":\"https:\\\/\\\/kibrisdakik.com\\\/#website\"},\"primaryImageOfPage\":{\"@id\":\"https:\\\/\\\/kibrisdakik.com\\\/?p=65291#primaryimage\"},\"image\":{\"@id\":\"https:\\\/\\\/kibrisdakik.com\\\/?p=65291#primaryimage\"},\"thumbnailUrl\":\"https:\\\/\\\/kibrisdakik.com\\\/wp-content\\\/uploads\\\/2024\\\/09\\\/huseyin-cavus-14-740x420.jpeg\",\"datePublished\":\"2024-09-30T08:21:07+00:00\",\"author\":{\"@id\":\"https:\\\/\\\/kibrisdakik.com\\\/#\\\/schema\\\/person\\\/9cd9d437bbb44f72b73ba127e06d8e79\"},\"breadcrumb\":{\"@id\":\"https:\\\/\\\/kibrisdakik.com\\\/?p=65291#breadcrumb\"},\"inLanguage\":\"tr\",\"potentialAction\":[{\"@type\":\"ReadAction\",\"target\":[\"https:\\\/\\\/kibrisdakik.com\\\/?p=65291\"]}]},{\"@type\":\"ImageObject\",\"inLanguage\":\"tr\",\"@id\":\"https:\\\/\\\/kibrisdakik.com\\\/?p=65291#primaryimage\",\"url\":\"https:\\\/\\\/kibrisdakik.com\\\/wp-content\\\/uploads\\\/2024\\\/09\\\/huseyin-cavus-14-740x420.jpeg\",\"contentUrl\":\"https:\\\/\\\/kibrisdakik.com\\\/wp-content\\\/uploads\\\/2024\\\/09\\\/huseyin-cavus-14-740x420.jpeg\",\"width\":1024,\"height\":680},{\"@type\":\"BreadcrumbList\",\"@id\":\"https:\\\/\\\/kibrisdakik.com\\\/?p=65291#breadcrumb\",\"itemListElement\":[{\"@type\":\"ListItem\",\"position\":1,\"name\":\"Home\",\"item\":\"https:\\\/\\\/kibrisdakik.com\\\/\"},{\"@type\":\"ListItem\",\"position\":2,\"name\":\"Bakan \u00c7avu\u015f\u2019tan ba\u015fsa\u011fl\u0131\u011f\u0131 mesaj\u0131: \u201cAcarkan\u2019\u0131n \u00fclkemize ve halk\u0131m\u0131za sundu\u011fu de\u011ferli hizmetler her daim hat\u0131rlanacak\u201d\"}]},{\"@type\":\"WebSite\",\"@id\":\"https:\\\/\\\/kibrisdakik.com\\\/#website\",\"url\":\"https:\\\/\\\/kibrisdakik.com\\\/\",\"name\":\"\",\"description\":\"Tam vaktinde haber\",\"potentialAction\":[{\"@type\":\"SearchAction\",\"target\":{\"@type\":\"EntryPoint\",\"urlTemplate\":\"https:\\\/\\\/kibrisdakik.com\\\/?s={search_term_string}\"},\"query-input\":{\"@type\":\"PropertyValueSpecification\",\"valueRequired\":true,\"valueName\":\"search_term_string\"}}],\"inLanguage\":\"tr\"},{\"@type\":\"Person\",\"@id\":\"https:\\\/\\\/kibrisdakik.com\\\/#\\\/schema\\\/person\\\/9cd9d437bbb44f72b73ba127e06d8e79\",\"name\":\"admin\",\"image\":{\"@type\":\"ImageObject\",\"inLanguage\":\"tr\",\"@id\":\"https:\\\/\\\/secure.gravatar.com\\\/avatar\\\/ccc17943b9d660506c869530f897617f7cb1c21a4bf30023f252596d83e1f007?s=96&d=mm&r=g\",\"url\":\"https:\\\/\\\/secure.gravatar.com\\\/avatar\\\/ccc17943b9d660506c869530f897617f7cb1c21a4bf30023f252596d83e1f007?s=96&d=mm&r=g\",\"contentUrl\":\"https:\\\/\\\/secure.gravatar.com\\\/avatar\\\/ccc17943b9d660506c869530f897617f7cb1c21a4bf30023f252596d83e1f007?s=96&d=mm&r=g\",\"caption\":\"admin\"},\"sameAs\":[\"https:\\\/\\\/kibrisdakik.com\"],\"url\":\"https:\\\/\\\/kibrisdakik.com\\\/?author=1\"}]}<\/script>\n<!-- \/ Yoast SEO plugin. -->","yoast_head_json":{"title":"Bakan \u00c7avu\u015f\u2019tan ba\u015fsa\u011fl\u0131\u011f\u0131 mesaj\u0131: \u201cAcarkan\u2019\u0131n \u00fclkemize ve halk\u0131m\u0131za sundu\u011fu de\u011ferli hizmetler her daim hat\u0131rlanacak\u201d -","robots":{"index":"index","follow":"follow","max-snippet":"max-snippet:-1","max-image-preview":"max-image-preview:large","max-video-preview":"max-video-preview:-1"},"canonical":"https:\/\/kibrisdakik.com\/?p=65291","og_locale":"tr_TR","og_type":"article","og_title":"Bakan \u00c7avu\u015f\u2019tan ba\u015fsa\u011fl\u0131\u011f\u0131 mesaj\u0131: \u201cAcarkan\u2019\u0131n \u00fclkemize ve halk\u0131m\u0131za sundu\u011fu de\u011ferli hizmetler her daim hat\u0131rlanacak\u201d -","og_description":"Tar\u0131m ve Do\u011fal Kaynaklar Bakan\u0131 H\u00fcseyin \u00c7avu\u015f, eski Meclis Ba\u015fkan\u0131 Ayhan Halit Acarkan\u2019\u0131n, \u00fclkeye ve halka sundu\u011fu hizmetlerin her daim hat\u0131rlanaca\u011f\u0131n\u0131 belirtti. Bakan \u00c7avu\u015f yay\u0131mlad\u0131\u011f\u0131 ba\u015fsa\u011fl\u0131\u011f\u0131 mesaj\u0131nda, Acarkan\u2019\u0131n vefat\u0131n\u0131 derin bir \u00fcz\u00fcnt\u00fcyle \u00f6\u011frendi\u011fini kaydederek, \u00fclkeye ve halka sundu\u011fu hizmetlerin her daim hat\u0131rlanaca\u011f\u0131n\u0131 belirtti. \u00c7avu\u015f, Acarkan\u2019a Allah\u2019tan rahmet, ailesine, yak\u0131nlar\u0131na ve t\u00fcm sevenlerine sab\u0131r ve ba\u015fsa\u011fl\u0131\u011f\u0131","og_url":"https:\/\/kibrisdakik.com\/?p=65291","article_published_time":"2024-09-30T08:21:07+00:00","og_image":[{"width":1024,"height":680,"url":"https:\/\/kibrisdakik.com\/wp-content\/uploads\/2024\/09\/huseyin-cavus-14-740x420.jpeg","type":"image\/jpeg"}],"author":"admin","twitter_card":"summary_large_image","twitter_misc":{"Yazan:":"admin","Tahmini okuma s\u00fcresi":"1 dakika"},"schema":{"@context":"https:\/\/schema.org","@graph":[{"@type":"Article","@id":"https:\/\/kibrisdakik.com\/?p=65291#article","isPartOf":{"@id":"https:\/\/kibrisdakik.com\/?p=65291"},"author":{"name":"admin","@id":"https:\/\/kibrisdakik.com\/#\/schema\/person\/9cd9d437bbb44f72b73ba127e06d8e79"},"headline":"Bakan \u00c7avu\u015f\u2019tan ba\u015fsa\u011fl\u0131\u011f\u0131 mesaj\u0131: \u201cAcarkan\u2019\u0131n \u00fclkemize ve halk\u0131m\u0131za sundu\u011fu de\u011ferli hizmetler her daim hat\u0131rlanacak\u201d","datePublished":"2024-09-30T08:21:07+00:00","mainEntityOfPage":{"@id":"https:\/\/kibrisdakik.com\/?p=65291"},"wordCount":154,"commentCount":0,"image":{"@id":"https:\/\/kibrisdakik.com\/?p=65291#primaryimage"},"thumbnailUrl":"https:\/\/kibrisdakik.com\/wp-content\/uploads\/2024\/09\/huseyin-cavus-14-740x420.jpeg","articleSection":["K\u0131br\u0131s"],"inLanguage":"tr","potentialAction":[{"@type":"CommentAction","name":"Comment","target":["https:\/\/kibrisdakik.com\/?p=65291#respond"]}]},{"@type":"WebPage","@id":"https:\/\/kibrisdakik.com\/?p=65291","url":"https:\/\/kibrisdakik.com\/?p=65291","name":"Bakan \u00c7avu\u015f\u2019tan ba\u015fsa\u011fl\u0131\u011f\u0131 mesaj\u0131: \u201cAcarkan\u2019\u0131n \u00fclkemize ve halk\u0131m\u0131za sundu\u011fu de\u011ferli hizmetler her daim hat\u0131rlanacak\u201d -","isPartOf":{"@id":"https:\/\/kibrisdakik.com\/#website"},"primaryImageOfPage":{"@id":"https:\/\/kibrisdakik.com\/?p=65291#primaryimage"},"image":{"@id":"https:\/\/kibrisdakik.com\/?p=65291#primaryimage"},"thumbnailUrl":"https:\/\/kibrisdakik.com\/wp-content\/uploads\/2024\/09\/huseyin-cavus-14-740x420.jpeg","datePublished":"2024-09-30T08:21:07+00:00","author":{"@id":"https:\/\/kibrisdakik.com\/#\/schema\/person\/9cd9d437bbb44f72b73ba127e06d8e79"},"breadcrumb":{"@id":"https:\/\/kibrisdakik.com\/?p=65291#breadcrumb"},"inLanguage":"tr","potentialAction":[{"@type":"ReadAction","target":["https:\/\/kibrisdakik.com\/?p=65291"]}]},{"@type":"ImageObject","inLanguage":"tr","@id":"https:\/\/kibrisdakik.com\/?p=65291#primaryimage","url":"https:\/\/kibrisdakik.com\/wp-content\/uploads\/2024\/09\/huseyin-cavus-14-740x420.jpeg","contentUrl":"https:\/\/kibrisdakik.com\/wp-content\/uploads\/2024\/09\/huseyin-cavus-14-740x420.jpeg","width":1024,"height":680},{"@type":"BreadcrumbList","@id":"https:\/\/kibrisdakik.com\/?p=65291#breadcrumb","itemListElement":[{"@type":"ListItem","position":1,"name":"Home","item":"https:\/\/kibrisdakik.com\/"},{"@type":"ListItem","position":2,"name":"Bakan \u00c7avu\u015f\u2019tan ba\u015fsa\u011fl\u0131\u011f\u0131 mesaj\u0131: \u201cAcarkan\u2019\u0131n \u00fclkemize ve halk\u0131m\u0131za sundu\u011fu de\u011ferli hizmetler her daim hat\u0131rlanacak\u201d"}]},{"@type":"WebSite","@id":"https:\/\/kibrisdakik.com\/#website","url":"https:\/\/kibrisdakik.com\/","name":"","description":"Tam vaktinde haber","potentialAction":[{"@type":"SearchAction","target":{"@type":"EntryPoint","urlTemplate":"https:\/\/kibrisdakik.com\/?s={search_term_string}"},"query-input":{"@type":"PropertyValueSpecification","valueRequired":true,"valueName":"search_term_string"}}],"inLanguage":"tr"},{"@type":"Person","@id":"https:\/\/kibrisdakik.com\/#\/schema\/person\/9cd9d437bbb44f72b73ba127e06d8e79","name":"admin","image":{"@type":"ImageObject","inLanguage":"tr","@id":"https:\/\/secure.gravatar.com\/avatar\/ccc17943b9d660506c869530f897617f7cb1c21a4bf30023f252596d83e1f007?s=96&d=mm&r=g","url":"https:\/\/secure.gravatar.com\/avatar\/ccc17943b9d660506c869530f897617f7cb1c21a4bf30023f252596d83e1f007?s=96&d=mm&r=g","contentUrl":"https:\/\/secure.gravatar.com\/avatar\/ccc17943b9d660506c869530f897617f7cb1c21a4bf30023f252596d83e1f007?s=96&d=mm&r=g","caption":"admin"},"sameAs":["https:\/\/kibrisdakik.com"],"url":"https:\/\/kibrisdakik.com\/?author=1"}]}},"_links":{"self":[{"href":"https:\/\/kibrisdakik.com\/index.php?rest_route=\/wp\/v2\/posts\/65291","targetHints":{"allow":["GET"]}}],"collection":[{"href":"https:\/\/kibrisdakik.com\/index.php?rest_route=\/wp\/v2\/posts"}],"about":[{"href":"https:\/\/kibrisdakik.com\/index.php?rest_route=\/wp\/v2\/types\/post"}],"author":[{"embeddable":true,"href":"https:\/\/kibrisdakik.com\/index.php?rest_route=\/wp\/v2\/users\/1"}],"replies":[{"embeddable":true,"href":"https:\/\/kibrisdakik.com\/index.php?rest_route=%2Fwp%2Fv2%2Fcomments&post=65291"}],"version-history":[{"count":0,"href":"https:\/\/kibrisdakik.com\/index.php?rest_route=\/wp\/v2\/posts\/65291\/revisions"}],"wp:featuredmedia":[{"embeddable":true,"href":"https:\/\/kibrisdakik.com\/index.php?rest_route=\/wp\/v2\/media\/61911"}],"wp:attachment":[{"href":"https:\/\/kibrisdakik.com\/index.php?rest_route=%2Fwp%2Fv2%2Fmedia&parent=65291"}],"wp:term":[{"taxonomy":"category","embeddable":true,"href":"https:\/\/kibrisdakik.com\/index.php?rest_route=%2Fwp%2Fv2%2Fcategories&post=65291"},{"taxonomy":"post_tag","embeddable":true,"href":"https:\/\/kibrisdakik.com\/index.php?rest_route=%2Fwp%2Fv2%2Ftags&post=65291"}],"curies":[{"name":"wp","href":"https:\/\/api.w.org\/{rel}","templated":true}]}}