{"id":65313,"date":"2024-09-30T13:45:56","date_gmt":"2024-09-30T10:45:56","guid":{"rendered":"https:\/\/kibrisdakik.com\/index.php\/2024\/09\/30\/bakan-gardiyanoglu-asgari-ucret-toplantisi-sonrasi-aciklama-yapti\/"},"modified":"2024-09-30T13:45:56","modified_gmt":"2024-09-30T10:45:56","slug":"bakan-gardiyanoglu-asgari-ucret-toplantisi-sonrasi-aciklama-yapti","status":"publish","type":"post","link":"https:\/\/kibrisdakik.com\/?p=65313","title":{"rendered":"Bakan Gardiyano\u011flu asgari \u00fccret toplant\u0131s\u0131 sonras\u0131 a\u00e7\u0131klama yapt\u0131"},"content":{"rendered":"<div>\n<div class=\"mariselle-image-container center\">\n                                            <\/div>\n<p>\u00c7al\u0131\u015fma ve Sosyal G\u00fcvenlik Bakan\u0131 Sad\u0131k Gardiyano\u011flu, Asgari \u00dccret Saptama Komisyonu toplant\u0131s\u0131 sonras\u0131 bas\u0131na a\u00e7\u0131klama yapt\u0131.<\/p>\n<p>Bakan olarak kendisinin her zaman oybirli\u011fine ula\u015fmak istedi\u011fini ancak bunun m\u00fcmk\u00fcn olmad\u0131\u011f\u0131n\u0131 s\u00f6yleyen Gardiyano\u011flu, oy\u00e7oklu\u011fuyla \u00f6nceki toplant\u0131da kararla\u015ft\u0131r\u0131lan rakam\u0131n ge\u00e7erli olmas\u0131 karar\u0131 al\u0131nd\u0131\u011f\u0131n\u0131 belirtti.<\/p>\n<p>Gardiyano\u011flu, i\u015fveren taraf\u0131n\u0131n ortaya bir rakam ya da y\u00fczdelik koymad\u0131\u011f\u0131n\u0131, art\u0131\u015fa olumsuz bakt\u0131klar\u0131n\u0131 s\u00f6ylediklerini kaydetti.<\/p>\n<div class=\"mariselle-image-container center\">\n                <img loading=\"lazy\" decoding=\"async\" width=\"1599\" height=\"1066\" class=\"lazy-image\" alt=\"\" sizes=\"auto, (max-width: 1599px) 100vw, 1599px\" src=\"https:\/\/brtk.net\/wp-content\/uploads\/2024\/09\/30\/serdarogluuu.jpeg?ver=e4032437519c534cef25c67d9d5cdce4\" srcset=\"https:\/\/brtk.net\/wp-content\/uploads\/2024\/09\/30\/serdarogluuu.jpeg?ver=e4032437519c534cef25c67d9d5cdce4 1599w, https:\/\/brtk.net\/wp-content\/uploads\/2024\/09\/30\/serdarogluuu-300x200.jpeg?ver=de00d3267978eaf476d2c1ab44713fcb 300w, https:\/\/brtk.net\/wp-content\/uploads\/2024\/09\/30\/serdarogluuu-1024x683.jpeg?ver=de00d3267978eaf476d2c1ab44713fcb 1024w, https:\/\/brtk.net\/wp-content\/uploads\/2024\/09\/30\/serdarogluuu-768x512.jpeg?ver=de00d3267978eaf476d2c1ab44713fcb 768w, https:\/\/brtk.net\/wp-content\/uploads\/2024\/09\/30\/serdarogluuu-1536x1024.jpeg?ver=caee4d4f1719bff123f554265aa07154 1536w\"\/>                            <\/div>\n<p>\u0130\u015f\u00e7i taraf\u0131n\u0131 temsilen toplant\u0131ya kat\u0131lan H\u00fcr-\u0130\u015f Ba\u015fkan\u0131 Ahmet Serdaro\u011flu da i\u015fveren taraf\u0131n\u0131n itiraz gerek\u00e7elerini ger\u00e7ek\u00e7i bulmad\u0131klar\u0131n\u0131 dile getirdi.<\/p>\n<p>Ortada bir k\u0131s\u0131r d\u00f6ng\u00fc oldu\u011funa kat\u0131ld\u0131klar\u0131n\u0131 belirten Serdaro\u011flu, sorunun temeline inmeye haz\u0131r olduklar\u0131n\u0131, bu yap\u0131lmad\u0131k\u00e7a sorunu \u00e7\u00f6zmenin m\u00fcmk\u00fcn olmayaca\u011f\u0131n\u0131 kaydetti.<\/p>\n<p>Serdaro\u011flu toplant\u0131 \u00f6ncesi de\u011findi\u011fi unsurlar\u0131 tekrarlayarak sorunun temelinde h\u00fck\u00fcmet icraatlar\u0131 ve vergi aflar\u0131 oldu\u011funu s\u00f6yledi.<\/p>\n<\/p><\/div>\n<p><script async\n                    defer\n                    crossorigin=\"anonymous\"\n                    src=\"https:\/\/connect.facebook.net\/tr_TR\/sdk.js#xfbml=1&#038;version=v3.3\"\n            ><\/script><\/p>\n","protected":false},"excerpt":{"rendered":"<p>\u00c7al\u0131\u015fma ve Sosyal G\u00fcvenlik Bakan\u0131 Sad\u0131k Gardiyano\u011flu, Asgari \u00dccret Saptama Komisyonu toplant\u0131s\u0131 sonras\u0131 bas\u0131na a\u00e7\u0131klama yapt\u0131. Bakan olarak kendisinin her zaman oybirli\u011fine ula\u015fmak istedi\u011fini ancak bunun m\u00fcmk\u00fcn olmad\u0131\u011f\u0131n\u0131 s\u00f6yleyen Gardiyano\u011flu, oy\u00e7oklu\u011fuyla \u00f6nceki toplant\u0131da kararla\u015ft\u0131r\u0131lan rakam\u0131n ge\u00e7erli olmas\u0131 karar\u0131 al\u0131nd\u0131\u011f\u0131n\u0131 belirtti. Gardiyano\u011flu, i\u015fveren taraf\u0131n\u0131n ortaya bir rakam ya da y\u00fczdelik koymad\u0131\u011f\u0131n\u0131, art\u0131\u015fa olumsuz bakt\u0131klar\u0131n\u0131 s\u00f6ylediklerini kaydetti.<\/p>\n","protected":false},"author":1,"featured_media":65314,"comment_status":"open","ping_status":"open","sticky":false,"template":"","format":"standard","meta":{"footnotes":""},"categories":[81],"tags":[],"class_list":["post-65313","post","type-post","status-publish","format-standard","has-post-thumbnail","hentry","category-kibris"],"yoast_head":"<!-- This site is optimized with the Yoast SEO plugin v27.5 - https:\/\/yoast.com\/product\/yoast-seo-wordpress\/ -->\n<title>Bakan Gardiyano\u011flu asgari \u00fccret toplant\u0131s\u0131 sonras\u0131 a\u00e7\u0131klama yapt\u0131 -<\/title>\n<meta name=\"robots\" content=\"index, follow, max-snippet:-1, max-image-preview:large, max-video-preview:-1\" \/>\n<link rel=\"canonical\" href=\"https:\/\/kibrisdakik.com\/?p=65313\" \/>\n<meta property=\"og:locale\" content=\"tr_TR\" \/>\n<meta property=\"og:type\" content=\"article\" \/>\n<meta property=\"og:title\" content=\"Bakan Gardiyano\u011flu asgari \u00fccret toplant\u0131s\u0131 sonras\u0131 a\u00e7\u0131klama yapt\u0131 -\" \/>\n<meta property=\"og:description\" content=\"\u00c7al\u0131\u015fma ve Sosyal G\u00fcvenlik Bakan\u0131 Sad\u0131k Gardiyano\u011flu, Asgari \u00dccret Saptama Komisyonu toplant\u0131s\u0131 sonras\u0131 bas\u0131na a\u00e7\u0131klama yapt\u0131. Bakan olarak kendisinin her zaman oybirli\u011fine ula\u015fmak istedi\u011fini ancak bunun m\u00fcmk\u00fcn olmad\u0131\u011f\u0131n\u0131 s\u00f6yleyen Gardiyano\u011flu, oy\u00e7oklu\u011fuyla \u00f6nceki toplant\u0131da kararla\u015ft\u0131r\u0131lan rakam\u0131n ge\u00e7erli olmas\u0131 karar\u0131 al\u0131nd\u0131\u011f\u0131n\u0131 belirtti. Gardiyano\u011flu, i\u015fveren taraf\u0131n\u0131n ortaya bir rakam ya da y\u00fczdelik koymad\u0131\u011f\u0131n\u0131, art\u0131\u015fa olumsuz bakt\u0131klar\u0131n\u0131 s\u00f6ylediklerini kaydetti.\" \/>\n<meta property=\"og:url\" content=\"https:\/\/kibrisdakik.com\/?p=65313\" \/>\n<meta property=\"article:published_time\" content=\"2024-09-30T10:45:56+00:00\" \/>\n<meta property=\"og:image\" content=\"https:\/\/kibrisdakik.com\/wp-content\/uploads\/2024\/09\/gardiyanogluuuuuuuuuuuuuuuuuuu-740x420.jpeg\" \/>\n\t<meta property=\"og:image:width\" content=\"1599\" \/>\n\t<meta property=\"og:image:height\" content=\"1066\" \/>\n\t<meta property=\"og:image:type\" content=\"image\/jpeg\" \/>\n<meta name=\"author\" content=\"admin\" \/>\n<meta name=\"twitter:card\" content=\"summary_large_image\" \/>\n<meta name=\"twitter:label1\" content=\"Yazan:\" \/>\n\t<meta name=\"twitter:data1\" content=\"admin\" \/>\n\t<meta name=\"twitter:label2\" content=\"Tahmini okuma s\u00fcresi\" \/>\n\t<meta name=\"twitter:data2\" content=\"1 dakika\" \/>\n<script type=\"application\/ld+json\" class=\"yoast-schema-graph\">{\"@context\":\"https:\\\/\\\/schema.org\",\"@graph\":[{\"@type\":\"Article\",\"@id\":\"https:\\\/\\\/kibrisdakik.com\\\/?p=65313#article\",\"isPartOf\":{\"@id\":\"https:\\\/\\\/kibrisdakik.com\\\/?p=65313\"},\"author\":{\"name\":\"admin\",\"@id\":\"https:\\\/\\\/kibrisdakik.com\\\/#\\\/schema\\\/person\\\/9cd9d437bbb44f72b73ba127e06d8e79\"},\"headline\":\"Bakan Gardiyano\u011flu asgari \u00fccret toplant\u0131s\u0131 sonras\u0131 a\u00e7\u0131klama yapt\u0131\",\"datePublished\":\"2024-09-30T10:45:56+00:00\",\"mainEntityOfPage\":{\"@id\":\"https:\\\/\\\/kibrisdakik.com\\\/?p=65313\"},\"wordCount\":191,\"commentCount\":0,\"image\":{\"@id\":\"https:\\\/\\\/kibrisdakik.com\\\/?p=65313#primaryimage\"},\"thumbnailUrl\":\"https:\\\/\\\/kibrisdakik.com\\\/wp-content\\\/uploads\\\/2024\\\/09\\\/gardiyanogluuuuuuuuuuuuuuuuuuu-740x420.jpeg\",\"articleSection\":[\"K\u0131br\u0131s\"],\"inLanguage\":\"tr\",\"potentialAction\":[{\"@type\":\"CommentAction\",\"name\":\"Comment\",\"target\":[\"https:\\\/\\\/kibrisdakik.com\\\/?p=65313#respond\"]}]},{\"@type\":\"WebPage\",\"@id\":\"https:\\\/\\\/kibrisdakik.com\\\/?p=65313\",\"url\":\"https:\\\/\\\/kibrisdakik.com\\\/?p=65313\",\"name\":\"Bakan Gardiyano\u011flu asgari \u00fccret toplant\u0131s\u0131 sonras\u0131 a\u00e7\u0131klama yapt\u0131 -\",\"isPartOf\":{\"@id\":\"https:\\\/\\\/kibrisdakik.com\\\/#website\"},\"primaryImageOfPage\":{\"@id\":\"https:\\\/\\\/kibrisdakik.com\\\/?p=65313#primaryimage\"},\"image\":{\"@id\":\"https:\\\/\\\/kibrisdakik.com\\\/?p=65313#primaryimage\"},\"thumbnailUrl\":\"https:\\\/\\\/kibrisdakik.com\\\/wp-content\\\/uploads\\\/2024\\\/09\\\/gardiyanogluuuuuuuuuuuuuuuuuuu-740x420.jpeg\",\"datePublished\":\"2024-09-30T10:45:56+00:00\",\"author\":{\"@id\":\"https:\\\/\\\/kibrisdakik.com\\\/#\\\/schema\\\/person\\\/9cd9d437bbb44f72b73ba127e06d8e79\"},\"breadcrumb\":{\"@id\":\"https:\\\/\\\/kibrisdakik.com\\\/?p=65313#breadcrumb\"},\"inLanguage\":\"tr\",\"potentialAction\":[{\"@type\":\"ReadAction\",\"target\":[\"https:\\\/\\\/kibrisdakik.com\\\/?p=65313\"]}]},{\"@type\":\"ImageObject\",\"inLanguage\":\"tr\",\"@id\":\"https:\\\/\\\/kibrisdakik.com\\\/?p=65313#primaryimage\",\"url\":\"https:\\\/\\\/kibrisdakik.com\\\/wp-content\\\/uploads\\\/2024\\\/09\\\/gardiyanogluuuuuuuuuuuuuuuuuuu-740x420.jpeg\",\"contentUrl\":\"https:\\\/\\\/kibrisdakik.com\\\/wp-content\\\/uploads\\\/2024\\\/09\\\/gardiyanogluuuuuuuuuuuuuuuuuuu-740x420.jpeg\",\"width\":1599,\"height\":1066},{\"@type\":\"BreadcrumbList\",\"@id\":\"https:\\\/\\\/kibrisdakik.com\\\/?p=65313#breadcrumb\",\"itemListElement\":[{\"@type\":\"ListItem\",\"position\":1,\"name\":\"Home\",\"item\":\"https:\\\/\\\/kibrisdakik.com\\\/\"},{\"@type\":\"ListItem\",\"position\":2,\"name\":\"Bakan Gardiyano\u011flu asgari \u00fccret toplant\u0131s\u0131 sonras\u0131 a\u00e7\u0131klama yapt\u0131\"}]},{\"@type\":\"WebSite\",\"@id\":\"https:\\\/\\\/kibrisdakik.com\\\/#website\",\"url\":\"https:\\\/\\\/kibrisdakik.com\\\/\",\"name\":\"\",\"description\":\"Tam vaktinde haber\",\"potentialAction\":[{\"@type\":\"SearchAction\",\"target\":{\"@type\":\"EntryPoint\",\"urlTemplate\":\"https:\\\/\\\/kibrisdakik.com\\\/?s={search_term_string}\"},\"query-input\":{\"@type\":\"PropertyValueSpecification\",\"valueRequired\":true,\"valueName\":\"search_term_string\"}}],\"inLanguage\":\"tr\"},{\"@type\":\"Person\",\"@id\":\"https:\\\/\\\/kibrisdakik.com\\\/#\\\/schema\\\/person\\\/9cd9d437bbb44f72b73ba127e06d8e79\",\"name\":\"admin\",\"image\":{\"@type\":\"ImageObject\",\"inLanguage\":\"tr\",\"@id\":\"https:\\\/\\\/secure.gravatar.com\\\/avatar\\\/ccc17943b9d660506c869530f897617f7cb1c21a4bf30023f252596d83e1f007?s=96&d=mm&r=g\",\"url\":\"https:\\\/\\\/secure.gravatar.com\\\/avatar\\\/ccc17943b9d660506c869530f897617f7cb1c21a4bf30023f252596d83e1f007?s=96&d=mm&r=g\",\"contentUrl\":\"https:\\\/\\\/secure.gravatar.com\\\/avatar\\\/ccc17943b9d660506c869530f897617f7cb1c21a4bf30023f252596d83e1f007?s=96&d=mm&r=g\",\"caption\":\"admin\"},\"sameAs\":[\"https:\\\/\\\/kibrisdakik.com\"],\"url\":\"https:\\\/\\\/kibrisdakik.com\\\/?author=1\"}]}<\/script>\n<!-- \/ Yoast SEO plugin. -->","yoast_head_json":{"title":"Bakan Gardiyano\u011flu asgari \u00fccret toplant\u0131s\u0131 sonras\u0131 a\u00e7\u0131klama yapt\u0131 -","robots":{"index":"index","follow":"follow","max-snippet":"max-snippet:-1","max-image-preview":"max-image-preview:large","max-video-preview":"max-video-preview:-1"},"canonical":"https:\/\/kibrisdakik.com\/?p=65313","og_locale":"tr_TR","og_type":"article","og_title":"Bakan Gardiyano\u011flu asgari \u00fccret toplant\u0131s\u0131 sonras\u0131 a\u00e7\u0131klama yapt\u0131 -","og_description":"\u00c7al\u0131\u015fma ve Sosyal G\u00fcvenlik Bakan\u0131 Sad\u0131k Gardiyano\u011flu, Asgari \u00dccret Saptama Komisyonu toplant\u0131s\u0131 sonras\u0131 bas\u0131na a\u00e7\u0131klama yapt\u0131. Bakan olarak kendisinin her zaman oybirli\u011fine ula\u015fmak istedi\u011fini ancak bunun m\u00fcmk\u00fcn olmad\u0131\u011f\u0131n\u0131 s\u00f6yleyen Gardiyano\u011flu, oy\u00e7oklu\u011fuyla \u00f6nceki toplant\u0131da kararla\u015ft\u0131r\u0131lan rakam\u0131n ge\u00e7erli olmas\u0131 karar\u0131 al\u0131nd\u0131\u011f\u0131n\u0131 belirtti. Gardiyano\u011flu, i\u015fveren taraf\u0131n\u0131n ortaya bir rakam ya da y\u00fczdelik koymad\u0131\u011f\u0131n\u0131, art\u0131\u015fa olumsuz bakt\u0131klar\u0131n\u0131 s\u00f6ylediklerini kaydetti.","og_url":"https:\/\/kibrisdakik.com\/?p=65313","article_published_time":"2024-09-30T10:45:56+00:00","og_image":[{"width":1599,"height":1066,"url":"https:\/\/kibrisdakik.com\/wp-content\/uploads\/2024\/09\/gardiyanogluuuuuuuuuuuuuuuuuuu-740x420.jpeg","type":"image\/jpeg"}],"author":"admin","twitter_card":"summary_large_image","twitter_misc":{"Yazan:":"admin","Tahmini okuma s\u00fcresi":"1 dakika"},"schema":{"@context":"https:\/\/schema.org","@graph":[{"@type":"Article","@id":"https:\/\/kibrisdakik.com\/?p=65313#article","isPartOf":{"@id":"https:\/\/kibrisdakik.com\/?p=65313"},"author":{"name":"admin","@id":"https:\/\/kibrisdakik.com\/#\/schema\/person\/9cd9d437bbb44f72b73ba127e06d8e79"},"headline":"Bakan Gardiyano\u011flu asgari \u00fccret toplant\u0131s\u0131 sonras\u0131 a\u00e7\u0131klama yapt\u0131","datePublished":"2024-09-30T10:45:56+00:00","mainEntityOfPage":{"@id":"https:\/\/kibrisdakik.com\/?p=65313"},"wordCount":191,"commentCount":0,"image":{"@id":"https:\/\/kibrisdakik.com\/?p=65313#primaryimage"},"thumbnailUrl":"https:\/\/kibrisdakik.com\/wp-content\/uploads\/2024\/09\/gardiyanogluuuuuuuuuuuuuuuuuuu-740x420.jpeg","articleSection":["K\u0131br\u0131s"],"inLanguage":"tr","potentialAction":[{"@type":"CommentAction","name":"Comment","target":["https:\/\/kibrisdakik.com\/?p=65313#respond"]}]},{"@type":"WebPage","@id":"https:\/\/kibrisdakik.com\/?p=65313","url":"https:\/\/kibrisdakik.com\/?p=65313","name":"Bakan Gardiyano\u011flu asgari \u00fccret toplant\u0131s\u0131 sonras\u0131 a\u00e7\u0131klama yapt\u0131 -","isPartOf":{"@id":"https:\/\/kibrisdakik.com\/#website"},"primaryImageOfPage":{"@id":"https:\/\/kibrisdakik.com\/?p=65313#primaryimage"},"image":{"@id":"https:\/\/kibrisdakik.com\/?p=65313#primaryimage"},"thumbnailUrl":"https:\/\/kibrisdakik.com\/wp-content\/uploads\/2024\/09\/gardiyanogluuuuuuuuuuuuuuuuuuu-740x420.jpeg","datePublished":"2024-09-30T10:45:56+00:00","author":{"@id":"https:\/\/kibrisdakik.com\/#\/schema\/person\/9cd9d437bbb44f72b73ba127e06d8e79"},"breadcrumb":{"@id":"https:\/\/kibrisdakik.com\/?p=65313#breadcrumb"},"inLanguage":"tr","potentialAction":[{"@type":"ReadAction","target":["https:\/\/kibrisdakik.com\/?p=65313"]}]},{"@type":"ImageObject","inLanguage":"tr","@id":"https:\/\/kibrisdakik.com\/?p=65313#primaryimage","url":"https:\/\/kibrisdakik.com\/wp-content\/uploads\/2024\/09\/gardiyanogluuuuuuuuuuuuuuuuuuu-740x420.jpeg","contentUrl":"https:\/\/kibrisdakik.com\/wp-content\/uploads\/2024\/09\/gardiyanogluuuuuuuuuuuuuuuuuuu-740x420.jpeg","width":1599,"height":1066},{"@type":"BreadcrumbList","@id":"https:\/\/kibrisdakik.com\/?p=65313#breadcrumb","itemListElement":[{"@type":"ListItem","position":1,"name":"Home","item":"https:\/\/kibrisdakik.com\/"},{"@type":"ListItem","position":2,"name":"Bakan Gardiyano\u011flu asgari \u00fccret toplant\u0131s\u0131 sonras\u0131 a\u00e7\u0131klama yapt\u0131"}]},{"@type":"WebSite","@id":"https:\/\/kibrisdakik.com\/#website","url":"https:\/\/kibrisdakik.com\/","name":"","description":"Tam vaktinde haber","potentialAction":[{"@type":"SearchAction","target":{"@type":"EntryPoint","urlTemplate":"https:\/\/kibrisdakik.com\/?s={search_term_string}"},"query-input":{"@type":"PropertyValueSpecification","valueRequired":true,"valueName":"search_term_string"}}],"inLanguage":"tr"},{"@type":"Person","@id":"https:\/\/kibrisdakik.com\/#\/schema\/person\/9cd9d437bbb44f72b73ba127e06d8e79","name":"admin","image":{"@type":"ImageObject","inLanguage":"tr","@id":"https:\/\/secure.gravatar.com\/avatar\/ccc17943b9d660506c869530f897617f7cb1c21a4bf30023f252596d83e1f007?s=96&d=mm&r=g","url":"https:\/\/secure.gravatar.com\/avatar\/ccc17943b9d660506c869530f897617f7cb1c21a4bf30023f252596d83e1f007?s=96&d=mm&r=g","contentUrl":"https:\/\/secure.gravatar.com\/avatar\/ccc17943b9d660506c869530f897617f7cb1c21a4bf30023f252596d83e1f007?s=96&d=mm&r=g","caption":"admin"},"sameAs":["https:\/\/kibrisdakik.com"],"url":"https:\/\/kibrisdakik.com\/?author=1"}]}},"_links":{"self":[{"href":"https:\/\/kibrisdakik.com\/index.php?rest_route=\/wp\/v2\/posts\/65313","targetHints":{"allow":["GET"]}}],"collection":[{"href":"https:\/\/kibrisdakik.com\/index.php?rest_route=\/wp\/v2\/posts"}],"about":[{"href":"https:\/\/kibrisdakik.com\/index.php?rest_route=\/wp\/v2\/types\/post"}],"author":[{"embeddable":true,"href":"https:\/\/kibrisdakik.com\/index.php?rest_route=\/wp\/v2\/users\/1"}],"replies":[{"embeddable":true,"href":"https:\/\/kibrisdakik.com\/index.php?rest_route=%2Fwp%2Fv2%2Fcomments&post=65313"}],"version-history":[{"count":0,"href":"https:\/\/kibrisdakik.com\/index.php?rest_route=\/wp\/v2\/posts\/65313\/revisions"}],"wp:featuredmedia":[{"embeddable":true,"href":"https:\/\/kibrisdakik.com\/index.php?rest_route=\/wp\/v2\/media\/65314"}],"wp:attachment":[{"href":"https:\/\/kibrisdakik.com\/index.php?rest_route=%2Fwp%2Fv2%2Fmedia&parent=65313"}],"wp:term":[{"taxonomy":"category","embeddable":true,"href":"https:\/\/kibrisdakik.com\/index.php?rest_route=%2Fwp%2Fv2%2Fcategories&post=65313"},{"taxonomy":"post_tag","embeddable":true,"href":"https:\/\/kibrisdakik.com\/index.php?rest_route=%2Fwp%2Fv2%2Ftags&post=65313"}],"curies":[{"name":"wp","href":"https:\/\/api.w.org\/{rel}","templated":true}]}}