{"id":65319,"date":"2024-09-30T13:37:25","date_gmt":"2024-09-30T10:37:25","guid":{"rendered":"https:\/\/kibrisdakik.com\/index.php\/2024\/09\/30\/meme-kanseri-farkindalik-ayi-kanliada-bana-bir-sey-olmaz-demeyin-farkinda-olun\/"},"modified":"2024-09-30T13:37:25","modified_gmt":"2024-09-30T10:37:25","slug":"meme-kanseri-farkindalik-ayi-kanliada-bana-bir-sey-olmaz-demeyin-farkinda-olun","status":"publish","type":"post","link":"https:\/\/kibrisdakik.com\/?p=65319","title":{"rendered":"Meme Kanseri Fark\u0131ndal\u0131k Ay\u0131\u2026 Kanl\u0131ada: \u201cBana bir \u015fey olmaz\u2019 demeyin. Fark\u0131nda olun\u201d"},"content":{"rendered":"<p><\/p>\n<div>\n<div class=\"mariselle-image-container center\">\n                <img loading=\"lazy\" decoding=\"async\" width=\"930\" height=\"395\" class=\"lazy-image\" alt=\"\" sizes=\"auto, (max-width: 930px) 100vw, 930px\" src=\"https:\/\/brtk.net\/wp-content\/uploads\/2024\/09\/30\/Ayse-Kanliada-aaaaaaaaaaaaaaaaaaaaaaa.jpg?ver=691a5e4a30e72f024aa463dec462e428\" srcset=\"https:\/\/brtk.net\/wp-content\/uploads\/2024\/09\/30\/Ayse-Kanliada-aaaaaaaaaaaaaaaaaaaaaaa.jpg?ver=691a5e4a30e72f024aa463dec462e428 930w, https:\/\/brtk.net\/wp-content\/uploads\/2024\/09\/30\/Ayse-Kanliada-aaaaaaaaaaaaaaaaaaaaaaa-300x127.jpg?ver=9eae2e67382f3cbb5efce970c5a22b2a 300w, https:\/\/brtk.net\/wp-content\/uploads\/2024\/09\/30\/Ayse-Kanliada-aaaaaaaaaaaaaaaaaaaaaaa-768x326.jpg?ver=9eae2e67382f3cbb5efce970c5a22b2a 768w\"\/>                            <\/div>\n<p>Kanser Hastalar\u0131na Yard\u0131m Derne\u011fi Ba\u015fkan\u0131 Ay\u015fe Kanl\u0131ada, 1- 31 Ekim Meme Kanseri Fark\u0131ndal\u0131k Ay\u0131 dolay\u0131s\u0131yla mesaj yay\u0131mlad\u0131. Kanl\u0131ada mesaj\u0131nda; erken te\u015fhisin hayat kurtard\u0131\u011f\u0131n\u0131n alt\u0131n\u0131 \u00e7izdi, ya\u015f\u0131 gelmi\u015f kad\u0131nlar\u0131 meme muayenesi yapt\u0131rmaya \u00e7a\u011f\u0131rd\u0131. <\/p>\n<p>\u00dclkede ve d\u00fcnyada en s\u0131k g\u00f6r\u00fclen kanser t\u00fcr\u00fcn\u00fcn meme kanseri oldu\u011funa i\u015faret eden Kanl\u0131ada, meme kanserinin pembe kurdele ile temsil edildi\u011fini belirterek, pembe kurdelenin toplumda fark\u0131ndal\u0131k olu\u015fturmak amac\u0131yla hayata ge\u00e7irilen bir sosyal proje oldu\u011funu kaydetti..<\/p>\n<p>Kanser Hastalar\u0131na Yard\u0131m Derne\u011fi Ba\u015fkan\u0131 Kanl\u0131ada, meme kanserinin meme dokusunda yer alan h\u00fccrelerin kontrols\u00fcz \u00e7o\u011falmas\u0131yla ortaya \u00e7\u0131kt\u0131\u011f\u0131n\u0131 ve kad\u0131nlarda oldu\u011fu oran kadar olmasa da g\u00fcn\u00fcm\u00fczde nadiren erkeklerde de g\u00f6r\u00fclebildi\u011fini dile getirdi.<\/p>\n<p><strong>-\u201cHer y\u0131l 200\u2019\u00fc a\u015fk\u0131n meme kanseri te\u015fhisiyle yeni hasta ekleniyor\u201d<\/strong><\/p>\n<p>Kanser Hastalar\u0131na Yard\u0131m Derne\u011fi ailesine her y\u0131l 200\u2019\u00fc a\u015fk\u0131n meme kanseri te\u015fhisi ile yeni hasta eklendi\u011fini kaydeden Kanl\u0131ada, meme kanserinin, \u00fclkede 30, 40 ve 50 ya\u015flar\u0131ndaki kad\u0131nlarda daha s\u0131k g\u00f6r\u00fcld\u00fc\u011f\u00fcn\u00fc, ya\u015f ortalamas\u0131n\u0131n ise 20\u2019li ya\u015flara kadar d\u00fc\u015ft\u00fc\u011f\u00fcn\u00fcn g\u00f6zlemlendi\u011fini belirtti. <\/p>\n<p><strong>\u2013 \u201cKad\u0131nlara meme muayenesi ve \u00fccretsiz kanser erken te\u015fhis taramalar\u0131 yap\u0131lacak\u201d<\/strong><\/p>\n<p>Kanl\u0131ada, bu y\u0131l Sa\u011fl\u0131k Bakanl\u0131\u011f\u0131\u2019na ba\u011fl\u0131 Temel Sa\u011fl\u0131k Hizmetleri Dairesi\u2019nin Meme Kanseri Fark\u0131ndal\u0131k Ay\u0131 kapsam\u0131nda sa\u011fl\u0131k merkezlerinde, kad\u0131nlara meme muayenesi ve \u00fccretsiz kanser erken te\u015fhis taramalar\u0131 yapaca\u011f\u0131n\u0131 duyurdu\u011funu hat\u0131rlatt\u0131.<\/p>\n<p><strong>-\u00d6nlenebilir bir kanser t\u00fcr\u00fc<\/strong><\/p>\n<p>Ay\u015fe Kanl\u0131ada, \u201cGe\u00e7mi\u015fe oranla, \u00e7ok erken te\u015fhislerle tespit edilen <a href=\"https:\/\/brtk.net\/\">vaka<\/a>lar\u0131n tedavilerinin ve ba\u015far\u0131 oran\u0131n\u0131n y\u00fczde 95\u2019lere \u00e7\u0131kt\u0131\u011f\u0131 a\u00e7\u0131klan\u0131rken, meme kanseri \u00f6nlenebilir bir kanser t\u00fcr\u00fc haline gelmi\u015ftir.\u201d dedi.<\/p>\n<p>Bu nedenle y\u0131ll\u0131k kontrollerin \u00e7ok \u00f6nem arz etti\u011fine ve erken te\u015fhisin hayat kurtard\u0131\u011f\u0131na vurgu yapan Kanl\u0131ada, a\u00e7\u0131klamas\u0131n\u0131n devam\u0131nda; \u201cKanser olu\u015fmadan veya kanseri birinci evrede yakalamak m\u00fcmk\u00fcnd\u00fcr. Tedavi s\u00fcresi ve \u015fekli eskiye oranla daha kolay oldu\u011fu gibi, ya\u015fam kalitesi de daha y\u00fcksek olmaktad\u0131r.\u201d ifadelerini kulland\u0131.<\/p>\n<p>Bilhassa kad\u0131nlar\u0131n sa\u011fl\u0131kl\u0131 ve uzun ya\u015famak i\u00e7in konuyu g\u00fcndemde tutmas\u0131, fark\u0131ndal\u0131k yaratmas\u0131 ve \u00fclkenin her k\u00f6\u015fesindeki t\u00fcm kad\u0131nlar\u0131n erken te\u015fhis ve tedbirler konusunda bilin\u00e7li olmas\u0131n\u0131 sa\u011flamak gerekti\u011fini kaydeden Kanl\u0131ada, \u201cKanser Hastalar\u0131 Yard\u0131m Derne\u011fi olarak Meme Kanseri Fark\u0131ndal\u0131k Ay\u0131\u2019nda ya\u015f\u0131 gelmi\u015f kad\u0131nlar\u0131m\u0131z\u0131 meme muayenesi yapt\u0131rmaya \u00e7a\u011f\u0131r\u0131yoruz.\u201d dedi.<\/p>\n<p>Kanl\u0131ada, \u201cDevletimizin ve Derne\u011fimizin i\u015f birli\u011fi neticesinde ve uzun u\u011fra\u015flar\u0131 sonucunda, bir onkoloji hastanemiz, onkologlar\u0131m\u0131z ve hem\u015fire ekiplerimiz vard\u0131r. Devlette ve \u00f6zelde, ailelerin yan\u0131nda ve onlar\u0131n da destekleriyle tedavi olma \u015fans\u0131m\u0131z vard\u0131r. Art\u0131k meme kanserinde \u00fclkemizde uygulanamayan bir tedavi kalmam\u0131\u015f, g\u00fcven i\u00e7inde, rahatl\u0131kla tedaviler al\u0131nabilmektedir.\u201d a\u00e7\u0131klamas\u0131nda bulundu.<\/p>\n<p>\u2013 \u201cDerne\u011fimiz tedavi yan\u0131nda, hastalar\u0131n t\u00fcm ihtiya\u00e7lar\u0131n\u0131n kar\u015f\u0131lanmas\u0131n\u0131 sa\u011fl\u0131yor\u201d<\/p>\n<p>Kanl\u0131ada, sa\u011flanan bu olanaklarda, Kanser Hastalar\u0131na Yard\u0131m Derne\u011fi\u2019nin b\u00fcy\u00fck pay\u0131 oldu\u011funu ve bug\u00fcn bunun hakl\u0131 gururunu hep birlikte ya\u015fad\u0131klar\u0131n\u0131 ifade etti.<\/p>\n<p>Derne\u011fin her \u015fekilde tedavi yan\u0131nda, hastalar\u0131n t\u00fcm ihtiya\u00e7lar\u0131n\u0131n kar\u015f\u0131lanmas\u0131n\u0131 sa\u011flad\u0131\u011f\u0131n\u0131, hastalar\u0131n memnun ve huzurlu bir \u015fekilde bu s\u00fcreci tamamlamalar\u0131na yard\u0131mc\u0131 olmaya \u00e7al\u0131\u015ft\u0131\u011f\u0131n\u0131 anlatan Kanl\u0131ada, peruk, silikon meme, \u00f6zel s\u00fctyen, lenf \u00f6dem korseleri, psikolojik dan\u0131\u015fmanl\u0131k vs. gibi hizmetlerin de ba\u015fvuruda bulunan hastalara bir tamam ve \u00fccretsiz \u015fekilde sunuldu\u011funu kaydetti.<\/p>\n<p>Kanl\u0131ada, ayr\u0131ca hasta yata\u011f\u0131, tekerlekli sandalye, ila\u00e7, tetkik, doktor \u00fccretleri, yol masraflar\u0131 ve gerekti\u011fi yerde u\u00e7ak biletlerinin de Dernek taraf\u0131ndan kar\u015f\u0131land\u0131\u011f\u0131n\u0131 da ekledi.<\/p>\n<p><strong>\u2013 \u201cErken te\u015fhis hayat kurtar\u0131r\u201d<\/strong><\/p>\n<p>K\u00f6t\u00fc beslenme al\u0131\u015fkanl\u0131klar\u0131, \u00e7evresel fakt\u00f6rler, stres, sigara\/alkol kullan\u0131m\u0131 vs. gibi durumlar ve al\u0131\u015fkanl\u0131klar\u0131n kanser olu\u015fumunda etkili, \u00f6nemli fakt\u00f6rlerden oldu\u011funa da dikkat \u00e7eken Kanl\u0131ada, \u201cMeme kanserinden ve di\u011fer kanser t\u00fcrlerinden elimizden geldi\u011fince kendimizi korumak amac\u0131yla bu fakt\u00f6rlerden uzak durmal\u0131y\u0131z.\u201d dedi.<\/p>\n<p>Ayr\u0131ca ba\u011f\u0131\u015f\u0131kl\u0131k sistemini g\u00fc\u00e7lendirmek ve \u00f6zellikle meme kanserinde b\u00fcy\u00fck rol oynayan rutin elle ve USG kontrollerini aksatmadan yapt\u0131rman\u0131n \u00f6nemine vurgu yapan Ay\u015fe Kanl\u0131ada, s\u00f6zlerini \u015f\u00f6yle sonland\u0131rd\u0131:<\/p>\n<p>\u201cBana bir \u015fey olmaz\u2019 demeyin. Fark\u0131nda olun ve erken te\u015fhisin hayat kurtard\u0131\u011f\u0131n\u0131n alt\u0131n\u0131 bir kez daha \u00e7izerek, hepinizi sa\u011fl\u0131kl\u0131, g\u00fczel g\u00fcnlerde bulu\u015fmak \u00fczere sevgiyle kucakl\u0131yorum.\u201d<\/p>\n<\/p><\/div>\n<p><script async\n                    defer\n                    crossorigin=\"anonymous\"\n                    src=\"https:\/\/connect.facebook.net\/tr_TR\/sdk.js#xfbml=1&#038;version=v3.3\"\n            ><\/script><\/p>\n","protected":false},"excerpt":{"rendered":"<p>Kanser Hastalar\u0131na Yard\u0131m Derne\u011fi Ba\u015fkan\u0131 Ay\u015fe Kanl\u0131ada, 1- 31 Ekim Meme Kanseri Fark\u0131ndal\u0131k Ay\u0131 dolay\u0131s\u0131yla mesaj yay\u0131mlad\u0131. Kanl\u0131ada mesaj\u0131nda; erken te\u015fhisin hayat kurtard\u0131\u011f\u0131n\u0131n alt\u0131n\u0131 \u00e7izdi, ya\u015f\u0131 gelmi\u015f kad\u0131nlar\u0131 meme muayenesi yapt\u0131rmaya \u00e7a\u011f\u0131rd\u0131. \u00dclkede ve d\u00fcnyada en s\u0131k g\u00f6r\u00fclen kanser t\u00fcr\u00fcn\u00fcn meme kanseri oldu\u011funa i\u015faret eden Kanl\u0131ada, meme kanserinin pembe kurdele ile temsil edildi\u011fini belirterek, pembe<\/p>\n","protected":false},"author":1,"featured_media":65320,"comment_status":"open","ping_status":"open","sticky":false,"template":"","format":"standard","meta":{"footnotes":""},"categories":[1],"tags":[],"class_list":["post-65319","post","type-post","status-publish","format-standard","has-post-thumbnail","hentry","category-gundem"],"yoast_head":"<!-- This site is optimized with the Yoast SEO plugin v27.5 - https:\/\/yoast.com\/product\/yoast-seo-wordpress\/ -->\n<title>Meme Kanseri Fark\u0131ndal\u0131k Ay\u0131\u2026 Kanl\u0131ada: \u201cBana bir \u015fey olmaz\u2019 demeyin. Fark\u0131nda olun\u201d -<\/title>\n<meta name=\"robots\" content=\"index, follow, max-snippet:-1, max-image-preview:large, max-video-preview:-1\" \/>\n<link rel=\"canonical\" href=\"https:\/\/kibrisdakik.com\/?p=65319\" \/>\n<meta property=\"og:locale\" content=\"tr_TR\" \/>\n<meta property=\"og:type\" content=\"article\" \/>\n<meta property=\"og:title\" content=\"Meme Kanseri Fark\u0131ndal\u0131k Ay\u0131\u2026 Kanl\u0131ada: \u201cBana bir \u015fey olmaz\u2019 demeyin. Fark\u0131nda olun\u201d -\" \/>\n<meta property=\"og:description\" content=\"Kanser Hastalar\u0131na Yard\u0131m Derne\u011fi Ba\u015fkan\u0131 Ay\u015fe Kanl\u0131ada, 1- 31 Ekim Meme Kanseri Fark\u0131ndal\u0131k Ay\u0131 dolay\u0131s\u0131yla mesaj yay\u0131mlad\u0131. Kanl\u0131ada mesaj\u0131nda; erken te\u015fhisin hayat kurtard\u0131\u011f\u0131n\u0131n alt\u0131n\u0131 \u00e7izdi, ya\u015f\u0131 gelmi\u015f kad\u0131nlar\u0131 meme muayenesi yapt\u0131rmaya \u00e7a\u011f\u0131rd\u0131. \u00dclkede ve d\u00fcnyada en s\u0131k g\u00f6r\u00fclen kanser t\u00fcr\u00fcn\u00fcn meme kanseri oldu\u011funa i\u015faret eden Kanl\u0131ada, meme kanserinin pembe kurdele ile temsil edildi\u011fini belirterek, pembe\" \/>\n<meta property=\"og:url\" content=\"https:\/\/kibrisdakik.com\/?p=65319\" \/>\n<meta property=\"article:published_time\" content=\"2024-09-30T10:37:25+00:00\" \/>\n<meta property=\"og:image\" content=\"https:\/\/kibrisdakik.com\/wp-content\/uploads\/2024\/09\/Ayse-Kanliada-aaaaaaaaaaaaaaaaaaaaaaa-740x395.jpg\" \/>\n\t<meta property=\"og:image:width\" content=\"930\" \/>\n\t<meta property=\"og:image:height\" content=\"395\" \/>\n\t<meta property=\"og:image:type\" content=\"image\/jpeg\" \/>\n<meta name=\"author\" content=\"admin\" \/>\n<meta name=\"twitter:card\" content=\"summary_large_image\" \/>\n<meta name=\"twitter:label1\" content=\"Yazan:\" \/>\n\t<meta name=\"twitter:data1\" content=\"admin\" \/>\n\t<meta name=\"twitter:label2\" content=\"Tahmini okuma s\u00fcresi\" \/>\n\t<meta name=\"twitter:data2\" content=\"4 dakika\" \/>\n<script type=\"application\/ld+json\" class=\"yoast-schema-graph\">{\"@context\":\"https:\\\/\\\/schema.org\",\"@graph\":[{\"@type\":\"Article\",\"@id\":\"https:\\\/\\\/kibrisdakik.com\\\/?p=65319#article\",\"isPartOf\":{\"@id\":\"https:\\\/\\\/kibrisdakik.com\\\/?p=65319\"},\"author\":{\"name\":\"admin\",\"@id\":\"https:\\\/\\\/kibrisdakik.com\\\/#\\\/schema\\\/person\\\/9cd9d437bbb44f72b73ba127e06d8e79\"},\"headline\":\"Meme Kanseri Fark\u0131ndal\u0131k Ay\u0131\u2026 Kanl\u0131ada: \u201cBana bir \u015fey olmaz\u2019 demeyin. Fark\u0131nda olun\u201d\",\"datePublished\":\"2024-09-30T10:37:25+00:00\",\"mainEntityOfPage\":{\"@id\":\"https:\\\/\\\/kibrisdakik.com\\\/?p=65319\"},\"wordCount\":849,\"commentCount\":0,\"image\":{\"@id\":\"https:\\\/\\\/kibrisdakik.com\\\/?p=65319#primaryimage\"},\"thumbnailUrl\":\"https:\\\/\\\/kibrisdakik.com\\\/wp-content\\\/uploads\\\/2024\\\/09\\\/Ayse-Kanliada-aaaaaaaaaaaaaaaaaaaaaaa-740x395.jpg\",\"articleSection\":[\"G\u00fcndem\"],\"inLanguage\":\"tr\",\"potentialAction\":[{\"@type\":\"CommentAction\",\"name\":\"Comment\",\"target\":[\"https:\\\/\\\/kibrisdakik.com\\\/?p=65319#respond\"]}]},{\"@type\":\"WebPage\",\"@id\":\"https:\\\/\\\/kibrisdakik.com\\\/?p=65319\",\"url\":\"https:\\\/\\\/kibrisdakik.com\\\/?p=65319\",\"name\":\"Meme Kanseri Fark\u0131ndal\u0131k Ay\u0131\u2026 Kanl\u0131ada: \u201cBana bir \u015fey olmaz\u2019 demeyin. Fark\u0131nda olun\u201d -\",\"isPartOf\":{\"@id\":\"https:\\\/\\\/kibrisdakik.com\\\/#website\"},\"primaryImageOfPage\":{\"@id\":\"https:\\\/\\\/kibrisdakik.com\\\/?p=65319#primaryimage\"},\"image\":{\"@id\":\"https:\\\/\\\/kibrisdakik.com\\\/?p=65319#primaryimage\"},\"thumbnailUrl\":\"https:\\\/\\\/kibrisdakik.com\\\/wp-content\\\/uploads\\\/2024\\\/09\\\/Ayse-Kanliada-aaaaaaaaaaaaaaaaaaaaaaa-740x395.jpg\",\"datePublished\":\"2024-09-30T10:37:25+00:00\",\"author\":{\"@id\":\"https:\\\/\\\/kibrisdakik.com\\\/#\\\/schema\\\/person\\\/9cd9d437bbb44f72b73ba127e06d8e79\"},\"breadcrumb\":{\"@id\":\"https:\\\/\\\/kibrisdakik.com\\\/?p=65319#breadcrumb\"},\"inLanguage\":\"tr\",\"potentialAction\":[{\"@type\":\"ReadAction\",\"target\":[\"https:\\\/\\\/kibrisdakik.com\\\/?p=65319\"]}]},{\"@type\":\"ImageObject\",\"inLanguage\":\"tr\",\"@id\":\"https:\\\/\\\/kibrisdakik.com\\\/?p=65319#primaryimage\",\"url\":\"https:\\\/\\\/kibrisdakik.com\\\/wp-content\\\/uploads\\\/2024\\\/09\\\/Ayse-Kanliada-aaaaaaaaaaaaaaaaaaaaaaa-740x395.jpg\",\"contentUrl\":\"https:\\\/\\\/kibrisdakik.com\\\/wp-content\\\/uploads\\\/2024\\\/09\\\/Ayse-Kanliada-aaaaaaaaaaaaaaaaaaaaaaa-740x395.jpg\",\"width\":930,\"height\":395},{\"@type\":\"BreadcrumbList\",\"@id\":\"https:\\\/\\\/kibrisdakik.com\\\/?p=65319#breadcrumb\",\"itemListElement\":[{\"@type\":\"ListItem\",\"position\":1,\"name\":\"Home\",\"item\":\"https:\\\/\\\/kibrisdakik.com\\\/\"},{\"@type\":\"ListItem\",\"position\":2,\"name\":\"Meme Kanseri Fark\u0131ndal\u0131k Ay\u0131\u2026 Kanl\u0131ada: \u201cBana bir \u015fey olmaz\u2019 demeyin. Fark\u0131nda olun\u201d\"}]},{\"@type\":\"WebSite\",\"@id\":\"https:\\\/\\\/kibrisdakik.com\\\/#website\",\"url\":\"https:\\\/\\\/kibrisdakik.com\\\/\",\"name\":\"\",\"description\":\"Tam vaktinde haber\",\"potentialAction\":[{\"@type\":\"SearchAction\",\"target\":{\"@type\":\"EntryPoint\",\"urlTemplate\":\"https:\\\/\\\/kibrisdakik.com\\\/?s={search_term_string}\"},\"query-input\":{\"@type\":\"PropertyValueSpecification\",\"valueRequired\":true,\"valueName\":\"search_term_string\"}}],\"inLanguage\":\"tr\"},{\"@type\":\"Person\",\"@id\":\"https:\\\/\\\/kibrisdakik.com\\\/#\\\/schema\\\/person\\\/9cd9d437bbb44f72b73ba127e06d8e79\",\"name\":\"admin\",\"image\":{\"@type\":\"ImageObject\",\"inLanguage\":\"tr\",\"@id\":\"https:\\\/\\\/secure.gravatar.com\\\/avatar\\\/ccc17943b9d660506c869530f897617f7cb1c21a4bf30023f252596d83e1f007?s=96&d=mm&r=g\",\"url\":\"https:\\\/\\\/secure.gravatar.com\\\/avatar\\\/ccc17943b9d660506c869530f897617f7cb1c21a4bf30023f252596d83e1f007?s=96&d=mm&r=g\",\"contentUrl\":\"https:\\\/\\\/secure.gravatar.com\\\/avatar\\\/ccc17943b9d660506c869530f897617f7cb1c21a4bf30023f252596d83e1f007?s=96&d=mm&r=g\",\"caption\":\"admin\"},\"sameAs\":[\"https:\\\/\\\/kibrisdakik.com\"],\"url\":\"https:\\\/\\\/kibrisdakik.com\\\/?author=1\"}]}<\/script>\n<!-- \/ Yoast SEO plugin. -->","yoast_head_json":{"title":"Meme Kanseri Fark\u0131ndal\u0131k Ay\u0131\u2026 Kanl\u0131ada: \u201cBana bir \u015fey olmaz\u2019 demeyin. Fark\u0131nda olun\u201d -","robots":{"index":"index","follow":"follow","max-snippet":"max-snippet:-1","max-image-preview":"max-image-preview:large","max-video-preview":"max-video-preview:-1"},"canonical":"https:\/\/kibrisdakik.com\/?p=65319","og_locale":"tr_TR","og_type":"article","og_title":"Meme Kanseri Fark\u0131ndal\u0131k Ay\u0131\u2026 Kanl\u0131ada: \u201cBana bir \u015fey olmaz\u2019 demeyin. Fark\u0131nda olun\u201d -","og_description":"Kanser Hastalar\u0131na Yard\u0131m Derne\u011fi Ba\u015fkan\u0131 Ay\u015fe Kanl\u0131ada, 1- 31 Ekim Meme Kanseri Fark\u0131ndal\u0131k Ay\u0131 dolay\u0131s\u0131yla mesaj yay\u0131mlad\u0131. Kanl\u0131ada mesaj\u0131nda; erken te\u015fhisin hayat kurtard\u0131\u011f\u0131n\u0131n alt\u0131n\u0131 \u00e7izdi, ya\u015f\u0131 gelmi\u015f kad\u0131nlar\u0131 meme muayenesi yapt\u0131rmaya \u00e7a\u011f\u0131rd\u0131. \u00dclkede ve d\u00fcnyada en s\u0131k g\u00f6r\u00fclen kanser t\u00fcr\u00fcn\u00fcn meme kanseri oldu\u011funa i\u015faret eden Kanl\u0131ada, meme kanserinin pembe kurdele ile temsil edildi\u011fini belirterek, pembe","og_url":"https:\/\/kibrisdakik.com\/?p=65319","article_published_time":"2024-09-30T10:37:25+00:00","og_image":[{"width":930,"height":395,"url":"https:\/\/kibrisdakik.com\/wp-content\/uploads\/2024\/09\/Ayse-Kanliada-aaaaaaaaaaaaaaaaaaaaaaa-740x395.jpg","type":"image\/jpeg"}],"author":"admin","twitter_card":"summary_large_image","twitter_misc":{"Yazan:":"admin","Tahmini okuma s\u00fcresi":"4 dakika"},"schema":{"@context":"https:\/\/schema.org","@graph":[{"@type":"Article","@id":"https:\/\/kibrisdakik.com\/?p=65319#article","isPartOf":{"@id":"https:\/\/kibrisdakik.com\/?p=65319"},"author":{"name":"admin","@id":"https:\/\/kibrisdakik.com\/#\/schema\/person\/9cd9d437bbb44f72b73ba127e06d8e79"},"headline":"Meme Kanseri Fark\u0131ndal\u0131k Ay\u0131\u2026 Kanl\u0131ada: \u201cBana bir \u015fey olmaz\u2019 demeyin. Fark\u0131nda olun\u201d","datePublished":"2024-09-30T10:37:25+00:00","mainEntityOfPage":{"@id":"https:\/\/kibrisdakik.com\/?p=65319"},"wordCount":849,"commentCount":0,"image":{"@id":"https:\/\/kibrisdakik.com\/?p=65319#primaryimage"},"thumbnailUrl":"https:\/\/kibrisdakik.com\/wp-content\/uploads\/2024\/09\/Ayse-Kanliada-aaaaaaaaaaaaaaaaaaaaaaa-740x395.jpg","articleSection":["G\u00fcndem"],"inLanguage":"tr","potentialAction":[{"@type":"CommentAction","name":"Comment","target":["https:\/\/kibrisdakik.com\/?p=65319#respond"]}]},{"@type":"WebPage","@id":"https:\/\/kibrisdakik.com\/?p=65319","url":"https:\/\/kibrisdakik.com\/?p=65319","name":"Meme Kanseri Fark\u0131ndal\u0131k Ay\u0131\u2026 Kanl\u0131ada: \u201cBana bir \u015fey olmaz\u2019 demeyin. Fark\u0131nda olun\u201d -","isPartOf":{"@id":"https:\/\/kibrisdakik.com\/#website"},"primaryImageOfPage":{"@id":"https:\/\/kibrisdakik.com\/?p=65319#primaryimage"},"image":{"@id":"https:\/\/kibrisdakik.com\/?p=65319#primaryimage"},"thumbnailUrl":"https:\/\/kibrisdakik.com\/wp-content\/uploads\/2024\/09\/Ayse-Kanliada-aaaaaaaaaaaaaaaaaaaaaaa-740x395.jpg","datePublished":"2024-09-30T10:37:25+00:00","author":{"@id":"https:\/\/kibrisdakik.com\/#\/schema\/person\/9cd9d437bbb44f72b73ba127e06d8e79"},"breadcrumb":{"@id":"https:\/\/kibrisdakik.com\/?p=65319#breadcrumb"},"inLanguage":"tr","potentialAction":[{"@type":"ReadAction","target":["https:\/\/kibrisdakik.com\/?p=65319"]}]},{"@type":"ImageObject","inLanguage":"tr","@id":"https:\/\/kibrisdakik.com\/?p=65319#primaryimage","url":"https:\/\/kibrisdakik.com\/wp-content\/uploads\/2024\/09\/Ayse-Kanliada-aaaaaaaaaaaaaaaaaaaaaaa-740x395.jpg","contentUrl":"https:\/\/kibrisdakik.com\/wp-content\/uploads\/2024\/09\/Ayse-Kanliada-aaaaaaaaaaaaaaaaaaaaaaa-740x395.jpg","width":930,"height":395},{"@type":"BreadcrumbList","@id":"https:\/\/kibrisdakik.com\/?p=65319#breadcrumb","itemListElement":[{"@type":"ListItem","position":1,"name":"Home","item":"https:\/\/kibrisdakik.com\/"},{"@type":"ListItem","position":2,"name":"Meme Kanseri Fark\u0131ndal\u0131k Ay\u0131\u2026 Kanl\u0131ada: \u201cBana bir \u015fey olmaz\u2019 demeyin. Fark\u0131nda olun\u201d"}]},{"@type":"WebSite","@id":"https:\/\/kibrisdakik.com\/#website","url":"https:\/\/kibrisdakik.com\/","name":"","description":"Tam vaktinde haber","potentialAction":[{"@type":"SearchAction","target":{"@type":"EntryPoint","urlTemplate":"https:\/\/kibrisdakik.com\/?s={search_term_string}"},"query-input":{"@type":"PropertyValueSpecification","valueRequired":true,"valueName":"search_term_string"}}],"inLanguage":"tr"},{"@type":"Person","@id":"https:\/\/kibrisdakik.com\/#\/schema\/person\/9cd9d437bbb44f72b73ba127e06d8e79","name":"admin","image":{"@type":"ImageObject","inLanguage":"tr","@id":"https:\/\/secure.gravatar.com\/avatar\/ccc17943b9d660506c869530f897617f7cb1c21a4bf30023f252596d83e1f007?s=96&d=mm&r=g","url":"https:\/\/secure.gravatar.com\/avatar\/ccc17943b9d660506c869530f897617f7cb1c21a4bf30023f252596d83e1f007?s=96&d=mm&r=g","contentUrl":"https:\/\/secure.gravatar.com\/avatar\/ccc17943b9d660506c869530f897617f7cb1c21a4bf30023f252596d83e1f007?s=96&d=mm&r=g","caption":"admin"},"sameAs":["https:\/\/kibrisdakik.com"],"url":"https:\/\/kibrisdakik.com\/?author=1"}]}},"_links":{"self":[{"href":"https:\/\/kibrisdakik.com\/index.php?rest_route=\/wp\/v2\/posts\/65319","targetHints":{"allow":["GET"]}}],"collection":[{"href":"https:\/\/kibrisdakik.com\/index.php?rest_route=\/wp\/v2\/posts"}],"about":[{"href":"https:\/\/kibrisdakik.com\/index.php?rest_route=\/wp\/v2\/types\/post"}],"author":[{"embeddable":true,"href":"https:\/\/kibrisdakik.com\/index.php?rest_route=\/wp\/v2\/users\/1"}],"replies":[{"embeddable":true,"href":"https:\/\/kibrisdakik.com\/index.php?rest_route=%2Fwp%2Fv2%2Fcomments&post=65319"}],"version-history":[{"count":0,"href":"https:\/\/kibrisdakik.com\/index.php?rest_route=\/wp\/v2\/posts\/65319\/revisions"}],"wp:featuredmedia":[{"embeddable":true,"href":"https:\/\/kibrisdakik.com\/index.php?rest_route=\/wp\/v2\/media\/65320"}],"wp:attachment":[{"href":"https:\/\/kibrisdakik.com\/index.php?rest_route=%2Fwp%2Fv2%2Fmedia&parent=65319"}],"wp:term":[{"taxonomy":"category","embeddable":true,"href":"https:\/\/kibrisdakik.com\/index.php?rest_route=%2Fwp%2Fv2%2Fcategories&post=65319"},{"taxonomy":"post_tag","embeddable":true,"href":"https:\/\/kibrisdakik.com\/index.php?rest_route=%2Fwp%2Fv2%2Ftags&post=65319"}],"curies":[{"name":"wp","href":"https:\/\/api.w.org\/{rel}","templated":true}]}}