{"id":65329,"date":"2024-09-30T15:11:12","date_gmt":"2024-09-30T12:11:12","guid":{"rendered":"https:\/\/kibrisdakik.com\/index.php\/2024\/09\/30\/hayatini-kaybeden-eski-meclis-baskani-acarkan-icin-mecliste-toren-duzenlendi\/"},"modified":"2024-09-30T15:11:12","modified_gmt":"2024-09-30T12:11:12","slug":"hayatini-kaybeden-eski-meclis-baskani-acarkan-icin-mecliste-toren-duzenlendi","status":"publish","type":"post","link":"https:\/\/kibrisdakik.com\/?p=65329","title":{"rendered":"Hayat\u0131n\u0131 kaybeden eski Meclis Ba\u015fkan\u0131 Acarkan i\u00e7in Meclis\u2019te t\u00f6ren d\u00fczenlendi"},"content":{"rendered":"<div>\n<div class=\"mariselle-image-container center\">\n                                            <\/div>\n<p>Hayat\u0131n\u0131 kaybeden eski Cumhuriyet Meclisi Ba\u015fkan\u0131 Ayhan Halit Acarkan, son yolculu\u011funa u\u011furlan\u0131yor. Acarkan i\u00e7in Cumhuriyet Meclisi bah\u00e7esinde t\u00f6ren d\u00fczenlendi.<\/p>\n<p>Acarkan, t\u00f6renin ard\u0131ndan saat 16.00\u2019da Girne Nurettin Ersin Pa\u015fa Camiinde k\u0131l\u0131nacak ikindi namaz\u0131na m\u00fcteakip Karao\u011flano\u011flu Mezarl\u0131\u011f\u0131\u2019na defnedilecek.<\/p>\n<p>Meclis bah\u00e7esinde yer alan t\u00f6rene, Acarkan ailesi yan\u0131nda, Cumhurba\u015fkan\u0131 Ersin Tatar, Meclis Ba\u015fkan\u0131 Zorlu T\u00f6re, Ba\u015fbakan \u00dcnal \u00dcstel, 2. Cumhurba\u015fkan\u0131 Mehmet Ali Talat, K\u0131br\u0131s T\u00fcrk Bar\u0131\u015f Kuvvetleri Komutan\u0131 T\u00fcmgeneral Sebahattin K\u0131l\u0131n\u00e7, G\u00fcvenlik Kuvvetleri Komutan\u0131 T\u00fcmgeneral \u0130lker G\u00f6rg\u00fcl\u00fc, Y\u00fcksek Mahkeme Ba\u015fkan\u0131 Bertan \u00d6zerda\u011f, Ana muhalefet CTP Genel Ba\u015fkan\u0131 Tufan Erh\u00fcrman, bakanlar, milletvekilleri, sevenleri kat\u0131ld\u0131.<\/p>\n<p>T\u00f6ren; sayg\u0131 duru\u015fu, Merhum Ayhan Halit Acarkan\u2019\u0131n \u00f6zge\u00e7mi\u015finin okunmas\u0131, aile ad\u0131na merhum Acarkan\u2019\u0131n o\u011flu Erol Acarkan\u2019\u0131n konu\u015fmas\u0131, Cumhuriyet Meclisi Ba\u015fkan\u0131 Zorlu T\u00f6re\u2019nin konu\u015fmas\u0131, Cumhurba\u015fkan\u0131 Ersin Tatar\u2019\u0131n konu\u015fmas\u0131 ve sayg\u0131 ge\u00e7i\u015fi ile tamamland\u0131.<\/p>\n<p>-Erol Acarkan<\/p>\n<p>Aile ad\u0131na merhum Acarkan\u2019\u0131n o\u011flu Erol Acarkan, t\u00f6rende yapt\u0131\u011f\u0131 konu\u015fmada, hissetti\u011fi derin \u00fcz\u00fcnt\u00fcy\u00fc ifade ederek, babas\u0131n\u0131n siyasi y\u00f6n\u00fc yan\u0131nda insan ve \u00fclke sevgisini vurgulad\u0131.<\/p>\n<p>Acarkan, babas\u0131n\u0131n \u00fclkeye ve K\u0131br\u0131s T\u00fcrk toplumu yan\u0131nda, devlet sevgisine de i\u015faret ederek, gelecek nesillere bunu a\u015f\u0131laman\u0131n g\u00f6revleri oldu\u011funu s\u00f6yledi, t\u00f6rene kat\u0131lan herkese te\u015fekk\u00fcr etti.<\/p>\n<p>-T\u00f6re<\/p>\n<p>Cumhuriyet Meclisi Ba\u015fkan\u0131 Zorlu T\u00f6re de, bir \u00f6mre bir \u00e7ok \u015fey s\u0131\u011fd\u0131ran Acarkan ve ailesine rahmet ve ba\u015f sa\u011fl\u0131\u011f\u0131 diledi.<\/p>\n<p>T\u00f6re, Acarkan\u2019\u0131n siyasi ve toplum i\u00e7indeki yerini anlatarak, topluma hizmet etmenin b\u00fcy\u00fck bir \u015feref oldu\u011funu, iyi bir aile babas\u0131 ve devlet adam\u0131 s\u0131fatlar\u0131yla Onu u\u011furlad\u0131klar\u0131n\u0131 vurgulad\u0131. T\u00f6re, \u201cRuhu \u015fad olsun u\u011furlar olsun.\u201d dedi.<\/p>\n<p>\u2013Tatar<\/p>\n<p>Cumhurba\u015fkan\u0131 Ersin Tatar da, ebediyete u\u011furlanan Acarkan\u2019a rahmet ve ailesine ba\u015fsa\u011fl\u0131\u011f\u0131 diledi.<\/p>\n<p>Acarkan\u2019\u0131n ba\u011f\u0131ms\u0131zl\u0131k ve \u00f6zg\u00fcrl\u00fck i\u00e7in do\u011fdu\u011fu, belediye ba\u015fkanl\u0131\u011f\u0131 yapt\u0131\u011f\u0131 Limasol\u2019dan Girne\u2019ye yerle\u015fip, siyasi ba\u015far\u0131lar\u0131na burada da devam etti\u011fini ifade eden Tatar, Acarkan\u2019\u0131n iyi bir insan, aile babas\u0131, lider, \u00f6nder, sadece siyasi makamda de\u011fil, vatanda\u015f olarak da \u00fclkesine sahip \u00e7\u0131kmak, hay\u0131rl\u0131 evlatlar yeti\u015ftirmek i\u00e7in m\u00fccadele verdi\u011fini anlatt\u0131.<\/p>\n<p>Tatar, \u201cAllah rahmet eylesin, mekan\u0131 cennet olsun, hi\u00e7 bir zaman unutmayaca\u011f\u0131z\u201d dedi.<\/p>\n<p><strong>-Acarkan\u2019\u0131n \u00f6zge\u00e7mi\u015fi<\/strong><\/p>\n<p>Cumhuriyet Meclisi eski Ba\u015fkan\u0131 Ayhan Halit Acarkan\u2019\u0131n \u00f6zge\u00e7mi\u015fi:<\/p>\n<p>\u201c1935 y\u0131l\u0131nda Limasol\u2019da do\u011fdu.<\/p>\n<p>1958 Y\u0131l\u0131\u2019nda \u0130stanbul \u00dcniversitesi Di\u015f Hekimli\u011fi Fak\u00fcltesi\u2019nden mezun olmas\u0131n\u0131n ard\u0131ndan K\u0131br\u0131s\u2019a d\u00f6nerek Limasol\u2019da \u00f6zel klini\u011finde \u00e7al\u0131\u015fmaya ba\u015flad\u0131. 1963-1970 y\u0131llar\u0131 aras\u0131nda, Limasol T\u00fcrk Belediyesi Ba\u015fkanl\u0131\u011f\u0131 yapt\u0131.<\/p>\n<p>5 Temmuz 1970 se\u00e7imlerinde Limasol b\u00f6lgesinden, T\u00fcrk Cemaat Meclisi \u00dcyeli\u011fi\u2019ne se\u00e7ildi. Meclis\u2019in Se\u00e7me Komitesi ile Sosyal \u0130\u015fler Komitesi \u00fcyeliklerinde bulundu.<\/p>\n<p>Varolu\u015f M\u00fccadelesi i\u00e7inde TMT saflar\u0131nda yerini al\u0131rken, 1975 y\u0131l\u0131nda olu\u015fturulan Kurucu Mecliste de g\u00f6rev ald\u0131 ve bu g\u00f6revi 3 Temmuz 1976 tarihine kadar s\u00fcrd\u00fcrd\u00fc. Do\u011fan T\u00fcrk Birli\u011fi Spor Kul\u00fcb\u00fc Ba\u015fkanl\u0131\u011f\u0131 da y\u00fcr\u00fcten Ayhan Halit Acarkan, 6 May\u0131s 1990 tarihli genel se\u00e7imlerde Ulusal Birlik Partisi\u2019nden Girne Milletvekili se\u00e7ildi. 12 Aral\u0131k 1993 tarihinde yap\u0131lan erken genel se\u00e7imleri kazanan Merhum Acarkan\u2019\u0131n milletvekilli\u011fi 18 Aral\u0131k 1998 tarihinde sona erdi.<\/p>\n<p>3 Ocak 1994- 4 Ekim 1996 tarihleri aras\u0131nda Cumhuriyet Meclisi Ba\u015fkanl\u0131\u011f\u0131 yapt\u0131.<\/p>\n<p>\u0130ngilizce ve Rumca bilen Acarkan, evli ve \u00fc\u00e7 \u00e7ocuk babas\u0131yd\u0131.\u201d<\/p>\n<\/p><\/div>\n<p><script async\n                    defer\n                    crossorigin=\"anonymous\"\n                    src=\"https:\/\/connect.facebook.net\/tr_TR\/sdk.js#xfbml=1&#038;version=v3.3\"\n            ><\/script><\/p>\n","protected":false},"excerpt":{"rendered":"<p>Hayat\u0131n\u0131 kaybeden eski Cumhuriyet Meclisi Ba\u015fkan\u0131 Ayhan Halit Acarkan, son yolculu\u011funa u\u011furlan\u0131yor. Acarkan i\u00e7in Cumhuriyet Meclisi bah\u00e7esinde t\u00f6ren d\u00fczenlendi. Acarkan, t\u00f6renin ard\u0131ndan saat 16.00\u2019da Girne Nurettin Ersin Pa\u015fa Camiinde k\u0131l\u0131nacak ikindi namaz\u0131na m\u00fcteakip Karao\u011flano\u011flu Mezarl\u0131\u011f\u0131\u2019na defnedilecek. Meclis bah\u00e7esinde yer alan t\u00f6rene, Acarkan ailesi yan\u0131nda, Cumhurba\u015fkan\u0131 Ersin Tatar, Meclis Ba\u015fkan\u0131 Zorlu T\u00f6re, Ba\u015fbakan \u00dcnal \u00dcstel, 2.<\/p>\n","protected":false},"author":1,"featured_media":65330,"comment_status":"open","ping_status":"open","sticky":false,"template":"","format":"standard","meta":{"footnotes":""},"categories":[81],"tags":[],"class_list":["post-65329","post","type-post","status-publish","format-standard","has-post-thumbnail","hentry","category-kibris"],"yoast_head":"<!-- This site is optimized with the Yoast SEO plugin v27.5 - https:\/\/yoast.com\/product\/yoast-seo-wordpress\/ -->\n<title>Hayat\u0131n\u0131 kaybeden eski Meclis Ba\u015fkan\u0131 Acarkan i\u00e7in Meclis\u2019te t\u00f6ren d\u00fczenlendi -<\/title>\n<meta name=\"robots\" content=\"index, follow, max-snippet:-1, max-image-preview:large, max-video-preview:-1\" \/>\n<link rel=\"canonical\" href=\"https:\/\/kibrisdakik.com\/?p=65329\" \/>\n<meta property=\"og:locale\" content=\"tr_TR\" \/>\n<meta property=\"og:type\" content=\"article\" \/>\n<meta property=\"og:title\" content=\"Hayat\u0131n\u0131 kaybeden eski Meclis Ba\u015fkan\u0131 Acarkan i\u00e7in Meclis\u2019te t\u00f6ren d\u00fczenlendi -\" \/>\n<meta property=\"og:description\" content=\"Hayat\u0131n\u0131 kaybeden eski Cumhuriyet Meclisi Ba\u015fkan\u0131 Ayhan Halit Acarkan, son yolculu\u011funa u\u011furlan\u0131yor. Acarkan i\u00e7in Cumhuriyet Meclisi bah\u00e7esinde t\u00f6ren d\u00fczenlendi. Acarkan, t\u00f6renin ard\u0131ndan saat 16.00\u2019da Girne Nurettin Ersin Pa\u015fa Camiinde k\u0131l\u0131nacak ikindi namaz\u0131na m\u00fcteakip Karao\u011flano\u011flu Mezarl\u0131\u011f\u0131\u2019na defnedilecek. Meclis bah\u00e7esinde yer alan t\u00f6rene, Acarkan ailesi yan\u0131nda, Cumhurba\u015fkan\u0131 Ersin Tatar, Meclis Ba\u015fkan\u0131 Zorlu T\u00f6re, Ba\u015fbakan \u00dcnal \u00dcstel, 2.\" \/>\n<meta property=\"og:url\" content=\"https:\/\/kibrisdakik.com\/?p=65329\" \/>\n<meta property=\"article:published_time\" content=\"2024-09-30T12:11:12+00:00\" \/>\n<meta property=\"og:image\" content=\"https:\/\/kibrisdakik.com\/wp-content\/uploads\/2024\/09\/afvafa-740x420.jpeg\" \/>\n\t<meta property=\"og:image:width\" content=\"2048\" \/>\n\t<meta property=\"og:image:height\" content=\"1367\" \/>\n\t<meta property=\"og:image:type\" content=\"image\/jpeg\" \/>\n<meta name=\"author\" content=\"admin\" \/>\n<meta name=\"twitter:card\" content=\"summary_large_image\" \/>\n<meta name=\"twitter:label1\" content=\"Yazan:\" \/>\n\t<meta name=\"twitter:data1\" content=\"admin\" \/>\n\t<meta name=\"twitter:label2\" content=\"Tahmini okuma s\u00fcresi\" \/>\n\t<meta name=\"twitter:data2\" content=\"3 dakika\" \/>\n<script type=\"application\/ld+json\" class=\"yoast-schema-graph\">{\"@context\":\"https:\\\/\\\/schema.org\",\"@graph\":[{\"@type\":\"Article\",\"@id\":\"https:\\\/\\\/kibrisdakik.com\\\/?p=65329#article\",\"isPartOf\":{\"@id\":\"https:\\\/\\\/kibrisdakik.com\\\/?p=65329\"},\"author\":{\"name\":\"admin\",\"@id\":\"https:\\\/\\\/kibrisdakik.com\\\/#\\\/schema\\\/person\\\/9cd9d437bbb44f72b73ba127e06d8e79\"},\"headline\":\"Hayat\u0131n\u0131 kaybeden eski Meclis Ba\u015fkan\u0131 Acarkan i\u00e7in Meclis\u2019te t\u00f6ren d\u00fczenlendi\",\"datePublished\":\"2024-09-30T12:11:12+00:00\",\"mainEntityOfPage\":{\"@id\":\"https:\\\/\\\/kibrisdakik.com\\\/?p=65329\"},\"wordCount\":649,\"commentCount\":0,\"image\":{\"@id\":\"https:\\\/\\\/kibrisdakik.com\\\/?p=65329#primaryimage\"},\"thumbnailUrl\":\"https:\\\/\\\/kibrisdakik.com\\\/wp-content\\\/uploads\\\/2024\\\/09\\\/afvafa-740x420.jpeg\",\"articleSection\":[\"K\u0131br\u0131s\"],\"inLanguage\":\"tr\",\"potentialAction\":[{\"@type\":\"CommentAction\",\"name\":\"Comment\",\"target\":[\"https:\\\/\\\/kibrisdakik.com\\\/?p=65329#respond\"]}]},{\"@type\":\"WebPage\",\"@id\":\"https:\\\/\\\/kibrisdakik.com\\\/?p=65329\",\"url\":\"https:\\\/\\\/kibrisdakik.com\\\/?p=65329\",\"name\":\"Hayat\u0131n\u0131 kaybeden eski Meclis Ba\u015fkan\u0131 Acarkan i\u00e7in Meclis\u2019te t\u00f6ren d\u00fczenlendi -\",\"isPartOf\":{\"@id\":\"https:\\\/\\\/kibrisdakik.com\\\/#website\"},\"primaryImageOfPage\":{\"@id\":\"https:\\\/\\\/kibrisdakik.com\\\/?p=65329#primaryimage\"},\"image\":{\"@id\":\"https:\\\/\\\/kibrisdakik.com\\\/?p=65329#primaryimage\"},\"thumbnailUrl\":\"https:\\\/\\\/kibrisdakik.com\\\/wp-content\\\/uploads\\\/2024\\\/09\\\/afvafa-740x420.jpeg\",\"datePublished\":\"2024-09-30T12:11:12+00:00\",\"author\":{\"@id\":\"https:\\\/\\\/kibrisdakik.com\\\/#\\\/schema\\\/person\\\/9cd9d437bbb44f72b73ba127e06d8e79\"},\"breadcrumb\":{\"@id\":\"https:\\\/\\\/kibrisdakik.com\\\/?p=65329#breadcrumb\"},\"inLanguage\":\"tr\",\"potentialAction\":[{\"@type\":\"ReadAction\",\"target\":[\"https:\\\/\\\/kibrisdakik.com\\\/?p=65329\"]}]},{\"@type\":\"ImageObject\",\"inLanguage\":\"tr\",\"@id\":\"https:\\\/\\\/kibrisdakik.com\\\/?p=65329#primaryimage\",\"url\":\"https:\\\/\\\/kibrisdakik.com\\\/wp-content\\\/uploads\\\/2024\\\/09\\\/afvafa-740x420.jpeg\",\"contentUrl\":\"https:\\\/\\\/kibrisdakik.com\\\/wp-content\\\/uploads\\\/2024\\\/09\\\/afvafa-740x420.jpeg\",\"width\":2048,\"height\":1367},{\"@type\":\"BreadcrumbList\",\"@id\":\"https:\\\/\\\/kibrisdakik.com\\\/?p=65329#breadcrumb\",\"itemListElement\":[{\"@type\":\"ListItem\",\"position\":1,\"name\":\"Home\",\"item\":\"https:\\\/\\\/kibrisdakik.com\\\/\"},{\"@type\":\"ListItem\",\"position\":2,\"name\":\"Hayat\u0131n\u0131 kaybeden eski Meclis Ba\u015fkan\u0131 Acarkan i\u00e7in Meclis\u2019te t\u00f6ren d\u00fczenlendi\"}]},{\"@type\":\"WebSite\",\"@id\":\"https:\\\/\\\/kibrisdakik.com\\\/#website\",\"url\":\"https:\\\/\\\/kibrisdakik.com\\\/\",\"name\":\"\",\"description\":\"Tam vaktinde haber\",\"potentialAction\":[{\"@type\":\"SearchAction\",\"target\":{\"@type\":\"EntryPoint\",\"urlTemplate\":\"https:\\\/\\\/kibrisdakik.com\\\/?s={search_term_string}\"},\"query-input\":{\"@type\":\"PropertyValueSpecification\",\"valueRequired\":true,\"valueName\":\"search_term_string\"}}],\"inLanguage\":\"tr\"},{\"@type\":\"Person\",\"@id\":\"https:\\\/\\\/kibrisdakik.com\\\/#\\\/schema\\\/person\\\/9cd9d437bbb44f72b73ba127e06d8e79\",\"name\":\"admin\",\"image\":{\"@type\":\"ImageObject\",\"inLanguage\":\"tr\",\"@id\":\"https:\\\/\\\/secure.gravatar.com\\\/avatar\\\/ccc17943b9d660506c869530f897617f7cb1c21a4bf30023f252596d83e1f007?s=96&d=mm&r=g\",\"url\":\"https:\\\/\\\/secure.gravatar.com\\\/avatar\\\/ccc17943b9d660506c869530f897617f7cb1c21a4bf30023f252596d83e1f007?s=96&d=mm&r=g\",\"contentUrl\":\"https:\\\/\\\/secure.gravatar.com\\\/avatar\\\/ccc17943b9d660506c869530f897617f7cb1c21a4bf30023f252596d83e1f007?s=96&d=mm&r=g\",\"caption\":\"admin\"},\"sameAs\":[\"https:\\\/\\\/kibrisdakik.com\"],\"url\":\"https:\\\/\\\/kibrisdakik.com\\\/?author=1\"}]}<\/script>\n<!-- \/ Yoast SEO plugin. -->","yoast_head_json":{"title":"Hayat\u0131n\u0131 kaybeden eski Meclis Ba\u015fkan\u0131 Acarkan i\u00e7in Meclis\u2019te t\u00f6ren d\u00fczenlendi -","robots":{"index":"index","follow":"follow","max-snippet":"max-snippet:-1","max-image-preview":"max-image-preview:large","max-video-preview":"max-video-preview:-1"},"canonical":"https:\/\/kibrisdakik.com\/?p=65329","og_locale":"tr_TR","og_type":"article","og_title":"Hayat\u0131n\u0131 kaybeden eski Meclis Ba\u015fkan\u0131 Acarkan i\u00e7in Meclis\u2019te t\u00f6ren d\u00fczenlendi -","og_description":"Hayat\u0131n\u0131 kaybeden eski Cumhuriyet Meclisi Ba\u015fkan\u0131 Ayhan Halit Acarkan, son yolculu\u011funa u\u011furlan\u0131yor. Acarkan i\u00e7in Cumhuriyet Meclisi bah\u00e7esinde t\u00f6ren d\u00fczenlendi. Acarkan, t\u00f6renin ard\u0131ndan saat 16.00\u2019da Girne Nurettin Ersin Pa\u015fa Camiinde k\u0131l\u0131nacak ikindi namaz\u0131na m\u00fcteakip Karao\u011flano\u011flu Mezarl\u0131\u011f\u0131\u2019na defnedilecek. Meclis bah\u00e7esinde yer alan t\u00f6rene, Acarkan ailesi yan\u0131nda, Cumhurba\u015fkan\u0131 Ersin Tatar, Meclis Ba\u015fkan\u0131 Zorlu T\u00f6re, Ba\u015fbakan \u00dcnal \u00dcstel, 2.","og_url":"https:\/\/kibrisdakik.com\/?p=65329","article_published_time":"2024-09-30T12:11:12+00:00","og_image":[{"width":2048,"height":1367,"url":"https:\/\/kibrisdakik.com\/wp-content\/uploads\/2024\/09\/afvafa-740x420.jpeg","type":"image\/jpeg"}],"author":"admin","twitter_card":"summary_large_image","twitter_misc":{"Yazan:":"admin","Tahmini okuma s\u00fcresi":"3 dakika"},"schema":{"@context":"https:\/\/schema.org","@graph":[{"@type":"Article","@id":"https:\/\/kibrisdakik.com\/?p=65329#article","isPartOf":{"@id":"https:\/\/kibrisdakik.com\/?p=65329"},"author":{"name":"admin","@id":"https:\/\/kibrisdakik.com\/#\/schema\/person\/9cd9d437bbb44f72b73ba127e06d8e79"},"headline":"Hayat\u0131n\u0131 kaybeden eski Meclis Ba\u015fkan\u0131 Acarkan i\u00e7in Meclis\u2019te t\u00f6ren d\u00fczenlendi","datePublished":"2024-09-30T12:11:12+00:00","mainEntityOfPage":{"@id":"https:\/\/kibrisdakik.com\/?p=65329"},"wordCount":649,"commentCount":0,"image":{"@id":"https:\/\/kibrisdakik.com\/?p=65329#primaryimage"},"thumbnailUrl":"https:\/\/kibrisdakik.com\/wp-content\/uploads\/2024\/09\/afvafa-740x420.jpeg","articleSection":["K\u0131br\u0131s"],"inLanguage":"tr","potentialAction":[{"@type":"CommentAction","name":"Comment","target":["https:\/\/kibrisdakik.com\/?p=65329#respond"]}]},{"@type":"WebPage","@id":"https:\/\/kibrisdakik.com\/?p=65329","url":"https:\/\/kibrisdakik.com\/?p=65329","name":"Hayat\u0131n\u0131 kaybeden eski Meclis Ba\u015fkan\u0131 Acarkan i\u00e7in Meclis\u2019te t\u00f6ren d\u00fczenlendi -","isPartOf":{"@id":"https:\/\/kibrisdakik.com\/#website"},"primaryImageOfPage":{"@id":"https:\/\/kibrisdakik.com\/?p=65329#primaryimage"},"image":{"@id":"https:\/\/kibrisdakik.com\/?p=65329#primaryimage"},"thumbnailUrl":"https:\/\/kibrisdakik.com\/wp-content\/uploads\/2024\/09\/afvafa-740x420.jpeg","datePublished":"2024-09-30T12:11:12+00:00","author":{"@id":"https:\/\/kibrisdakik.com\/#\/schema\/person\/9cd9d437bbb44f72b73ba127e06d8e79"},"breadcrumb":{"@id":"https:\/\/kibrisdakik.com\/?p=65329#breadcrumb"},"inLanguage":"tr","potentialAction":[{"@type":"ReadAction","target":["https:\/\/kibrisdakik.com\/?p=65329"]}]},{"@type":"ImageObject","inLanguage":"tr","@id":"https:\/\/kibrisdakik.com\/?p=65329#primaryimage","url":"https:\/\/kibrisdakik.com\/wp-content\/uploads\/2024\/09\/afvafa-740x420.jpeg","contentUrl":"https:\/\/kibrisdakik.com\/wp-content\/uploads\/2024\/09\/afvafa-740x420.jpeg","width":2048,"height":1367},{"@type":"BreadcrumbList","@id":"https:\/\/kibrisdakik.com\/?p=65329#breadcrumb","itemListElement":[{"@type":"ListItem","position":1,"name":"Home","item":"https:\/\/kibrisdakik.com\/"},{"@type":"ListItem","position":2,"name":"Hayat\u0131n\u0131 kaybeden eski Meclis Ba\u015fkan\u0131 Acarkan i\u00e7in Meclis\u2019te t\u00f6ren d\u00fczenlendi"}]},{"@type":"WebSite","@id":"https:\/\/kibrisdakik.com\/#website","url":"https:\/\/kibrisdakik.com\/","name":"","description":"Tam vaktinde haber","potentialAction":[{"@type":"SearchAction","target":{"@type":"EntryPoint","urlTemplate":"https:\/\/kibrisdakik.com\/?s={search_term_string}"},"query-input":{"@type":"PropertyValueSpecification","valueRequired":true,"valueName":"search_term_string"}}],"inLanguage":"tr"},{"@type":"Person","@id":"https:\/\/kibrisdakik.com\/#\/schema\/person\/9cd9d437bbb44f72b73ba127e06d8e79","name":"admin","image":{"@type":"ImageObject","inLanguage":"tr","@id":"https:\/\/secure.gravatar.com\/avatar\/ccc17943b9d660506c869530f897617f7cb1c21a4bf30023f252596d83e1f007?s=96&d=mm&r=g","url":"https:\/\/secure.gravatar.com\/avatar\/ccc17943b9d660506c869530f897617f7cb1c21a4bf30023f252596d83e1f007?s=96&d=mm&r=g","contentUrl":"https:\/\/secure.gravatar.com\/avatar\/ccc17943b9d660506c869530f897617f7cb1c21a4bf30023f252596d83e1f007?s=96&d=mm&r=g","caption":"admin"},"sameAs":["https:\/\/kibrisdakik.com"],"url":"https:\/\/kibrisdakik.com\/?author=1"}]}},"_links":{"self":[{"href":"https:\/\/kibrisdakik.com\/index.php?rest_route=\/wp\/v2\/posts\/65329","targetHints":{"allow":["GET"]}}],"collection":[{"href":"https:\/\/kibrisdakik.com\/index.php?rest_route=\/wp\/v2\/posts"}],"about":[{"href":"https:\/\/kibrisdakik.com\/index.php?rest_route=\/wp\/v2\/types\/post"}],"author":[{"embeddable":true,"href":"https:\/\/kibrisdakik.com\/index.php?rest_route=\/wp\/v2\/users\/1"}],"replies":[{"embeddable":true,"href":"https:\/\/kibrisdakik.com\/index.php?rest_route=%2Fwp%2Fv2%2Fcomments&post=65329"}],"version-history":[{"count":0,"href":"https:\/\/kibrisdakik.com\/index.php?rest_route=\/wp\/v2\/posts\/65329\/revisions"}],"wp:featuredmedia":[{"embeddable":true,"href":"https:\/\/kibrisdakik.com\/index.php?rest_route=\/wp\/v2\/media\/65330"}],"wp:attachment":[{"href":"https:\/\/kibrisdakik.com\/index.php?rest_route=%2Fwp%2Fv2%2Fmedia&parent=65329"}],"wp:term":[{"taxonomy":"category","embeddable":true,"href":"https:\/\/kibrisdakik.com\/index.php?rest_route=%2Fwp%2Fv2%2Fcategories&post=65329"},{"taxonomy":"post_tag","embeddable":true,"href":"https:\/\/kibrisdakik.com\/index.php?rest_route=%2Fwp%2Fv2%2Ftags&post=65329"}],"curies":[{"name":"wp","href":"https:\/\/api.w.org\/{rel}","templated":true}]}}