{"id":65412,"date":"2024-10-01T11:21:00","date_gmt":"2024-10-01T08:21:00","guid":{"rendered":"https:\/\/kibrisdakik.com\/index.php\/2024\/10\/01\/tbmm-bugun-aciliyor-yeni-yasama-yilindaki-ana-gundem-basliklari-neler\/"},"modified":"2024-10-01T11:21:00","modified_gmt":"2024-10-01T08:21:00","slug":"tbmm-bugun-aciliyor-yeni-yasama-yilindaki-ana-gundem-basliklari-neler","status":"publish","type":"post","link":"https:\/\/kibrisdakik.com\/?p=65412","title":{"rendered":"TBMM bug\u00fcn a\u00e7\u0131l\u0131yor: Yeni yasama y\u0131l\u0131ndaki ana g\u00fcndem ba\u015fl\u0131klar\u0131 neler?"},"content":{"rendered":"<p><img decoding=\"async\" src=\"https:\/\/i.dunya.com\/storage\/files\/images\/2024\/07\/14\/dokunulmaz-tbmm-son-gv5o-cover-hath_cover.png\" \/><\/p>\n<div>\n<p>Meclis, 2 ayl\u0131k aran\u0131n ard\u0131ndan yasama \u00e7al\u0131\u015fmalar\u0131na bug\u00fcn yeniden ba\u015flayacak.<\/p>\n<p>28. D\u00f6nem 3. Yasama Y\u0131l\u0131&#8217;n\u0131n ba\u015flamas\u0131 dolay\u0131s\u0131yla bug\u00fcn ilk olarak\u00a0Meclis\u00a0Atat\u00fcrk An\u0131t\u0131&#8217;na \u00e7elenk konulacak, sayg\u0131 duru\u015funda bulunulacak ve \u0130stiklal Mar\u015f\u0131 okunacak. An\u0131ttaki t\u00f6renin ard\u0131ndan TBMM Genel Kurulu saat 15.00&#8217;te a\u00e7\u0131lacak.<\/p>\n<p>TBMM Ba\u015fkan\u0131 Numan Kurtulmu\u015f, birle\u015fimi a\u00e7mas\u0131n\u0131n ard\u0131ndan sunu\u015f konu\u015fmas\u0131 yapacak. Kurtulmu\u015f, Cumhurba\u015fkan\u0131 Recep Tayyip Erdo\u011fan&#8217;\u0131 Genel Kurula takdim edecek, ard\u0131ndan \u0130stiklal Mar\u015f\u0131 okunacak. Daha sonra Cumhurba\u015fkan\u0131 Erdo\u011fan, TBMM Genel Kuruluna hitap edecek.<\/p>\n<p>Meclis\u00a0ba\u015fkanlar\u0131n\u0131n yasama y\u0131l\u0131 a\u00e7\u0131l\u0131\u015f\u0131 dolay\u0131s\u0131yla geleneksel olarak verdi\u011fi resepsiyon, Kurtulmu\u015f&#8217;un ev sahipli\u011finde TBMM T\u00f6ren Salonu&#8217;nda saat 19.30&#8217;da ger\u00e7ekle\u015ftirilecek.<\/p>\n<p>Yasama y\u0131l\u0131n\u0131n a\u00e7\u0131l\u0131\u015f\u0131nda devlet protokol\u00fc ile davetiye g\u00f6nderilen izleyiciler d\u0131\u015f\u0131nda TBMM&#8217;ye ziyaret\u00e7i kabul edilmeyecek.<\/p>\n<p>Genel Kurul, yeni yasama y\u0131l\u0131n\u0131n ilk mesaisini 2 Ekim \u00c7ar\u015famba g\u00fcn\u00fc yapacak.<\/p>\n<p>Meclis\u00a0Genel Kurulunda ilk olarak \u00d6\u011fretmenlik Mesle\u011fi Kanunu Teklifi&#8217;nin g\u00f6r\u00fc\u015fmeleri yap\u0131lacak. Ge\u00e7en yasama y\u0131l\u0131nda birinci b\u00f6l\u00fcm\u00fcnde yer alan maddeleri \u00fczerindeki g\u00f6r\u00fc\u015fmeler tamamlanan \u00d6\u011fretmenlik Mesle\u011fi Kanunu Teklifi&#8217;nin ikinci b\u00f6l\u00fcm\u00fc \u00fczerindeki g\u00f6r\u00fc\u015fmeler ger\u00e7ekle\u015ftirilecek. Ard\u0131ndan komisyonlarda g\u00f6r\u00fc\u015fmeleri tamamlanan t\u00fcketicilerin korunmas\u0131na y\u00f6nelik kanun teklifi ile 9. Yarg\u0131 Paketi&#8217;nin g\u00f6r\u00fc\u015fmelerine ge\u00e7ilecek.<\/p>\n<p>\u00c7al\u0131\u015fmalar\u0131n\u0131 tamamlayan TBMM Bal\u0131k\u00e7\u0131l\u0131k ve Su \u00dcr\u00fcnleri Ara\u015ft\u0131rma Komisyonu ile TBMM \u0130li\u00e7 Maden Kazas\u0131n\u0131 Ara\u015ft\u0131rma Komisyonunun haz\u0131rlad\u0131\u011f\u0131 raporlar da Genel Kurul g\u00fcndemine al\u0131narak g\u00f6r\u00fc\u015f\u00fclecek.<\/p>\n<h2>Meclis, OVP kapsam\u0131nda da mesai yapacak<\/h2>\n<p>Meclis, Cumhurba\u015fkan\u0131 Yard\u0131mc\u0131s\u0131 Cevdet Y\u0131lmaz taraf\u0131ndan a\u00e7\u0131klanan 2025-2027 d\u00f6nemi Orta Vadeli Program (OVP) kapsam\u0131nda kanuni d\u00fczenlemeler gerektiren reformlar i\u00e7in de mesai yapacak.<\/p>\n<p>OVP&#8217;de &#8220;\u00d6ncelikli Reform Alanlar\u0131na Y\u00f6nelik D\u00fczenlemeler&#8221; ba\u015fl\u0131\u011f\u0131 alt\u0131nda s\u0131ralanan kanuni d\u00fczenleme gerektiren konulardan baz\u0131lar\u0131 \u015f\u00f6yle:<\/p>\n<h2>Vergi harcamalar\u0131 g\u00f6zden ge\u00e7irilerek etkin olmayan istisna, muafiyet ve indirimler kald\u0131r\u0131lacak.<\/h2>\n<p>&#8211; Sosyal g\u00fcvenlik sisteminde ki\u015filerin daha \u00e7ok istihdamda kalmas\u0131n\u0131 te\u015fvik eden, hakkaniyeti ve akt\u00fceryal dengeyi \u00f6nceleyen d\u00fczenlemeler hayata ge\u00e7irilerek sistemin mali s\u00fcrd\u00fcr\u00fclebilirli\u011fi g\u00fc\u00e7lendirilecek.<\/p>\n<p>&#8211; Otomatik Kat\u0131l\u0131m Sisteminin i\u015fverenlerin de katk\u0131s\u0131 ile ikinci basamak emeklilik sistemine d\u00f6n\u00fc\u015fece\u011fi tamamlay\u0131c\u0131 emeklilik sistemi kurulacak.<\/p>\n<p>&#8211; \u0130\u015f Kanununda sosyal taraflar ile diyalog halinde yap\u0131lacak de\u011fi\u015fiklikler ve bu do\u011frultuda ger\u00e7ekle\u015ftirilecek ikincil mevzuat \u00e7al\u0131\u015fmalar\u0131 ile i\u015fg\u00fcc\u00fc piyasalar\u0131nda g\u00fcvenceli esneklik sa\u011flanacak.<\/p>\n<p>&#8211; Sosyal g\u00fcvenlik mevzuat\u0131, de\u011fi\u015fen i\u015fg\u00fcc\u00fc piyasas\u0131 ko\u015fullar\u0131na ve yeni nesil esnek \u00e7al\u0131\u015fma \u015fekillerine daha uyumlu hale getirilecek.<\/p>\n<p>&#8211; Yarg\u0131lama s\u00fcre\u00e7lerinin etkinle\u015ftirilmesi ve alternatif uyu\u015fmazl\u0131k \u00e7\u00f6z\u00fcm y\u00f6ntemlerinin daha da g\u00fc\u00e7lendirilmesi sa\u011flanacak.<\/p>\n<p>&#8211; \u0130cra ve iflas mevzuat\u0131 g\u00fcn\u00fcn \u015fartlar\u0131 g\u00f6z \u00f6n\u00fcne al\u0131narak g\u00fcncellenecek.<\/p>\n<p>&#8211; Ye\u015fil d\u00f6n\u00fc\u015f\u00fcm s\u00fcrecinde rekabet g\u00fcc\u00fcn\u00fc korumak, S\u0131n\u0131rda Karbon D\u00fczenleme Mekanizmas\u0131n\u0131n (SKDM) etkilerini en aza indirmek ve d\u00fc\u015f\u00fck karbonlu ekonomiye ge\u00e7i\u015fi desteklemek amac\u0131yla sera gaz\u0131 emisyonlar\u0131n\u0131n azalt\u0131lmas\u0131na y\u00f6nelik karbon fiyatland\u0131rma mekanizmas\u0131 tesis edilecek.<\/p>\n<p>&#8211; Piyasa G\u00f6zetim ve Denetim Kurumu kurulacak.<\/p>\n<p>&#8211; Sermaye piyasas\u0131 uyu\u015fmazl\u0131klar\u0131nda tahkimin etkinle\u015ftirilmesi i\u00e7in gerekli mevzuat \u00e7al\u0131\u015fmalar\u0131 yap\u0131lacak.<\/p>\n<p>&#8211; K\u0130T y\u00f6neti\u015fim reformuna y\u00f6nelik d\u00fczenlemeler hayata ge\u00e7irilecek. Performansa dayal\u0131 \u00f6l\u00e7\u00fcm y\u00f6ntemleri kullan\u0131larak kamu i\u015fletmelerinin ve y\u00f6netim kurullar\u0131n\u0131n hesap verebilirli\u011fi art\u0131r\u0131lacak.<\/p>\n<p>\u00a0<\/p>\n<\/p><\/div>\n","protected":false},"excerpt":{"rendered":"<p>Meclis, 2 ayl\u0131k aran\u0131n ard\u0131ndan yasama \u00e7al\u0131\u015fmalar\u0131na bug\u00fcn yeniden ba\u015flayacak. 28. D\u00f6nem 3. Yasama Y\u0131l\u0131&#8217;n\u0131n ba\u015flamas\u0131 dolay\u0131s\u0131yla bug\u00fcn ilk olarak\u00a0Meclis\u00a0Atat\u00fcrk An\u0131t\u0131&#8217;na \u00e7elenk konulacak, sayg\u0131 duru\u015funda bulunulacak ve \u0130stiklal Mar\u015f\u0131 okunacak. An\u0131ttaki t\u00f6renin ard\u0131ndan TBMM Genel Kurulu saat 15.00&#8217;te a\u00e7\u0131lacak. TBMM Ba\u015fkan\u0131 Numan Kurtulmu\u015f, birle\u015fimi a\u00e7mas\u0131n\u0131n ard\u0131ndan sunu\u015f konu\u015fmas\u0131 yapacak. Kurtulmu\u015f, Cumhurba\u015fkan\u0131 Recep Tayyip Erdo\u011fan&#8217;\u0131 Genel<\/p>\n","protected":false},"author":1,"featured_media":65413,"comment_status":"open","ping_status":"open","sticky":false,"template":"","format":"standard","meta":{"footnotes":""},"categories":[83],"tags":[],"class_list":["post-65412","post","type-post","status-publish","format-standard","has-post-thumbnail","hentry","category-magazin"],"yoast_head":"<!-- This site is optimized with the Yoast SEO plugin v27.4 - https:\/\/yoast.com\/product\/yoast-seo-wordpress\/ -->\n<title>TBMM bug\u00fcn a\u00e7\u0131l\u0131yor: Yeni yasama y\u0131l\u0131ndaki ana g\u00fcndem ba\u015fl\u0131klar\u0131 neler? -<\/title>\n<meta name=\"robots\" content=\"index, follow, max-snippet:-1, max-image-preview:large, max-video-preview:-1\" \/>\n<link rel=\"canonical\" href=\"https:\/\/kibrisdakik.com\/?p=65412\" \/>\n<meta property=\"og:locale\" content=\"tr_TR\" \/>\n<meta property=\"og:type\" content=\"article\" \/>\n<meta property=\"og:title\" content=\"TBMM bug\u00fcn a\u00e7\u0131l\u0131yor: Yeni yasama y\u0131l\u0131ndaki ana g\u00fcndem ba\u015fl\u0131klar\u0131 neler? -\" \/>\n<meta property=\"og:description\" content=\"Meclis, 2 ayl\u0131k aran\u0131n ard\u0131ndan yasama \u00e7al\u0131\u015fmalar\u0131na bug\u00fcn yeniden ba\u015flayacak. 28. D\u00f6nem 3. Yasama Y\u0131l\u0131&#8217;n\u0131n ba\u015flamas\u0131 dolay\u0131s\u0131yla bug\u00fcn ilk olarak\u00a0Meclis\u00a0Atat\u00fcrk An\u0131t\u0131&#8217;na \u00e7elenk konulacak, sayg\u0131 duru\u015funda bulunulacak ve \u0130stiklal Mar\u015f\u0131 okunacak. An\u0131ttaki t\u00f6renin ard\u0131ndan TBMM Genel Kurulu saat 15.00&#8217;te a\u00e7\u0131lacak. TBMM Ba\u015fkan\u0131 Numan Kurtulmu\u015f, birle\u015fimi a\u00e7mas\u0131n\u0131n ard\u0131ndan sunu\u015f konu\u015fmas\u0131 yapacak. Kurtulmu\u015f, Cumhurba\u015fkan\u0131 Recep Tayyip Erdo\u011fan&#8217;\u0131 Genel\" \/>\n<meta property=\"og:url\" content=\"https:\/\/kibrisdakik.com\/?p=65412\" \/>\n<meta property=\"article:published_time\" content=\"2024-10-01T08:21:00+00:00\" \/>\n<meta property=\"og:image\" content=\"https:\/\/kibrisdakik.com\/wp-content\/uploads\/2024\/10\/dokunulmaz-tbmm-son-gv5o-cover-hath_cover-740x420.png\" \/>\n\t<meta property=\"og:image:width\" content=\"1280\" \/>\n\t<meta property=\"og:image:height\" content=\"720\" \/>\n\t<meta property=\"og:image:type\" content=\"image\/png\" \/>\n<meta name=\"author\" content=\"admin\" \/>\n<meta name=\"twitter:card\" content=\"summary_large_image\" \/>\n<meta name=\"twitter:label1\" content=\"Yazan:\" \/>\n\t<meta name=\"twitter:data1\" content=\"admin\" \/>\n\t<meta name=\"twitter:label2\" content=\"Tahmini okuma s\u00fcresi\" \/>\n\t<meta name=\"twitter:data2\" content=\"3 dakika\" \/>\n<script type=\"application\/ld+json\" class=\"yoast-schema-graph\">{\"@context\":\"https:\\\/\\\/schema.org\",\"@graph\":[{\"@type\":\"Article\",\"@id\":\"https:\\\/\\\/kibrisdakik.com\\\/?p=65412#article\",\"isPartOf\":{\"@id\":\"https:\\\/\\\/kibrisdakik.com\\\/?p=65412\"},\"author\":{\"name\":\"admin\",\"@id\":\"https:\\\/\\\/kibrisdakik.com\\\/#\\\/schema\\\/person\\\/9cd9d437bbb44f72b73ba127e06d8e79\"},\"headline\":\"TBMM bug\u00fcn a\u00e7\u0131l\u0131yor: Yeni yasama y\u0131l\u0131ndaki ana g\u00fcndem ba\u015fl\u0131klar\u0131 neler?\",\"datePublished\":\"2024-10-01T08:21:00+00:00\",\"mainEntityOfPage\":{\"@id\":\"https:\\\/\\\/kibrisdakik.com\\\/?p=65412\"},\"wordCount\":660,\"commentCount\":0,\"image\":{\"@id\":\"https:\\\/\\\/kibrisdakik.com\\\/?p=65412#primaryimage\"},\"thumbnailUrl\":\"https:\\\/\\\/kibrisdakik.com\\\/wp-content\\\/uploads\\\/2024\\\/10\\\/dokunulmaz-tbmm-son-gv5o-cover-hath_cover-740x420.png\",\"articleSection\":[\"Magazin\"],\"inLanguage\":\"tr\",\"potentialAction\":[{\"@type\":\"CommentAction\",\"name\":\"Comment\",\"target\":[\"https:\\\/\\\/kibrisdakik.com\\\/?p=65412#respond\"]}]},{\"@type\":\"WebPage\",\"@id\":\"https:\\\/\\\/kibrisdakik.com\\\/?p=65412\",\"url\":\"https:\\\/\\\/kibrisdakik.com\\\/?p=65412\",\"name\":\"TBMM bug\u00fcn a\u00e7\u0131l\u0131yor: Yeni yasama y\u0131l\u0131ndaki ana g\u00fcndem ba\u015fl\u0131klar\u0131 neler? -\",\"isPartOf\":{\"@id\":\"https:\\\/\\\/kibrisdakik.com\\\/#website\"},\"primaryImageOfPage\":{\"@id\":\"https:\\\/\\\/kibrisdakik.com\\\/?p=65412#primaryimage\"},\"image\":{\"@id\":\"https:\\\/\\\/kibrisdakik.com\\\/?p=65412#primaryimage\"},\"thumbnailUrl\":\"https:\\\/\\\/kibrisdakik.com\\\/wp-content\\\/uploads\\\/2024\\\/10\\\/dokunulmaz-tbmm-son-gv5o-cover-hath_cover-740x420.png\",\"datePublished\":\"2024-10-01T08:21:00+00:00\",\"author\":{\"@id\":\"https:\\\/\\\/kibrisdakik.com\\\/#\\\/schema\\\/person\\\/9cd9d437bbb44f72b73ba127e06d8e79\"},\"breadcrumb\":{\"@id\":\"https:\\\/\\\/kibrisdakik.com\\\/?p=65412#breadcrumb\"},\"inLanguage\":\"tr\",\"potentialAction\":[{\"@type\":\"ReadAction\",\"target\":[\"https:\\\/\\\/kibrisdakik.com\\\/?p=65412\"]}]},{\"@type\":\"ImageObject\",\"inLanguage\":\"tr\",\"@id\":\"https:\\\/\\\/kibrisdakik.com\\\/?p=65412#primaryimage\",\"url\":\"https:\\\/\\\/kibrisdakik.com\\\/wp-content\\\/uploads\\\/2024\\\/10\\\/dokunulmaz-tbmm-son-gv5o-cover-hath_cover-740x420.png\",\"contentUrl\":\"https:\\\/\\\/kibrisdakik.com\\\/wp-content\\\/uploads\\\/2024\\\/10\\\/dokunulmaz-tbmm-son-gv5o-cover-hath_cover-740x420.png\",\"width\":1280,\"height\":720},{\"@type\":\"BreadcrumbList\",\"@id\":\"https:\\\/\\\/kibrisdakik.com\\\/?p=65412#breadcrumb\",\"itemListElement\":[{\"@type\":\"ListItem\",\"position\":1,\"name\":\"Home\",\"item\":\"https:\\\/\\\/kibrisdakik.com\\\/\"},{\"@type\":\"ListItem\",\"position\":2,\"name\":\"TBMM bug\u00fcn a\u00e7\u0131l\u0131yor: Yeni yasama y\u0131l\u0131ndaki ana g\u00fcndem ba\u015fl\u0131klar\u0131 neler?\"}]},{\"@type\":\"WebSite\",\"@id\":\"https:\\\/\\\/kibrisdakik.com\\\/#website\",\"url\":\"https:\\\/\\\/kibrisdakik.com\\\/\",\"name\":\"\",\"description\":\"Tam vaktinde haber\",\"potentialAction\":[{\"@type\":\"SearchAction\",\"target\":{\"@type\":\"EntryPoint\",\"urlTemplate\":\"https:\\\/\\\/kibrisdakik.com\\\/?s={search_term_string}\"},\"query-input\":{\"@type\":\"PropertyValueSpecification\",\"valueRequired\":true,\"valueName\":\"search_term_string\"}}],\"inLanguage\":\"tr\"},{\"@type\":\"Person\",\"@id\":\"https:\\\/\\\/kibrisdakik.com\\\/#\\\/schema\\\/person\\\/9cd9d437bbb44f72b73ba127e06d8e79\",\"name\":\"admin\",\"image\":{\"@type\":\"ImageObject\",\"inLanguage\":\"tr\",\"@id\":\"https:\\\/\\\/secure.gravatar.com\\\/avatar\\\/ccc17943b9d660506c869530f897617f7cb1c21a4bf30023f252596d83e1f007?s=96&d=mm&r=g\",\"url\":\"https:\\\/\\\/secure.gravatar.com\\\/avatar\\\/ccc17943b9d660506c869530f897617f7cb1c21a4bf30023f252596d83e1f007?s=96&d=mm&r=g\",\"contentUrl\":\"https:\\\/\\\/secure.gravatar.com\\\/avatar\\\/ccc17943b9d660506c869530f897617f7cb1c21a4bf30023f252596d83e1f007?s=96&d=mm&r=g\",\"caption\":\"admin\"},\"sameAs\":[\"https:\\\/\\\/kibrisdakik.com\"],\"url\":\"https:\\\/\\\/kibrisdakik.com\\\/?author=1\"}]}<\/script>\n<!-- \/ Yoast SEO plugin. -->","yoast_head_json":{"title":"TBMM bug\u00fcn a\u00e7\u0131l\u0131yor: Yeni yasama y\u0131l\u0131ndaki ana g\u00fcndem ba\u015fl\u0131klar\u0131 neler? -","robots":{"index":"index","follow":"follow","max-snippet":"max-snippet:-1","max-image-preview":"max-image-preview:large","max-video-preview":"max-video-preview:-1"},"canonical":"https:\/\/kibrisdakik.com\/?p=65412","og_locale":"tr_TR","og_type":"article","og_title":"TBMM bug\u00fcn a\u00e7\u0131l\u0131yor: Yeni yasama y\u0131l\u0131ndaki ana g\u00fcndem ba\u015fl\u0131klar\u0131 neler? -","og_description":"Meclis, 2 ayl\u0131k aran\u0131n ard\u0131ndan yasama \u00e7al\u0131\u015fmalar\u0131na bug\u00fcn yeniden ba\u015flayacak. 28. D\u00f6nem 3. Yasama Y\u0131l\u0131&#8217;n\u0131n ba\u015flamas\u0131 dolay\u0131s\u0131yla bug\u00fcn ilk olarak\u00a0Meclis\u00a0Atat\u00fcrk An\u0131t\u0131&#8217;na \u00e7elenk konulacak, sayg\u0131 duru\u015funda bulunulacak ve \u0130stiklal Mar\u015f\u0131 okunacak. An\u0131ttaki t\u00f6renin ard\u0131ndan TBMM Genel Kurulu saat 15.00&#8217;te a\u00e7\u0131lacak. TBMM Ba\u015fkan\u0131 Numan Kurtulmu\u015f, birle\u015fimi a\u00e7mas\u0131n\u0131n ard\u0131ndan sunu\u015f konu\u015fmas\u0131 yapacak. Kurtulmu\u015f, Cumhurba\u015fkan\u0131 Recep Tayyip Erdo\u011fan&#8217;\u0131 Genel","og_url":"https:\/\/kibrisdakik.com\/?p=65412","article_published_time":"2024-10-01T08:21:00+00:00","og_image":[{"width":1280,"height":720,"url":"https:\/\/kibrisdakik.com\/wp-content\/uploads\/2024\/10\/dokunulmaz-tbmm-son-gv5o-cover-hath_cover-740x420.png","type":"image\/png"}],"author":"admin","twitter_card":"summary_large_image","twitter_misc":{"Yazan:":"admin","Tahmini okuma s\u00fcresi":"3 dakika"},"schema":{"@context":"https:\/\/schema.org","@graph":[{"@type":"Article","@id":"https:\/\/kibrisdakik.com\/?p=65412#article","isPartOf":{"@id":"https:\/\/kibrisdakik.com\/?p=65412"},"author":{"name":"admin","@id":"https:\/\/kibrisdakik.com\/#\/schema\/person\/9cd9d437bbb44f72b73ba127e06d8e79"},"headline":"TBMM bug\u00fcn a\u00e7\u0131l\u0131yor: Yeni yasama y\u0131l\u0131ndaki ana g\u00fcndem ba\u015fl\u0131klar\u0131 neler?","datePublished":"2024-10-01T08:21:00+00:00","mainEntityOfPage":{"@id":"https:\/\/kibrisdakik.com\/?p=65412"},"wordCount":660,"commentCount":0,"image":{"@id":"https:\/\/kibrisdakik.com\/?p=65412#primaryimage"},"thumbnailUrl":"https:\/\/kibrisdakik.com\/wp-content\/uploads\/2024\/10\/dokunulmaz-tbmm-son-gv5o-cover-hath_cover-740x420.png","articleSection":["Magazin"],"inLanguage":"tr","potentialAction":[{"@type":"CommentAction","name":"Comment","target":["https:\/\/kibrisdakik.com\/?p=65412#respond"]}]},{"@type":"WebPage","@id":"https:\/\/kibrisdakik.com\/?p=65412","url":"https:\/\/kibrisdakik.com\/?p=65412","name":"TBMM bug\u00fcn a\u00e7\u0131l\u0131yor: Yeni yasama y\u0131l\u0131ndaki ana g\u00fcndem ba\u015fl\u0131klar\u0131 neler? -","isPartOf":{"@id":"https:\/\/kibrisdakik.com\/#website"},"primaryImageOfPage":{"@id":"https:\/\/kibrisdakik.com\/?p=65412#primaryimage"},"image":{"@id":"https:\/\/kibrisdakik.com\/?p=65412#primaryimage"},"thumbnailUrl":"https:\/\/kibrisdakik.com\/wp-content\/uploads\/2024\/10\/dokunulmaz-tbmm-son-gv5o-cover-hath_cover-740x420.png","datePublished":"2024-10-01T08:21:00+00:00","author":{"@id":"https:\/\/kibrisdakik.com\/#\/schema\/person\/9cd9d437bbb44f72b73ba127e06d8e79"},"breadcrumb":{"@id":"https:\/\/kibrisdakik.com\/?p=65412#breadcrumb"},"inLanguage":"tr","potentialAction":[{"@type":"ReadAction","target":["https:\/\/kibrisdakik.com\/?p=65412"]}]},{"@type":"ImageObject","inLanguage":"tr","@id":"https:\/\/kibrisdakik.com\/?p=65412#primaryimage","url":"https:\/\/kibrisdakik.com\/wp-content\/uploads\/2024\/10\/dokunulmaz-tbmm-son-gv5o-cover-hath_cover-740x420.png","contentUrl":"https:\/\/kibrisdakik.com\/wp-content\/uploads\/2024\/10\/dokunulmaz-tbmm-son-gv5o-cover-hath_cover-740x420.png","width":1280,"height":720},{"@type":"BreadcrumbList","@id":"https:\/\/kibrisdakik.com\/?p=65412#breadcrumb","itemListElement":[{"@type":"ListItem","position":1,"name":"Home","item":"https:\/\/kibrisdakik.com\/"},{"@type":"ListItem","position":2,"name":"TBMM bug\u00fcn a\u00e7\u0131l\u0131yor: Yeni yasama y\u0131l\u0131ndaki ana g\u00fcndem ba\u015fl\u0131klar\u0131 neler?"}]},{"@type":"WebSite","@id":"https:\/\/kibrisdakik.com\/#website","url":"https:\/\/kibrisdakik.com\/","name":"","description":"Tam vaktinde haber","potentialAction":[{"@type":"SearchAction","target":{"@type":"EntryPoint","urlTemplate":"https:\/\/kibrisdakik.com\/?s={search_term_string}"},"query-input":{"@type":"PropertyValueSpecification","valueRequired":true,"valueName":"search_term_string"}}],"inLanguage":"tr"},{"@type":"Person","@id":"https:\/\/kibrisdakik.com\/#\/schema\/person\/9cd9d437bbb44f72b73ba127e06d8e79","name":"admin","image":{"@type":"ImageObject","inLanguage":"tr","@id":"https:\/\/secure.gravatar.com\/avatar\/ccc17943b9d660506c869530f897617f7cb1c21a4bf30023f252596d83e1f007?s=96&d=mm&r=g","url":"https:\/\/secure.gravatar.com\/avatar\/ccc17943b9d660506c869530f897617f7cb1c21a4bf30023f252596d83e1f007?s=96&d=mm&r=g","contentUrl":"https:\/\/secure.gravatar.com\/avatar\/ccc17943b9d660506c869530f897617f7cb1c21a4bf30023f252596d83e1f007?s=96&d=mm&r=g","caption":"admin"},"sameAs":["https:\/\/kibrisdakik.com"],"url":"https:\/\/kibrisdakik.com\/?author=1"}]}},"_links":{"self":[{"href":"https:\/\/kibrisdakik.com\/index.php?rest_route=\/wp\/v2\/posts\/65412","targetHints":{"allow":["GET"]}}],"collection":[{"href":"https:\/\/kibrisdakik.com\/index.php?rest_route=\/wp\/v2\/posts"}],"about":[{"href":"https:\/\/kibrisdakik.com\/index.php?rest_route=\/wp\/v2\/types\/post"}],"author":[{"embeddable":true,"href":"https:\/\/kibrisdakik.com\/index.php?rest_route=\/wp\/v2\/users\/1"}],"replies":[{"embeddable":true,"href":"https:\/\/kibrisdakik.com\/index.php?rest_route=%2Fwp%2Fv2%2Fcomments&post=65412"}],"version-history":[{"count":0,"href":"https:\/\/kibrisdakik.com\/index.php?rest_route=\/wp\/v2\/posts\/65412\/revisions"}],"wp:featuredmedia":[{"embeddable":true,"href":"https:\/\/kibrisdakik.com\/index.php?rest_route=\/wp\/v2\/media\/65413"}],"wp:attachment":[{"href":"https:\/\/kibrisdakik.com\/index.php?rest_route=%2Fwp%2Fv2%2Fmedia&parent=65412"}],"wp:term":[{"taxonomy":"category","embeddable":true,"href":"https:\/\/kibrisdakik.com\/index.php?rest_route=%2Fwp%2Fv2%2Fcategories&post=65412"},{"taxonomy":"post_tag","embeddable":true,"href":"https:\/\/kibrisdakik.com\/index.php?rest_route=%2Fwp%2Fv2%2Ftags&post=65412"}],"curies":[{"name":"wp","href":"https:\/\/api.w.org\/{rel}","templated":true}]}}