{"id":65416,"date":"2024-10-01T11:47:48","date_gmt":"2024-10-01T08:47:48","guid":{"rendered":"https:\/\/kibrisdakik.com\/index.php\/2024\/10\/01\/yeni-yasama-yili-torensel-acilisla-basladi\/"},"modified":"2024-10-01T11:47:48","modified_gmt":"2024-10-01T08:47:48","slug":"yeni-yasama-yili-torensel-acilisla-basladi","status":"publish","type":"post","link":"https:\/\/kibrisdakik.com\/?p=65416","title":{"rendered":"Yeni yasama y\u0131l\u0131 t\u00f6rensel a\u00e7\u0131l\u0131\u015fla ba\u015flad\u0131"},"content":{"rendered":"<div>\n<div class=\"mariselle-image-container center\">\n                                            <\/div>\n<p>\u00a0<\/p>\n<p>Cumhuriyet Meclisi\u2019nin yeni yasama y\u0131l\u0131 bug\u00fcnk\u00fc t\u00f6rensel a\u00e7\u0131l\u0131\u015fla ba\u015flad\u0131.<\/p>\n<p>10\u2019uncu D\u00f6nem, 4\u2019\u00fcnc\u00fc Yasama Y\u0131l\u0131\u2019n\u0131n ilk toplant\u0131s\u0131 Meclis Ba\u015fkan\u0131 Zorlu T\u00f6re ba\u015fkanl\u0131\u011f\u0131nda saat 10.50\u2019de ba\u015flad\u0131.<\/p>\n<p>T\u00f6rensel a\u00e7\u0131l\u0131\u015fta, siyasi parti ba\u015fkanlar\u0131n\u0131n konu\u015fmalar\u0131na yer verilecek.<\/p>\n<p>\u00a0<\/p>\n<div class=\"mariselle-image-container center\">\n                <img loading=\"lazy\" decoding=\"async\" width=\"1600\" height=\"1066\" class=\"lazy-image\" alt=\"\" sizes=\"auto, (max-width: 1600px) 100vw, 1600px\" src=\"https:\/\/brtk.net\/wp-content\/uploads\/2024\/10\/01\/WhatsApp-Image-2024-10-01-at-11.16.23.jpeg?ver=9b1112531ba9b8e7c831094a0e6f6980\" srcset=\"https:\/\/brtk.net\/wp-content\/uploads\/2024\/10\/01\/WhatsApp-Image-2024-10-01-at-11.16.23.jpeg?ver=9b1112531ba9b8e7c831094a0e6f6980 1600w, https:\/\/brtk.net\/wp-content\/uploads\/2024\/10\/01\/WhatsApp-Image-2024-10-01-at-11.16.23-300x200.jpeg?ver=9b1112531ba9b8e7c831094a0e6f6980 300w, https:\/\/brtk.net\/wp-content\/uploads\/2024\/10\/01\/WhatsApp-Image-2024-10-01-at-11.16.23-1024x682.jpeg?ver=e1141c6845a1bbdb39187759052247d8 1024w, https:\/\/brtk.net\/wp-content\/uploads\/2024\/10\/01\/WhatsApp-Image-2024-10-01-at-11.16.23-768x512.jpeg?ver=e1141c6845a1bbdb39187759052247d8 768w, https:\/\/brtk.net\/wp-content\/uploads\/2024\/10\/01\/WhatsApp-Image-2024-10-01-at-11.16.23-1536x1023.jpeg?ver=520adc9fbf2c911e664f72acdc21381c 1536w\"\/>                            <\/div>\n<p>Toplant\u0131y\u0131 Cumhurba\u015fkan\u0131 Ersin Tatar, 2. Cumhurba\u015fkan\u0131 Mehmet Ali Talat, Y\u00fcksek Mahkeme Ba\u015fkan\u0131 Bertan \u00d6zerda\u011f, T\u00fcrkiye\u2019nin Lefko\u015fa B\u00fcy\u00fckel\u00e7isi Yasin Ekrem Serim, Ba\u015fsavc\u0131 Sarper Alt\u0131nc\u0131k, Say\u0131\u015ftay Ba\u015fkan\u0131 Osman Korahan, eski meclis ba\u015fkanlar\u0131, ba\u015fbakanlar, b\u00fcrokratlar, \u00fcst d\u00fczey y\u00f6neticiler ve di\u011fer davetliler de izliyor.<\/p>\n<p>Toplant\u0131n\u0131n ard\u0131ndan Meclis Ba\u015fkanl\u0131\u011f\u0131 resepsiyon verecek.<\/p>\n<p>Meclis son toplant\u0131s\u0131n\u0131 25 Haziran Sal\u0131 g\u00fcn\u00fc yaparak yaz tatiline girmi\u015fti. Cumhuriyet Meclisi Genel Kurulu yaz tatilinde iki kez ola\u011fan\u00fcst\u00fc toplant\u0131 yapm\u0131\u015ft\u0131.<\/p>\n<p>\u00a0<\/p>\n<div class=\"mariselle-image-container center\">\n                <img loading=\"lazy\" decoding=\"async\" width=\"1600\" height=\"1066\" class=\"lazy-image\" alt=\"\" sizes=\"auto, (max-width: 1600px) 100vw, 1600px\" src=\"https:\/\/brtk.net\/wp-content\/uploads\/2024\/10\/01\/meclis-25.jpeg?ver=e97c82549fd65429006398a05796fdff\" srcset=\"https:\/\/brtk.net\/wp-content\/uploads\/2024\/10\/01\/meclis-25.jpeg?ver=e97c82549fd65429006398a05796fdff 1600w, https:\/\/brtk.net\/wp-content\/uploads\/2024\/10\/01\/meclis-25-300x200.jpeg?ver=e97c82549fd65429006398a05796fdff 300w, https:\/\/brtk.net\/wp-content\/uploads\/2024\/10\/01\/meclis-25-1024x682.jpeg?ver=ad0948efd8637a43e0f0044e2649ac98 1024w, https:\/\/brtk.net\/wp-content\/uploads\/2024\/10\/01\/meclis-25-768x512.jpeg?ver=ad0948efd8637a43e0f0044e2649ac98 768w, https:\/\/brtk.net\/wp-content\/uploads\/2024\/10\/01\/meclis-25-1536x1023.jpeg?ver=9c94862b004e34f3a37405c7249fd528 1536w\"\/>                            <\/div>\n<p>50 sandalyeli Cumhuriyet Meclisi\u2019nde milletvekili da\u011f\u0131l\u0131m\u0131 \u015f\u00f6yle:<\/p>\n<p>Ulusal Birlik Partisi (UBP) 24, Cumhuriyet\u00e7i T\u00fcrk Partisi (CTP) 19, Demokrat Parti 3, Yeniden Do\u011fu\u015f Partisi 2 ve 2 ba\u011f\u0131ms\u0131z.<\/p>\n<\/p><\/div>\n<p><script async\n                    defer\n                    crossorigin=\"anonymous\"\n                    src=\"https:\/\/connect.facebook.net\/tr_TR\/sdk.js#xfbml=1&#038;version=v3.3\"\n            ><\/script><\/p>\n","protected":false},"excerpt":{"rendered":"<p>\u00a0 Cumhuriyet Meclisi\u2019nin yeni yasama y\u0131l\u0131 bug\u00fcnk\u00fc t\u00f6rensel a\u00e7\u0131l\u0131\u015fla ba\u015flad\u0131. 10\u2019uncu D\u00f6nem, 4\u2019\u00fcnc\u00fc Yasama Y\u0131l\u0131\u2019n\u0131n ilk toplant\u0131s\u0131 Meclis Ba\u015fkan\u0131 Zorlu T\u00f6re ba\u015fkanl\u0131\u011f\u0131nda saat 10.50\u2019de ba\u015flad\u0131. T\u00f6rensel a\u00e7\u0131l\u0131\u015fta, siyasi parti ba\u015fkanlar\u0131n\u0131n konu\u015fmalar\u0131na yer verilecek. \u00a0 Toplant\u0131y\u0131 Cumhurba\u015fkan\u0131 Ersin Tatar, 2. Cumhurba\u015fkan\u0131 Mehmet Ali Talat, Y\u00fcksek Mahkeme Ba\u015fkan\u0131 Bertan \u00d6zerda\u011f, T\u00fcrkiye\u2019nin Lefko\u015fa B\u00fcy\u00fckel\u00e7isi Yasin Ekrem Serim, Ba\u015fsavc\u0131<\/p>\n","protected":false},"author":1,"featured_media":65417,"comment_status":"open","ping_status":"open","sticky":false,"template":"","format":"standard","meta":{"footnotes":""},"categories":[81],"tags":[],"class_list":["post-65416","post","type-post","status-publish","format-standard","has-post-thumbnail","hentry","category-kibris"],"yoast_head":"<!-- This site is optimized with the Yoast SEO plugin v27.4 - https:\/\/yoast.com\/product\/yoast-seo-wordpress\/ -->\n<title>Yeni yasama y\u0131l\u0131 t\u00f6rensel a\u00e7\u0131l\u0131\u015fla ba\u015flad\u0131 -<\/title>\n<meta name=\"robots\" content=\"index, follow, max-snippet:-1, max-image-preview:large, max-video-preview:-1\" \/>\n<link rel=\"canonical\" href=\"https:\/\/kibrisdakik.com\/?p=65416\" \/>\n<meta property=\"og:locale\" content=\"tr_TR\" \/>\n<meta property=\"og:type\" content=\"article\" \/>\n<meta property=\"og:title\" content=\"Yeni yasama y\u0131l\u0131 t\u00f6rensel a\u00e7\u0131l\u0131\u015fla ba\u015flad\u0131 -\" \/>\n<meta property=\"og:description\" content=\"\u00a0 Cumhuriyet Meclisi\u2019nin yeni yasama y\u0131l\u0131 bug\u00fcnk\u00fc t\u00f6rensel a\u00e7\u0131l\u0131\u015fla ba\u015flad\u0131. 10\u2019uncu D\u00f6nem, 4\u2019\u00fcnc\u00fc Yasama Y\u0131l\u0131\u2019n\u0131n ilk toplant\u0131s\u0131 Meclis Ba\u015fkan\u0131 Zorlu T\u00f6re ba\u015fkanl\u0131\u011f\u0131nda saat 10.50\u2019de ba\u015flad\u0131. T\u00f6rensel a\u00e7\u0131l\u0131\u015fta, siyasi parti ba\u015fkanlar\u0131n\u0131n konu\u015fmalar\u0131na yer verilecek. \u00a0 Toplant\u0131y\u0131 Cumhurba\u015fkan\u0131 Ersin Tatar, 2. Cumhurba\u015fkan\u0131 Mehmet Ali Talat, Y\u00fcksek Mahkeme Ba\u015fkan\u0131 Bertan \u00d6zerda\u011f, T\u00fcrkiye\u2019nin Lefko\u015fa B\u00fcy\u00fckel\u00e7isi Yasin Ekrem Serim, Ba\u015fsavc\u0131\" \/>\n<meta property=\"og:url\" content=\"https:\/\/kibrisdakik.com\/?p=65416\" \/>\n<meta property=\"article:published_time\" content=\"2024-10-01T08:47:48+00:00\" \/>\n<meta property=\"og:image\" content=\"https:\/\/kibrisdakik.com\/wp-content\/uploads\/2024\/10\/meclis-25-740x420.jpeg\" \/>\n\t<meta property=\"og:image:width\" content=\"1600\" \/>\n\t<meta property=\"og:image:height\" content=\"1066\" \/>\n\t<meta property=\"og:image:type\" content=\"image\/jpeg\" \/>\n<meta name=\"author\" content=\"admin\" \/>\n<meta name=\"twitter:card\" content=\"summary_large_image\" \/>\n<meta name=\"twitter:label1\" content=\"Yazan:\" \/>\n\t<meta name=\"twitter:data1\" content=\"admin\" \/>\n\t<meta name=\"twitter:label2\" content=\"Tahmini okuma s\u00fcresi\" \/>\n\t<meta name=\"twitter:data2\" content=\"1 dakika\" \/>\n<script type=\"application\/ld+json\" class=\"yoast-schema-graph\">{\"@context\":\"https:\\\/\\\/schema.org\",\"@graph\":[{\"@type\":\"Article\",\"@id\":\"https:\\\/\\\/kibrisdakik.com\\\/?p=65416#article\",\"isPartOf\":{\"@id\":\"https:\\\/\\\/kibrisdakik.com\\\/?p=65416\"},\"author\":{\"name\":\"admin\",\"@id\":\"https:\\\/\\\/kibrisdakik.com\\\/#\\\/schema\\\/person\\\/9cd9d437bbb44f72b73ba127e06d8e79\"},\"headline\":\"Yeni yasama y\u0131l\u0131 t\u00f6rensel a\u00e7\u0131l\u0131\u015fla ba\u015flad\u0131\",\"datePublished\":\"2024-10-01T08:47:48+00:00\",\"mainEntityOfPage\":{\"@id\":\"https:\\\/\\\/kibrisdakik.com\\\/?p=65416\"},\"wordCount\":196,\"commentCount\":0,\"image\":{\"@id\":\"https:\\\/\\\/kibrisdakik.com\\\/?p=65416#primaryimage\"},\"thumbnailUrl\":\"https:\\\/\\\/kibrisdakik.com\\\/wp-content\\\/uploads\\\/2024\\\/10\\\/meclis-25-740x420.jpeg\",\"articleSection\":[\"K\u0131br\u0131s\"],\"inLanguage\":\"tr\",\"potentialAction\":[{\"@type\":\"CommentAction\",\"name\":\"Comment\",\"target\":[\"https:\\\/\\\/kibrisdakik.com\\\/?p=65416#respond\"]}]},{\"@type\":\"WebPage\",\"@id\":\"https:\\\/\\\/kibrisdakik.com\\\/?p=65416\",\"url\":\"https:\\\/\\\/kibrisdakik.com\\\/?p=65416\",\"name\":\"Yeni yasama y\u0131l\u0131 t\u00f6rensel a\u00e7\u0131l\u0131\u015fla ba\u015flad\u0131 -\",\"isPartOf\":{\"@id\":\"https:\\\/\\\/kibrisdakik.com\\\/#website\"},\"primaryImageOfPage\":{\"@id\":\"https:\\\/\\\/kibrisdakik.com\\\/?p=65416#primaryimage\"},\"image\":{\"@id\":\"https:\\\/\\\/kibrisdakik.com\\\/?p=65416#primaryimage\"},\"thumbnailUrl\":\"https:\\\/\\\/kibrisdakik.com\\\/wp-content\\\/uploads\\\/2024\\\/10\\\/meclis-25-740x420.jpeg\",\"datePublished\":\"2024-10-01T08:47:48+00:00\",\"author\":{\"@id\":\"https:\\\/\\\/kibrisdakik.com\\\/#\\\/schema\\\/person\\\/9cd9d437bbb44f72b73ba127e06d8e79\"},\"breadcrumb\":{\"@id\":\"https:\\\/\\\/kibrisdakik.com\\\/?p=65416#breadcrumb\"},\"inLanguage\":\"tr\",\"potentialAction\":[{\"@type\":\"ReadAction\",\"target\":[\"https:\\\/\\\/kibrisdakik.com\\\/?p=65416\"]}]},{\"@type\":\"ImageObject\",\"inLanguage\":\"tr\",\"@id\":\"https:\\\/\\\/kibrisdakik.com\\\/?p=65416#primaryimage\",\"url\":\"https:\\\/\\\/kibrisdakik.com\\\/wp-content\\\/uploads\\\/2024\\\/10\\\/meclis-25-740x420.jpeg\",\"contentUrl\":\"https:\\\/\\\/kibrisdakik.com\\\/wp-content\\\/uploads\\\/2024\\\/10\\\/meclis-25-740x420.jpeg\",\"width\":1600,\"height\":1066},{\"@type\":\"BreadcrumbList\",\"@id\":\"https:\\\/\\\/kibrisdakik.com\\\/?p=65416#breadcrumb\",\"itemListElement\":[{\"@type\":\"ListItem\",\"position\":1,\"name\":\"Home\",\"item\":\"https:\\\/\\\/kibrisdakik.com\\\/\"},{\"@type\":\"ListItem\",\"position\":2,\"name\":\"Yeni yasama y\u0131l\u0131 t\u00f6rensel a\u00e7\u0131l\u0131\u015fla ba\u015flad\u0131\"}]},{\"@type\":\"WebSite\",\"@id\":\"https:\\\/\\\/kibrisdakik.com\\\/#website\",\"url\":\"https:\\\/\\\/kibrisdakik.com\\\/\",\"name\":\"\",\"description\":\"Tam vaktinde haber\",\"potentialAction\":[{\"@type\":\"SearchAction\",\"target\":{\"@type\":\"EntryPoint\",\"urlTemplate\":\"https:\\\/\\\/kibrisdakik.com\\\/?s={search_term_string}\"},\"query-input\":{\"@type\":\"PropertyValueSpecification\",\"valueRequired\":true,\"valueName\":\"search_term_string\"}}],\"inLanguage\":\"tr\"},{\"@type\":\"Person\",\"@id\":\"https:\\\/\\\/kibrisdakik.com\\\/#\\\/schema\\\/person\\\/9cd9d437bbb44f72b73ba127e06d8e79\",\"name\":\"admin\",\"image\":{\"@type\":\"ImageObject\",\"inLanguage\":\"tr\",\"@id\":\"https:\\\/\\\/secure.gravatar.com\\\/avatar\\\/ccc17943b9d660506c869530f897617f7cb1c21a4bf30023f252596d83e1f007?s=96&d=mm&r=g\",\"url\":\"https:\\\/\\\/secure.gravatar.com\\\/avatar\\\/ccc17943b9d660506c869530f897617f7cb1c21a4bf30023f252596d83e1f007?s=96&d=mm&r=g\",\"contentUrl\":\"https:\\\/\\\/secure.gravatar.com\\\/avatar\\\/ccc17943b9d660506c869530f897617f7cb1c21a4bf30023f252596d83e1f007?s=96&d=mm&r=g\",\"caption\":\"admin\"},\"sameAs\":[\"https:\\\/\\\/kibrisdakik.com\"],\"url\":\"https:\\\/\\\/kibrisdakik.com\\\/?author=1\"}]}<\/script>\n<!-- \/ Yoast SEO plugin. -->","yoast_head_json":{"title":"Yeni yasama y\u0131l\u0131 t\u00f6rensel a\u00e7\u0131l\u0131\u015fla ba\u015flad\u0131 -","robots":{"index":"index","follow":"follow","max-snippet":"max-snippet:-1","max-image-preview":"max-image-preview:large","max-video-preview":"max-video-preview:-1"},"canonical":"https:\/\/kibrisdakik.com\/?p=65416","og_locale":"tr_TR","og_type":"article","og_title":"Yeni yasama y\u0131l\u0131 t\u00f6rensel a\u00e7\u0131l\u0131\u015fla ba\u015flad\u0131 -","og_description":"\u00a0 Cumhuriyet Meclisi\u2019nin yeni yasama y\u0131l\u0131 bug\u00fcnk\u00fc t\u00f6rensel a\u00e7\u0131l\u0131\u015fla ba\u015flad\u0131. 10\u2019uncu D\u00f6nem, 4\u2019\u00fcnc\u00fc Yasama Y\u0131l\u0131\u2019n\u0131n ilk toplant\u0131s\u0131 Meclis Ba\u015fkan\u0131 Zorlu T\u00f6re ba\u015fkanl\u0131\u011f\u0131nda saat 10.50\u2019de ba\u015flad\u0131. T\u00f6rensel a\u00e7\u0131l\u0131\u015fta, siyasi parti ba\u015fkanlar\u0131n\u0131n konu\u015fmalar\u0131na yer verilecek. \u00a0 Toplant\u0131y\u0131 Cumhurba\u015fkan\u0131 Ersin Tatar, 2. Cumhurba\u015fkan\u0131 Mehmet Ali Talat, Y\u00fcksek Mahkeme Ba\u015fkan\u0131 Bertan \u00d6zerda\u011f, T\u00fcrkiye\u2019nin Lefko\u015fa B\u00fcy\u00fckel\u00e7isi Yasin Ekrem Serim, Ba\u015fsavc\u0131","og_url":"https:\/\/kibrisdakik.com\/?p=65416","article_published_time":"2024-10-01T08:47:48+00:00","og_image":[{"width":1600,"height":1066,"url":"https:\/\/kibrisdakik.com\/wp-content\/uploads\/2024\/10\/meclis-25-740x420.jpeg","type":"image\/jpeg"}],"author":"admin","twitter_card":"summary_large_image","twitter_misc":{"Yazan:":"admin","Tahmini okuma s\u00fcresi":"1 dakika"},"schema":{"@context":"https:\/\/schema.org","@graph":[{"@type":"Article","@id":"https:\/\/kibrisdakik.com\/?p=65416#article","isPartOf":{"@id":"https:\/\/kibrisdakik.com\/?p=65416"},"author":{"name":"admin","@id":"https:\/\/kibrisdakik.com\/#\/schema\/person\/9cd9d437bbb44f72b73ba127e06d8e79"},"headline":"Yeni yasama y\u0131l\u0131 t\u00f6rensel a\u00e7\u0131l\u0131\u015fla ba\u015flad\u0131","datePublished":"2024-10-01T08:47:48+00:00","mainEntityOfPage":{"@id":"https:\/\/kibrisdakik.com\/?p=65416"},"wordCount":196,"commentCount":0,"image":{"@id":"https:\/\/kibrisdakik.com\/?p=65416#primaryimage"},"thumbnailUrl":"https:\/\/kibrisdakik.com\/wp-content\/uploads\/2024\/10\/meclis-25-740x420.jpeg","articleSection":["K\u0131br\u0131s"],"inLanguage":"tr","potentialAction":[{"@type":"CommentAction","name":"Comment","target":["https:\/\/kibrisdakik.com\/?p=65416#respond"]}]},{"@type":"WebPage","@id":"https:\/\/kibrisdakik.com\/?p=65416","url":"https:\/\/kibrisdakik.com\/?p=65416","name":"Yeni yasama y\u0131l\u0131 t\u00f6rensel a\u00e7\u0131l\u0131\u015fla ba\u015flad\u0131 -","isPartOf":{"@id":"https:\/\/kibrisdakik.com\/#website"},"primaryImageOfPage":{"@id":"https:\/\/kibrisdakik.com\/?p=65416#primaryimage"},"image":{"@id":"https:\/\/kibrisdakik.com\/?p=65416#primaryimage"},"thumbnailUrl":"https:\/\/kibrisdakik.com\/wp-content\/uploads\/2024\/10\/meclis-25-740x420.jpeg","datePublished":"2024-10-01T08:47:48+00:00","author":{"@id":"https:\/\/kibrisdakik.com\/#\/schema\/person\/9cd9d437bbb44f72b73ba127e06d8e79"},"breadcrumb":{"@id":"https:\/\/kibrisdakik.com\/?p=65416#breadcrumb"},"inLanguage":"tr","potentialAction":[{"@type":"ReadAction","target":["https:\/\/kibrisdakik.com\/?p=65416"]}]},{"@type":"ImageObject","inLanguage":"tr","@id":"https:\/\/kibrisdakik.com\/?p=65416#primaryimage","url":"https:\/\/kibrisdakik.com\/wp-content\/uploads\/2024\/10\/meclis-25-740x420.jpeg","contentUrl":"https:\/\/kibrisdakik.com\/wp-content\/uploads\/2024\/10\/meclis-25-740x420.jpeg","width":1600,"height":1066},{"@type":"BreadcrumbList","@id":"https:\/\/kibrisdakik.com\/?p=65416#breadcrumb","itemListElement":[{"@type":"ListItem","position":1,"name":"Home","item":"https:\/\/kibrisdakik.com\/"},{"@type":"ListItem","position":2,"name":"Yeni yasama y\u0131l\u0131 t\u00f6rensel a\u00e7\u0131l\u0131\u015fla ba\u015flad\u0131"}]},{"@type":"WebSite","@id":"https:\/\/kibrisdakik.com\/#website","url":"https:\/\/kibrisdakik.com\/","name":"","description":"Tam vaktinde haber","potentialAction":[{"@type":"SearchAction","target":{"@type":"EntryPoint","urlTemplate":"https:\/\/kibrisdakik.com\/?s={search_term_string}"},"query-input":{"@type":"PropertyValueSpecification","valueRequired":true,"valueName":"search_term_string"}}],"inLanguage":"tr"},{"@type":"Person","@id":"https:\/\/kibrisdakik.com\/#\/schema\/person\/9cd9d437bbb44f72b73ba127e06d8e79","name":"admin","image":{"@type":"ImageObject","inLanguage":"tr","@id":"https:\/\/secure.gravatar.com\/avatar\/ccc17943b9d660506c869530f897617f7cb1c21a4bf30023f252596d83e1f007?s=96&d=mm&r=g","url":"https:\/\/secure.gravatar.com\/avatar\/ccc17943b9d660506c869530f897617f7cb1c21a4bf30023f252596d83e1f007?s=96&d=mm&r=g","contentUrl":"https:\/\/secure.gravatar.com\/avatar\/ccc17943b9d660506c869530f897617f7cb1c21a4bf30023f252596d83e1f007?s=96&d=mm&r=g","caption":"admin"},"sameAs":["https:\/\/kibrisdakik.com"],"url":"https:\/\/kibrisdakik.com\/?author=1"}]}},"_links":{"self":[{"href":"https:\/\/kibrisdakik.com\/index.php?rest_route=\/wp\/v2\/posts\/65416","targetHints":{"allow":["GET"]}}],"collection":[{"href":"https:\/\/kibrisdakik.com\/index.php?rest_route=\/wp\/v2\/posts"}],"about":[{"href":"https:\/\/kibrisdakik.com\/index.php?rest_route=\/wp\/v2\/types\/post"}],"author":[{"embeddable":true,"href":"https:\/\/kibrisdakik.com\/index.php?rest_route=\/wp\/v2\/users\/1"}],"replies":[{"embeddable":true,"href":"https:\/\/kibrisdakik.com\/index.php?rest_route=%2Fwp%2Fv2%2Fcomments&post=65416"}],"version-history":[{"count":0,"href":"https:\/\/kibrisdakik.com\/index.php?rest_route=\/wp\/v2\/posts\/65416\/revisions"}],"wp:featuredmedia":[{"embeddable":true,"href":"https:\/\/kibrisdakik.com\/index.php?rest_route=\/wp\/v2\/media\/65417"}],"wp:attachment":[{"href":"https:\/\/kibrisdakik.com\/index.php?rest_route=%2Fwp%2Fv2%2Fmedia&parent=65416"}],"wp:term":[{"taxonomy":"category","embeddable":true,"href":"https:\/\/kibrisdakik.com\/index.php?rest_route=%2Fwp%2Fv2%2Fcategories&post=65416"},{"taxonomy":"post_tag","embeddable":true,"href":"https:\/\/kibrisdakik.com\/index.php?rest_route=%2Fwp%2Fv2%2Ftags&post=65416"}],"curies":[{"name":"wp","href":"https:\/\/api.w.org\/{rel}","templated":true}]}}