{"id":65436,"date":"2024-10-01T13:25:39","date_gmt":"2024-10-01T10:25:39","guid":{"rendered":"https:\/\/kibrisdakik.com\/index.php\/2024\/10\/01\/sos-cocukkoyu-dernegi-birlik-olursak-aileler-de-toplum-da-guclenir\/"},"modified":"2024-10-01T13:25:39","modified_gmt":"2024-10-01T10:25:39","slug":"sos-cocukkoyu-dernegi-birlik-olursak-aileler-de-toplum-da-guclenir","status":"publish","type":"post","link":"https:\/\/kibrisdakik.com\/?p=65436","title":{"rendered":"SOS \u00c7ocukk\u00f6y\u00fc Derne\u011fi: Birlik olursak aileler de toplum da g\u00fc\u00e7lenir"},"content":{"rendered":"<div>\n<div class=\"mariselle-image-container center\">\n                                            <\/div>\n<p>SOS \u00c7ocukk\u00f6y\u00fc Derne\u011fi,  Aile G\u00fc\u00e7lendirme Program\u0131 ile 18 y\u0131ld\u0131r, 250\u2019nin \u00fczerinde aileye ve 1000\u2019e yak\u0131n \u00e7ocu\u011fa destek sa\u011fland\u0131\u011f\u0131na i\u015faret ederek, \u201cBirlik olursak aileler de toplum da g\u00fc\u00e7lenir\u201d dedi; dayan\u0131\u015fma \u00e7a\u011fr\u0131s\u0131 yapt\u0131.<\/p>\n<p>Dernek\u2019ten verilen bilgiye g\u00f6re, SOS \u00c7ocukk\u00f6y\u00fc Derne\u011fi Aile G\u00fc\u00e7lendirme Program\u0131 sayesinde, 3 ile 5 y\u0131ll\u0131k s\u00fcrelerde biyolojik ailesinin bak\u0131m\u0131n\u0131 kaybetme riski ta\u015f\u0131yan \u00e7ocuklar ve ailelerine, yap\u0131land\u0131r\u0131lm\u0131\u015f bir program \u00e7er\u00e7evesinde sa\u011flanan desteklerle, \u00e7ocuklar\u0131n biyolojik ailelerinden ayr\u0131lmas\u0131 \u00f6nleniyor.<\/p>\n<p>\u201cProgram, tam 18 y\u0131ld\u0131r, 250\u2019nin \u00fczerinde aileye ve 1000\u2019e yak\u0131n \u00e7ocu\u011fa destek sa\u011flad\u0131\u201d denilen a\u00e7\u0131klamada,  d\u00fcnya \u00fczerinde bir\u00e7ok \u00fclkede devletlerin ve sivil toplum \u00f6rg\u00fctlerinin birlikte y\u00fcr\u00fctt\u00fc\u011f\u00fc bu \u00e7al\u0131\u015fmalar\u0131n, KKTC\u2018de sadece bu program sayesinde verilebildi\u011fi, program\u0131n, bir koordinat\u00f6r ve iki sosyal hizmet uzman\u0131 taraf\u0131ndan y\u00fcr\u00fct\u00fcld\u00fc\u011f\u00fc; 38 aileye ve 83 \u00e7ocu\u011fa destek sa\u011fland\u0131\u011f\u0131 kaydedildi.<\/p>\n<p>SOS \u00c7ocukk\u00f6y\u00fc Derne\u011fi\u2019nden yap\u0131lan a\u00e7\u0131klamada, programla ilgili \u015fu bilgiler de payla\u015f\u0131ld\u0131:<\/p>\n<p>\u201cK\u0131s\u0131tl\u0131 bir insan kayna\u011f\u0131 ve ba\u011f\u0131\u015f\u00e7\u0131lar\u0131n destekleri ile hizmetlerini s\u00fcrd\u00fcren Program\u2019dan destek alan ailelerin ihtiya\u00e7 listeleri ayl\u0131k olarak haz\u0131rlan\u0131yor.<\/p>\n<p>2024 y\u0131l\u0131 ba\u015f\u0131ndan bug\u00fcne ge\u00e7en dokuz ayl\u0131k s\u00fcrede 100\u2019den fazla anne ve babaya ebeveyn yetkinli\u011fi konular\u0131nda, 86 \u00e7ocu\u011fa ise \u00e7ocuk haklar\u0131 konusunda e\u011fitim verildi. Okula haz\u0131rl\u0131k d\u00f6nemlerinde ve di\u011fer ihtiya\u00e7 duyulan her an, Program sayesinde, 50 \u00e7ocu\u011fun okul k\u0131yafetleri kar\u015f\u0131land\u0131; 187 \u00e7ocu\u011fa g\u00fcnl\u00fck ayakkab\u0131 57 \u00e7ocu\u011fa ise okul ayakkab\u0131s\u0131 sa\u011fland\u0131. Destek\u00e7iler sayesinde 127 \u00e7ocu\u011fa k\u0131rtasiye malzemesi ve okul \u00e7antas\u0131 temin edildi.<\/p>\n<p>Ayr\u0131ca 26 \u00e7ocuk halen \u00f6zel e\u011fitim deste\u011fi g\u00f6r\u00fcrken 24 \u00e7ocu\u011fun ise okul \u00f6ncesi e\u011fitimleri Program sayesinde kar\u015f\u0131lan\u0131yor.<\/p>\n<p>E\u011fitimin yan\u0131 s\u0131ra, hayati \u00f6nem ta\u015f\u0131yan bir di\u011fer destek de sa\u011fl\u0131k alan\u0131nda oldu. \u0130ki \u00e7ocu\u011fun beslenme deste\u011fi, alt\u0131 \u00e7ocu\u011fun dil terapisi, bir \u00e7ocu\u011fun fizyoterapi s\u00fcreci takip edildi ve s\u00fcre\u00e7leri desteklenmeye devam ediliyor. 31 \u00e7ocu\u011fa ila\u00e7 deste\u011fi ve be\u015f ebeveyne de psikolog deste\u011fi sa\u011fland\u0131. Ailelerin g\u00fcnl\u00fck ya\u015fam kalitelerini artt\u0131rabilmek amac\u0131yla ailelere de verilen destekler s\u00fcr\u00fcyor. Y\u0131l\u0131n bu d\u00f6nemine kadar 15 ailenin masa, soba, vantilat\u00f6r, yatak, koltuk gibi ev ihtiya\u00e7lar\u0131 kar\u015f\u0131lan\u0131rken \u00fc\u00e7 aileye ise hukuki destek sa\u011fland\u0131.<\/p>\n<p>Ailelerin g\u00fc\u00e7lenerek bir arada kalabilmelerini desteklemek i\u00e7in onlara ya\u015famsal destekler sunuldu. Programda uzmanlar\u0131n profesyonel g\u00f6zlemleri ve y\u00f6nlendirmeleri ile iki anneye okuma yazma, bir anneye \u00f6n muhasebe, bir ba\u015fka anneye ise bilgisayar ofis programlar\u0131 e\u011fitimleri sa\u011flanarak aile yap\u0131s\u0131 i\u00e7inde kad\u0131n\u0131n yeri daha da g\u00fc\u00e7lendirildi. Aile G\u00fc\u00e7lendirme Program\u0131 ekibi ayr\u0131ca program dahilinde olmayan 56 aileye de g\u00f6n\u00fcll\u00fc dan\u0131\u015fmanl\u0131k hizmeti sa\u011flad\u0131.\u201d<\/p>\n<p>-Toplumsal seferberlik \u00e7a\u011fr\u0131s\u0131\u2026<\/p>\n<p>Var olan katk\u0131lar sayesinde bu destekleri sa\u011flayabildikleri i\u00e7in her bir destek\u00e7iye te\u015fekk\u00fcr eden Aile G\u00fc\u00e7lendirme Program\u0131 Koordinat\u00f6r\u00fc Yrd. Do\u00e7. Dr. An\u0131l G\u00f6rkem, program\u0131n s\u00fcrd\u00fcr\u00fclebilir olmas\u0131 i\u00e7in toplumsal dayan\u0131\u015fman\u0131n artarak devam etmesi gerekti\u011fini vurgulad\u0131.<\/p>\n<p>Aile G\u00fc\u00e7lendirme Program\u0131\u2019na destek i\u00e7in 0548 830 04 49 numaral\u0131 telefondan bilgi al\u0131nabiliyor. Programa a\u015fa\u011f\u0131daki hesaptan ba\u011f\u0131\u015f yap\u0131labiliyor:<\/p>\n<p>\u0130\u015e Bankas\u0131 IBAN NO: TR51 0006 4000 0016 8070 1903 93<\/p>\n<p>(HESAP ADI: KKTC SOS \u00c7OCUKK\u00d6Y\u00dc DERNE\u011e\u0130)<\/p>\n<\/p><\/div>\n<p><script async\n                    defer\n                    crossorigin=\"anonymous\"\n                    src=\"https:\/\/connect.facebook.net\/tr_TR\/sdk.js#xfbml=1&#038;version=v3.3\"\n            ><\/script><\/p>\n","protected":false},"excerpt":{"rendered":"<p>SOS \u00c7ocukk\u00f6y\u00fc Derne\u011fi, Aile G\u00fc\u00e7lendirme Program\u0131 ile 18 y\u0131ld\u0131r, 250\u2019nin \u00fczerinde aileye ve 1000\u2019e yak\u0131n \u00e7ocu\u011fa destek sa\u011fland\u0131\u011f\u0131na i\u015faret ederek, \u201cBirlik olursak aileler de toplum da g\u00fc\u00e7lenir\u201d dedi; dayan\u0131\u015fma \u00e7a\u011fr\u0131s\u0131 yapt\u0131. Dernek\u2019ten verilen bilgiye g\u00f6re, SOS \u00c7ocukk\u00f6y\u00fc Derne\u011fi Aile G\u00fc\u00e7lendirme Program\u0131 sayesinde, 3 ile 5 y\u0131ll\u0131k s\u00fcrelerde biyolojik ailesinin bak\u0131m\u0131n\u0131 kaybetme riski ta\u015f\u0131yan \u00e7ocuklar ve<\/p>\n","protected":false},"author":1,"featured_media":65437,"comment_status":"open","ping_status":"open","sticky":false,"template":"","format":"standard","meta":{"footnotes":""},"categories":[81],"tags":[],"class_list":["post-65436","post","type-post","status-publish","format-standard","has-post-thumbnail","hentry","category-kibris"],"yoast_head":"<!-- This site is optimized with the Yoast SEO plugin v27.5 - https:\/\/yoast.com\/product\/yoast-seo-wordpress\/ -->\n<title>SOS \u00c7ocukk\u00f6y\u00fc Derne\u011fi: Birlik olursak aileler de toplum da g\u00fc\u00e7lenir -<\/title>\n<meta name=\"robots\" content=\"index, follow, max-snippet:-1, max-image-preview:large, max-video-preview:-1\" \/>\n<link rel=\"canonical\" href=\"https:\/\/kibrisdakik.com\/?p=65436\" \/>\n<meta property=\"og:locale\" content=\"tr_TR\" \/>\n<meta property=\"og:type\" content=\"article\" \/>\n<meta property=\"og:title\" content=\"SOS \u00c7ocukk\u00f6y\u00fc Derne\u011fi: Birlik olursak aileler de toplum da g\u00fc\u00e7lenir -\" \/>\n<meta property=\"og:description\" content=\"SOS \u00c7ocukk\u00f6y\u00fc Derne\u011fi, Aile G\u00fc\u00e7lendirme Program\u0131 ile 18 y\u0131ld\u0131r, 250\u2019nin \u00fczerinde aileye ve 1000\u2019e yak\u0131n \u00e7ocu\u011fa destek sa\u011fland\u0131\u011f\u0131na i\u015faret ederek, \u201cBirlik olursak aileler de toplum da g\u00fc\u00e7lenir\u201d dedi; dayan\u0131\u015fma \u00e7a\u011fr\u0131s\u0131 yapt\u0131. Dernek\u2019ten verilen bilgiye g\u00f6re, SOS \u00c7ocukk\u00f6y\u00fc Derne\u011fi Aile G\u00fc\u00e7lendirme Program\u0131 sayesinde, 3 ile 5 y\u0131ll\u0131k s\u00fcrelerde biyolojik ailesinin bak\u0131m\u0131n\u0131 kaybetme riski ta\u015f\u0131yan \u00e7ocuklar ve\" \/>\n<meta property=\"og:url\" content=\"https:\/\/kibrisdakik.com\/?p=65436\" \/>\n<meta property=\"article:published_time\" content=\"2024-10-01T10:25:39+00:00\" \/>\n<meta property=\"og:image\" content=\"https:\/\/kibrisdakik.com\/wp-content\/uploads\/2024\/10\/2sldjflj3-740x420.jpeg\" \/>\n\t<meta property=\"og:image:width\" content=\"1500\" \/>\n\t<meta property=\"og:image:height\" content=\"842\" \/>\n\t<meta property=\"og:image:type\" content=\"image\/jpeg\" \/>\n<meta name=\"author\" content=\"admin\" \/>\n<meta name=\"twitter:card\" content=\"summary_large_image\" \/>\n<meta name=\"twitter:label1\" content=\"Yazan:\" \/>\n\t<meta name=\"twitter:data1\" content=\"admin\" \/>\n\t<meta name=\"twitter:label2\" content=\"Tahmini okuma s\u00fcresi\" \/>\n\t<meta name=\"twitter:data2\" content=\"3 dakika\" \/>\n<script type=\"application\/ld+json\" class=\"yoast-schema-graph\">{\"@context\":\"https:\\\/\\\/schema.org\",\"@graph\":[{\"@type\":\"Article\",\"@id\":\"https:\\\/\\\/kibrisdakik.com\\\/?p=65436#article\",\"isPartOf\":{\"@id\":\"https:\\\/\\\/kibrisdakik.com\\\/?p=65436\"},\"author\":{\"name\":\"admin\",\"@id\":\"https:\\\/\\\/kibrisdakik.com\\\/#\\\/schema\\\/person\\\/9cd9d437bbb44f72b73ba127e06d8e79\"},\"headline\":\"SOS \u00c7ocukk\u00f6y\u00fc Derne\u011fi: Birlik olursak aileler de toplum da g\u00fc\u00e7lenir\",\"datePublished\":\"2024-10-01T10:25:39+00:00\",\"mainEntityOfPage\":{\"@id\":\"https:\\\/\\\/kibrisdakik.com\\\/?p=65436\"},\"wordCount\":603,\"commentCount\":0,\"image\":{\"@id\":\"https:\\\/\\\/kibrisdakik.com\\\/?p=65436#primaryimage\"},\"thumbnailUrl\":\"https:\\\/\\\/kibrisdakik.com\\\/wp-content\\\/uploads\\\/2024\\\/10\\\/2sldjflj3-740x420.jpeg\",\"articleSection\":[\"K\u0131br\u0131s\"],\"inLanguage\":\"tr\",\"potentialAction\":[{\"@type\":\"CommentAction\",\"name\":\"Comment\",\"target\":[\"https:\\\/\\\/kibrisdakik.com\\\/?p=65436#respond\"]}]},{\"@type\":\"WebPage\",\"@id\":\"https:\\\/\\\/kibrisdakik.com\\\/?p=65436\",\"url\":\"https:\\\/\\\/kibrisdakik.com\\\/?p=65436\",\"name\":\"SOS \u00c7ocukk\u00f6y\u00fc Derne\u011fi: Birlik olursak aileler de toplum da g\u00fc\u00e7lenir -\",\"isPartOf\":{\"@id\":\"https:\\\/\\\/kibrisdakik.com\\\/#website\"},\"primaryImageOfPage\":{\"@id\":\"https:\\\/\\\/kibrisdakik.com\\\/?p=65436#primaryimage\"},\"image\":{\"@id\":\"https:\\\/\\\/kibrisdakik.com\\\/?p=65436#primaryimage\"},\"thumbnailUrl\":\"https:\\\/\\\/kibrisdakik.com\\\/wp-content\\\/uploads\\\/2024\\\/10\\\/2sldjflj3-740x420.jpeg\",\"datePublished\":\"2024-10-01T10:25:39+00:00\",\"author\":{\"@id\":\"https:\\\/\\\/kibrisdakik.com\\\/#\\\/schema\\\/person\\\/9cd9d437bbb44f72b73ba127e06d8e79\"},\"breadcrumb\":{\"@id\":\"https:\\\/\\\/kibrisdakik.com\\\/?p=65436#breadcrumb\"},\"inLanguage\":\"tr\",\"potentialAction\":[{\"@type\":\"ReadAction\",\"target\":[\"https:\\\/\\\/kibrisdakik.com\\\/?p=65436\"]}]},{\"@type\":\"ImageObject\",\"inLanguage\":\"tr\",\"@id\":\"https:\\\/\\\/kibrisdakik.com\\\/?p=65436#primaryimage\",\"url\":\"https:\\\/\\\/kibrisdakik.com\\\/wp-content\\\/uploads\\\/2024\\\/10\\\/2sldjflj3-740x420.jpeg\",\"contentUrl\":\"https:\\\/\\\/kibrisdakik.com\\\/wp-content\\\/uploads\\\/2024\\\/10\\\/2sldjflj3-740x420.jpeg\",\"width\":1500,\"height\":842},{\"@type\":\"BreadcrumbList\",\"@id\":\"https:\\\/\\\/kibrisdakik.com\\\/?p=65436#breadcrumb\",\"itemListElement\":[{\"@type\":\"ListItem\",\"position\":1,\"name\":\"Home\",\"item\":\"https:\\\/\\\/kibrisdakik.com\\\/\"},{\"@type\":\"ListItem\",\"position\":2,\"name\":\"SOS \u00c7ocukk\u00f6y\u00fc Derne\u011fi: Birlik olursak aileler de toplum da g\u00fc\u00e7lenir\"}]},{\"@type\":\"WebSite\",\"@id\":\"https:\\\/\\\/kibrisdakik.com\\\/#website\",\"url\":\"https:\\\/\\\/kibrisdakik.com\\\/\",\"name\":\"\",\"description\":\"Tam vaktinde haber\",\"potentialAction\":[{\"@type\":\"SearchAction\",\"target\":{\"@type\":\"EntryPoint\",\"urlTemplate\":\"https:\\\/\\\/kibrisdakik.com\\\/?s={search_term_string}\"},\"query-input\":{\"@type\":\"PropertyValueSpecification\",\"valueRequired\":true,\"valueName\":\"search_term_string\"}}],\"inLanguage\":\"tr\"},{\"@type\":\"Person\",\"@id\":\"https:\\\/\\\/kibrisdakik.com\\\/#\\\/schema\\\/person\\\/9cd9d437bbb44f72b73ba127e06d8e79\",\"name\":\"admin\",\"image\":{\"@type\":\"ImageObject\",\"inLanguage\":\"tr\",\"@id\":\"https:\\\/\\\/secure.gravatar.com\\\/avatar\\\/ccc17943b9d660506c869530f897617f7cb1c21a4bf30023f252596d83e1f007?s=96&d=mm&r=g\",\"url\":\"https:\\\/\\\/secure.gravatar.com\\\/avatar\\\/ccc17943b9d660506c869530f897617f7cb1c21a4bf30023f252596d83e1f007?s=96&d=mm&r=g\",\"contentUrl\":\"https:\\\/\\\/secure.gravatar.com\\\/avatar\\\/ccc17943b9d660506c869530f897617f7cb1c21a4bf30023f252596d83e1f007?s=96&d=mm&r=g\",\"caption\":\"admin\"},\"sameAs\":[\"https:\\\/\\\/kibrisdakik.com\"],\"url\":\"https:\\\/\\\/kibrisdakik.com\\\/?author=1\"}]}<\/script>\n<!-- \/ Yoast SEO plugin. -->","yoast_head_json":{"title":"SOS \u00c7ocukk\u00f6y\u00fc Derne\u011fi: Birlik olursak aileler de toplum da g\u00fc\u00e7lenir -","robots":{"index":"index","follow":"follow","max-snippet":"max-snippet:-1","max-image-preview":"max-image-preview:large","max-video-preview":"max-video-preview:-1"},"canonical":"https:\/\/kibrisdakik.com\/?p=65436","og_locale":"tr_TR","og_type":"article","og_title":"SOS \u00c7ocukk\u00f6y\u00fc Derne\u011fi: Birlik olursak aileler de toplum da g\u00fc\u00e7lenir -","og_description":"SOS \u00c7ocukk\u00f6y\u00fc Derne\u011fi, Aile G\u00fc\u00e7lendirme Program\u0131 ile 18 y\u0131ld\u0131r, 250\u2019nin \u00fczerinde aileye ve 1000\u2019e yak\u0131n \u00e7ocu\u011fa destek sa\u011fland\u0131\u011f\u0131na i\u015faret ederek, \u201cBirlik olursak aileler de toplum da g\u00fc\u00e7lenir\u201d dedi; dayan\u0131\u015fma \u00e7a\u011fr\u0131s\u0131 yapt\u0131. Dernek\u2019ten verilen bilgiye g\u00f6re, SOS \u00c7ocukk\u00f6y\u00fc Derne\u011fi Aile G\u00fc\u00e7lendirme Program\u0131 sayesinde, 3 ile 5 y\u0131ll\u0131k s\u00fcrelerde biyolojik ailesinin bak\u0131m\u0131n\u0131 kaybetme riski ta\u015f\u0131yan \u00e7ocuklar ve","og_url":"https:\/\/kibrisdakik.com\/?p=65436","article_published_time":"2024-10-01T10:25:39+00:00","og_image":[{"width":1500,"height":842,"url":"https:\/\/kibrisdakik.com\/wp-content\/uploads\/2024\/10\/2sldjflj3-740x420.jpeg","type":"image\/jpeg"}],"author":"admin","twitter_card":"summary_large_image","twitter_misc":{"Yazan:":"admin","Tahmini okuma s\u00fcresi":"3 dakika"},"schema":{"@context":"https:\/\/schema.org","@graph":[{"@type":"Article","@id":"https:\/\/kibrisdakik.com\/?p=65436#article","isPartOf":{"@id":"https:\/\/kibrisdakik.com\/?p=65436"},"author":{"name":"admin","@id":"https:\/\/kibrisdakik.com\/#\/schema\/person\/9cd9d437bbb44f72b73ba127e06d8e79"},"headline":"SOS \u00c7ocukk\u00f6y\u00fc Derne\u011fi: Birlik olursak aileler de toplum da g\u00fc\u00e7lenir","datePublished":"2024-10-01T10:25:39+00:00","mainEntityOfPage":{"@id":"https:\/\/kibrisdakik.com\/?p=65436"},"wordCount":603,"commentCount":0,"image":{"@id":"https:\/\/kibrisdakik.com\/?p=65436#primaryimage"},"thumbnailUrl":"https:\/\/kibrisdakik.com\/wp-content\/uploads\/2024\/10\/2sldjflj3-740x420.jpeg","articleSection":["K\u0131br\u0131s"],"inLanguage":"tr","potentialAction":[{"@type":"CommentAction","name":"Comment","target":["https:\/\/kibrisdakik.com\/?p=65436#respond"]}]},{"@type":"WebPage","@id":"https:\/\/kibrisdakik.com\/?p=65436","url":"https:\/\/kibrisdakik.com\/?p=65436","name":"SOS \u00c7ocukk\u00f6y\u00fc Derne\u011fi: Birlik olursak aileler de toplum da g\u00fc\u00e7lenir -","isPartOf":{"@id":"https:\/\/kibrisdakik.com\/#website"},"primaryImageOfPage":{"@id":"https:\/\/kibrisdakik.com\/?p=65436#primaryimage"},"image":{"@id":"https:\/\/kibrisdakik.com\/?p=65436#primaryimage"},"thumbnailUrl":"https:\/\/kibrisdakik.com\/wp-content\/uploads\/2024\/10\/2sldjflj3-740x420.jpeg","datePublished":"2024-10-01T10:25:39+00:00","author":{"@id":"https:\/\/kibrisdakik.com\/#\/schema\/person\/9cd9d437bbb44f72b73ba127e06d8e79"},"breadcrumb":{"@id":"https:\/\/kibrisdakik.com\/?p=65436#breadcrumb"},"inLanguage":"tr","potentialAction":[{"@type":"ReadAction","target":["https:\/\/kibrisdakik.com\/?p=65436"]}]},{"@type":"ImageObject","inLanguage":"tr","@id":"https:\/\/kibrisdakik.com\/?p=65436#primaryimage","url":"https:\/\/kibrisdakik.com\/wp-content\/uploads\/2024\/10\/2sldjflj3-740x420.jpeg","contentUrl":"https:\/\/kibrisdakik.com\/wp-content\/uploads\/2024\/10\/2sldjflj3-740x420.jpeg","width":1500,"height":842},{"@type":"BreadcrumbList","@id":"https:\/\/kibrisdakik.com\/?p=65436#breadcrumb","itemListElement":[{"@type":"ListItem","position":1,"name":"Home","item":"https:\/\/kibrisdakik.com\/"},{"@type":"ListItem","position":2,"name":"SOS \u00c7ocukk\u00f6y\u00fc Derne\u011fi: Birlik olursak aileler de toplum da g\u00fc\u00e7lenir"}]},{"@type":"WebSite","@id":"https:\/\/kibrisdakik.com\/#website","url":"https:\/\/kibrisdakik.com\/","name":"","description":"Tam vaktinde haber","potentialAction":[{"@type":"SearchAction","target":{"@type":"EntryPoint","urlTemplate":"https:\/\/kibrisdakik.com\/?s={search_term_string}"},"query-input":{"@type":"PropertyValueSpecification","valueRequired":true,"valueName":"search_term_string"}}],"inLanguage":"tr"},{"@type":"Person","@id":"https:\/\/kibrisdakik.com\/#\/schema\/person\/9cd9d437bbb44f72b73ba127e06d8e79","name":"admin","image":{"@type":"ImageObject","inLanguage":"tr","@id":"https:\/\/secure.gravatar.com\/avatar\/ccc17943b9d660506c869530f897617f7cb1c21a4bf30023f252596d83e1f007?s=96&d=mm&r=g","url":"https:\/\/secure.gravatar.com\/avatar\/ccc17943b9d660506c869530f897617f7cb1c21a4bf30023f252596d83e1f007?s=96&d=mm&r=g","contentUrl":"https:\/\/secure.gravatar.com\/avatar\/ccc17943b9d660506c869530f897617f7cb1c21a4bf30023f252596d83e1f007?s=96&d=mm&r=g","caption":"admin"},"sameAs":["https:\/\/kibrisdakik.com"],"url":"https:\/\/kibrisdakik.com\/?author=1"}]}},"_links":{"self":[{"href":"https:\/\/kibrisdakik.com\/index.php?rest_route=\/wp\/v2\/posts\/65436","targetHints":{"allow":["GET"]}}],"collection":[{"href":"https:\/\/kibrisdakik.com\/index.php?rest_route=\/wp\/v2\/posts"}],"about":[{"href":"https:\/\/kibrisdakik.com\/index.php?rest_route=\/wp\/v2\/types\/post"}],"author":[{"embeddable":true,"href":"https:\/\/kibrisdakik.com\/index.php?rest_route=\/wp\/v2\/users\/1"}],"replies":[{"embeddable":true,"href":"https:\/\/kibrisdakik.com\/index.php?rest_route=%2Fwp%2Fv2%2Fcomments&post=65436"}],"version-history":[{"count":0,"href":"https:\/\/kibrisdakik.com\/index.php?rest_route=\/wp\/v2\/posts\/65436\/revisions"}],"wp:featuredmedia":[{"embeddable":true,"href":"https:\/\/kibrisdakik.com\/index.php?rest_route=\/wp\/v2\/media\/65437"}],"wp:attachment":[{"href":"https:\/\/kibrisdakik.com\/index.php?rest_route=%2Fwp%2Fv2%2Fmedia&parent=65436"}],"wp:term":[{"taxonomy":"category","embeddable":true,"href":"https:\/\/kibrisdakik.com\/index.php?rest_route=%2Fwp%2Fv2%2Fcategories&post=65436"},{"taxonomy":"post_tag","embeddable":true,"href":"https:\/\/kibrisdakik.com\/index.php?rest_route=%2Fwp%2Fv2%2Ftags&post=65436"}],"curies":[{"name":"wp","href":"https:\/\/api.w.org\/{rel}","templated":true}]}}