{"id":65466,"date":"2024-10-01T16:54:36","date_gmt":"2024-10-01T13:54:36","guid":{"rendered":"https:\/\/kibrisdakik.com\/index.php\/2024\/10\/01\/basbakan-ustel-ankaraya-gidiyor-ataoglu-ve-arikli-da-eslik-edecek\/"},"modified":"2024-10-01T16:54:36","modified_gmt":"2024-10-01T13:54:36","slug":"basbakan-ustel-ankaraya-gidiyor-ataoglu-ve-arikli-da-eslik-edecek","status":"publish","type":"post","link":"https:\/\/kibrisdakik.com\/?p=65466","title":{"rendered":"Ba\u015fbakan \u00dcstel Ankara\u2019ya gidiyor\u2026 Atao\u011flu ve Ar\u0131kl\u0131 da e\u015flik edecek"},"content":{"rendered":"<div>\n<div class=\"mariselle-image-container center\">\n                                            <\/div>\n<p>Ba\u015fbakan \u00dcnal \u00dcstel, resmi temaslarda bulunmak \u00fczere bug\u00fcn Ankara\u2019ya gidiyor.<\/p>\n<p>\u00dcstel\u2019e h\u00fck\u00fcmet ortaklar\u0131 Ba\u015fbakan Yard\u0131mc\u0131s\u0131, Turizm, \u00c7evre ve K\u00fclt\u00fcr Bakan\u0131 Fikri Atao\u011flu ile Bay\u0131nd\u0131rl\u0131k ve Ula\u015ft\u0131rma Bakan\u0131 Erhan Ar\u0131kl\u0131 da e\u015flik edecek.<\/p>\n<p>Ba\u015fbakanl\u0131k Bas\u0131n ve Halkla \u0130li\u015fkiler M\u00fcd\u00fcrl\u00fc\u011f\u00fc\u2019nden verilen bilgiye g\u00f6re, \u00dcstel temaslar\u0131 kapmas\u0131nda, T\u00fcrkiye Cumhurba\u015fkan\u0131 Yard\u0131mc\u0131s\u0131 Cevdet Y\u0131lmaz ile bir araya gelecek.<\/p>\n<p>\u00dcstel\u2019in Ankara program\u0131 s\u0131ras\u0131nda, bir s\u00fcre \u00f6nce imzalanan TC \u2013 KKTC Mali \u0130\u015fbirli\u011fi Protokol\u00fc\u2019n\u00fcn uygulama detaylar\u0131 g\u00f6zden ge\u00e7irilecek.<\/p>\n<p>\u00dcstel, temaslar\u0131 kapsam\u0131nda, An\u0131tkabir\u2019i de ziyaret edecek.<\/p>\n<\/p><\/div>\n<p><script async\n                    defer\n                    crossorigin=\"anonymous\"\n                    src=\"https:\/\/connect.facebook.net\/tr_TR\/sdk.js#xfbml=1&#038;version=v3.3\"\n            ><\/script><\/p>\n","protected":false},"excerpt":{"rendered":"<p>Ba\u015fbakan \u00dcnal \u00dcstel, resmi temaslarda bulunmak \u00fczere bug\u00fcn Ankara\u2019ya gidiyor. \u00dcstel\u2019e h\u00fck\u00fcmet ortaklar\u0131 Ba\u015fbakan Yard\u0131mc\u0131s\u0131, Turizm, \u00c7evre ve K\u00fclt\u00fcr Bakan\u0131 Fikri Atao\u011flu ile Bay\u0131nd\u0131rl\u0131k ve Ula\u015ft\u0131rma Bakan\u0131 Erhan Ar\u0131kl\u0131 da e\u015flik edecek. Ba\u015fbakanl\u0131k Bas\u0131n ve Halkla \u0130li\u015fkiler M\u00fcd\u00fcrl\u00fc\u011f\u00fc\u2019nden verilen bilgiye g\u00f6re, \u00dcstel temaslar\u0131 kapmas\u0131nda, T\u00fcrkiye Cumhurba\u015fkan\u0131 Yard\u0131mc\u0131s\u0131 Cevdet Y\u0131lmaz ile bir araya gelecek. \u00dcstel\u2019in Ankara<\/p>\n","protected":false},"author":1,"featured_media":65467,"comment_status":"open","ping_status":"open","sticky":false,"template":"","format":"standard","meta":{"footnotes":""},"categories":[81],"tags":[],"class_list":["post-65466","post","type-post","status-publish","format-standard","has-post-thumbnail","hentry","category-kibris"],"yoast_head":"<!-- This site is optimized with the Yoast SEO plugin v27.5 - https:\/\/yoast.com\/product\/yoast-seo-wordpress\/ -->\n<title>Ba\u015fbakan \u00dcstel Ankara\u2019ya gidiyor\u2026 Atao\u011flu ve Ar\u0131kl\u0131 da e\u015flik edecek -<\/title>\n<meta name=\"robots\" content=\"index, follow, max-snippet:-1, max-image-preview:large, max-video-preview:-1\" \/>\n<link rel=\"canonical\" href=\"https:\/\/kibrisdakik.com\/?p=65466\" \/>\n<meta property=\"og:locale\" content=\"tr_TR\" \/>\n<meta property=\"og:type\" content=\"article\" \/>\n<meta property=\"og:title\" content=\"Ba\u015fbakan \u00dcstel Ankara\u2019ya gidiyor\u2026 Atao\u011flu ve Ar\u0131kl\u0131 da e\u015flik edecek -\" \/>\n<meta property=\"og:description\" content=\"Ba\u015fbakan \u00dcnal \u00dcstel, resmi temaslarda bulunmak \u00fczere bug\u00fcn Ankara\u2019ya gidiyor. \u00dcstel\u2019e h\u00fck\u00fcmet ortaklar\u0131 Ba\u015fbakan Yard\u0131mc\u0131s\u0131, Turizm, \u00c7evre ve K\u00fclt\u00fcr Bakan\u0131 Fikri Atao\u011flu ile Bay\u0131nd\u0131rl\u0131k ve Ula\u015ft\u0131rma Bakan\u0131 Erhan Ar\u0131kl\u0131 da e\u015flik edecek. Ba\u015fbakanl\u0131k Bas\u0131n ve Halkla \u0130li\u015fkiler M\u00fcd\u00fcrl\u00fc\u011f\u00fc\u2019nden verilen bilgiye g\u00f6re, \u00dcstel temaslar\u0131 kapmas\u0131nda, T\u00fcrkiye Cumhurba\u015fkan\u0131 Yard\u0131mc\u0131s\u0131 Cevdet Y\u0131lmaz ile bir araya gelecek. \u00dcstel\u2019in Ankara\" \/>\n<meta property=\"og:url\" content=\"https:\/\/kibrisdakik.com\/?p=65466\" \/>\n<meta property=\"article:published_time\" content=\"2024-10-01T13:54:36+00:00\" \/>\n<meta property=\"og:image\" content=\"https:\/\/kibrisdakik.com\/wp-content\/uploads\/2024\/10\/hukum-et-1-740x420.jpg\" \/>\n\t<meta property=\"og:image:width\" content=\"1249\" \/>\n\t<meta property=\"og:image:height\" content=\"701\" \/>\n\t<meta property=\"og:image:type\" content=\"image\/jpeg\" \/>\n<meta name=\"author\" content=\"admin\" \/>\n<meta name=\"twitter:card\" content=\"summary_large_image\" \/>\n<meta name=\"twitter:label1\" content=\"Yazan:\" \/>\n\t<meta name=\"twitter:data1\" content=\"admin\" \/>\n\t<meta name=\"twitter:label2\" content=\"Tahmini okuma s\u00fcresi\" \/>\n\t<meta name=\"twitter:data2\" content=\"1 dakika\" \/>\n<script type=\"application\/ld+json\" class=\"yoast-schema-graph\">{\"@context\":\"https:\\\/\\\/schema.org\",\"@graph\":[{\"@type\":\"Article\",\"@id\":\"https:\\\/\\\/kibrisdakik.com\\\/?p=65466#article\",\"isPartOf\":{\"@id\":\"https:\\\/\\\/kibrisdakik.com\\\/?p=65466\"},\"author\":{\"name\":\"admin\",\"@id\":\"https:\\\/\\\/kibrisdakik.com\\\/#\\\/schema\\\/person\\\/9cd9d437bbb44f72b73ba127e06d8e79\"},\"headline\":\"Ba\u015fbakan \u00dcstel Ankara\u2019ya gidiyor\u2026 Atao\u011flu ve Ar\u0131kl\u0131 da e\u015flik edecek\",\"datePublished\":\"2024-10-01T13:54:36+00:00\",\"mainEntityOfPage\":{\"@id\":\"https:\\\/\\\/kibrisdakik.com\\\/?p=65466\"},\"wordCount\":137,\"commentCount\":0,\"image\":{\"@id\":\"https:\\\/\\\/kibrisdakik.com\\\/?p=65466#primaryimage\"},\"thumbnailUrl\":\"https:\\\/\\\/kibrisdakik.com\\\/wp-content\\\/uploads\\\/2024\\\/10\\\/hukum-et-1-740x420.jpg\",\"articleSection\":[\"K\u0131br\u0131s\"],\"inLanguage\":\"tr\",\"potentialAction\":[{\"@type\":\"CommentAction\",\"name\":\"Comment\",\"target\":[\"https:\\\/\\\/kibrisdakik.com\\\/?p=65466#respond\"]}]},{\"@type\":\"WebPage\",\"@id\":\"https:\\\/\\\/kibrisdakik.com\\\/?p=65466\",\"url\":\"https:\\\/\\\/kibrisdakik.com\\\/?p=65466\",\"name\":\"Ba\u015fbakan \u00dcstel Ankara\u2019ya gidiyor\u2026 Atao\u011flu ve Ar\u0131kl\u0131 da e\u015flik edecek -\",\"isPartOf\":{\"@id\":\"https:\\\/\\\/kibrisdakik.com\\\/#website\"},\"primaryImageOfPage\":{\"@id\":\"https:\\\/\\\/kibrisdakik.com\\\/?p=65466#primaryimage\"},\"image\":{\"@id\":\"https:\\\/\\\/kibrisdakik.com\\\/?p=65466#primaryimage\"},\"thumbnailUrl\":\"https:\\\/\\\/kibrisdakik.com\\\/wp-content\\\/uploads\\\/2024\\\/10\\\/hukum-et-1-740x420.jpg\",\"datePublished\":\"2024-10-01T13:54:36+00:00\",\"author\":{\"@id\":\"https:\\\/\\\/kibrisdakik.com\\\/#\\\/schema\\\/person\\\/9cd9d437bbb44f72b73ba127e06d8e79\"},\"breadcrumb\":{\"@id\":\"https:\\\/\\\/kibrisdakik.com\\\/?p=65466#breadcrumb\"},\"inLanguage\":\"tr\",\"potentialAction\":[{\"@type\":\"ReadAction\",\"target\":[\"https:\\\/\\\/kibrisdakik.com\\\/?p=65466\"]}]},{\"@type\":\"ImageObject\",\"inLanguage\":\"tr\",\"@id\":\"https:\\\/\\\/kibrisdakik.com\\\/?p=65466#primaryimage\",\"url\":\"https:\\\/\\\/kibrisdakik.com\\\/wp-content\\\/uploads\\\/2024\\\/10\\\/hukum-et-1-740x420.jpg\",\"contentUrl\":\"https:\\\/\\\/kibrisdakik.com\\\/wp-content\\\/uploads\\\/2024\\\/10\\\/hukum-et-1-740x420.jpg\",\"width\":1249,\"height\":701},{\"@type\":\"BreadcrumbList\",\"@id\":\"https:\\\/\\\/kibrisdakik.com\\\/?p=65466#breadcrumb\",\"itemListElement\":[{\"@type\":\"ListItem\",\"position\":1,\"name\":\"Home\",\"item\":\"https:\\\/\\\/kibrisdakik.com\\\/\"},{\"@type\":\"ListItem\",\"position\":2,\"name\":\"Ba\u015fbakan \u00dcstel Ankara\u2019ya gidiyor\u2026 Atao\u011flu ve Ar\u0131kl\u0131 da e\u015flik edecek\"}]},{\"@type\":\"WebSite\",\"@id\":\"https:\\\/\\\/kibrisdakik.com\\\/#website\",\"url\":\"https:\\\/\\\/kibrisdakik.com\\\/\",\"name\":\"\",\"description\":\"Tam vaktinde haber\",\"potentialAction\":[{\"@type\":\"SearchAction\",\"target\":{\"@type\":\"EntryPoint\",\"urlTemplate\":\"https:\\\/\\\/kibrisdakik.com\\\/?s={search_term_string}\"},\"query-input\":{\"@type\":\"PropertyValueSpecification\",\"valueRequired\":true,\"valueName\":\"search_term_string\"}}],\"inLanguage\":\"tr\"},{\"@type\":\"Person\",\"@id\":\"https:\\\/\\\/kibrisdakik.com\\\/#\\\/schema\\\/person\\\/9cd9d437bbb44f72b73ba127e06d8e79\",\"name\":\"admin\",\"image\":{\"@type\":\"ImageObject\",\"inLanguage\":\"tr\",\"@id\":\"https:\\\/\\\/secure.gravatar.com\\\/avatar\\\/ccc17943b9d660506c869530f897617f7cb1c21a4bf30023f252596d83e1f007?s=96&d=mm&r=g\",\"url\":\"https:\\\/\\\/secure.gravatar.com\\\/avatar\\\/ccc17943b9d660506c869530f897617f7cb1c21a4bf30023f252596d83e1f007?s=96&d=mm&r=g\",\"contentUrl\":\"https:\\\/\\\/secure.gravatar.com\\\/avatar\\\/ccc17943b9d660506c869530f897617f7cb1c21a4bf30023f252596d83e1f007?s=96&d=mm&r=g\",\"caption\":\"admin\"},\"sameAs\":[\"https:\\\/\\\/kibrisdakik.com\"],\"url\":\"https:\\\/\\\/kibrisdakik.com\\\/?author=1\"}]}<\/script>\n<!-- \/ Yoast SEO plugin. -->","yoast_head_json":{"title":"Ba\u015fbakan \u00dcstel Ankara\u2019ya gidiyor\u2026 Atao\u011flu ve Ar\u0131kl\u0131 da e\u015flik edecek -","robots":{"index":"index","follow":"follow","max-snippet":"max-snippet:-1","max-image-preview":"max-image-preview:large","max-video-preview":"max-video-preview:-1"},"canonical":"https:\/\/kibrisdakik.com\/?p=65466","og_locale":"tr_TR","og_type":"article","og_title":"Ba\u015fbakan \u00dcstel Ankara\u2019ya gidiyor\u2026 Atao\u011flu ve Ar\u0131kl\u0131 da e\u015flik edecek -","og_description":"Ba\u015fbakan \u00dcnal \u00dcstel, resmi temaslarda bulunmak \u00fczere bug\u00fcn Ankara\u2019ya gidiyor. \u00dcstel\u2019e h\u00fck\u00fcmet ortaklar\u0131 Ba\u015fbakan Yard\u0131mc\u0131s\u0131, Turizm, \u00c7evre ve K\u00fclt\u00fcr Bakan\u0131 Fikri Atao\u011flu ile Bay\u0131nd\u0131rl\u0131k ve Ula\u015ft\u0131rma Bakan\u0131 Erhan Ar\u0131kl\u0131 da e\u015flik edecek. Ba\u015fbakanl\u0131k Bas\u0131n ve Halkla \u0130li\u015fkiler M\u00fcd\u00fcrl\u00fc\u011f\u00fc\u2019nden verilen bilgiye g\u00f6re, \u00dcstel temaslar\u0131 kapmas\u0131nda, T\u00fcrkiye Cumhurba\u015fkan\u0131 Yard\u0131mc\u0131s\u0131 Cevdet Y\u0131lmaz ile bir araya gelecek. \u00dcstel\u2019in Ankara","og_url":"https:\/\/kibrisdakik.com\/?p=65466","article_published_time":"2024-10-01T13:54:36+00:00","og_image":[{"width":1249,"height":701,"url":"https:\/\/kibrisdakik.com\/wp-content\/uploads\/2024\/10\/hukum-et-1-740x420.jpg","type":"image\/jpeg"}],"author":"admin","twitter_card":"summary_large_image","twitter_misc":{"Yazan:":"admin","Tahmini okuma s\u00fcresi":"1 dakika"},"schema":{"@context":"https:\/\/schema.org","@graph":[{"@type":"Article","@id":"https:\/\/kibrisdakik.com\/?p=65466#article","isPartOf":{"@id":"https:\/\/kibrisdakik.com\/?p=65466"},"author":{"name":"admin","@id":"https:\/\/kibrisdakik.com\/#\/schema\/person\/9cd9d437bbb44f72b73ba127e06d8e79"},"headline":"Ba\u015fbakan \u00dcstel Ankara\u2019ya gidiyor\u2026 Atao\u011flu ve Ar\u0131kl\u0131 da e\u015flik edecek","datePublished":"2024-10-01T13:54:36+00:00","mainEntityOfPage":{"@id":"https:\/\/kibrisdakik.com\/?p=65466"},"wordCount":137,"commentCount":0,"image":{"@id":"https:\/\/kibrisdakik.com\/?p=65466#primaryimage"},"thumbnailUrl":"https:\/\/kibrisdakik.com\/wp-content\/uploads\/2024\/10\/hukum-et-1-740x420.jpg","articleSection":["K\u0131br\u0131s"],"inLanguage":"tr","potentialAction":[{"@type":"CommentAction","name":"Comment","target":["https:\/\/kibrisdakik.com\/?p=65466#respond"]}]},{"@type":"WebPage","@id":"https:\/\/kibrisdakik.com\/?p=65466","url":"https:\/\/kibrisdakik.com\/?p=65466","name":"Ba\u015fbakan \u00dcstel Ankara\u2019ya gidiyor\u2026 Atao\u011flu ve Ar\u0131kl\u0131 da e\u015flik edecek -","isPartOf":{"@id":"https:\/\/kibrisdakik.com\/#website"},"primaryImageOfPage":{"@id":"https:\/\/kibrisdakik.com\/?p=65466#primaryimage"},"image":{"@id":"https:\/\/kibrisdakik.com\/?p=65466#primaryimage"},"thumbnailUrl":"https:\/\/kibrisdakik.com\/wp-content\/uploads\/2024\/10\/hukum-et-1-740x420.jpg","datePublished":"2024-10-01T13:54:36+00:00","author":{"@id":"https:\/\/kibrisdakik.com\/#\/schema\/person\/9cd9d437bbb44f72b73ba127e06d8e79"},"breadcrumb":{"@id":"https:\/\/kibrisdakik.com\/?p=65466#breadcrumb"},"inLanguage":"tr","potentialAction":[{"@type":"ReadAction","target":["https:\/\/kibrisdakik.com\/?p=65466"]}]},{"@type":"ImageObject","inLanguage":"tr","@id":"https:\/\/kibrisdakik.com\/?p=65466#primaryimage","url":"https:\/\/kibrisdakik.com\/wp-content\/uploads\/2024\/10\/hukum-et-1-740x420.jpg","contentUrl":"https:\/\/kibrisdakik.com\/wp-content\/uploads\/2024\/10\/hukum-et-1-740x420.jpg","width":1249,"height":701},{"@type":"BreadcrumbList","@id":"https:\/\/kibrisdakik.com\/?p=65466#breadcrumb","itemListElement":[{"@type":"ListItem","position":1,"name":"Home","item":"https:\/\/kibrisdakik.com\/"},{"@type":"ListItem","position":2,"name":"Ba\u015fbakan \u00dcstel Ankara\u2019ya gidiyor\u2026 Atao\u011flu ve Ar\u0131kl\u0131 da e\u015flik edecek"}]},{"@type":"WebSite","@id":"https:\/\/kibrisdakik.com\/#website","url":"https:\/\/kibrisdakik.com\/","name":"","description":"Tam vaktinde haber","potentialAction":[{"@type":"SearchAction","target":{"@type":"EntryPoint","urlTemplate":"https:\/\/kibrisdakik.com\/?s={search_term_string}"},"query-input":{"@type":"PropertyValueSpecification","valueRequired":true,"valueName":"search_term_string"}}],"inLanguage":"tr"},{"@type":"Person","@id":"https:\/\/kibrisdakik.com\/#\/schema\/person\/9cd9d437bbb44f72b73ba127e06d8e79","name":"admin","image":{"@type":"ImageObject","inLanguage":"tr","@id":"https:\/\/secure.gravatar.com\/avatar\/ccc17943b9d660506c869530f897617f7cb1c21a4bf30023f252596d83e1f007?s=96&d=mm&r=g","url":"https:\/\/secure.gravatar.com\/avatar\/ccc17943b9d660506c869530f897617f7cb1c21a4bf30023f252596d83e1f007?s=96&d=mm&r=g","contentUrl":"https:\/\/secure.gravatar.com\/avatar\/ccc17943b9d660506c869530f897617f7cb1c21a4bf30023f252596d83e1f007?s=96&d=mm&r=g","caption":"admin"},"sameAs":["https:\/\/kibrisdakik.com"],"url":"https:\/\/kibrisdakik.com\/?author=1"}]}},"_links":{"self":[{"href":"https:\/\/kibrisdakik.com\/index.php?rest_route=\/wp\/v2\/posts\/65466","targetHints":{"allow":["GET"]}}],"collection":[{"href":"https:\/\/kibrisdakik.com\/index.php?rest_route=\/wp\/v2\/posts"}],"about":[{"href":"https:\/\/kibrisdakik.com\/index.php?rest_route=\/wp\/v2\/types\/post"}],"author":[{"embeddable":true,"href":"https:\/\/kibrisdakik.com\/index.php?rest_route=\/wp\/v2\/users\/1"}],"replies":[{"embeddable":true,"href":"https:\/\/kibrisdakik.com\/index.php?rest_route=%2Fwp%2Fv2%2Fcomments&post=65466"}],"version-history":[{"count":0,"href":"https:\/\/kibrisdakik.com\/index.php?rest_route=\/wp\/v2\/posts\/65466\/revisions"}],"wp:featuredmedia":[{"embeddable":true,"href":"https:\/\/kibrisdakik.com\/index.php?rest_route=\/wp\/v2\/media\/65467"}],"wp:attachment":[{"href":"https:\/\/kibrisdakik.com\/index.php?rest_route=%2Fwp%2Fv2%2Fmedia&parent=65466"}],"wp:term":[{"taxonomy":"category","embeddable":true,"href":"https:\/\/kibrisdakik.com\/index.php?rest_route=%2Fwp%2Fv2%2Fcategories&post=65466"},{"taxonomy":"post_tag","embeddable":true,"href":"https:\/\/kibrisdakik.com\/index.php?rest_route=%2Fwp%2Fv2%2Ftags&post=65466"}],"curies":[{"name":"wp","href":"https:\/\/api.w.org\/{rel}","templated":true}]}}