{"id":65474,"date":"2024-10-01T18:31:35","date_gmt":"2024-10-01T15:31:35","guid":{"rendered":"https:\/\/kibrisdakik.com\/index.php\/2024\/10\/01\/cumhurbaskani-tatar-new-yorka-gidip-karsi-tarafa-dusuncelerimi-goruslerimi-ve-su-anda-temsil-ettigimiz-siyaseti-ifade-edecegim\/"},"modified":"2024-10-01T18:31:35","modified_gmt":"2024-10-01T15:31:35","slug":"cumhurbaskani-tatar-new-yorka-gidip-karsi-tarafa-dusuncelerimi-goruslerimi-ve-su-anda-temsil-ettigimiz-siyaseti-ifade-edecegim","status":"publish","type":"post","link":"https:\/\/kibrisdakik.com\/?p=65474","title":{"rendered":"Cumhurba\u015fkan\u0131 Tatar: New York\u2019a gidip, kar\u015f\u0131 tarafa d\u00fc\u015f\u00fcncelerimi, g\u00f6r\u00fc\u015flerimi ve \u015fu anda temsil etti\u011fimiz siyaseti ifade edece\u011fim"},"content":{"rendered":"<div>\n<div class=\"mariselle-image-container center\">\n                                            <\/div>\n<p>\nCumhurba\u015fkan\u0131 Ersin Tatar, BM Genel Sekreteri Antonio Guterres\u2019in New York davetine ili\u015fkin, \u201cNew York\u2019a gidip, kar\u015f\u0131 tarafa d\u00fc\u015f\u00fcncelerimi, g\u00f6r\u00fc\u015flerimi ve \u015fu anda temsil etti\u011fimiz siyaseti ifade etme f\u0131rsat\u0131 bulaca\u011f\u0131mdan ve Genel Sekreter\u2019e b\u00fcy\u00fck bir sayg\u0131 duydu\u011fumdan dolay\u0131 b\u00f6yle bir \u00f6neriyi kabul ettim\u201d dedi. Tatar, bunun, baz\u0131 \u00e7evrelerin iddia etti\u011fi gibi \u201cgeri ad\u0131m\u201d olmad\u0131\u011f\u0131n\u0131 vurgulad\u0131.<\/p>\n<p>\u201c\u0130leti\u015fimden, diyalogdan, g\u00f6r\u00fc\u015fmeden hi\u00e7bir zaman ka\u00e7mad\u0131k\u201d diyen Tatar, egemen e\u015fitlik ve e\u015fit uluslararas\u0131 stat\u00fcn\u00fcn teyidi olmadan resmi m\u00fczakere s\u00fcrecine ge\u00e7meyeceklerini Guterres\u2019le payla\u015ft\u0131\u011f\u0131n\u0131 ifade etti.<\/p>\n<p>Meclis\u2019te temsil edilen siyasi parti ba\u015fkanlar\u0131 ile g\u00f6r\u00fc\u015fmesi sonras\u0131nda a\u00e7\u0131klama yapan Tatar, parti ba\u015fkanlar\u0131na, New York\u2019ta yapt\u0131\u011f\u0131 g\u00f6r\u00fc\u015fmelerle ilgili bilgi verdi\u011fini s\u00f6yledi. Tatar, Meclis\u2019te temsil edilen siyasi parti ba\u015fkanlar\u0131yla g\u00f6r\u00fc\u015fmesi sonras\u0131nda Halk\u0131n Partisi Genel Ba\u015fkan\u0131 Kudret \u00d6zersay ve Toplumcu Demokrasi Partisi Genel Ba\u015fkan\u0131 Zeki \u00c7eler ile de g\u00f6r\u00fc\u015fece\u011fini belirtti.<\/p>\n<p>Birle\u015fmi\u015f Milletler 79\u2019uncu Genel Kurulu marj\u0131nda temaslar\u0131 oldu\u011funu dile getiren Cumhurba\u015fkan\u0131 Tatar, T\u00fcrkevi\u2019nde TC Cumhurba\u015fkan\u0131 Recep Tayyip Erdo\u011fan, D\u0131\u015fi\u015fleri Bakan\u0131 Hakan Fidan, TC\u2019nin BM Daimi Temsilcisi, Washington B\u00fcy\u00fckel\u00e7isi yan\u0131 s\u0131ra teknik d\u00fczeyde D\u0131\u015fi\u015fleri Bakan\u0131 Tahsin Ertu\u011frulo\u011flu, \u00d6zel Temsilcisi G\u00fcne\u015f Onar ve ekibiyle birlikte \u00e7ok kapsaml\u0131 de\u011ferlendirmeler ve g\u00f6r\u00fc\u015fmeler yapt\u0131klar\u0131n\u0131 s\u00f6yledi.<\/p>\n<p>TC Cumhurba\u015fkan\u0131 Erdo\u011fan\u2019\u0131n, BM Genel Kurulu\u2019nda yapt\u0131\u011f\u0131 konu\u015fman\u0131n \u00e7ok \u00f6nemli oldu\u011funu vurgulayan Cumhurba\u015fkan\u0131 Tatar, Erdo\u011fan\u2019\u0131n b\u00fct\u00fcn d\u00fcnyaya, \u201cK\u0131br\u0131s\u2019ta bir anla\u015fma olacaksa mutlak surette, K\u0131br\u0131s T\u00fcrk halk\u0131n\u0131n egemen e\u015fitli\u011fi ve e\u015fit uluslararas\u0131 stat\u00fcs\u00fcn\u00fcn tescil edilmesi gerekti\u011fi, bu hakk\u0131n \u00f6zden, uluslararas\u0131 anla\u015fmalardan geldi\u011fi ve pazarl\u0131k unsuru olmad\u0131\u011f\u0131\u201d mesaj\u0131 verdi\u011fini kaydetti. Cumhurba\u015fkan\u0131 Tatar, TC Cumhurba\u015fkan\u0131 Erdo\u011fan\u2019\u0131n, KKTC\u2019nin tan\u0131nmas\u0131 yan\u0131nda KKTC ile ekonomik, diplomatik ve siyasi ili\u015fkilerin geli\u015ftirilmesi mesaj\u0131n\u0131 verdi\u011fine de dikkat \u00e7ekti.<\/p>\n<p>-\u201cFederasyon defteri kapand\u0131\u201d<\/p>\n<p>Do\u011fu Akdeniz\u2019deki enerji kaynaklar\u0131yla ilgili olarak hem K\u0131br\u0131s T\u00fcrk halk\u0131n\u0131n hem T\u00fcrkiye Cumhuriyeti\u2019nin hakk\u0131 ve hukukunun savunulmas\u0131na y\u00f6nelik mesajlar\u0131n da verildi\u011fini ifade eden Tatar, Erdo\u011fan\u2019\u0131n, federasyon defterinin kapand\u0131\u011f\u0131n\u0131n alt\u0131n\u0131 \u00e7izdi\u011fine de i\u015faret etti.<\/p>\n<p>Federasyonla ilgili 50 y\u0131ld\u0131r yap\u0131lan g\u00f6r\u00fc\u015fmeler, Annan Plan\u0131 tecr\u00fcbesi ve yedi y\u0131l \u00f6nce Crans Montana\u2019da ya\u015fananlar\u0131n \u00e7ok iyi bilindi\u011fini belirten Tatar, Guterres\u2019in de, 2017 y\u0131l\u0131ndaki Crans Montana g\u00f6r\u00fc\u015fmelerinde, BM\u2019nin Genel Sekreteri olarak t\u00fcm geli\u015fmeleri tecr\u00fcbe etti\u011fini kaydetti.<\/p>\n<p>Bundan sonra federal temelde bir m\u00fczakere s\u00fcrecinin kimseye faydas\u0131 olmayaca\u011f\u0131n\u0131 vurgulayan Cumhurba\u015fkan\u0131 Tatar, bunlar\u0131n \u201ct\u00fcketilmi\u015f ve bitmi\u015f\u201d oldu\u011funu s\u00f6yledi.<\/p>\n<p>Cumhurba\u015fkan\u0131 Tatar, d\u00f6rt y\u0131l \u00f6nce se\u00e7ildi\u011fi Cumhurba\u015fkanl\u0131\u011f\u0131 makam\u0131nda, ilk olarak Nisan 2021\u2019de Birle\u015fmi\u015f Milletler\u2019in d\u00fczenledi\u011fi Cenevre\u2019deki 5+1 toplant\u0131s\u0131nda, K\u0131br\u0131s T\u00fcrk halk\u0131n\u0131n egemen e\u015fitlik ve e\u015fit uluslararas\u0131 stat\u00fcs\u00fcn\u00fcn vazge\u00e7ilmez oldu\u011funu ve pazarl\u0131k unsuru olmad\u0131\u011f\u0131n\u0131, bunlar\u0131n teyidiyle bir m\u00fczakere s\u00fcreci olabilece\u011fini s\u00f6yledi\u011fini belirtti.<\/p>\n<p>BM G\u00fcvenlik Konseyi kararlar\u0131n\u0131n 1964 y\u0131l\u0131nda al\u0131nd\u0131\u011f\u0131na i\u015faret eden Cumhurba\u015fkan\u0131 Tatar, 60 y\u0131l \u00f6nce Kanl\u0131 Noel ile K\u0131br\u0131sl\u0131 T\u00fcrklerin devletin d\u0131\u015f\u0131na itildi\u011fini, daha sonra da silah zoru ile kap\u0131n\u0131n \u00f6n\u00fcne konuldu\u011funu anlatt\u0131. 4 Mart 1964 tarihli BM G\u00fcvenlik Konseyi kararlar\u0131n\u0131n 60 y\u0131ld\u0131r orada durdu\u011funu ifade eden Tatar, bu s\u00fcrede g\u00fcneydeki K\u0131br\u0131s Cumhuriyeti\u2019nin bir \u201cRum cumhuriyetine\u201d d\u00f6n\u00fc\u015ft\u00fc\u011f\u00fcn\u00fc kaydetti.<\/p>\n<p>K\u0131br\u0131s T\u00fcrk\u00fc\u2019n\u00fcn, 1983 y\u0131l\u0131nda kurulan KKTC ile yoluna devam etti\u011fini dile getiren Cumhurba\u015fkan\u0131 Tatar, \u201cB\u00fct\u00fcn bunlar\u0131 biz New York\u2019ta muhataplar\u0131m\u0131za anlat\u0131yoruz, anlatmaya da devam ediyoruz\u201d dedi.<\/p>\n<p>BM 79\u2019uncu Genel Kurulu\u2019nda yap\u0131lan g\u00f6r\u00fc\u015fmeler, konu\u015fmalar ve tart\u0131\u015fmalar\u0131n yo\u011fun olarak Gazze\u2019deki olaylar ve d\u00fcnyadaki baz\u0131 b\u00fcy\u00fck \u00f6l\u00e7ekli k\u00fcresel meselelerle ilgili oldu\u011funu dile getiren Tatar, \u201cDolay\u0131s\u0131yla K\u0131br\u0131s meselesi bug\u00fcn d\u00fcnyan\u0131n \u00f6ncelikleri aras\u0131nda neresindedir? O, tart\u0131\u015f\u0131l\u0131r\u201d diye konu\u015ftu.<\/p>\n<p>-\u201cHep diyalogdan yana oldum\u201d<\/p>\n<p>\u201cElbette burada bir sorun vard\u0131r, elbette bu sorunun \u00e7\u00f6z\u00fclmesi hepimizin faydas\u0131na ve yarar\u0131na olacakt\u0131r\u201d diyen Cumhurba\u015fkan\u0131 Tatar, kendisinin hep diyalogdan yana ve diyalogla bir \u00e7\u00f6z\u00fcm anlay\u0131\u015f\u0131 i\u00e7erisinde oldu\u011funu kaydetti. \u00d6n ko\u015ful olarak ortaya koyduklar\u0131 \u015fartlar kabul edilmedi\u011fi i\u00e7in belki bir s\u00fcrece ge\u00e7ilemedi\u011fini ifade eden Tatar, \u015f\u00f6yle konu\u015ftu:<\/p>\n<p>\u201cAma bu benim diyalogdan, ileti\u015fimden ve bir m\u00fczakere s\u00fcrecinden ka\u00e7t\u0131\u011f\u0131m anlam\u0131nda de\u011fildir. Masaya oturmadan da m\u00fczakereler yap\u0131lmaktad\u0131r ve esas itibar\u0131 ile ben halk\u0131m\u0131n \u00f6n\u00fcnde \u015funu savunabilirim, \u2018bizim ortaya koydu\u011fumuz bu yeni siyaset, egemen e\u015fitlik, e\u015fit uluslararas\u0131 stat\u00fc ve bir anla\u015fma olacaksa iki devletin i\u015f birli\u011fiyle anla\u015fma olabilece\u011fi\u2019 yakla\u015f\u0131m\u0131 bir yeniliktir, yeni bir anlay\u0131\u015ft\u0131r, yeni bir vizyondur, yeni bir siyasettir ve d\u00f6rt y\u0131ld\u0131r b\u00fct\u00fcn d\u00fcnyada bu konu\u015fulmaktad\u0131r. \u0130stedi\u011fimiz \u00f6l\u00e7\u00fcde kabul g\u00f6rmeyebiliriz ama bug\u00fcn TC\u2019nin Say\u0131n Cumhurba\u015fkan\u0131\u2019n\u0131n 77\u2019nci, 78\u2019inci ve daha da g\u00fc\u00e7l\u00fc bir \u015fekilde 79\u2019uncu BM Genel Kurulu\u2019nda \u00e7\u0131k\u0131p, b\u00fct\u00fcn d\u00fcnyaya K\u0131br\u0131s T\u00fcrk halk\u0131n\u0131n hakl\u0131 davas\u0131n\u0131 seslendirmesi, bunlar\u0131 talep etmesi, b\u00fct\u00fcn d\u00fcnyan\u0131n da bunu dikkate almas\u0131 bizim i\u00e7in fevkalade \u00f6nemli geli\u015fmelerdir.\u201d<\/p>\n<p>Tatar, T\u00fcrk Devletleri Te\u015fkilat\u0131, \u0130slam \u0130\u015fbirli\u011fi Te\u015fkilat\u0131, d\u00fcnyayla ba\u011flant\u0131lar ve \u00e7abalar\u0131yla iki devletli siyasetin ne anlama geldi\u011fini b\u00fct\u00fcn d\u00fcnyaya anlatt\u0131klar\u0131n\u0131 ifade etti.<\/p>\n<p>-\u201cArt\u0131k farkl\u0131 bir yola girilmeli\u201d<\/p>\n<p>BM Genel Sekreteri Antonio Guterres ile g\u00f6r\u00fc\u015fmesinde, Ki\u015fisel Temsilcisi Holguin\u2019in g\u00f6rev s\u00fcresini, alt\u0131 ayl\u0131k bir \u00e7aba sonras\u0131 tamamland\u0131\u011f\u0131n\u0131 s\u00f6yledi\u011fini kaydeden Tatar, \u201cB\u00fct\u00fcn iyi niyetine ve yapt\u0131\u011f\u0131 \u00e7al\u0131\u015fmalara ra\u011fmen K\u0131br\u0131s\u2019ta bir m\u00fczakere s\u00fcrecinin ba\u015flayabilmesi i\u00e7in ortak zeminin olmad\u0131\u011f\u0131n\u0131 kendisi de teyit etmi\u015f, raporunu sunmu\u015f\u201d dedi. Art\u0131k farkl\u0131 bir yola girilmesi gerekti\u011finin alt\u0131n\u0131 \u00e7izen Cumhurba\u015fkan\u0131 Tatar, G\u00fcney K\u0131br\u0131s\u2019\u0131n da \u201cbiraz elinin, kolunun b\u00fck\u00fclmesi\u201d gerekti\u011fini s\u00f6yledi.<\/p>\n<p>G\u00fcney K\u0131br\u0131s Rum Y\u00f6netimi\u2019nin b\u00fct\u00fcn K\u0131br\u0131s\u2019\u0131n devletiymi\u015f gibi tan\u0131nm\u0131\u015f olmas\u0131 ve Annan Plan\u0131\u2019na \u201chay\u0131r\u201d demesine ra\u011fmen Avrupa Birli\u011fi\u2019ne al\u0131nmas\u0131yla her \u015feyin daha kar\u0131\u015f\u0131k hale geldi\u011fini ifade eden Tatar, Rum taraf\u0131n\u0131n gerek y\u00f6netim ne zenginlikler gerekse di\u011fer hususlarda e\u015fitlik temelinde anla\u015fmaya r\u0131za g\u00f6stermeyece\u011finin gayet iyi bilindi\u011fini belirtti.<\/p>\n<p>Diyalog ve ileti\u015fimin devam edebilmesi i\u00e7in 4+1 format\u0131nda, anavatanlar\u0131n da kat\u0131laca\u011f\u0131 BM nezdinde bir toplant\u0131n\u0131n ger\u00e7ekle\u015ftirilebilece\u011fini yineleyen Cumhurba\u015fkan\u0131 Tatar, BM Genel Sekreteri\u2019nin buna kar\u015f\u0131l\u0131k, gayriresmi ve ajandas\u0131 olmayan \u00fc\u00e7l\u00fc bir yemek i\u00e7in kendilerini New York\u2019a davet etmek istedi\u011fini s\u00f6yledi\u011fini anlatt\u0131.<\/p>\n<p>-\u201cBu benim a\u00e7\u0131mdan bir geri ad\u0131m de\u011fildir\u201d<\/p>\n<p>\u201cNew York\u2019a gidip, kar\u015f\u0131 tarafa d\u00fc\u015f\u00fcncelerimi, g\u00f6r\u00fc\u015flerimi ve \u015fu anda temsil etti\u011fimiz siyaseti geri ad\u0131m atmadan ifade etme f\u0131rsat\u0131 bulaca\u011f\u0131mdan ve Genel Sekreter\u2019e b\u00fcy\u00fck bir sayg\u0131 duydu\u011fumdan dolay\u0131 b\u00f6yle bir \u00f6neriyi kabul ettim\u201d diyen Cumhurba\u015fkan\u0131 Tatar, K\u0131br\u0131s T\u00fcrk halk\u0131n\u0131n hakl\u0131 m\u00fccadelesini bir kez daha anlataca\u011f\u0131n\u0131 kaydetti. \u201cBaz\u0131 \u00e7evrelerin iddia etti\u011fi gibi bu benim a\u00e7\u0131mdan bir geri ad\u0131m de\u011fildir\u201d vurgusu yapan Tatar, bunu parti ba\u015fkanlar\u0131na da aktard\u0131\u011f\u0131n\u0131 s\u00f6yledi.<\/p>\n<p>Ambargo, izolasyon ve k\u0131s\u0131tlamalar nedeniyle K\u0131br\u0131s T\u00fcrk halk\u0131n\u0131n \u00e7ok ma\u011fdur oldu\u011funu, b\u00fct\u00fcn d\u00fcnyan\u0131n bunu ac\u0131mazs\u0131zca s\u00fcrd\u00fcrmekte nas\u0131l \u0131srarl\u0131 oldu\u011funu anlamakta g\u00fc\u00e7l\u00fck \u00e7ekti\u011fini Genel Sekreter\u2019e aktard\u0131\u011f\u0131n\u0131 belirten Tatar, Annan Plan\u0131\u2019na \u201cevet\u201d diyen K\u0131br\u0131s T\u00fcrk halk\u0131 \u00fczerindeki ambargolar\u0131n hafifletilece\u011fi hatta kald\u0131r\u0131laca\u011f\u0131 y\u00f6n\u00fcnde s\u00f6zler verildi\u011fini hat\u0131rlatt\u0131. Rum taraf\u0131n\u0131n veto hakk\u0131yla bu hakk\u0131n durduruldu\u011funu kaydeden Tatar, son aylarda G\u00fcney K\u0131br\u0131s liderli\u011finin, K\u0131br\u0131s T\u00fcrk halk\u0131 ve KKTC \u00fczerindeki bask\u0131c\u0131 unsurlar\u0131n\u0131n giderek artt\u0131\u011f\u0131n\u0131, Guterres\u2019e s\u00f6yledi\u011fini ifade etti.<\/p>\n<p>Cumhurba\u015fkan\u0131 Tatar, b\u00fct\u00fcn bunlar\u0131n KKTC ekonomisini olumsuz etkilemek ve K\u0131br\u0131s T\u00fcrk\u00fc\u2019n\u00fc bir g\u00f6r\u00fc\u015fme s\u00fcrecine \u201cdiz \u00e7\u00f6kerterek, s\u00fcr\u00fcklemek\u201d i\u00e7in yap\u0131lan bask\u0131c\u0131 unsurlar oldu\u011funu ve bunlar\u0131 asla kabul etmeyeceklerini vurgulad\u0131. Anavatan T\u00fcrkiye ile s\u00fcrd\u00fcr\u00fclen milli ve do\u011fru m\u00fccadelenin yolundan \u015fa\u015fmayacaklar\u0131n\u0131 belirten Cumhurba\u015fkan\u0131 Tatar, alacaklar\u0131 tedbirlerle KKTC\u2019yi g\u00fc\u00e7lendirmeye ve kalk\u0131nd\u0131rmaya devam edeceklerini kaydetti. Tatar, BM Genel Sekreteri Guterres\u2019in, bu konularda giri\u015fimlerde bulunmas\u0131n\u0131n, kendilerini memnun edece\u011fini ifade etti\u011fini de s\u00f6yledi.<\/p>\n<p>-\u201c\u0130\u015f birli\u011fine haz\u0131r\u0131m\u201d<\/p>\n<p>Rum Y\u00f6netimi Ba\u015fkan\u0131 Nikos Hristodulidis ile her iki halk\u0131n faydas\u0131na olacak enerji, su, k\u00fclt\u00fcr, ekonomi veya yeni kap\u0131lar\u0131n a\u00e7\u0131lmas\u0131 konular\u0131nda i\u015f birli\u011fi yapmaya ve g\u00f6r\u00fc\u015fmeye haz\u0131r oldu\u011funu Guterres\u2019e iletti\u011fini dile getiren Tatar, k\u00fc\u00e7\u00fck bir adan\u0131n akaryak\u0131t yakarak, enerji ve elektrik \u00fcretmesinin son derece yanl\u0131\u015f oldu\u011funu ve bir s\u00fcre sonra m\u00fcmk\u00fcn olmayaca\u011f\u0131n\u0131 kaydetti. Tatar, enerji konusunda T\u00fcrkiye ile ba\u011flant\u0131n\u0131n, Yunanistan\u2019dan daha az maliyetli ve fizibilitesi uygun bir proje oldu\u011funu s\u00f6yledi.<\/p>\n<p>-\u201c\u0130leti\u015fimden, diyalogdan, g\u00f6r\u00fc\u015fmeden hi\u00e7bir zaman ka\u00e7mad\u0131k\u201d<\/p>\n<p>\u201c\u0130leti\u015fimden, diyalogdan, g\u00f6r\u00fc\u015fmeden hi\u00e7bir zaman ka\u00e7mad\u0131k\u201d diyen Tatar, egemen e\u015fitlik ve e\u015fit uluslararas\u0131 stat\u00fcn\u00fcn teyidi olmadan resmi m\u00fczakere s\u00fcrecine ge\u00e7meyeceklerini Guterres\u2019le payla\u015ft\u0131\u011f\u0131n\u0131 ifade etti. Cumhurba\u015fkan\u0131 Tatar, resmi davet geldi\u011finde New York\u2019a bu anlay\u0131\u015fla gidece\u011fini belirtti.<\/p>\n<p>(AF\/G\u00dcL) Foto\u011frafl\u0131<\/p>\n<\/p><\/div>\n<p><script async\n                    defer\n                    crossorigin=\"anonymous\"\n                    src=\"https:\/\/connect.facebook.net\/tr_TR\/sdk.js#xfbml=1&#038;version=v3.3\"\n            ><\/script><\/p>\n","protected":false},"excerpt":{"rendered":"<p>Cumhurba\u015fkan\u0131 Ersin Tatar, BM Genel Sekreteri Antonio Guterres\u2019in New York davetine ili\u015fkin, \u201cNew York\u2019a gidip, kar\u015f\u0131 tarafa d\u00fc\u015f\u00fcncelerimi, g\u00f6r\u00fc\u015flerimi ve \u015fu anda temsil etti\u011fimiz siyaseti ifade etme f\u0131rsat\u0131 bulaca\u011f\u0131mdan ve Genel Sekreter\u2019e b\u00fcy\u00fck bir sayg\u0131 duydu\u011fumdan dolay\u0131 b\u00f6yle bir \u00f6neriyi kabul ettim\u201d dedi. Tatar, bunun, baz\u0131 \u00e7evrelerin iddia etti\u011fi gibi \u201cgeri ad\u0131m\u201d olmad\u0131\u011f\u0131n\u0131 vurgulad\u0131. \u201c\u0130leti\u015fimden,<\/p>\n","protected":false},"author":1,"featured_media":65475,"comment_status":"open","ping_status":"open","sticky":false,"template":"","format":"standard","meta":{"footnotes":""},"categories":[81],"tags":[],"class_list":["post-65474","post","type-post","status-publish","format-standard","has-post-thumbnail","hentry","category-kibris"],"yoast_head":"<!-- This site is optimized with the Yoast SEO plugin v27.5 - https:\/\/yoast.com\/product\/yoast-seo-wordpress\/ -->\n<title>Cumhurba\u015fkan\u0131 Tatar: New York\u2019a gidip, kar\u015f\u0131 tarafa d\u00fc\u015f\u00fcncelerimi, g\u00f6r\u00fc\u015flerimi ve \u015fu anda temsil etti\u011fimiz siyaseti ifade edece\u011fim -<\/title>\n<meta name=\"robots\" content=\"index, follow, max-snippet:-1, max-image-preview:large, max-video-preview:-1\" \/>\n<link rel=\"canonical\" href=\"https:\/\/kibrisdakik.com\/?p=65474\" \/>\n<meta property=\"og:locale\" content=\"tr_TR\" \/>\n<meta property=\"og:type\" content=\"article\" \/>\n<meta property=\"og:title\" content=\"Cumhurba\u015fkan\u0131 Tatar: New York\u2019a gidip, kar\u015f\u0131 tarafa d\u00fc\u015f\u00fcncelerimi, g\u00f6r\u00fc\u015flerimi ve \u015fu anda temsil etti\u011fimiz siyaseti ifade edece\u011fim -\" \/>\n<meta property=\"og:description\" content=\"Cumhurba\u015fkan\u0131 Ersin Tatar, BM Genel Sekreteri Antonio Guterres\u2019in New York davetine ili\u015fkin, \u201cNew York\u2019a gidip, kar\u015f\u0131 tarafa d\u00fc\u015f\u00fcncelerimi, g\u00f6r\u00fc\u015flerimi ve \u015fu anda temsil etti\u011fimiz siyaseti ifade etme f\u0131rsat\u0131 bulaca\u011f\u0131mdan ve Genel Sekreter\u2019e b\u00fcy\u00fck bir sayg\u0131 duydu\u011fumdan dolay\u0131 b\u00f6yle bir \u00f6neriyi kabul ettim\u201d dedi. Tatar, bunun, baz\u0131 \u00e7evrelerin iddia etti\u011fi gibi \u201cgeri ad\u0131m\u201d olmad\u0131\u011f\u0131n\u0131 vurgulad\u0131. \u201c\u0130leti\u015fimden,\" \/>\n<meta property=\"og:url\" content=\"https:\/\/kibrisdakik.com\/?p=65474\" \/>\n<meta property=\"article:published_time\" content=\"2024-10-01T15:31:35+00:00\" \/>\n<meta property=\"og:image\" content=\"https:\/\/kibrisdakik.com\/wp-content\/uploads\/2024\/10\/tatar-aciklama-yaparken-740x420.jpg\" \/>\n\t<meta property=\"og:image:width\" content=\"1653\" \/>\n\t<meta property=\"og:image:height\" content=\"883\" \/>\n\t<meta property=\"og:image:type\" content=\"image\/jpeg\" \/>\n<meta name=\"author\" content=\"admin\" \/>\n<meta name=\"twitter:card\" content=\"summary_large_image\" \/>\n<meta name=\"twitter:label1\" content=\"Yazan:\" \/>\n\t<meta name=\"twitter:data1\" content=\"admin\" \/>\n\t<meta name=\"twitter:label2\" content=\"Tahmini okuma s\u00fcresi\" \/>\n\t<meta name=\"twitter:data2\" content=\"9 dakika\" \/>\n<script type=\"application\/ld+json\" class=\"yoast-schema-graph\">{\"@context\":\"https:\\\/\\\/schema.org\",\"@graph\":[{\"@type\":\"Article\",\"@id\":\"https:\\\/\\\/kibrisdakik.com\\\/?p=65474#article\",\"isPartOf\":{\"@id\":\"https:\\\/\\\/kibrisdakik.com\\\/?p=65474\"},\"author\":{\"name\":\"admin\",\"@id\":\"https:\\\/\\\/kibrisdakik.com\\\/#\\\/schema\\\/person\\\/9cd9d437bbb44f72b73ba127e06d8e79\"},\"headline\":\"Cumhurba\u015fkan\u0131 Tatar: New York\u2019a gidip, kar\u015f\u0131 tarafa d\u00fc\u015f\u00fcncelerimi, g\u00f6r\u00fc\u015flerimi ve \u015fu anda temsil etti\u011fimiz siyaseti ifade edece\u011fim\",\"datePublished\":\"2024-10-01T15:31:35+00:00\",\"mainEntityOfPage\":{\"@id\":\"https:\\\/\\\/kibrisdakik.com\\\/?p=65474\"},\"wordCount\":1832,\"commentCount\":0,\"image\":{\"@id\":\"https:\\\/\\\/kibrisdakik.com\\\/?p=65474#primaryimage\"},\"thumbnailUrl\":\"https:\\\/\\\/kibrisdakik.com\\\/wp-content\\\/uploads\\\/2024\\\/10\\\/tatar-aciklama-yaparken-740x420.jpg\",\"articleSection\":[\"K\u0131br\u0131s\"],\"inLanguage\":\"tr\",\"potentialAction\":[{\"@type\":\"CommentAction\",\"name\":\"Comment\",\"target\":[\"https:\\\/\\\/kibrisdakik.com\\\/?p=65474#respond\"]}]},{\"@type\":\"WebPage\",\"@id\":\"https:\\\/\\\/kibrisdakik.com\\\/?p=65474\",\"url\":\"https:\\\/\\\/kibrisdakik.com\\\/?p=65474\",\"name\":\"Cumhurba\u015fkan\u0131 Tatar: New York\u2019a gidip, kar\u015f\u0131 tarafa d\u00fc\u015f\u00fcncelerimi, g\u00f6r\u00fc\u015flerimi ve \u015fu anda temsil etti\u011fimiz siyaseti ifade edece\u011fim -\",\"isPartOf\":{\"@id\":\"https:\\\/\\\/kibrisdakik.com\\\/#website\"},\"primaryImageOfPage\":{\"@id\":\"https:\\\/\\\/kibrisdakik.com\\\/?p=65474#primaryimage\"},\"image\":{\"@id\":\"https:\\\/\\\/kibrisdakik.com\\\/?p=65474#primaryimage\"},\"thumbnailUrl\":\"https:\\\/\\\/kibrisdakik.com\\\/wp-content\\\/uploads\\\/2024\\\/10\\\/tatar-aciklama-yaparken-740x420.jpg\",\"datePublished\":\"2024-10-01T15:31:35+00:00\",\"author\":{\"@id\":\"https:\\\/\\\/kibrisdakik.com\\\/#\\\/schema\\\/person\\\/9cd9d437bbb44f72b73ba127e06d8e79\"},\"breadcrumb\":{\"@id\":\"https:\\\/\\\/kibrisdakik.com\\\/?p=65474#breadcrumb\"},\"inLanguage\":\"tr\",\"potentialAction\":[{\"@type\":\"ReadAction\",\"target\":[\"https:\\\/\\\/kibrisdakik.com\\\/?p=65474\"]}]},{\"@type\":\"ImageObject\",\"inLanguage\":\"tr\",\"@id\":\"https:\\\/\\\/kibrisdakik.com\\\/?p=65474#primaryimage\",\"url\":\"https:\\\/\\\/kibrisdakik.com\\\/wp-content\\\/uploads\\\/2024\\\/10\\\/tatar-aciklama-yaparken-740x420.jpg\",\"contentUrl\":\"https:\\\/\\\/kibrisdakik.com\\\/wp-content\\\/uploads\\\/2024\\\/10\\\/tatar-aciklama-yaparken-740x420.jpg\",\"width\":1653,\"height\":883},{\"@type\":\"BreadcrumbList\",\"@id\":\"https:\\\/\\\/kibrisdakik.com\\\/?p=65474#breadcrumb\",\"itemListElement\":[{\"@type\":\"ListItem\",\"position\":1,\"name\":\"Home\",\"item\":\"https:\\\/\\\/kibrisdakik.com\\\/\"},{\"@type\":\"ListItem\",\"position\":2,\"name\":\"Cumhurba\u015fkan\u0131 Tatar: New York\u2019a gidip, kar\u015f\u0131 tarafa d\u00fc\u015f\u00fcncelerimi, g\u00f6r\u00fc\u015flerimi ve \u015fu anda temsil etti\u011fimiz siyaseti ifade edece\u011fim\"}]},{\"@type\":\"WebSite\",\"@id\":\"https:\\\/\\\/kibrisdakik.com\\\/#website\",\"url\":\"https:\\\/\\\/kibrisdakik.com\\\/\",\"name\":\"\",\"description\":\"Tam vaktinde haber\",\"potentialAction\":[{\"@type\":\"SearchAction\",\"target\":{\"@type\":\"EntryPoint\",\"urlTemplate\":\"https:\\\/\\\/kibrisdakik.com\\\/?s={search_term_string}\"},\"query-input\":{\"@type\":\"PropertyValueSpecification\",\"valueRequired\":true,\"valueName\":\"search_term_string\"}}],\"inLanguage\":\"tr\"},{\"@type\":\"Person\",\"@id\":\"https:\\\/\\\/kibrisdakik.com\\\/#\\\/schema\\\/person\\\/9cd9d437bbb44f72b73ba127e06d8e79\",\"name\":\"admin\",\"image\":{\"@type\":\"ImageObject\",\"inLanguage\":\"tr\",\"@id\":\"https:\\\/\\\/secure.gravatar.com\\\/avatar\\\/ccc17943b9d660506c869530f897617f7cb1c21a4bf30023f252596d83e1f007?s=96&d=mm&r=g\",\"url\":\"https:\\\/\\\/secure.gravatar.com\\\/avatar\\\/ccc17943b9d660506c869530f897617f7cb1c21a4bf30023f252596d83e1f007?s=96&d=mm&r=g\",\"contentUrl\":\"https:\\\/\\\/secure.gravatar.com\\\/avatar\\\/ccc17943b9d660506c869530f897617f7cb1c21a4bf30023f252596d83e1f007?s=96&d=mm&r=g\",\"caption\":\"admin\"},\"sameAs\":[\"https:\\\/\\\/kibrisdakik.com\"],\"url\":\"https:\\\/\\\/kibrisdakik.com\\\/?author=1\"}]}<\/script>\n<!-- \/ Yoast SEO plugin. -->","yoast_head_json":{"title":"Cumhurba\u015fkan\u0131 Tatar: New York\u2019a gidip, kar\u015f\u0131 tarafa d\u00fc\u015f\u00fcncelerimi, g\u00f6r\u00fc\u015flerimi ve \u015fu anda temsil etti\u011fimiz siyaseti ifade edece\u011fim -","robots":{"index":"index","follow":"follow","max-snippet":"max-snippet:-1","max-image-preview":"max-image-preview:large","max-video-preview":"max-video-preview:-1"},"canonical":"https:\/\/kibrisdakik.com\/?p=65474","og_locale":"tr_TR","og_type":"article","og_title":"Cumhurba\u015fkan\u0131 Tatar: New York\u2019a gidip, kar\u015f\u0131 tarafa d\u00fc\u015f\u00fcncelerimi, g\u00f6r\u00fc\u015flerimi ve \u015fu anda temsil etti\u011fimiz siyaseti ifade edece\u011fim -","og_description":"Cumhurba\u015fkan\u0131 Ersin Tatar, BM Genel Sekreteri Antonio Guterres\u2019in New York davetine ili\u015fkin, \u201cNew York\u2019a gidip, kar\u015f\u0131 tarafa d\u00fc\u015f\u00fcncelerimi, g\u00f6r\u00fc\u015flerimi ve \u015fu anda temsil etti\u011fimiz siyaseti ifade etme f\u0131rsat\u0131 bulaca\u011f\u0131mdan ve Genel Sekreter\u2019e b\u00fcy\u00fck bir sayg\u0131 duydu\u011fumdan dolay\u0131 b\u00f6yle bir \u00f6neriyi kabul ettim\u201d dedi. Tatar, bunun, baz\u0131 \u00e7evrelerin iddia etti\u011fi gibi \u201cgeri ad\u0131m\u201d olmad\u0131\u011f\u0131n\u0131 vurgulad\u0131. \u201c\u0130leti\u015fimden,","og_url":"https:\/\/kibrisdakik.com\/?p=65474","article_published_time":"2024-10-01T15:31:35+00:00","og_image":[{"width":1653,"height":883,"url":"https:\/\/kibrisdakik.com\/wp-content\/uploads\/2024\/10\/tatar-aciklama-yaparken-740x420.jpg","type":"image\/jpeg"}],"author":"admin","twitter_card":"summary_large_image","twitter_misc":{"Yazan:":"admin","Tahmini okuma s\u00fcresi":"9 dakika"},"schema":{"@context":"https:\/\/schema.org","@graph":[{"@type":"Article","@id":"https:\/\/kibrisdakik.com\/?p=65474#article","isPartOf":{"@id":"https:\/\/kibrisdakik.com\/?p=65474"},"author":{"name":"admin","@id":"https:\/\/kibrisdakik.com\/#\/schema\/person\/9cd9d437bbb44f72b73ba127e06d8e79"},"headline":"Cumhurba\u015fkan\u0131 Tatar: New York\u2019a gidip, kar\u015f\u0131 tarafa d\u00fc\u015f\u00fcncelerimi, g\u00f6r\u00fc\u015flerimi ve \u015fu anda temsil etti\u011fimiz siyaseti ifade edece\u011fim","datePublished":"2024-10-01T15:31:35+00:00","mainEntityOfPage":{"@id":"https:\/\/kibrisdakik.com\/?p=65474"},"wordCount":1832,"commentCount":0,"image":{"@id":"https:\/\/kibrisdakik.com\/?p=65474#primaryimage"},"thumbnailUrl":"https:\/\/kibrisdakik.com\/wp-content\/uploads\/2024\/10\/tatar-aciklama-yaparken-740x420.jpg","articleSection":["K\u0131br\u0131s"],"inLanguage":"tr","potentialAction":[{"@type":"CommentAction","name":"Comment","target":["https:\/\/kibrisdakik.com\/?p=65474#respond"]}]},{"@type":"WebPage","@id":"https:\/\/kibrisdakik.com\/?p=65474","url":"https:\/\/kibrisdakik.com\/?p=65474","name":"Cumhurba\u015fkan\u0131 Tatar: New York\u2019a gidip, kar\u015f\u0131 tarafa d\u00fc\u015f\u00fcncelerimi, g\u00f6r\u00fc\u015flerimi ve \u015fu anda temsil etti\u011fimiz siyaseti ifade edece\u011fim -","isPartOf":{"@id":"https:\/\/kibrisdakik.com\/#website"},"primaryImageOfPage":{"@id":"https:\/\/kibrisdakik.com\/?p=65474#primaryimage"},"image":{"@id":"https:\/\/kibrisdakik.com\/?p=65474#primaryimage"},"thumbnailUrl":"https:\/\/kibrisdakik.com\/wp-content\/uploads\/2024\/10\/tatar-aciklama-yaparken-740x420.jpg","datePublished":"2024-10-01T15:31:35+00:00","author":{"@id":"https:\/\/kibrisdakik.com\/#\/schema\/person\/9cd9d437bbb44f72b73ba127e06d8e79"},"breadcrumb":{"@id":"https:\/\/kibrisdakik.com\/?p=65474#breadcrumb"},"inLanguage":"tr","potentialAction":[{"@type":"ReadAction","target":["https:\/\/kibrisdakik.com\/?p=65474"]}]},{"@type":"ImageObject","inLanguage":"tr","@id":"https:\/\/kibrisdakik.com\/?p=65474#primaryimage","url":"https:\/\/kibrisdakik.com\/wp-content\/uploads\/2024\/10\/tatar-aciklama-yaparken-740x420.jpg","contentUrl":"https:\/\/kibrisdakik.com\/wp-content\/uploads\/2024\/10\/tatar-aciklama-yaparken-740x420.jpg","width":1653,"height":883},{"@type":"BreadcrumbList","@id":"https:\/\/kibrisdakik.com\/?p=65474#breadcrumb","itemListElement":[{"@type":"ListItem","position":1,"name":"Home","item":"https:\/\/kibrisdakik.com\/"},{"@type":"ListItem","position":2,"name":"Cumhurba\u015fkan\u0131 Tatar: New York\u2019a gidip, kar\u015f\u0131 tarafa d\u00fc\u015f\u00fcncelerimi, g\u00f6r\u00fc\u015flerimi ve \u015fu anda temsil etti\u011fimiz siyaseti ifade edece\u011fim"}]},{"@type":"WebSite","@id":"https:\/\/kibrisdakik.com\/#website","url":"https:\/\/kibrisdakik.com\/","name":"","description":"Tam vaktinde haber","potentialAction":[{"@type":"SearchAction","target":{"@type":"EntryPoint","urlTemplate":"https:\/\/kibrisdakik.com\/?s={search_term_string}"},"query-input":{"@type":"PropertyValueSpecification","valueRequired":true,"valueName":"search_term_string"}}],"inLanguage":"tr"},{"@type":"Person","@id":"https:\/\/kibrisdakik.com\/#\/schema\/person\/9cd9d437bbb44f72b73ba127e06d8e79","name":"admin","image":{"@type":"ImageObject","inLanguage":"tr","@id":"https:\/\/secure.gravatar.com\/avatar\/ccc17943b9d660506c869530f897617f7cb1c21a4bf30023f252596d83e1f007?s=96&d=mm&r=g","url":"https:\/\/secure.gravatar.com\/avatar\/ccc17943b9d660506c869530f897617f7cb1c21a4bf30023f252596d83e1f007?s=96&d=mm&r=g","contentUrl":"https:\/\/secure.gravatar.com\/avatar\/ccc17943b9d660506c869530f897617f7cb1c21a4bf30023f252596d83e1f007?s=96&d=mm&r=g","caption":"admin"},"sameAs":["https:\/\/kibrisdakik.com"],"url":"https:\/\/kibrisdakik.com\/?author=1"}]}},"_links":{"self":[{"href":"https:\/\/kibrisdakik.com\/index.php?rest_route=\/wp\/v2\/posts\/65474","targetHints":{"allow":["GET"]}}],"collection":[{"href":"https:\/\/kibrisdakik.com\/index.php?rest_route=\/wp\/v2\/posts"}],"about":[{"href":"https:\/\/kibrisdakik.com\/index.php?rest_route=\/wp\/v2\/types\/post"}],"author":[{"embeddable":true,"href":"https:\/\/kibrisdakik.com\/index.php?rest_route=\/wp\/v2\/users\/1"}],"replies":[{"embeddable":true,"href":"https:\/\/kibrisdakik.com\/index.php?rest_route=%2Fwp%2Fv2%2Fcomments&post=65474"}],"version-history":[{"count":0,"href":"https:\/\/kibrisdakik.com\/index.php?rest_route=\/wp\/v2\/posts\/65474\/revisions"}],"wp:featuredmedia":[{"embeddable":true,"href":"https:\/\/kibrisdakik.com\/index.php?rest_route=\/wp\/v2\/media\/65475"}],"wp:attachment":[{"href":"https:\/\/kibrisdakik.com\/index.php?rest_route=%2Fwp%2Fv2%2Fmedia&parent=65474"}],"wp:term":[{"taxonomy":"category","embeddable":true,"href":"https:\/\/kibrisdakik.com\/index.php?rest_route=%2Fwp%2Fv2%2Fcategories&post=65474"},{"taxonomy":"post_tag","embeddable":true,"href":"https:\/\/kibrisdakik.com\/index.php?rest_route=%2Fwp%2Fv2%2Ftags&post=65474"}],"curies":[{"name":"wp","href":"https:\/\/api.w.org\/{rel}","templated":true}]}}