{"id":65576,"date":"2024-10-02T17:09:32","date_gmt":"2024-10-02T14:09:32","guid":{"rendered":"https:\/\/kibrisdakik.com\/index.php\/2024\/10\/02\/saglik-bakani-dincyurek-erken-teshisin-onemine-dikkat-cekti\/"},"modified":"2024-10-02T17:09:32","modified_gmt":"2024-10-02T14:09:32","slug":"saglik-bakani-dincyurek-erken-teshisin-onemine-dikkat-cekti","status":"publish","type":"post","link":"https:\/\/kibrisdakik.com\/?p=65576","title":{"rendered":"Sa\u011fl\u0131k Bakan\u0131 Din\u00e7y\u00fcrek, erken te\u015fhisin \u00f6nemine dikkat \u00e7ekti"},"content":{"rendered":"<p><\/p>\n<div>\n<div class=\"mariselle-image-container center\">\n                <img loading=\"lazy\" decoding=\"async\" width=\"2560\" height=\"1218\" class=\"lazy-image\" alt=\"\" sizes=\"auto, (max-width: 2560px) 100vw, 2560px\" src=\"https:\/\/brtk.net\/wp-content\/uploads\/2024\/10\/02\/d2b72358-4a17-4a19-82dc-664b983f9a11-scaled.jpg?ver=f48d52adfcc1c24ef7a2bb05bffe96e5\" srcset=\"https:\/\/brtk.net\/wp-content\/uploads\/2024\/10\/02\/d2b72358-4a17-4a19-82dc-664b983f9a11-scaled.jpg?ver=f48d52adfcc1c24ef7a2bb05bffe96e5 2560w, https:\/\/brtk.net\/wp-content\/uploads\/2024\/10\/02\/d2b72358-4a17-4a19-82dc-664b983f9a11-300x143.jpg?ver=bd8d129943dda00c60c1d72763a94569 300w, https:\/\/brtk.net\/wp-content\/uploads\/2024\/10\/02\/d2b72358-4a17-4a19-82dc-664b983f9a11-1024x487.jpg?ver=265dd32f73250e3c5b610a068219c1d2 1024w, https:\/\/brtk.net\/wp-content\/uploads\/2024\/10\/02\/d2b72358-4a17-4a19-82dc-664b983f9a11-768x365.jpg?ver=265dd32f73250e3c5b610a068219c1d2 768w, https:\/\/brtk.net\/wp-content\/uploads\/2024\/10\/02\/d2b72358-4a17-4a19-82dc-664b983f9a11-1536x731.jpg?ver=26b1c2959dce53e51eb8c4f74cbbf1dd 1536w, https:\/\/brtk.net\/wp-content\/uploads\/2024\/10\/02\/d2b72358-4a17-4a19-82dc-664b983f9a11-2048x974.jpg?ver=ab06fc78797b8f0420ed80c8695185d2 2048w\"\/>                            <\/div>\n<p>Sa\u011fl\u0131k Bakanl\u0131\u011f\u0131 Temel Sa\u011fl\u0131k Hizmetleri Dairesi, 1-31 Ekim Meme Kanseri Fark\u0131ndal\u0131k Ay\u0131 kapsam\u0131nda, sa\u011fl\u0131k merkezlerinde kad\u0131nlara meme muayenesi ve \u00fccretsiz kanser erken te\u015fhis taramalar\u0131 yapmaya ba\u015flad\u0131. <\/p>\n<p>Bakan Din\u00e7y\u00fcrek, etkinlikte yapt\u0131\u011f\u0131 konu\u015fmada meme kanseri fark\u0131ndal\u0131\u011f\u0131n\u0131n \u00f6nemine dikkat \u00e7ekerek, \u201cBu t\u00fcr etkinliklerle meme kanseri konusunda fark\u0131ndal\u0131k yaratmay\u0131 ama\u00e7l\u0131yoruz. Ancak kanserde erken te\u015fhis ve halk\u0131 bilin\u00e7lendirme \u00e7al\u0131\u015fmalar\u0131n\u0131 y\u0131l boyunca, 365 g\u00fcn s\u00fcrd\u00fcr\u00fcyoruz ve s\u00fcrd\u00fcrece\u011fiz. Bug\u00fcn bu y\u0131lki fark\u0131ndal\u0131k ay\u0131n\u0131n ilk etkinli\u011fini ger\u00e7ekle\u015ftiriyoruz. Toplamda sekiz merkezde bu etkinlikleri yapaca\u011f\u0131z ve bu merkezlerde y\u0131l\u0131n her g\u00fcn\u00fc erken te\u015fhise y\u00f6nelik tetkikler ve taramalar d\u00fczenli olarak yap\u0131lmaktad\u0131r. Kad\u0131nlarda meme muayenesi, smear ve gaitada gizli kan tetkikleri sekiz merkezde s\u00fcrekli olarak yap\u0131lmakta ve bu hizmetleri daha da yayg\u0131nla\u015ft\u0131rmak i\u00e7in \u00e7al\u0131\u015fmalar\u0131m\u0131z devam etmektedir\u201d dedi.<\/p>\n<p><strong>Sa\u011fl\u0131k Merkezlerine Yat\u0131r\u0131mlar Artarak Devam Ediyor<\/strong><\/p>\n<p>Din\u00e7y\u00fcrek, sa\u011fl\u0131k merkezlerine b\u00fcy\u00fck \u00f6nem verdiklerini vurgulayarak, \u201cBa\u015fta mevcut sa\u011fl\u0131k merkezlerinin tamirat ve tadilatlar\u0131n\u0131 h\u0131zl\u0131 bir \u015fekilde tamamlad\u0131k. Yeni sa\u011fl\u0131k merkezlerini hizmete a\u00e7t\u0131k ve yeni sa\u011fl\u0131k merkezlerinin ihalelerini bitirerek in\u015faatlar\u0131na ba\u015flad\u0131k. Bu sa\u011fl\u0131k merkezlerindeki insan kaynaklar\u0131n\u0131, hekim ve uzman hekim takviyesiyle g\u00fc\u00e7lendirdik. \u00c7al\u0131\u015fmalar\u0131m\u0131z ada genelinde yayg\u0131n bir \u015fekilde devam ediyor,\u201d a\u00e7\u0131klamas\u0131nda bulundu.<br \/>Din\u00e7y\u00fcrek, kanser hastal\u0131\u011f\u0131n\u0131n \u00fclkede \u00f6nemli bir tehdit olu\u015fturdu\u011funu belirterek, \u201cKanser, halk\u0131m\u0131z\u0131n sa\u011fl\u0131\u011f\u0131n\u0131 ve hayat\u0131n\u0131 tehdit eden en b\u00fcy\u00fck sorunlardan biridir. Ya\u015fam kalitesini ve aile huzurunu bozmakta, erken te\u015fhisin \u00f6nemini hi\u00e7bir zaman unutmamal\u0131y\u0131z. Hepimiz, cinsiyetimiz ve ya\u015f\u0131m\u0131z ne olursa olsun, d\u00fczenli olarak kontrollerimizi yapt\u0131rarak hastal\u0131klardan uzak durmal\u0131y\u0131z,\u201d ifadelerini kulland\u0131. <\/p>\n<p>Konu\u015fmas\u0131n\u0131n sonunda etkinlikte eme\u011fi ge\u00e7en t\u00fcm sa\u011fl\u0131k \u00e7al\u0131\u015fanlar\u0131na te\u015fekk\u00fcr etti.<\/p>\n<p>Etkinlikte konu\u015fan Kanser Hastalar\u0131na Yard\u0131m Derne\u011fi Ba\u015fkan\u0131 Ay\u015fe Kanl\u0131ada, Bakan Din\u00e7y\u00fcrek\u2019e te\u015fekk\u00fcr ederek, gezici hastane projesinin hayata ge\u00e7irilmesi talebinde bulundu. Kanl\u0131ada, \u201cHer y\u0131l 200-220 yeni meme kanseri te\u015fhisi al\u0131yoruz. Bu taramalar\u0131n ne kadar \u00f6nemli oldu\u011funu birlikte ba\u015farabilirsek \u00e7ok mutlu olaca\u011f\u0131z,\u201d dedi.<\/p>\n<p>Kanser Hastalar\u0131na Yard\u0131m Derne\u011fi Kurucu ve Onursal Ba\u015fkan\u0131 Raziye Kocaismail ise erken te\u015fhisin \u00f6nemine dikkat \u00e7ekti ve dernek olarak devletle el ele vererek kanserle m\u00fccadeleye devam edeceklerini belirtti.<\/p>\n<\/p><\/div>\n<p><script async\n                    defer\n                    crossorigin=\"anonymous\"\n                    src=\"https:\/\/connect.facebook.net\/tr_TR\/sdk.js#xfbml=1&#038;version=v3.3\"\n            ><\/script><\/p>\n","protected":false},"excerpt":{"rendered":"<p>Sa\u011fl\u0131k Bakanl\u0131\u011f\u0131 Temel Sa\u011fl\u0131k Hizmetleri Dairesi, 1-31 Ekim Meme Kanseri Fark\u0131ndal\u0131k Ay\u0131 kapsam\u0131nda, sa\u011fl\u0131k merkezlerinde kad\u0131nlara meme muayenesi ve \u00fccretsiz kanser erken te\u015fhis taramalar\u0131 yapmaya ba\u015flad\u0131. Bakan Din\u00e7y\u00fcrek, etkinlikte yapt\u0131\u011f\u0131 konu\u015fmada meme kanseri fark\u0131ndal\u0131\u011f\u0131n\u0131n \u00f6nemine dikkat \u00e7ekerek, \u201cBu t\u00fcr etkinliklerle meme kanseri konusunda fark\u0131ndal\u0131k yaratmay\u0131 ama\u00e7l\u0131yoruz. Ancak kanserde erken te\u015fhis ve halk\u0131 bilin\u00e7lendirme \u00e7al\u0131\u015fmalar\u0131n\u0131 y\u0131l<\/p>\n","protected":false},"author":1,"featured_media":65577,"comment_status":"open","ping_status":"open","sticky":false,"template":"","format":"standard","meta":{"footnotes":""},"categories":[1],"tags":[],"class_list":["post-65576","post","type-post","status-publish","format-standard","has-post-thumbnail","hentry","category-gundem"],"yoast_head":"<!-- This site is optimized with the Yoast SEO plugin v27.4 - https:\/\/yoast.com\/product\/yoast-seo-wordpress\/ -->\n<title>Sa\u011fl\u0131k Bakan\u0131 Din\u00e7y\u00fcrek, erken te\u015fhisin \u00f6nemine dikkat \u00e7ekti -<\/title>\n<meta name=\"robots\" content=\"index, follow, max-snippet:-1, max-image-preview:large, max-video-preview:-1\" \/>\n<link rel=\"canonical\" href=\"https:\/\/kibrisdakik.com\/?p=65576\" \/>\n<meta property=\"og:locale\" content=\"tr_TR\" \/>\n<meta property=\"og:type\" content=\"article\" \/>\n<meta property=\"og:title\" content=\"Sa\u011fl\u0131k Bakan\u0131 Din\u00e7y\u00fcrek, erken te\u015fhisin \u00f6nemine dikkat \u00e7ekti -\" \/>\n<meta property=\"og:description\" content=\"Sa\u011fl\u0131k Bakanl\u0131\u011f\u0131 Temel Sa\u011fl\u0131k Hizmetleri Dairesi, 1-31 Ekim Meme Kanseri Fark\u0131ndal\u0131k Ay\u0131 kapsam\u0131nda, sa\u011fl\u0131k merkezlerinde kad\u0131nlara meme muayenesi ve \u00fccretsiz kanser erken te\u015fhis taramalar\u0131 yapmaya ba\u015flad\u0131. Bakan Din\u00e7y\u00fcrek, etkinlikte yapt\u0131\u011f\u0131 konu\u015fmada meme kanseri fark\u0131ndal\u0131\u011f\u0131n\u0131n \u00f6nemine dikkat \u00e7ekerek, \u201cBu t\u00fcr etkinliklerle meme kanseri konusunda fark\u0131ndal\u0131k yaratmay\u0131 ama\u00e7l\u0131yoruz. Ancak kanserde erken te\u015fhis ve halk\u0131 bilin\u00e7lendirme \u00e7al\u0131\u015fmalar\u0131n\u0131 y\u0131l\" \/>\n<meta property=\"og:url\" content=\"https:\/\/kibrisdakik.com\/?p=65576\" \/>\n<meta property=\"article:published_time\" content=\"2024-10-02T14:09:32+00:00\" \/>\n<meta property=\"og:image\" content=\"https:\/\/kibrisdakik.com\/wp-content\/uploads\/2024\/10\/d2b72358-4a17-4a19-82dc-664b983f9a11-scaled-740x420.jpg\" \/>\n\t<meta property=\"og:image:width\" content=\"2560\" \/>\n\t<meta property=\"og:image:height\" content=\"1218\" \/>\n\t<meta property=\"og:image:type\" content=\"image\/jpeg\" \/>\n<meta name=\"author\" content=\"admin\" \/>\n<meta name=\"twitter:card\" content=\"summary_large_image\" \/>\n<meta name=\"twitter:label1\" content=\"Yazan:\" \/>\n\t<meta name=\"twitter:data1\" content=\"admin\" \/>\n\t<meta name=\"twitter:label2\" content=\"Tahmini okuma s\u00fcresi\" \/>\n\t<meta name=\"twitter:data2\" content=\"2 dakika\" \/>\n<script type=\"application\/ld+json\" class=\"yoast-schema-graph\">{\"@context\":\"https:\\\/\\\/schema.org\",\"@graph\":[{\"@type\":\"Article\",\"@id\":\"https:\\\/\\\/kibrisdakik.com\\\/?p=65576#article\",\"isPartOf\":{\"@id\":\"https:\\\/\\\/kibrisdakik.com\\\/?p=65576\"},\"author\":{\"name\":\"admin\",\"@id\":\"https:\\\/\\\/kibrisdakik.com\\\/#\\\/schema\\\/person\\\/9cd9d437bbb44f72b73ba127e06d8e79\"},\"headline\":\"Sa\u011fl\u0131k Bakan\u0131 Din\u00e7y\u00fcrek, erken te\u015fhisin \u00f6nemine dikkat \u00e7ekti\",\"datePublished\":\"2024-10-02T14:09:32+00:00\",\"mainEntityOfPage\":{\"@id\":\"https:\\\/\\\/kibrisdakik.com\\\/?p=65576\"},\"wordCount\":476,\"commentCount\":0,\"image\":{\"@id\":\"https:\\\/\\\/kibrisdakik.com\\\/?p=65576#primaryimage\"},\"thumbnailUrl\":\"https:\\\/\\\/kibrisdakik.com\\\/wp-content\\\/uploads\\\/2024\\\/10\\\/d2b72358-4a17-4a19-82dc-664b983f9a11-scaled-740x420.jpg\",\"articleSection\":[\"G\u00fcndem\"],\"inLanguage\":\"tr\",\"potentialAction\":[{\"@type\":\"CommentAction\",\"name\":\"Comment\",\"target\":[\"https:\\\/\\\/kibrisdakik.com\\\/?p=65576#respond\"]}]},{\"@type\":\"WebPage\",\"@id\":\"https:\\\/\\\/kibrisdakik.com\\\/?p=65576\",\"url\":\"https:\\\/\\\/kibrisdakik.com\\\/?p=65576\",\"name\":\"Sa\u011fl\u0131k Bakan\u0131 Din\u00e7y\u00fcrek, erken te\u015fhisin \u00f6nemine dikkat \u00e7ekti -\",\"isPartOf\":{\"@id\":\"https:\\\/\\\/kibrisdakik.com\\\/#website\"},\"primaryImageOfPage\":{\"@id\":\"https:\\\/\\\/kibrisdakik.com\\\/?p=65576#primaryimage\"},\"image\":{\"@id\":\"https:\\\/\\\/kibrisdakik.com\\\/?p=65576#primaryimage\"},\"thumbnailUrl\":\"https:\\\/\\\/kibrisdakik.com\\\/wp-content\\\/uploads\\\/2024\\\/10\\\/d2b72358-4a17-4a19-82dc-664b983f9a11-scaled-740x420.jpg\",\"datePublished\":\"2024-10-02T14:09:32+00:00\",\"author\":{\"@id\":\"https:\\\/\\\/kibrisdakik.com\\\/#\\\/schema\\\/person\\\/9cd9d437bbb44f72b73ba127e06d8e79\"},\"breadcrumb\":{\"@id\":\"https:\\\/\\\/kibrisdakik.com\\\/?p=65576#breadcrumb\"},\"inLanguage\":\"tr\",\"potentialAction\":[{\"@type\":\"ReadAction\",\"target\":[\"https:\\\/\\\/kibrisdakik.com\\\/?p=65576\"]}]},{\"@type\":\"ImageObject\",\"inLanguage\":\"tr\",\"@id\":\"https:\\\/\\\/kibrisdakik.com\\\/?p=65576#primaryimage\",\"url\":\"https:\\\/\\\/kibrisdakik.com\\\/wp-content\\\/uploads\\\/2024\\\/10\\\/d2b72358-4a17-4a19-82dc-664b983f9a11-scaled-740x420.jpg\",\"contentUrl\":\"https:\\\/\\\/kibrisdakik.com\\\/wp-content\\\/uploads\\\/2024\\\/10\\\/d2b72358-4a17-4a19-82dc-664b983f9a11-scaled-740x420.jpg\",\"width\":2560,\"height\":1218},{\"@type\":\"BreadcrumbList\",\"@id\":\"https:\\\/\\\/kibrisdakik.com\\\/?p=65576#breadcrumb\",\"itemListElement\":[{\"@type\":\"ListItem\",\"position\":1,\"name\":\"Home\",\"item\":\"https:\\\/\\\/kibrisdakik.com\\\/\"},{\"@type\":\"ListItem\",\"position\":2,\"name\":\"Sa\u011fl\u0131k Bakan\u0131 Din\u00e7y\u00fcrek, erken te\u015fhisin \u00f6nemine dikkat \u00e7ekti\"}]},{\"@type\":\"WebSite\",\"@id\":\"https:\\\/\\\/kibrisdakik.com\\\/#website\",\"url\":\"https:\\\/\\\/kibrisdakik.com\\\/\",\"name\":\"\",\"description\":\"Tam vaktinde haber\",\"potentialAction\":[{\"@type\":\"SearchAction\",\"target\":{\"@type\":\"EntryPoint\",\"urlTemplate\":\"https:\\\/\\\/kibrisdakik.com\\\/?s={search_term_string}\"},\"query-input\":{\"@type\":\"PropertyValueSpecification\",\"valueRequired\":true,\"valueName\":\"search_term_string\"}}],\"inLanguage\":\"tr\"},{\"@type\":\"Person\",\"@id\":\"https:\\\/\\\/kibrisdakik.com\\\/#\\\/schema\\\/person\\\/9cd9d437bbb44f72b73ba127e06d8e79\",\"name\":\"admin\",\"image\":{\"@type\":\"ImageObject\",\"inLanguage\":\"tr\",\"@id\":\"https:\\\/\\\/secure.gravatar.com\\\/avatar\\\/ccc17943b9d660506c869530f897617f7cb1c21a4bf30023f252596d83e1f007?s=96&d=mm&r=g\",\"url\":\"https:\\\/\\\/secure.gravatar.com\\\/avatar\\\/ccc17943b9d660506c869530f897617f7cb1c21a4bf30023f252596d83e1f007?s=96&d=mm&r=g\",\"contentUrl\":\"https:\\\/\\\/secure.gravatar.com\\\/avatar\\\/ccc17943b9d660506c869530f897617f7cb1c21a4bf30023f252596d83e1f007?s=96&d=mm&r=g\",\"caption\":\"admin\"},\"sameAs\":[\"https:\\\/\\\/kibrisdakik.com\"],\"url\":\"https:\\\/\\\/kibrisdakik.com\\\/?author=1\"}]}<\/script>\n<!-- \/ Yoast SEO plugin. -->","yoast_head_json":{"title":"Sa\u011fl\u0131k Bakan\u0131 Din\u00e7y\u00fcrek, erken te\u015fhisin \u00f6nemine dikkat \u00e7ekti -","robots":{"index":"index","follow":"follow","max-snippet":"max-snippet:-1","max-image-preview":"max-image-preview:large","max-video-preview":"max-video-preview:-1"},"canonical":"https:\/\/kibrisdakik.com\/?p=65576","og_locale":"tr_TR","og_type":"article","og_title":"Sa\u011fl\u0131k Bakan\u0131 Din\u00e7y\u00fcrek, erken te\u015fhisin \u00f6nemine dikkat \u00e7ekti -","og_description":"Sa\u011fl\u0131k Bakanl\u0131\u011f\u0131 Temel Sa\u011fl\u0131k Hizmetleri Dairesi, 1-31 Ekim Meme Kanseri Fark\u0131ndal\u0131k Ay\u0131 kapsam\u0131nda, sa\u011fl\u0131k merkezlerinde kad\u0131nlara meme muayenesi ve \u00fccretsiz kanser erken te\u015fhis taramalar\u0131 yapmaya ba\u015flad\u0131. Bakan Din\u00e7y\u00fcrek, etkinlikte yapt\u0131\u011f\u0131 konu\u015fmada meme kanseri fark\u0131ndal\u0131\u011f\u0131n\u0131n \u00f6nemine dikkat \u00e7ekerek, \u201cBu t\u00fcr etkinliklerle meme kanseri konusunda fark\u0131ndal\u0131k yaratmay\u0131 ama\u00e7l\u0131yoruz. Ancak kanserde erken te\u015fhis ve halk\u0131 bilin\u00e7lendirme \u00e7al\u0131\u015fmalar\u0131n\u0131 y\u0131l","og_url":"https:\/\/kibrisdakik.com\/?p=65576","article_published_time":"2024-10-02T14:09:32+00:00","og_image":[{"width":2560,"height":1218,"url":"https:\/\/kibrisdakik.com\/wp-content\/uploads\/2024\/10\/d2b72358-4a17-4a19-82dc-664b983f9a11-scaled-740x420.jpg","type":"image\/jpeg"}],"author":"admin","twitter_card":"summary_large_image","twitter_misc":{"Yazan:":"admin","Tahmini okuma s\u00fcresi":"2 dakika"},"schema":{"@context":"https:\/\/schema.org","@graph":[{"@type":"Article","@id":"https:\/\/kibrisdakik.com\/?p=65576#article","isPartOf":{"@id":"https:\/\/kibrisdakik.com\/?p=65576"},"author":{"name":"admin","@id":"https:\/\/kibrisdakik.com\/#\/schema\/person\/9cd9d437bbb44f72b73ba127e06d8e79"},"headline":"Sa\u011fl\u0131k Bakan\u0131 Din\u00e7y\u00fcrek, erken te\u015fhisin \u00f6nemine dikkat \u00e7ekti","datePublished":"2024-10-02T14:09:32+00:00","mainEntityOfPage":{"@id":"https:\/\/kibrisdakik.com\/?p=65576"},"wordCount":476,"commentCount":0,"image":{"@id":"https:\/\/kibrisdakik.com\/?p=65576#primaryimage"},"thumbnailUrl":"https:\/\/kibrisdakik.com\/wp-content\/uploads\/2024\/10\/d2b72358-4a17-4a19-82dc-664b983f9a11-scaled-740x420.jpg","articleSection":["G\u00fcndem"],"inLanguage":"tr","potentialAction":[{"@type":"CommentAction","name":"Comment","target":["https:\/\/kibrisdakik.com\/?p=65576#respond"]}]},{"@type":"WebPage","@id":"https:\/\/kibrisdakik.com\/?p=65576","url":"https:\/\/kibrisdakik.com\/?p=65576","name":"Sa\u011fl\u0131k Bakan\u0131 Din\u00e7y\u00fcrek, erken te\u015fhisin \u00f6nemine dikkat \u00e7ekti -","isPartOf":{"@id":"https:\/\/kibrisdakik.com\/#website"},"primaryImageOfPage":{"@id":"https:\/\/kibrisdakik.com\/?p=65576#primaryimage"},"image":{"@id":"https:\/\/kibrisdakik.com\/?p=65576#primaryimage"},"thumbnailUrl":"https:\/\/kibrisdakik.com\/wp-content\/uploads\/2024\/10\/d2b72358-4a17-4a19-82dc-664b983f9a11-scaled-740x420.jpg","datePublished":"2024-10-02T14:09:32+00:00","author":{"@id":"https:\/\/kibrisdakik.com\/#\/schema\/person\/9cd9d437bbb44f72b73ba127e06d8e79"},"breadcrumb":{"@id":"https:\/\/kibrisdakik.com\/?p=65576#breadcrumb"},"inLanguage":"tr","potentialAction":[{"@type":"ReadAction","target":["https:\/\/kibrisdakik.com\/?p=65576"]}]},{"@type":"ImageObject","inLanguage":"tr","@id":"https:\/\/kibrisdakik.com\/?p=65576#primaryimage","url":"https:\/\/kibrisdakik.com\/wp-content\/uploads\/2024\/10\/d2b72358-4a17-4a19-82dc-664b983f9a11-scaled-740x420.jpg","contentUrl":"https:\/\/kibrisdakik.com\/wp-content\/uploads\/2024\/10\/d2b72358-4a17-4a19-82dc-664b983f9a11-scaled-740x420.jpg","width":2560,"height":1218},{"@type":"BreadcrumbList","@id":"https:\/\/kibrisdakik.com\/?p=65576#breadcrumb","itemListElement":[{"@type":"ListItem","position":1,"name":"Home","item":"https:\/\/kibrisdakik.com\/"},{"@type":"ListItem","position":2,"name":"Sa\u011fl\u0131k Bakan\u0131 Din\u00e7y\u00fcrek, erken te\u015fhisin \u00f6nemine dikkat \u00e7ekti"}]},{"@type":"WebSite","@id":"https:\/\/kibrisdakik.com\/#website","url":"https:\/\/kibrisdakik.com\/","name":"","description":"Tam vaktinde haber","potentialAction":[{"@type":"SearchAction","target":{"@type":"EntryPoint","urlTemplate":"https:\/\/kibrisdakik.com\/?s={search_term_string}"},"query-input":{"@type":"PropertyValueSpecification","valueRequired":true,"valueName":"search_term_string"}}],"inLanguage":"tr"},{"@type":"Person","@id":"https:\/\/kibrisdakik.com\/#\/schema\/person\/9cd9d437bbb44f72b73ba127e06d8e79","name":"admin","image":{"@type":"ImageObject","inLanguage":"tr","@id":"https:\/\/secure.gravatar.com\/avatar\/ccc17943b9d660506c869530f897617f7cb1c21a4bf30023f252596d83e1f007?s=96&d=mm&r=g","url":"https:\/\/secure.gravatar.com\/avatar\/ccc17943b9d660506c869530f897617f7cb1c21a4bf30023f252596d83e1f007?s=96&d=mm&r=g","contentUrl":"https:\/\/secure.gravatar.com\/avatar\/ccc17943b9d660506c869530f897617f7cb1c21a4bf30023f252596d83e1f007?s=96&d=mm&r=g","caption":"admin"},"sameAs":["https:\/\/kibrisdakik.com"],"url":"https:\/\/kibrisdakik.com\/?author=1"}]}},"_links":{"self":[{"href":"https:\/\/kibrisdakik.com\/index.php?rest_route=\/wp\/v2\/posts\/65576","targetHints":{"allow":["GET"]}}],"collection":[{"href":"https:\/\/kibrisdakik.com\/index.php?rest_route=\/wp\/v2\/posts"}],"about":[{"href":"https:\/\/kibrisdakik.com\/index.php?rest_route=\/wp\/v2\/types\/post"}],"author":[{"embeddable":true,"href":"https:\/\/kibrisdakik.com\/index.php?rest_route=\/wp\/v2\/users\/1"}],"replies":[{"embeddable":true,"href":"https:\/\/kibrisdakik.com\/index.php?rest_route=%2Fwp%2Fv2%2Fcomments&post=65576"}],"version-history":[{"count":0,"href":"https:\/\/kibrisdakik.com\/index.php?rest_route=\/wp\/v2\/posts\/65576\/revisions"}],"wp:featuredmedia":[{"embeddable":true,"href":"https:\/\/kibrisdakik.com\/index.php?rest_route=\/wp\/v2\/media\/65577"}],"wp:attachment":[{"href":"https:\/\/kibrisdakik.com\/index.php?rest_route=%2Fwp%2Fv2%2Fmedia&parent=65576"}],"wp:term":[{"taxonomy":"category","embeddable":true,"href":"https:\/\/kibrisdakik.com\/index.php?rest_route=%2Fwp%2Fv2%2Fcategories&post=65576"},{"taxonomy":"post_tag","embeddable":true,"href":"https:\/\/kibrisdakik.com\/index.php?rest_route=%2Fwp%2Fv2%2Ftags&post=65576"}],"curies":[{"name":"wp","href":"https:\/\/api.w.org\/{rel}","templated":true}]}}